{"id":391897,"date":"2022-08-07T16:32:56","date_gmt":"2022-08-07T14:32:56","guid":{"rendered":"https:\/\/www.eenewseurope.com\/?p=391897"},"modified":"2022-08-08T12:01:01","modified_gmt":"2022-08-08T10:01:01","slug":"le-retournement-du-marche-des-semiconducteurs-a-commence-selon-penn","status":"publish","type":"post","link":"https:\/\/www.ecinews.fr\/fr\/le-retournement-du-marche-des-semiconducteurs-a-commence-selon-penn\/","title":{"rendered":"Le retournement du march\u00e9 des semiconducteurs a-t-il commenc\u00e9 ?"},"content":{"rendered":"<p><span class=\"VIiyi\" lang=\"fr\"><span class=\"JLqJ4b\" data-language-for-alternatives=\"fr\" data-language-to-translate-into=\"en\" data-phrase-index=\"0\" data-number-of-phrases=\"1\"><span class=\"Q4iAWc\">Suite aux chiffres d\u00e9cevants du march\u00e9 des semiconducteurs en juin, l&rsquo;analyste Malcolm Penn de Future Horizons avertit que le ralentissement a commenc\u00e9.<\/span><\/span><\/span><\/p>\n<p><span class=\"VIiyi\" lang=\"fr\"><span class=\"JLqJ4b\" data-language-for-alternatives=\"fr\" data-language-to-translate-into=\"en\" data-phrase-index=\"0\" data-number-of-phrases=\"1\"><span class=\"Q4iAWc\"> \u00ab\u00a0Le super cycle actuel des semiconducteurs touche finalement \u00e0 sa fin et le 17e ralentissement du march\u00e9 a maintenant bel et bien commenc\u00e9\u00a0\u00bb, a-t-il d\u00e9clar\u00e9. <\/span><\/span><\/span><\/p>\n<p><span class=\"VIiyi\" lang=\"fr\"><span class=\"JLqJ4b\" data-language-for-alternatives=\"fr\" data-language-to-translate-into=\"en\" data-phrase-index=\"0\" data-number-of-phrases=\"1\"><span class=\"Q4iAWc\">\u00ab\u00a0Des indications anecdotiques du ralentissement ont \u00e9galement commenc\u00e9 \u00e0 filtrer dans la conscience de l&rsquo;industrie, en particulier du c\u00f4t\u00e9 des produits g\u00e9n\u00e9riques du march\u00e9, et plusieurs fonderies et IDM de second rang envisageant apparemment de r\u00e9duire ou de reporter leurs extensions de capacit\u00e9 pr\u00e9vues.\u00a0\u00bb <\/span><\/span><\/span><\/p>\n<ul>\n<li>\n<p class=\"title\"><a title=\"Le march\u00e9 des semiconducteurs va se retourner en 2023\" href=\"https:\/\/www.ecinews.fr\/fr\/le-marche-des-semiconducteurs-va-se-retourner-en-2023\/\" target=\"_blank\" rel=\"noopener\">Le march\u00e9 des semiconducteurs va se retourner en 2023<\/a><\/p>\n<\/li>\n<li><a href=\"https:\/\/www.eenewseurope.com\/en\/semiconductor-market-sees-first-ever-june-fall\/\">Semiconductor market sees first ever June fall<\/a><\/li>\n<\/ul>\n<p><span class=\"VIiyi\" lang=\"fr\"><span class=\"JLqJ4b\" data-language-for-alternatives=\"fr\" data-language-to-translate-into=\"en\" data-phrase-index=\"0\" data-number-of-phrases=\"1\"><span class=\"Q4iAWc\"> \u00ab\u00a0Les exp\u00e9ditions de PC et de smartphones, deux moteurs cl\u00e9s du march\u00e9 des semiconducteurs, affichent tous deux des baisses au premier semestre 2022, les exp\u00e9ditions de PC \u00e9tant d\u00e9sormais \u00e0 leur plus bas niveau depuis 2019, et les exp\u00e9ditions de smartphones devraient afficher une croissance n\u00e9gative en 2022\u00a0\u00bb, a-t-il d\u00e9clar\u00e9. <\/span><\/span><\/span><\/p>\n<p><span class=\"VIiyi\" lang=\"fr\"><span class=\"JLqJ4b\" data-language-for-alternatives=\"fr\" data-language-to-translate-into=\"en\" data-phrase-index=\"0\" data-number-of-phrases=\"1\"><span class=\"Q4iAWc\">Cela a \u00e9t\u00e9 mis en \u00e9vidence dans les r\u00e9sultats r\u00e9cents d&rsquo;Intel. \u00ab\u00a0Les produits qui n\u00e9cessitent des capacit\u00e9s de fabrication sp\u00e9cifiques, comme l&rsquo;automobile, montrent toujours des signes de tension, mais la demande du march\u00e9 final pour les voitures est susceptible de s&rsquo;affaiblir \u00e0 mesure que les clients potentiels, d\u00e9sormais en manque de moyens et aux prises avec l&rsquo;inflation et une flamb\u00e9e massive des co\u00fbts de l&rsquo;\u00e9nergie, r\u00e9fl\u00e9chissent avant d&rsquo;acheter une nouvelle voiture \u00bb, a d\u00e9clar\u00e9 Penn.<\/span><\/span><\/span><\/p>\n<ul>\n<li>\n<p class=\"title\"><a title=\"Les r\u00e9sultats d\u2019Intel d\u00e9gringolent en 2022\" href=\"https:\/\/www.ecinews.fr\/fr\/les-resultats-dintel-degringolent-en-2022\/\" target=\"_blank\" rel=\"noopener\">Les r\u00e9sultats d\u2019Intel d\u00e9gringolent en 2022<\/a><\/p>\n<\/li>\n<\/ul>\n<p><span class=\"VIiyi\" lang=\"fr\"><span class=\"JLqJ4b\" data-language-for-alternatives=\"fr\" data-language-to-translate-into=\"en\" data-phrase-index=\"0\" data-number-of-phrases=\"1\"><span class=\"Q4iAWc\">\u00abAvec la baisse de la demande de microcontr\u00f4leurs grand public, de pilotes d&rsquo;affichage, de gestion de l&rsquo;alimentation et d&rsquo;autres puces grand public, presque toutes les Fabs avec des process aux n\u0153uds matures ont vu leurs clients r\u00e9duire les d\u00e9marrages de wafers pour le second semestre 2022, ce qui a incit\u00e9 plusieurs fonderies de deuxi\u00e8me et troisi\u00e8me rang \u00e0 commencer de r\u00e9duire les prix. Selon certaines rumeurs, certains offriraient m\u00eame des incitations \u00e0 la vente \u00ab\u00a0flash\u00a0\u00bb avec des offres \u00e0 prix r\u00e9duit pour des commandes de wafers suppl\u00e9mentaires afin de maintenir leurs taux d&rsquo;utilisation de leur Fabs. <\/span><\/span><\/span><\/p>\n<p><span class=\"VIiyi\" lang=\"fr\"><span class=\"JLqJ4b\" data-language-for-alternatives=\"fr\" data-language-to-translate-into=\"en\" data-phrase-index=\"0\" data-number-of-phrases=\"1\"><span class=\"Q4iAWc\">Cependant, nous pensons que de telles actions s&rsquo;av\u00e9reront vaines \u00e9tant donn\u00e9 la pression \u00e0 l&rsquo;\u00e9chelle de l&rsquo;industrie et le besoin des clients de d\u00e9charger les stocks gonfl\u00e9s, accumul\u00e9s au cours des deux derni\u00e8res ann\u00e9es de p\u00e9nurie d&rsquo;approvisionnement.<\/span><\/span><\/span><\/p>\n<p><span class=\"VIiyi\" lang=\"fr\"><span class=\"JLqJ4b\" data-language-for-alternatives=\"fr\" data-language-to-translate-into=\"en\" data-phrase-index=\"0\" data-number-of-phrases=\"1\"><span class=\"Q4iAWc\">Cela aura un impact sur les plans d&rsquo;augmentation des prix par les fonderies et sur la construction de nouvelles Fabs. <\/span><\/span><\/span><\/p>\n<p><span class=\"VIiyi\" lang=\"fr\"><span class=\"JLqJ4b\" data-language-for-alternatives=\"fr\" data-language-to-translate-into=\"en\" data-phrase-index=\"0\" data-number-of-phrases=\"1\"><span class=\"Q4iAWc\">\u00ab\u00a0Alors que TSMC est dans une meilleure position dans l&rsquo;ensemble, en raison de sa domination du march\u00e9, en particulier \u00e0 la pointe de la technologie qui est, par d\u00e9finition, toujours en p\u00e9nurie &#8211; elle n&rsquo;\u00e9chappera pas non plus aux effets de la r\u00e9cession, compte tenu de la large diversit\u00e9 des march\u00e9s finaux qu&rsquo;elle dessert \u00bb, a d\u00e9clar\u00e9 Penn. \u00ab\u00a0Nous pensons que TSMC devra en effet faire tr\u00e8s attention \u2026 si elle met en \u0153uvre son plan d&rsquo;augmentation de ses prix en 2023 par rapport aux tendances dominantes du march\u00e9.\u00a0\u00bb <\/span><\/span><\/span><\/p>\n<p><span class=\"VIiyi\" lang=\"fr\"><span class=\"JLqJ4b\" data-language-for-alternatives=\"fr\" data-language-to-translate-into=\"en\" data-phrase-index=\"0\" data-number-of-phrases=\"1\"><span class=\"Q4iAWc\">Penn mettra \u00e0 jour ses chiffres pour le march\u00e9 des semi-conducteurs en 2022 et 2023 \u00e0 la mi-septembre.<\/span><\/span><\/span><\/p>\n<p><a href=\"http:\/\/www.futurehorizons.com\">www.futurehorizons.com<\/a><\/p>\n<h4>Autres articles pertinents<\/h4>\n<ul>\n<li>\n<p class=\"title\"><a href=\"https:\/\/www.ecinews.fr\/fr\/une-recession-dans-les-semiconducteurs-fin-2022\/\" target=\"_blank\" rel=\"noopener\">Une r\u00e9cession dans les semiconducteurs fin 2022?<\/a><\/p>\n<\/li>\n<li>\n<p class=\"title\"><a href=\"https:\/\/www.ecinews.fr\/fr\/le-marche-des-semiconducteurs-en-croissance-de-11-en-2022\/\" target=\"_blank\" rel=\"noopener\">Le march\u00e9 des semiconducteurs en croissance de 11% en 2022<\/a><\/p>\n<\/li>\n<li><a href=\"https:\/\/www.eenewseurope.com\/en\/record-growth-in-european-semiconductor-market-but-warnings-of-slowdown\/\">Record growth in European semiconductor market but warning of slowdown<\/a><\/li>\n<li><a href=\"https:\/\/www.eenewseurope.com\/en\/recovery-for-bosch-as-it-warns-of-slowdown\/\">Recovery for Bosch as it warns of slowdown\u00a0<\/a><\/li>\n<\/ul>\n<p>&nbsp;<\/p>\n","protected":false},"excerpt":{"rendered":"<p>Suite aux chiffres d\u00e9cevants du march\u00e9 des semiconducteurs en juin, l&rsquo;analyste Malcolm Penn avertit que le ralentissement a commenc\u00e9.<\/p>\n","protected":false},"author":34,"featured_media":391821,"comment_status":"closed","ping_status":"closed","sticky":true,"template":"","format":"standard","meta":{"_acf_changed":false,"footnotes":""},"categories":[886,18,21],"tags":[889,913,905,906],"domains":[47],"ppma_author":[1153],"class_list":["post-391897","post","type-post","status-publish","format-standard","has-post-thumbnail","hentry","category-news-fr","category-business-news","category-market-news","tag-analog-fr","tag-materials-processes-fr","tag-memory-data-storage-fr","tag-mpus-mcus-fr","domains-electronique-eci"],"acf":[],"yoast_head":"<title>Le retournement du march\u00e9 des semiconducteurs a-t-il commenc\u00e9 ? ...<\/title>\n<meta name=\"description\" content=\"Suite aux chiffres d\u00e9cevants du march\u00e9 des semiconducteurs en juin, l&#039;analyste Malcolm Penn avertit que le ralentissement a commenc\u00e9.\" \/>\n<meta name=\"robots\" content=\"index, follow, max-snippet:-1, max-image-preview:large, max-video-preview:-1\" \/>\n<link rel=\"canonical\" href=\"https:\/\/www.ecinews.fr\/fr\/wp-json\/wp\/v2\/posts\/391897\/\" \/>\n<meta property=\"og:locale\" content=\"fr_FR\" \/>\n<meta property=\"og:type\" content=\"article\" \/>\n<meta property=\"og:title\" content=\"Le retournement du march\u00e9 des semiconducteurs a-t-il commenc\u00e9 ?\" \/>\n<meta property=\"og:description\" content=\"Suite aux chiffres d\u00e9cevants du march\u00e9 des semiconducteurs en juin, l&#039;analyste Malcolm Penn avertit que le ralentissement a commenc\u00e9.\" \/>\n<meta property=\"og:url\" content=\"https:\/\/www.ecinews.fr\/fr\/wp-json\/wp\/v2\/posts\/391897\/\" \/>\n<meta property=\"og:site_name\" content=\"EENewsEurope\" \/>\n<meta property=\"article:published_time\" content=\"2022-08-07T14:32:56+00:00\" \/>\n<meta property=\"article:modified_time\" content=\"2022-08-08T10:01:01+00:00\" \/>\n<meta property=\"og:image\" content=\"https:\/\/www.ecinews.fr\/wp-content\/uploads\/2022\/08\/FH-Growth-Rate-Trends.jpg\" \/>\n\t<meta property=\"og:image:width\" content=\"1080\" \/>\n\t<meta property=\"og:image:height\" content=\"554\" \/>\n\t<meta property=\"og:image:type\" content=\"image\/jpeg\" \/>\n<meta name=\"author\" content=\"A Delapalisse\" \/>\n<meta name=\"twitter:card\" content=\"summary_large_image\" \/>\n<meta name=\"twitter:label1\" content=\"Written by\" \/>\n\t<meta name=\"twitter:data1\" content=\"A Delapalisse\" \/>\n\t<meta name=\"twitter:label2\" content=\"Est. reading time\" \/>\n\t<meta name=\"twitter:data2\" content=\"3 minutes\" \/>\n<script type=\"application\/ld+json\" class=\"yoast-schema-graph\">{\"@context\":\"https:\/\/schema.org\",\"@graph\":[{\"@type\":\"Article\",\"@id\":\"https:\/\/www.ecinews.fr\/fr\/le-retournement-du-marche-des-semiconducteurs-a-commence-selon-penn\/#article\",\"isPartOf\":{\"@id\":\"https:\/\/www.ecinews.fr\/fr\/le-retournement-du-marche-des-semiconducteurs-a-commence-selon-penn\/\"},\"author\":{\"name\":\"A Delapalisse\",\"@id\":\"https:\/\/www.eenewseurope.com\/en\/#\/schema\/person\/0aa2cfb0bd8949724a68cbac8d8321b4\"},\"headline\":\"Le retournement du march\u00e9 des semiconducteurs a-t-il commenc\u00e9 ?\",\"datePublished\":\"2022-08-07T14:32:56+00:00\",\"dateModified\":\"2022-08-08T10:01:01+00:00\",\"mainEntityOfPage\":{\"@id\":\"https:\/\/www.ecinews.fr\/fr\/le-retournement-du-marche-des-semiconducteurs-a-commence-selon-penn\/\"},\"wordCount\":595,\"publisher\":{\"@id\":\"https:\/\/www.eenewseurope.com\/en\/#organization\"},\"keywords\":[\"Analog\",\"Materials &amp; processes\",\"Memory &amp; Data Storage\",\"MPUs\/MCUs\"],\"articleSection\":[\"Actualit\u00e9 g\u00e9n\u00e9rale\",\"Business news\",\"Market news\"],\"inLanguage\":\"fr-FR\"},{\"@type\":\"WebPage\",\"@id\":\"https:\/\/www.ecinews.fr\/fr\/le-retournement-du-marche-des-semiconducteurs-a-commence-selon-penn\/\",\"url\":\"https:\/\/www.ecinews.fr\/fr\/le-retournement-du-marche-des-semiconducteurs-a-commence-selon-penn\/\",\"name\":\"Le retournement du march\u00e9 des semiconducteurs a-t-il commenc\u00e9 ? -\",\"isPartOf\":{\"@id\":\"https:\/\/www.eenewseurope.com\/en\/#website\"},\"datePublished\":\"2022-08-07T14:32:56+00:00\",\"dateModified\":\"2022-08-08T10:01:01+00:00\",\"description\":\"Suite aux chiffres d\u00e9cevants du march\u00e9 des semiconducteurs en juin, l'analyste Malcolm Penn avertit que le ralentissement a commenc\u00e9.\",\"breadcrumb\":{\"@id\":\"https:\/\/www.ecinews.fr\/fr\/le-retournement-du-marche-des-semiconducteurs-a-commence-selon-penn\/#breadcrumb\"},\"inLanguage\":\"fr-FR\",\"potentialAction\":[{\"@type\":\"ReadAction\",\"target\":[\"https:\/\/www.ecinews.fr\/fr\/le-retournement-du-marche-des-semiconducteurs-a-commence-selon-penn\/\"]}]},{\"@type\":\"BreadcrumbList\",\"@id\":\"https:\/\/www.ecinews.fr\/fr\/le-retournement-du-marche-des-semiconducteurs-a-commence-selon-penn\/#breadcrumb\",\"itemListElement\":[{\"@type\":\"ListItem\",\"position\":1,\"name\":\"Home\",\"item\":\"https:\/\/www.ecinews.fr\/fr\/\"},{\"@type\":\"ListItem\",\"position\":2,\"name\":\"Le retournement du march\u00e9 des semiconducteurs a-t-il commenc\u00e9 ?\"}]},{\"@type\":\"WebSite\",\"@id\":\"https:\/\/www.eenewseurope.com\/en\/#website\",\"url\":\"https:\/\/www.eenewseurope.com\/en\/\",\"name\":\"EENewsEurope\",\"description\":\"Just another WordPress site\",\"publisher\":{\"@id\":\"https:\/\/www.eenewseurope.com\/en\/#organization\"},\"potentialAction\":[{\"@type\":\"SearchAction\",\"target\":{\"@type\":\"EntryPoint\",\"urlTemplate\":\"https:\/\/www.eenewseurope.com\/en\/?s={search_term_string}\"},\"query-input\":\"required name=search_term_string\"}],\"inLanguage\":\"fr-FR\"},{\"@type\":\"Organization\",\"@id\":\"https:\/\/www.eenewseurope.com\/en\/#organization\",\"name\":\"EENewsEurope\",\"url\":\"https:\/\/www.eenewseurope.com\/en\/\",\"logo\":{\"@type\":\"ImageObject\",\"inLanguage\":\"fr-FR\",\"@id\":\"https:\/\/www.eenewseurope.com\/en\/#\/schema\/logo\/image\/\",\"url\":\"https:\/\/www.ecinews.fr\/wp-content\/uploads\/2022\/02\/logo-1.jpg\",\"contentUrl\":\"https:\/\/www.ecinews.fr\/wp-content\/uploads\/2022\/02\/logo-1.jpg\",\"width\":283,\"height\":113,\"caption\":\"EENewsEurope\"},\"image\":{\"@id\":\"https:\/\/www.eenewseurope.com\/en\/#\/schema\/logo\/image\/\"}},{\"@type\":\"Person\",\"@id\":\"https:\/\/www.eenewseurope.com\/en\/#\/schema\/person\/0aa2cfb0bd8949724a68cbac8d8321b4\",\"name\":\"A Delapalisse\",\"image\":{\"@type\":\"ImageObject\",\"inLanguage\":\"fr-FR\",\"@id\":\"https:\/\/www.eenewseurope.com\/en\/#\/schema\/person\/image\/211ac42237c2e9683c0964086c393cb4\",\"url\":\"https:\/\/secure.gravatar.com\/avatar\/ad45a8c5da24bc9c7c4940dd1c48a695?s=96&d=mm&r=g\",\"contentUrl\":\"https:\/\/secure.gravatar.com\/avatar\/ad45a8c5da24bc9c7c4940dd1c48a695?s=96&d=mm&r=g\",\"caption\":\"A Delapalisse\"},\"sameAs\":[\"http:\/\/ECI\"]}]}<\/script>","yoast_head_json":{"title":"Le retournement du march\u00e9 des semiconducteurs a-t-il commenc\u00e9 ? ...","description":"Suite aux chiffres d\u00e9cevants du march\u00e9 des semiconducteurs en juin, l'analyste Malcolm Penn avertit que le ralentissement a commenc\u00e9.","robots":{"index":"index","follow":"follow","max-snippet":"max-snippet:-1","max-image-preview":"max-image-preview:large","max-video-preview":"max-video-preview:-1"},"canonical":"https:\/\/www.ecinews.fr\/fr\/wp-json\/wp\/v2\/posts\/391897\/","og_locale":"fr_FR","og_type":"article","og_title":"Le retournement du march\u00e9 des semiconducteurs a-t-il commenc\u00e9 ?","og_description":"Suite aux chiffres d\u00e9cevants du march\u00e9 des semiconducteurs en juin, l'analyste Malcolm Penn avertit que le ralentissement a commenc\u00e9.","og_url":"https:\/\/www.ecinews.fr\/fr\/wp-json\/wp\/v2\/posts\/391897\/","og_site_name":"EENewsEurope","article_published_time":"2022-08-07T14:32:56+00:00","article_modified_time":"2022-08-08T10:01:01+00:00","og_image":[{"width":1080,"height":554,"url":"https:\/\/www.ecinews.fr\/wp-content\/uploads\/2022\/08\/FH-Growth-Rate-Trends.jpg","type":"image\/jpeg"}],"author":"A Delapalisse","twitter_card":"summary_large_image","twitter_misc":{"Written by":"A Delapalisse","Est. reading time":"3 minutes"},"schema":{"@context":"https:\/\/schema.org","@graph":[{"@type":"Article","@id":"https:\/\/www.ecinews.fr\/fr\/le-retournement-du-marche-des-semiconducteurs-a-commence-selon-penn\/#article","isPartOf":{"@id":"https:\/\/www.ecinews.fr\/fr\/le-retournement-du-marche-des-semiconducteurs-a-commence-selon-penn\/"},"author":{"name":"A Delapalisse","@id":"https:\/\/www.eenewseurope.com\/en\/#\/schema\/person\/0aa2cfb0bd8949724a68cbac8d8321b4"},"headline":"Le retournement du march\u00e9 des semiconducteurs a-t-il commenc\u00e9 ?","datePublished":"2022-08-07T14:32:56+00:00","dateModified":"2022-08-08T10:01:01+00:00","mainEntityOfPage":{"@id":"https:\/\/www.ecinews.fr\/fr\/le-retournement-du-marche-des-semiconducteurs-a-commence-selon-penn\/"},"wordCount":595,"publisher":{"@id":"https:\/\/www.eenewseurope.com\/en\/#organization"},"keywords":["Analog","Materials &amp; processes","Memory &amp; Data Storage","MPUs\/MCUs"],"articleSection":["Actualit\u00e9 g\u00e9n\u00e9rale","Business news","Market news"],"inLanguage":"fr-FR"},{"@type":"WebPage","@id":"https:\/\/www.ecinews.fr\/fr\/le-retournement-du-marche-des-semiconducteurs-a-commence-selon-penn\/","url":"https:\/\/www.ecinews.fr\/fr\/le-retournement-du-marche-des-semiconducteurs-a-commence-selon-penn\/","name":"Le retournement du march\u00e9 des semiconducteurs a-t-il commenc\u00e9 ? -","isPartOf":{"@id":"https:\/\/www.eenewseurope.com\/en\/#website"},"datePublished":"2022-08-07T14:32:56+00:00","dateModified":"2022-08-08T10:01:01+00:00","description":"Suite aux chiffres d\u00e9cevants du march\u00e9 des semiconducteurs en juin, l'analyste Malcolm Penn avertit que le ralentissement a commenc\u00e9.","breadcrumb":{"@id":"https:\/\/www.ecinews.fr\/fr\/le-retournement-du-marche-des-semiconducteurs-a-commence-selon-penn\/#breadcrumb"},"inLanguage":"fr-FR","potentialAction":[{"@type":"ReadAction","target":["https:\/\/www.ecinews.fr\/fr\/le-retournement-du-marche-des-semiconducteurs-a-commence-selon-penn\/"]}]},{"@type":"BreadcrumbList","@id":"https:\/\/www.ecinews.fr\/fr\/le-retournement-du-marche-des-semiconducteurs-a-commence-selon-penn\/#breadcrumb","itemListElement":[{"@type":"ListItem","position":1,"name":"Home","item":"https:\/\/www.ecinews.fr\/fr\/"},{"@type":"ListItem","position":2,"name":"Le retournement du march\u00e9 des semiconducteurs a-t-il commenc\u00e9 ?"}]},{"@type":"WebSite","@id":"https:\/\/www.eenewseurope.com\/en\/#website","url":"https:\/\/www.eenewseurope.com\/en\/","name":"EENewsEurope","description":"Just another WordPress site","publisher":{"@id":"https:\/\/www.eenewseurope.com\/en\/#organization"},"potentialAction":[{"@type":"SearchAction","target":{"@type":"EntryPoint","urlTemplate":"https:\/\/www.eenewseurope.com\/en\/?s={search_term_string}"},"query-input":"required name=search_term_string"}],"inLanguage":"fr-FR"},{"@type":"Organization","@id":"https:\/\/www.eenewseurope.com\/en\/#organization","name":"EENewsEurope","url":"https:\/\/www.eenewseurope.com\/en\/","logo":{"@type":"ImageObject","inLanguage":"fr-FR","@id":"https:\/\/www.eenewseurope.com\/en\/#\/schema\/logo\/image\/","url":"https:\/\/www.ecinews.fr\/wp-content\/uploads\/2022\/02\/logo-1.jpg","contentUrl":"https:\/\/www.ecinews.fr\/wp-content\/uploads\/2022\/02\/logo-1.jpg","width":283,"height":113,"caption":"EENewsEurope"},"image":{"@id":"https:\/\/www.eenewseurope.com\/en\/#\/schema\/logo\/image\/"}},{"@type":"Person","@id":"https:\/\/www.eenewseurope.com\/en\/#\/schema\/person\/0aa2cfb0bd8949724a68cbac8d8321b4","name":"A Delapalisse","image":{"@type":"ImageObject","inLanguage":"fr-FR","@id":"https:\/\/www.eenewseurope.com\/en\/#\/schema\/person\/image\/211ac42237c2e9683c0964086c393cb4","url":"https:\/\/secure.gravatar.com\/avatar\/ad45a8c5da24bc9c7c4940dd1c48a695?s=96&d=mm&r=g","contentUrl":"https:\/\/secure.gravatar.com\/avatar\/ad45a8c5da24bc9c7c4940dd1c48a695?s=96&d=mm&r=g","caption":"A Delapalisse"},"sameAs":["http:\/\/ECI"]}]}},"authors":[{"term_id":1153,"user_id":34,"is_guest":0,"slug":"adelapalisse","display_name":"A Delapalisse","avatar_url":"https:\/\/secure.gravatar.com\/avatar\/ad45a8c5da24bc9c7c4940dd1c48a695?s=96&d=mm&r=g","0":null,"1":"","2":"","3":"","4":"","5":"","6":"","7":"","8":""}],"_links":{"self":[{"href":"https:\/\/www.ecinews.fr\/fr\/wp-json\/wp\/v2\/posts\/391897"}],"collection":[{"href":"https:\/\/www.ecinews.fr\/fr\/wp-json\/wp\/v2\/posts"}],"about":[{"href":"https:\/\/www.ecinews.fr\/fr\/wp-json\/wp\/v2\/types\/post"}],"author":[{"embeddable":true,"href":"https:\/\/www.ecinews.fr\/fr\/wp-json\/wp\/v2\/users\/34"}],"replies":[{"embeddable":true,"href":"https:\/\/www.ecinews.fr\/fr\/wp-json\/wp\/v2\/comments?post=391897"}],"version-history":[{"count":0,"href":"https:\/\/www.ecinews.fr\/fr\/wp-json\/wp\/v2\/posts\/391897\/revisions"}],"wp:featuredmedia":[{"embeddable":true,"href":"https:\/\/www.ecinews.fr\/fr\/wp-json\/wp\/v2\/media\/391821"}],"wp:attachment":[{"href":"https:\/\/www.ecinews.fr\/fr\/wp-json\/wp\/v2\/media?parent=391897"}],"wp:term":[{"taxonomy":"category","embeddable":true,"href":"https:\/\/www.ecinews.fr\/fr\/wp-json\/wp\/v2\/categories?post=391897"},{"taxonomy":"post_tag","embeddable":true,"href":"https:\/\/www.ecinews.fr\/fr\/wp-json\/wp\/v2\/tags?post=391897"},{"taxonomy":"domains","embeddable":true,"href":"https:\/\/www.ecinews.fr\/fr\/wp-json\/wp\/v2\/domains?post=391897"},{"taxonomy":"author","embeddable":true,"href":"https:\/\/www.ecinews.fr\/fr\/wp-json\/wp\/v2\/ppma_author?post=391897"}],"curies":[{"name":"wp","href":"https:\/\/api.w.org\/{rel}","templated":true}]}}