{"id":391842,"date":"2022-08-05T10:52:04","date_gmt":"2022-08-05T08:52:04","guid":{"rendered":"https:\/\/www.ecinews.fr\/?p=391842"},"modified":"2022-08-05T10:52:04","modified_gmt":"2022-08-05T08:52:04","slug":"quel-nouvel-horizon-pour-la-conduite-autonome","status":"publish","type":"post","link":"https:\/\/www.ecinews.fr\/fr\/quel-nouvel-horizon-pour-la-conduite-autonome\/","title":{"rendered":"Quel nouvel horizon pour la conduite autonome ?"},"content":{"rendered":"<p><a href=\"https:\/\/eu.mouser.com\/?utm_source=publitek-media-for-pr&amp;utm_medium=pr&amp;utm_campaign=EMEA_PR&amp;utm_content=2022&amp;pid=mouser&amp;cid=pr\">Mouser Electronics Inc<\/a>. d\u00e9voile le dernier \u00e9pisode de son programme prim\u00e9 <a href=\"https:\/\/eu.mouser.com\/empowering-innovation\/?utm_source=publitek-media-for-pr&amp;utm_medium=pr&amp;utm_campaign=EMEA_PR&amp;utm_content=2022&amp;pid=mouser&amp;cid=pr\">Empowering Innovation Together<\/a>. Ce nouvel \u00e9pisode examine l\u2019importance des <a href=\"https:\/\/eu.mouser.com\/empowering-innovation\/driver-monitoring-systems\/?utm_source=publitek-media-for-pr&amp;utm_medium=pr&amp;utm_campaign=EMEA_PR&amp;utm_content=2022&amp;pid=mouser&amp;cid=pr\">syst\u00e8mes de surveillance du conducteur<\/a> en ce qui concerne l\u2019attention et l\u2019\u00e9tat des occupants (par exemple la fatigue et la distraction) en vue de r\u00e9pondre aux exigences de s\u00e9curit\u00e9 requises pour la conduite autonome de niveau 3 et au-del\u00e0. Ce quatri\u00e8me volet comprend deux articles, un blog, une infographie, un nouvel \u00e9pisode du podcast <a href=\"https:\/\/eu.mouser.com\/empowering-innovation\/driver-monitoring-systems\/?utm_source=publitek-media-for-pr&amp;utm_medium=pr&amp;utm_campaign=EMEA_PR&amp;utm_content=2022&amp;pid=mouser&amp;cid=pr#podcast-dms\">The Tech Between Us<\/a> et une vid\u00e9o <a href=\"https:\/\/eu.mouser.com\/empowering-innovation\/driver-monitoring-systems\/?utm_source=publitek-media-for-pr&amp;utm_medium=pr&amp;utm_campaign=EMEA_PR&amp;utm_content=2022&amp;pid=mouser&amp;cid=pr#video-dms\">\u00a0Then, Now and Next<\/a>.<\/p>\n<p>La th\u00e9matique sur les syst\u00e8mes de surveillance du conducteur d\u00e9crit les m\u00e9thodes via lesquelles la d\u00e9tection du conducteur et des occupants peut att\u00e9nuer les conditions n\u00e9fastes via de nouvelles interfaces utilisateur. Les syst\u00e8mes de surveillance de l\u2019habitacle peuvent d\u00e9tecter les signes de distraction et de fatigue du conducteur, ainsi que l\u2019attention et l\u2019\u00e9tat des occupants en vue d\u2019alerter le conducteur.<\/p>\n<p>\u00ab Face \u00e0 l\u2019adoption croissante des v\u00e9hicules autonomes sur le march\u00e9, garantir la s\u00e9curit\u00e9 des v\u00e9hicules et des passagers est un aspect crucial \u00bb, d\u00e9clare Glenn Smith, PDG de Mouser Electronics. \u00ab Avec ce nouvel \u00e9pisode d\u2019EIT, nous sommes heureux de partager les connaissances de pointe de leaders du secteur, afin d\u2019aider nos clients et suiveurs \u00e0 mieux comprendre cette technologie et son importance. \u00bb<\/p>\n<p>Dans le dernier \u00e9pisode du podcast The Tech Between Us, Modar Alaoui, fondateur et PDG d\u2019Eyeris, rejoint Raymond Yin, Directeur du contenu technique chez Mouser Electronics, pour une discussion sur les syst\u00e8mes de surveillance du conducteur dans les v\u00e9hicules, la l\u00e9gislation qui encadre cette technologie, ainsi que les composants mat\u00e9riels et logiciels derri\u00e8re ces syst\u00e8mes.<\/p>\n<p>\u00ab\u00a0Je suis impatient de discuter des captivantes avanc\u00e9es en mati\u00e8re d\u2019IA de vision intra-v\u00e9hicule avec Raymond Yin et les auditeurs de Mouser\u00a0\u00bb, confie Modar Alaoui. \u00ab\u00a0Cette technologie pionni\u00e8re a le potentiel de transfigurer nos modes d\u2019interaction avec les v\u00e9hicules, ainsi que leurs dispositifs de s\u00e9curit\u00e9.\u00a0\u00bb<\/p>\n<p>L\u2019\u00e9pisode Syst\u00e8mes de surveillance du conducteur est sponsoris\u00e9 par Analog Devices, Infineon Technologies, Molex, NXP Semiconductors, onsemi et TE Connectivity.<\/p>\n<p>&nbsp;<\/p>\n<p><a href=\"https:\/\/eu.mouser.com\/empowering-innovation\/?utm_source=publitek-media-for-pr&amp;utm_medium=pr&amp;utm_campaign=EMEA_PR&amp;utm_content=2022&amp;pid=mouser&amp;cid=pr\">https:\/\/eu.mouser.com\/empowering-innovation\/<\/a><\/p>\n<p><a href=\"https:\/\/www.mouser.fr\/?utm_source=publitek-media-for-pr&amp;utm_medium=pr&amp;utm_campaign=EMEA_PR&amp;utm_content=2022\">https:\/\/www.mouser.fr\/<\/a>.<\/p>\n<p>&nbsp;<\/p>\n","protected":false},"excerpt":{"rendered":"<p>Le programme Empowering Innovation Together de Mouser explore la surveillance du conducteur bas\u00e9e sur l\u2019IA.<\/p>\n","protected":false},"author":36,"featured_media":391843,"comment_status":"closed","ping_status":"closed","sticky":false,"template":"","format":"standard","meta":{"_acf_changed":false,"footnotes":""},"categories":[886],"tags":[891],"domains":[47],"ppma_author":[1154],"class_list":["post-391842","post","type-post","status-publish","format-standard","has-post-thumbnail","hentry","category-news-fr","tag-automotive-fr","domains-electronique-eci"],"acf":[],"yoast_head":"<title>Quel nouvel horizon pour la conduite autonome ? ...<\/title>\n<meta name=\"description\" content=\"Le programme Empowering Innovation Together de Mouser explore la surveillance du conducteur bas\u00e9e sur l\u2019IA.\" \/>\n<meta name=\"robots\" content=\"index, follow, max-snippet:-1, max-image-preview:large, max-video-preview:-1\" \/>\n<link rel=\"canonical\" href=\"https:\/\/www.ecinews.fr\/fr\/wp-json\/wp\/v2\/posts\/391842\/\" \/>\n<meta property=\"og:locale\" content=\"fr_FR\" \/>\n<meta property=\"og:type\" content=\"article\" \/>\n<meta property=\"og:title\" content=\"Quel nouvel horizon pour la conduite autonome ?\" \/>\n<meta property=\"og:description\" content=\"Le programme Empowering Innovation Together de Mouser explore la surveillance du conducteur bas\u00e9e sur l\u2019IA.\" \/>\n<meta property=\"og:url\" content=\"https:\/\/www.ecinews.fr\/fr\/wp-json\/wp\/v2\/posts\/391842\/\" \/>\n<meta property=\"og:site_name\" content=\"EENewsEurope\" \/>\n<meta property=\"article:published_time\" content=\"2022-08-05T08:52:04+00:00\" \/>\n<meta property=\"og:image\" content=\"https:\/\/www.ecinews.fr\/wp-content\/uploads\/2022\/08\/ECI1352_Mouser-actu-scaled.jpg\" \/>\n\t<meta property=\"og:image:width\" content=\"1080\" \/>\n\t<meta property=\"og:image:height\" content=\"630\" \/>\n\t<meta property=\"og:image:type\" content=\"image\/jpeg\" \/>\n<meta name=\"author\" content=\"Alain Dieul\" \/>\n<meta name=\"twitter:card\" content=\"summary_large_image\" \/>\n<meta name=\"twitter:label1\" content=\"Written by\" \/>\n\t<meta name=\"twitter:data1\" content=\"Alain Dieul\" \/>\n\t<meta name=\"twitter:label2\" content=\"Est. reading time\" \/>\n\t<meta name=\"twitter:data2\" content=\"2 minutes\" \/>\n<script type=\"application\/ld+json\" class=\"yoast-schema-graph\">{\"@context\":\"https:\/\/schema.org\",\"@graph\":[{\"@type\":\"Article\",\"@id\":\"https:\/\/www.ecinews.fr\/fr\/quel-nouvel-horizon-pour-la-conduite-autonome\/#article\",\"isPartOf\":{\"@id\":\"https:\/\/www.ecinews.fr\/fr\/quel-nouvel-horizon-pour-la-conduite-autonome\/\"},\"author\":{\"name\":\"Alain Dieul\",\"@id\":\"https:\/\/www.eenewseurope.com\/en\/#\/schema\/person\/e4387676ad67ce722325c7832f3c3762\"},\"headline\":\"Quel nouvel horizon pour la conduite autonome ?\",\"datePublished\":\"2022-08-05T08:52:04+00:00\",\"dateModified\":\"2022-08-05T08:52:04+00:00\",\"mainEntityOfPage\":{\"@id\":\"https:\/\/www.ecinews.fr\/fr\/quel-nouvel-horizon-pour-la-conduite-autonome\/\"},\"wordCount\":387,\"publisher\":{\"@id\":\"https:\/\/www.eenewseurope.com\/en\/#organization\"},\"keywords\":[\"Automotive\"],\"articleSection\":[\"Actualit\u00e9 g\u00e9n\u00e9rale\"],\"inLanguage\":\"fr-FR\"},{\"@type\":\"WebPage\",\"@id\":\"https:\/\/www.ecinews.fr\/fr\/quel-nouvel-horizon-pour-la-conduite-autonome\/\",\"url\":\"https:\/\/www.ecinews.fr\/fr\/quel-nouvel-horizon-pour-la-conduite-autonome\/\",\"name\":\"Quel nouvel horizon pour la conduite autonome ? -\",\"isPartOf\":{\"@id\":\"https:\/\/www.eenewseurope.com\/en\/#website\"},\"datePublished\":\"2022-08-05T08:52:04+00:00\",\"dateModified\":\"2022-08-05T08:52:04+00:00\",\"breadcrumb\":{\"@id\":\"https:\/\/www.ecinews.fr\/fr\/quel-nouvel-horizon-pour-la-conduite-autonome\/#breadcrumb\"},\"inLanguage\":\"fr-FR\",\"potentialAction\":[{\"@type\":\"ReadAction\",\"target\":[\"https:\/\/www.ecinews.fr\/fr\/quel-nouvel-horizon-pour-la-conduite-autonome\/\"]}]},{\"@type\":\"BreadcrumbList\",\"@id\":\"https:\/\/www.ecinews.fr\/fr\/quel-nouvel-horizon-pour-la-conduite-autonome\/#breadcrumb\",\"itemListElement\":[{\"@type\":\"ListItem\",\"position\":1,\"name\":\"Home\",\"item\":\"https:\/\/www.ecinews.fr\/fr\/\"},{\"@type\":\"ListItem\",\"position\":2,\"name\":\"Quel nouvel horizon pour la conduite autonome ?\"}]},{\"@type\":\"WebSite\",\"@id\":\"https:\/\/www.eenewseurope.com\/en\/#website\",\"url\":\"https:\/\/www.eenewseurope.com\/en\/\",\"name\":\"EENewsEurope\",\"description\":\"Just another WordPress site\",\"publisher\":{\"@id\":\"https:\/\/www.eenewseurope.com\/en\/#organization\"},\"potentialAction\":[{\"@type\":\"SearchAction\",\"target\":{\"@type\":\"EntryPoint\",\"urlTemplate\":\"https:\/\/www.eenewseurope.com\/en\/?s={search_term_string}\"},\"query-input\":\"required name=search_term_string\"}],\"inLanguage\":\"fr-FR\"},{\"@type\":\"Organization\",\"@id\":\"https:\/\/www.eenewseurope.com\/en\/#organization\",\"name\":\"EENewsEurope\",\"url\":\"https:\/\/www.eenewseurope.com\/en\/\",\"logo\":{\"@type\":\"ImageObject\",\"inLanguage\":\"fr-FR\",\"@id\":\"https:\/\/www.eenewseurope.com\/en\/#\/schema\/logo\/image\/\",\"url\":\"https:\/\/www.ecinews.fr\/wp-content\/uploads\/2022\/02\/logo-1.jpg\",\"contentUrl\":\"https:\/\/www.ecinews.fr\/wp-content\/uploads\/2022\/02\/logo-1.jpg\",\"width\":283,\"height\":113,\"caption\":\"EENewsEurope\"},\"image\":{\"@id\":\"https:\/\/www.eenewseurope.com\/en\/#\/schema\/logo\/image\/\"}},{\"@type\":\"Person\",\"@id\":\"https:\/\/www.eenewseurope.com\/en\/#\/schema\/person\/e4387676ad67ce722325c7832f3c3762\",\"name\":\"Alain Dieul\",\"image\":{\"@type\":\"ImageObject\",\"inLanguage\":\"fr-FR\",\"@id\":\"https:\/\/www.eenewseurope.com\/en\/#\/schema\/person\/image\/736120675699dbbf0f0f282b9a9cfb75\",\"url\":\"https:\/\/secure.gravatar.com\/avatar\/bc93b056d07515be5b8eecd4acf49c5c?s=96&d=mm&r=g\",\"contentUrl\":\"https:\/\/secure.gravatar.com\/avatar\/bc93b056d07515be5b8eecd4acf49c5c?s=96&d=mm&r=g\",\"caption\":\"Alain Dieul\"},\"sameAs\":[\"http:\/\/ECINews\"]}]}<\/script>","yoast_head_json":{"title":"Quel nouvel horizon pour la conduite autonome ? ...","description":"Le programme Empowering Innovation Together de Mouser explore la surveillance du conducteur bas\u00e9e sur l\u2019IA.","robots":{"index":"index","follow":"follow","max-snippet":"max-snippet:-1","max-image-preview":"max-image-preview:large","max-video-preview":"max-video-preview:-1"},"canonical":"https:\/\/www.ecinews.fr\/fr\/wp-json\/wp\/v2\/posts\/391842\/","og_locale":"fr_FR","og_type":"article","og_title":"Quel nouvel horizon pour la conduite autonome ?","og_description":"Le programme Empowering Innovation Together de Mouser explore la surveillance du conducteur bas\u00e9e sur l\u2019IA.","og_url":"https:\/\/www.ecinews.fr\/fr\/wp-json\/wp\/v2\/posts\/391842\/","og_site_name":"EENewsEurope","article_published_time":"2022-08-05T08:52:04+00:00","og_image":[{"width":1080,"height":630,"url":"https:\/\/www.ecinews.fr\/wp-content\/uploads\/2022\/08\/ECI1352_Mouser-actu-scaled.jpg","type":"image\/jpeg"}],"author":"Alain Dieul","twitter_card":"summary_large_image","twitter_misc":{"Written by":"Alain Dieul","Est. reading time":"2 minutes"},"schema":{"@context":"https:\/\/schema.org","@graph":[{"@type":"Article","@id":"https:\/\/www.ecinews.fr\/fr\/quel-nouvel-horizon-pour-la-conduite-autonome\/#article","isPartOf":{"@id":"https:\/\/www.ecinews.fr\/fr\/quel-nouvel-horizon-pour-la-conduite-autonome\/"},"author":{"name":"Alain Dieul","@id":"https:\/\/www.eenewseurope.com\/en\/#\/schema\/person\/e4387676ad67ce722325c7832f3c3762"},"headline":"Quel nouvel horizon pour la conduite autonome ?","datePublished":"2022-08-05T08:52:04+00:00","dateModified":"2022-08-05T08:52:04+00:00","mainEntityOfPage":{"@id":"https:\/\/www.ecinews.fr\/fr\/quel-nouvel-horizon-pour-la-conduite-autonome\/"},"wordCount":387,"publisher":{"@id":"https:\/\/www.eenewseurope.com\/en\/#organization"},"keywords":["Automotive"],"articleSection":["Actualit\u00e9 g\u00e9n\u00e9rale"],"inLanguage":"fr-FR"},{"@type":"WebPage","@id":"https:\/\/www.ecinews.fr\/fr\/quel-nouvel-horizon-pour-la-conduite-autonome\/","url":"https:\/\/www.ecinews.fr\/fr\/quel-nouvel-horizon-pour-la-conduite-autonome\/","name":"Quel nouvel horizon pour la conduite autonome ? -","isPartOf":{"@id":"https:\/\/www.eenewseurope.com\/en\/#website"},"datePublished":"2022-08-05T08:52:04+00:00","dateModified":"2022-08-05T08:52:04+00:00","breadcrumb":{"@id":"https:\/\/www.ecinews.fr\/fr\/quel-nouvel-horizon-pour-la-conduite-autonome\/#breadcrumb"},"inLanguage":"fr-FR","potentialAction":[{"@type":"ReadAction","target":["https:\/\/www.ecinews.fr\/fr\/quel-nouvel-horizon-pour-la-conduite-autonome\/"]}]},{"@type":"BreadcrumbList","@id":"https:\/\/www.ecinews.fr\/fr\/quel-nouvel-horizon-pour-la-conduite-autonome\/#breadcrumb","itemListElement":[{"@type":"ListItem","position":1,"name":"Home","item":"https:\/\/www.ecinews.fr\/fr\/"},{"@type":"ListItem","position":2,"name":"Quel nouvel horizon pour la conduite autonome ?"}]},{"@type":"WebSite","@id":"https:\/\/www.eenewseurope.com\/en\/#website","url":"https:\/\/www.eenewseurope.com\/en\/","name":"EENewsEurope","description":"Just another WordPress site","publisher":{"@id":"https:\/\/www.eenewseurope.com\/en\/#organization"},"potentialAction":[{"@type":"SearchAction","target":{"@type":"EntryPoint","urlTemplate":"https:\/\/www.eenewseurope.com\/en\/?s={search_term_string}"},"query-input":"required name=search_term_string"}],"inLanguage":"fr-FR"},{"@type":"Organization","@id":"https:\/\/www.eenewseurope.com\/en\/#organization","name":"EENewsEurope","url":"https:\/\/www.eenewseurope.com\/en\/","logo":{"@type":"ImageObject","inLanguage":"fr-FR","@id":"https:\/\/www.eenewseurope.com\/en\/#\/schema\/logo\/image\/","url":"https:\/\/www.ecinews.fr\/wp-content\/uploads\/2022\/02\/logo-1.jpg","contentUrl":"https:\/\/www.ecinews.fr\/wp-content\/uploads\/2022\/02\/logo-1.jpg","width":283,"height":113,"caption":"EENewsEurope"},"image":{"@id":"https:\/\/www.eenewseurope.com\/en\/#\/schema\/logo\/image\/"}},{"@type":"Person","@id":"https:\/\/www.eenewseurope.com\/en\/#\/schema\/person\/e4387676ad67ce722325c7832f3c3762","name":"Alain Dieul","image":{"@type":"ImageObject","inLanguage":"fr-FR","@id":"https:\/\/www.eenewseurope.com\/en\/#\/schema\/person\/image\/736120675699dbbf0f0f282b9a9cfb75","url":"https:\/\/secure.gravatar.com\/avatar\/bc93b056d07515be5b8eecd4acf49c5c?s=96&d=mm&r=g","contentUrl":"https:\/\/secure.gravatar.com\/avatar\/bc93b056d07515be5b8eecd4acf49c5c?s=96&d=mm&r=g","caption":"Alain Dieul"},"sameAs":["http:\/\/ECINews"]}]}},"authors":[{"term_id":1154,"user_id":36,"is_guest":0,"slug":"alain-dieul","display_name":"Alain Dieul","avatar_url":"https:\/\/secure.gravatar.com\/avatar\/bc93b056d07515be5b8eecd4acf49c5c?s=96&d=mm&r=g","0":null,"1":"","2":"","3":"","4":"","5":"","6":"","7":"","8":""}],"_links":{"self":[{"href":"https:\/\/www.ecinews.fr\/fr\/wp-json\/wp\/v2\/posts\/391842"}],"collection":[{"href":"https:\/\/www.ecinews.fr\/fr\/wp-json\/wp\/v2\/posts"}],"about":[{"href":"https:\/\/www.ecinews.fr\/fr\/wp-json\/wp\/v2\/types\/post"}],"author":[{"embeddable":true,"href":"https:\/\/www.ecinews.fr\/fr\/wp-json\/wp\/v2\/users\/36"}],"replies":[{"embeddable":true,"href":"https:\/\/www.ecinews.fr\/fr\/wp-json\/wp\/v2\/comments?post=391842"}],"version-history":[{"count":0,"href":"https:\/\/www.ecinews.fr\/fr\/wp-json\/wp\/v2\/posts\/391842\/revisions"}],"wp:featuredmedia":[{"embeddable":true,"href":"https:\/\/www.ecinews.fr\/fr\/wp-json\/wp\/v2\/media\/391843"}],"wp:attachment":[{"href":"https:\/\/www.ecinews.fr\/fr\/wp-json\/wp\/v2\/media?parent=391842"}],"wp:term":[{"taxonomy":"category","embeddable":true,"href":"https:\/\/www.ecinews.fr\/fr\/wp-json\/wp\/v2\/categories?post=391842"},{"taxonomy":"post_tag","embeddable":true,"href":"https:\/\/www.ecinews.fr\/fr\/wp-json\/wp\/v2\/tags?post=391842"},{"taxonomy":"domains","embeddable":true,"href":"https:\/\/www.ecinews.fr\/fr\/wp-json\/wp\/v2\/domains?post=391842"},{"taxonomy":"author","embeddable":true,"href":"https:\/\/www.ecinews.fr\/fr\/wp-json\/wp\/v2\/ppma_author?post=391842"}],"curies":[{"name":"wp","href":"https:\/\/api.w.org\/{rel}","templated":true}]}}