{"id":391701,"date":"2022-08-03T23:41:13","date_gmt":"2022-08-03T21:41:13","guid":{"rendered":"https:\/\/www.eenewseurope.com\/?p=391701"},"modified":"2022-08-03T23:42:06","modified_gmt":"2022-08-03T21:42:06","slug":"ue-capteur-lidar-qui-allie-design-compact-et-haute-resolution","status":"publish","type":"post","link":"https:\/\/www.ecinews.fr\/fr\/ue-capteur-lidar-qui-allie-design-compact-et-haute-resolution\/","title":{"rendered":"Un capteur lidar qui allie design compact et haute r\u00e9solution"},"content":{"rendered":"<p>En utilisant plusieurs capteurs et en combinant les donn\u00e9es avec un logiciel de reconnaissance fonctionnant sur l&rsquo;ECU, le capteur lidar IbeoNEXT offre une d\u00e9tection \u00e0 360\u00b0 de l&rsquo;environnement du v\u00e9hicule, ce qui en fait une solution performante pour les v\u00e9hicules autonomes. Ainsi, le produit peut \u00eatre utilis\u00e9 dans un certain nombre d&rsquo;applications con\u00e7ues pour l&rsquo;industrie automobile, des assistants dans les embouteillages \u00e0 la conduite autonome.<\/p>\n<p>Le capteur lidar ibeoNEXT enti\u00e8rement bas\u00e9 sur la technologie des semiconducteurs\u00a0 ne comporte aucune pi\u00e8ces mobiles. L&rsquo;absence de composants m\u00e9caniques rend le capteur plus robuste et donc plus fiable sur une plus longue p\u00e9riode, affirme le fournisseur. En raison de sa conception compacte et de son poids faible, il peut \u00e9galement \u00eatre int\u00e9gr\u00e9 dans une multitude de plateformes et de conceptions de v\u00e9hicules. Le capteur g\u00e9n\u00e8re un nuage de points en 3D et une image d&rsquo;intensit\u00e9 similaire \u00e0 celle d&rsquo;une photo prise par un appareil photo noir et blanc La technologie \u00e0 semiconducteurs du capteur lidar se distingue \u00e9galement par saport\u00e9e de 250 m\u00e8tres et sa haute r\u00e9solution spatiale de seulement 0,05 degr\u00e9.<\/p>\n<p>Le syst\u00e8me lidar ibeoNEXT se compose trois parties principales : Les capteurs lidar \u00e0 semiconducteurs d&rsquo;Ibeo, le calculateur de domaine lidar (LDE) et le logiciel propri\u00e9taire de perception .<\/p>\n<p>Les capteurs g\u00e9n\u00e8rent un nuage de points int\u00e9gr\u00e9 et une image de l&rsquo;environnement. Ceux-ci fournissent des informations essentielles sur la position de chaque objet dans le champ de vision des capteurs et sont directement transf\u00e9r\u00e9s au LDE. Cette unit\u00e9 de contr\u00f4le \u00e9lectronique haute performance fournis un environnement de calcul s\u00fbr pour les algorithmes de perception et les syst\u00e8mes de fusion de capteurs. Le LDE est con\u00e7u pour traiter les donn\u00e9es de diff\u00e9rentes technologies de capteurs, comme le lidar, le radar imageur ou la cam\u00e9ra. Il offre une flexibilit\u00e9 totale aux concepteurs gr\u00e2ce \u00e0 deux variantes diff\u00e9rentes, qui le rendent compatible avec le refroidissement par air et par fluide.<\/p>\n<p>Le logiciel de perception fonctionnant sur le LDE traite en permanence les donn\u00e9es brutes des capteurs pour classer tous les objets environnants en tant que v\u00e9hicules, infrastructures ou marquages de voie, et d\u00e9termine l&rsquo;espace libre.\u00a0Les r\u00e9sultats compil\u00e9s sont ensuite transf\u00e9r\u00e9s au logiciel du v\u00e9hicule, permettant une multitude de fonctions de conduite automatis\u00e9e de niveau 3 et au-del\u00e0.<\/p>\n<p>Le site de production d&rsquo;Ibeo \u00e0 Brest, a \u00e9t\u00e9 mis en place en collaboration avec le partenaire ZF Autocruise. Leurs efforts conjoints permettent au capteur d&rsquo;\u00eatre pr\u00eat pour la production en s\u00e9rie.<\/p>\n<p><a href=\"https:\/\/www.ibeo-as.com\/en\">Ibeo<\/a><\/p>\n","protected":false},"excerpt":{"rendered":"<p>En utilisant plusieurs capteurs et en combinant les donn\u00e9es avec un logiciel de reconnaissance fonctionnant sur l&rsquo;ECU, le capteur lidar IbeoNEXT offre une d\u00e9tection \u00e0 360\u00b0 de l&rsquo;environnement du v\u00e9hicule, ce qui en fait une solution performante pour les v\u00e9hicules autonomes. Ainsi, le produit peut \u00eatre utilis\u00e9 dans un certain nombre d&rsquo;applications con\u00e7ues pour l&rsquo;industrie [&hellip;]<\/p>\n","protected":false},"author":11,"featured_media":391704,"comment_status":"closed","ping_status":"closed","sticky":true,"template":"","format":"standard","meta":{"_acf_changed":false,"footnotes":""},"categories":[881],"tags":[1640,1689],"domains":[39,47],"ppma_author":[1143],"class_list":["post-391701","post","type-post","status-publish","format-standard","has-post-thumbnail","hentry","category-nouveaux-produits","tag-automobile","tag-capteur-conditionnement","domains-eenews-europe","domains-electronique-eci"],"acf":[],"yoast_head":"<title>Un capteur lidar qui allie design compact et haute r\u00e9solution ...<\/title>\n<meta name=\"description\" content=\"En utilisant plusieurs capteurs et en combinant les donn\u00e9es avec un logiciel de reconnaissance fonctionnant sur l&rsquo;ECU, le capteur lidar IbeoNEXT offre...\" \/>\n<meta name=\"robots\" content=\"index, follow, max-snippet:-1, max-image-preview:large, max-video-preview:-1\" \/>\n<link rel=\"canonical\" href=\"https:\/\/www.ecinews.fr\/fr\/wp-json\/wp\/v2\/posts\/391701\/\" \/>\n<meta property=\"og:locale\" content=\"fr_FR\" \/>\n<meta property=\"og:type\" content=\"article\" \/>\n<meta property=\"og:title\" content=\"Un capteur lidar qui allie design compact et haute r\u00e9solution\" \/>\n<meta property=\"og:description\" content=\"En utilisant plusieurs capteurs et en combinant les donn\u00e9es avec un logiciel de reconnaissance fonctionnant sur l&rsquo;ECU, le capteur lidar IbeoNEXT offre une d\u00e9tection \u00e0 360\u00b0 de l&rsquo;environnement du v\u00e9hicule, ce qui en fait une solution performante pour les v\u00e9hicules autonomes. Ainsi, le produit peut \u00eatre utilis\u00e9 dans un certain nombre d&rsquo;applications con\u00e7ues pour l&rsquo;industrie [&hellip;]\" \/>\n<meta property=\"og:url\" content=\"https:\/\/www.ecinews.fr\/fr\/wp-json\/wp\/v2\/posts\/391701\/\" \/>\n<meta property=\"og:site_name\" content=\"EENewsEurope\" \/>\n<meta property=\"article:published_time\" content=\"2022-08-03T21:41:13+00:00\" \/>\n<meta property=\"article:modified_time\" content=\"2022-08-03T21:42:06+00:00\" \/>\n<meta property=\"og:image\" content=\"https:\/\/www.ecinews.fr\/wp-content\/uploads\/2022\/08\/Ibeo.webp\" \/>\n\t<meta property=\"og:image:width\" content=\"600\" \/>\n\t<meta property=\"og:image:height\" content=\"400\" \/>\n\t<meta property=\"og:image:type\" content=\"image\/webp\" \/>\n<meta name=\"author\" content=\"Daniel Cardon\" \/>\n<meta name=\"twitter:card\" content=\"summary_large_image\" \/>\n<meta name=\"twitter:label1\" content=\"Written by\" \/>\n\t<meta name=\"twitter:data1\" content=\"Daniel Cardon\" \/>\n\t<meta name=\"twitter:label2\" content=\"Est. reading time\" \/>\n\t<meta name=\"twitter:data2\" content=\"2 minutes\" \/>\n<script type=\"application\/ld+json\" class=\"yoast-schema-graph\">{\"@context\":\"https:\/\/schema.org\",\"@graph\":[{\"@type\":\"Article\",\"@id\":\"https:\/\/www.ecinews.fr\/fr\/ue-capteur-lidar-qui-allie-design-compact-et-haute-resolution\/#article\",\"isPartOf\":{\"@id\":\"https:\/\/www.ecinews.fr\/fr\/ue-capteur-lidar-qui-allie-design-compact-et-haute-resolution\/\"},\"author\":{\"name\":\"Daniel Cardon\",\"@id\":\"https:\/\/www.ecinews.fr\/fr\/#\/schema\/person\/93c44cde463762f40a8236eaa44c1c17\"},\"headline\":\"Un capteur lidar qui allie design compact et haute r\u00e9solution\",\"datePublished\":\"2022-08-03T21:41:13+00:00\",\"dateModified\":\"2022-08-03T21:42:06+00:00\",\"mainEntityOfPage\":{\"@id\":\"https:\/\/www.ecinews.fr\/fr\/ue-capteur-lidar-qui-allie-design-compact-et-haute-resolution\/\"},\"wordCount\":459,\"publisher\":{\"@id\":\"https:\/\/www.ecinews.fr\/fr\/#organization\"},\"keywords\":[\"Automobile\",\"Capteur\/conditionnement\"],\"articleSection\":[\"Nouveaux produits\"],\"inLanguage\":\"fr-FR\"},{\"@type\":\"WebPage\",\"@id\":\"https:\/\/www.ecinews.fr\/fr\/ue-capteur-lidar-qui-allie-design-compact-et-haute-resolution\/\",\"url\":\"https:\/\/www.ecinews.fr\/fr\/ue-capteur-lidar-qui-allie-design-compact-et-haute-resolution\/\",\"name\":\"Un capteur lidar qui allie design compact et haute r\u00e9solution -\",\"isPartOf\":{\"@id\":\"https:\/\/www.ecinews.fr\/fr\/#website\"},\"datePublished\":\"2022-08-03T21:41:13+00:00\",\"dateModified\":\"2022-08-03T21:42:06+00:00\",\"breadcrumb\":{\"@id\":\"https:\/\/www.ecinews.fr\/fr\/ue-capteur-lidar-qui-allie-design-compact-et-haute-resolution\/#breadcrumb\"},\"inLanguage\":\"fr-FR\",\"potentialAction\":[{\"@type\":\"ReadAction\",\"target\":[\"https:\/\/www.ecinews.fr\/fr\/ue-capteur-lidar-qui-allie-design-compact-et-haute-resolution\/\"]}]},{\"@type\":\"BreadcrumbList\",\"@id\":\"https:\/\/www.ecinews.fr\/fr\/ue-capteur-lidar-qui-allie-design-compact-et-haute-resolution\/#breadcrumb\",\"itemListElement\":[{\"@type\":\"ListItem\",\"position\":1,\"name\":\"Home\",\"item\":\"https:\/\/www.ecinews.fr\/fr\/\"},{\"@type\":\"ListItem\",\"position\":2,\"name\":\"Un capteur lidar qui allie design compact et haute r\u00e9solution\"}]},{\"@type\":\"WebSite\",\"@id\":\"https:\/\/www.ecinews.fr\/fr\/#website\",\"url\":\"https:\/\/www.ecinews.fr\/fr\/\",\"name\":\"EENewsEurope\",\"description\":\"Just another WordPress site\",\"publisher\":{\"@id\":\"https:\/\/www.ecinews.fr\/fr\/#organization\"},\"potentialAction\":[{\"@type\":\"SearchAction\",\"target\":{\"@type\":\"EntryPoint\",\"urlTemplate\":\"https:\/\/www.ecinews.fr\/fr\/?s={search_term_string}\"},\"query-input\":\"required name=search_term_string\"}],\"inLanguage\":\"fr-FR\"},{\"@type\":\"Organization\",\"@id\":\"https:\/\/www.ecinews.fr\/fr\/#organization\",\"name\":\"EENewsEurope\",\"url\":\"https:\/\/www.ecinews.fr\/fr\/\",\"logo\":{\"@type\":\"ImageObject\",\"inLanguage\":\"fr-FR\",\"@id\":\"https:\/\/www.ecinews.fr\/fr\/#\/schema\/logo\/image\/\",\"url\":\"https:\/\/www.ecinews.fr\/wp-content\/uploads\/2022\/02\/logo-1.jpg\",\"contentUrl\":\"https:\/\/www.ecinews.fr\/wp-content\/uploads\/2022\/02\/logo-1.jpg\",\"width\":283,\"height\":113,\"caption\":\"EENewsEurope\"},\"image\":{\"@id\":\"https:\/\/www.ecinews.fr\/fr\/#\/schema\/logo\/image\/\"}},{\"@type\":\"Person\",\"@id\":\"https:\/\/www.ecinews.fr\/fr\/#\/schema\/person\/93c44cde463762f40a8236eaa44c1c17\",\"name\":\"Daniel Cardon\",\"image\":{\"@type\":\"ImageObject\",\"inLanguage\":\"fr-FR\",\"@id\":\"https:\/\/www.ecinews.fr\/fr\/#\/schema\/person\/image\/2b243f6bcc1cff7d86aadfb2cd0bd870\",\"url\":\"https:\/\/secure.gravatar.com\/avatar\/de9edc136dfc061ad4778e04635baefa?s=96&d=mm&r=g\",\"contentUrl\":\"https:\/\/secure.gravatar.com\/avatar\/de9edc136dfc061ad4778e04635baefa?s=96&d=mm&r=g\",\"caption\":\"Daniel Cardon\"}}]}<\/script>","yoast_head_json":{"title":"Un capteur lidar qui allie design compact et haute r\u00e9solution ...","description":"En utilisant plusieurs capteurs et en combinant les donn\u00e9es avec un logiciel de reconnaissance fonctionnant sur l&rsquo;ECU, le capteur lidar IbeoNEXT offre...","robots":{"index":"index","follow":"follow","max-snippet":"max-snippet:-1","max-image-preview":"max-image-preview:large","max-video-preview":"max-video-preview:-1"},"canonical":"https:\/\/www.ecinews.fr\/fr\/wp-json\/wp\/v2\/posts\/391701\/","og_locale":"fr_FR","og_type":"article","og_title":"Un capteur lidar qui allie design compact et haute r\u00e9solution","og_description":"En utilisant plusieurs capteurs et en combinant les donn\u00e9es avec un logiciel de reconnaissance fonctionnant sur l&rsquo;ECU, le capteur lidar IbeoNEXT offre une d\u00e9tection \u00e0 360\u00b0 de l&rsquo;environnement du v\u00e9hicule, ce qui en fait une solution performante pour les v\u00e9hicules autonomes. Ainsi, le produit peut \u00eatre utilis\u00e9 dans un certain nombre d&rsquo;applications con\u00e7ues pour l&rsquo;industrie [&hellip;]","og_url":"https:\/\/www.ecinews.fr\/fr\/wp-json\/wp\/v2\/posts\/391701\/","og_site_name":"EENewsEurope","article_published_time":"2022-08-03T21:41:13+00:00","article_modified_time":"2022-08-03T21:42:06+00:00","og_image":[{"width":600,"height":400,"url":"https:\/\/www.ecinews.fr\/wp-content\/uploads\/2022\/08\/Ibeo.webp","type":"image\/webp"}],"author":"Daniel Cardon","twitter_card":"summary_large_image","twitter_misc":{"Written by":"Daniel Cardon","Est. reading time":"2 minutes"},"schema":{"@context":"https:\/\/schema.org","@graph":[{"@type":"Article","@id":"https:\/\/www.ecinews.fr\/fr\/ue-capteur-lidar-qui-allie-design-compact-et-haute-resolution\/#article","isPartOf":{"@id":"https:\/\/www.ecinews.fr\/fr\/ue-capteur-lidar-qui-allie-design-compact-et-haute-resolution\/"},"author":{"name":"Daniel Cardon","@id":"https:\/\/www.ecinews.fr\/fr\/#\/schema\/person\/93c44cde463762f40a8236eaa44c1c17"},"headline":"Un capteur lidar qui allie design compact et haute r\u00e9solution","datePublished":"2022-08-03T21:41:13+00:00","dateModified":"2022-08-03T21:42:06+00:00","mainEntityOfPage":{"@id":"https:\/\/www.ecinews.fr\/fr\/ue-capteur-lidar-qui-allie-design-compact-et-haute-resolution\/"},"wordCount":459,"publisher":{"@id":"https:\/\/www.ecinews.fr\/fr\/#organization"},"keywords":["Automobile","Capteur\/conditionnement"],"articleSection":["Nouveaux produits"],"inLanguage":"fr-FR"},{"@type":"WebPage","@id":"https:\/\/www.ecinews.fr\/fr\/ue-capteur-lidar-qui-allie-design-compact-et-haute-resolution\/","url":"https:\/\/www.ecinews.fr\/fr\/ue-capteur-lidar-qui-allie-design-compact-et-haute-resolution\/","name":"Un capteur lidar qui allie design compact et haute r\u00e9solution -","isPartOf":{"@id":"https:\/\/www.ecinews.fr\/fr\/#website"},"datePublished":"2022-08-03T21:41:13+00:00","dateModified":"2022-08-03T21:42:06+00:00","breadcrumb":{"@id":"https:\/\/www.ecinews.fr\/fr\/ue-capteur-lidar-qui-allie-design-compact-et-haute-resolution\/#breadcrumb"},"inLanguage":"fr-FR","potentialAction":[{"@type":"ReadAction","target":["https:\/\/www.ecinews.fr\/fr\/ue-capteur-lidar-qui-allie-design-compact-et-haute-resolution\/"]}]},{"@type":"BreadcrumbList","@id":"https:\/\/www.ecinews.fr\/fr\/ue-capteur-lidar-qui-allie-design-compact-et-haute-resolution\/#breadcrumb","itemListElement":[{"@type":"ListItem","position":1,"name":"Home","item":"https:\/\/www.ecinews.fr\/fr\/"},{"@type":"ListItem","position":2,"name":"Un capteur lidar qui allie design compact et haute r\u00e9solution"}]},{"@type":"WebSite","@id":"https:\/\/www.ecinews.fr\/fr\/#website","url":"https:\/\/www.ecinews.fr\/fr\/","name":"EENewsEurope","description":"Just another WordPress site","publisher":{"@id":"https:\/\/www.ecinews.fr\/fr\/#organization"},"potentialAction":[{"@type":"SearchAction","target":{"@type":"EntryPoint","urlTemplate":"https:\/\/www.ecinews.fr\/fr\/?s={search_term_string}"},"query-input":"required name=search_term_string"}],"inLanguage":"fr-FR"},{"@type":"Organization","@id":"https:\/\/www.ecinews.fr\/fr\/#organization","name":"EENewsEurope","url":"https:\/\/www.ecinews.fr\/fr\/","logo":{"@type":"ImageObject","inLanguage":"fr-FR","@id":"https:\/\/www.ecinews.fr\/fr\/#\/schema\/logo\/image\/","url":"https:\/\/www.ecinews.fr\/wp-content\/uploads\/2022\/02\/logo-1.jpg","contentUrl":"https:\/\/www.ecinews.fr\/wp-content\/uploads\/2022\/02\/logo-1.jpg","width":283,"height":113,"caption":"EENewsEurope"},"image":{"@id":"https:\/\/www.ecinews.fr\/fr\/#\/schema\/logo\/image\/"}},{"@type":"Person","@id":"https:\/\/www.ecinews.fr\/fr\/#\/schema\/person\/93c44cde463762f40a8236eaa44c1c17","name":"Daniel Cardon","image":{"@type":"ImageObject","inLanguage":"fr-FR","@id":"https:\/\/www.ecinews.fr\/fr\/#\/schema\/person\/image\/2b243f6bcc1cff7d86aadfb2cd0bd870","url":"https:\/\/secure.gravatar.com\/avatar\/de9edc136dfc061ad4778e04635baefa?s=96&d=mm&r=g","contentUrl":"https:\/\/secure.gravatar.com\/avatar\/de9edc136dfc061ad4778e04635baefa?s=96&d=mm&r=g","caption":"Daniel Cardon"}}]}},"authors":[{"term_id":1143,"user_id":11,"is_guest":0,"slug":"danielcardon","display_name":"Daniel Cardon","avatar_url":"https:\/\/secure.gravatar.com\/avatar\/de9edc136dfc061ad4778e04635baefa?s=96&d=mm&r=g","0":null,"1":"","2":"","3":"","4":"","5":"","6":"","7":"","8":""}],"_links":{"self":[{"href":"https:\/\/www.ecinews.fr\/fr\/wp-json\/wp\/v2\/posts\/391701"}],"collection":[{"href":"https:\/\/www.ecinews.fr\/fr\/wp-json\/wp\/v2\/posts"}],"about":[{"href":"https:\/\/www.ecinews.fr\/fr\/wp-json\/wp\/v2\/types\/post"}],"author":[{"embeddable":true,"href":"https:\/\/www.ecinews.fr\/fr\/wp-json\/wp\/v2\/users\/11"}],"replies":[{"embeddable":true,"href":"https:\/\/www.ecinews.fr\/fr\/wp-json\/wp\/v2\/comments?post=391701"}],"version-history":[{"count":0,"href":"https:\/\/www.ecinews.fr\/fr\/wp-json\/wp\/v2\/posts\/391701\/revisions"}],"wp:featuredmedia":[{"embeddable":true,"href":"https:\/\/www.ecinews.fr\/fr\/wp-json\/wp\/v2\/media\/391704"}],"wp:attachment":[{"href":"https:\/\/www.ecinews.fr\/fr\/wp-json\/wp\/v2\/media?parent=391701"}],"wp:term":[{"taxonomy":"category","embeddable":true,"href":"https:\/\/www.ecinews.fr\/fr\/wp-json\/wp\/v2\/categories?post=391701"},{"taxonomy":"post_tag","embeddable":true,"href":"https:\/\/www.ecinews.fr\/fr\/wp-json\/wp\/v2\/tags?post=391701"},{"taxonomy":"domains","embeddable":true,"href":"https:\/\/www.ecinews.fr\/fr\/wp-json\/wp\/v2\/domains?post=391701"},{"taxonomy":"author","embeddable":true,"href":"https:\/\/www.ecinews.fr\/fr\/wp-json\/wp\/v2\/ppma_author?post=391701"}],"curies":[{"name":"wp","href":"https:\/\/api.w.org\/{rel}","templated":true}]}}