{"id":391469,"date":"2022-08-02T23:36:53","date_gmt":"2022-08-02T21:36:53","guid":{"rendered":"https:\/\/www.eenewsembedded.com\/?p=391469"},"modified":"2022-08-02T23:40:24","modified_gmt":"2022-08-02T21:40:24","slug":"thales-cede-son-activite-iot-a-telit","status":"publish","type":"post","link":"https:\/\/www.ecinews.fr\/fr\/thales-cede-son-activite-iot-a-telit\/","title":{"rendered":"Thales c\u00e8de son activit\u00e9 IoT \u00e0 Telit"},"content":{"rendered":"<p><span class=\"VIiyi\" lang=\"fr\"><span class=\"JLqJ4b\" data-language-for-alternatives=\"fr\" data-language-to-translate-into=\"en\" data-phrase-index=\"0\" data-number-of-phrases=\"1\"><span class=\"Q4iAWc\">Telit et Thales ont conclu un accord en vertu duquel Telit a l&rsquo;intention d&rsquo;acqu\u00e9rir les produits IoT cellulaires de Thales. La transaction envisag\u00e9e comprend le portefeuille de modules de communication sans fil cellulaire, de passerelles et de cartes modem de donn\u00e9es de Thales, allant de la 4G LTE, du LPWAN \u00e0 la 5G. <\/span><\/span><\/span><\/p>\n<p><span class=\"VIiyi\" lang=\"fr\"><span class=\"JLqJ4b\" data-language-for-alternatives=\"fr\" data-language-to-translate-into=\"en\" data-phrase-index=\"0\" data-number-of-phrases=\"1\"><span class=\"Q4iAWc\">La transaction fera de Telit Cinterion, bas\u00e9e en Californie, un fournisseur IoT de premier plan, \u00e9largissant la pr\u00e9sence de l&rsquo;entreprise dans les segments industriels et les march\u00e9s finaux en croissance de l&rsquo;IoT, notamment les syst\u00e8mes de paiement, l&rsquo;\u00e9nergie, la sant\u00e9 en ligne et la s\u00e9curit\u00e9. Cela renforce \u00e9galement la capacit\u00e9 de l&rsquo;entreprise \u00e0 r\u00e9pondre de mani\u00e8re plus experte \u00e0 la demande croissante d&rsquo;IoT cybers\u00e9curis\u00e9 dans les modules et la connectivit\u00e9 cellulaire, gr\u00e2ce aux technologies de pointe de Thales.<\/span><\/span><\/span><\/p>\n<p><span class=\"VIiyi\" lang=\"fr\"><span class=\"JLqJ4b\" data-language-for-alternatives=\"fr\" data-language-to-translate-into=\"en\" data-phrase-index=\"0\" data-number-of-phrases=\"1\"><span class=\"Q4iAWc\">Paolo Dal Pino, PDG de Telit, a d\u00e9clar\u00e9 : \u00ab L&rsquo;innovation, l&rsquo;\u00e9chelle et l&rsquo;efficacit\u00e9 de l&rsquo;IoT sont les cl\u00e9s du succ\u00e8s. Cette transaction avec Thales est sans doute la plus impactante pour la comp\u00e9titivit\u00e9 de Telit. Alors qu&rsquo;elle renforcera notre capacit\u00e9 \u00e0 r\u00e9pondre plus pr\u00e9cis\u00e9ment aux besoins des clients \u00e0 partir d&rsquo;un portefeuille plus riche , cela nous permettra \u00e9galement de proposer toutes les nouvelles offres issues de l&rsquo;exp\u00e9rience, de l&rsquo;expertise et de l&rsquo;ADN de deux entreprises qui ont fait de la s\u00e9curit\u00e9 et de la qualit\u00e9 une partie int\u00e9grante de leur promesse de marque depuis le tout d\u00e9but.<\/span><\/span><\/span><\/p>\n<p><span class=\"VIiyi\" lang=\"fr\"><span class=\"JLqJ4b\" data-language-for-alternatives=\"fr\" data-language-to-translate-into=\"en\" data-phrase-index=\"0\" data-number-of-phrases=\"1\"><span class=\"Q4iAWc\">Philippe Vall\u00e9e, EVP Digital Identity and Security de Thales, a ajout\u00e9 : \u00ab L&rsquo;association de Thales et Telit rassemble des forces compl\u00e9mentaires. L&rsquo;activit\u00e9 apportera une proposition de valeur unique sur un march\u00e9 mondial de l&rsquo;IoT hautement concurrentiel et permettra \u00e0 Thales de concentrer ses investissements sur ses trois c\u0153urs de m\u00e9tier: les activit\u00e9s dans les domaines de l&rsquo;a\u00e9rospatial, de la d\u00e9fense et de la s\u00e9curit\u00e9 et de l&rsquo;identit\u00e9 et de la s\u00e9curit\u00e9 num\u00e9riques. Le nouveau rapprochement s&rsquo;appuiera sur un ensemble unique d&rsquo;expertises apport\u00e9es par les employ\u00e9s de Thales et de Telit. Il b\u00e9n\u00e9ficiera \u00e9galement de la mise \u00e0 profit du portefeuille de produits solide et compl\u00e9mentaire des deux soci\u00e9t\u00e9s et de l&rsquo;exp\u00e9rience de Thales dans la connectivit\u00e9 cellulaire.<br \/>\n<\/span><\/span><\/span><\/p>\n<p><span class=\"VIiyi\" lang=\"fr\"><span class=\"JLqJ4b\" data-language-for-alternatives=\"fr\" data-language-to-translate-into=\"en\" data-phrase-index=\"0\" data-number-of-phrases=\"1\"><span class=\"Q4iAWc\">L&rsquo;activit\u00e9 de modules IoT cellulaires de Thales, qui compte environ 550 employ\u00e9s dans 23 pays, dessert de nombreuses grandes marques mondiales. Il a g\u00e9n\u00e9r\u00e9 un chiffre d&rsquo;affaires de plus de 300 millions d&rsquo;euros en 2021. La transaction devant \u00eatre finalis\u00e9e au quatri\u00e8me trimestre 2022, sous r\u00e9serve de la conclusion d&rsquo;un accord de transfert d&rsquo;actions contraignant, des approbations r\u00e9glementaires et d&rsquo;autres conditions de cl\u00f4ture habituelles. Thales devient actionnaire de Telit Cinterion, contr\u00f4l\u00e9e par le fond de gestion DBAY Advisors et dirig\u00e9 par le PDG de Telit, Paolo Dal Pino. <\/span><\/span><\/span><\/p>\n<p><span class=\"VIiyi\" lang=\"fr\"><span class=\"JLqJ4b\" data-language-for-alternatives=\"fr\" data-language-to-translate-into=\"en\" data-phrase-index=\"0\" data-number-of-phrases=\"1\"><span class=\"Q4iAWc\">L&rsquo;activit\u00e9 de produits IoT cellulaires de Thales et les clients et partenaires de Telit continueront de b\u00e9n\u00e9ficier de l&rsquo;approvisionnement, de l&rsquo;assistance et du service exceptionnels auxquels ils sont habitu\u00e9s. Toutes les parties concern\u00e9es recevront des mises \u00e0 jour r\u00e9guli\u00e8res tout au long de la transaction, lors de la cl\u00f4ture et des p\u00e9riodes d&rsquo;int\u00e9gration suivantes. <\/span><\/span><\/span><\/p>\n<p><span class=\"VIiyi\" lang=\"fr\"><span class=\"JLqJ4b\" data-language-for-alternatives=\"fr\" data-language-to-translate-into=\"en\" data-phrase-index=\"0\" data-number-of-phrases=\"1\"><span class=\"Q4iAWc\">Pour mieux se concentrer sur l&rsquo;IoT industriel, Telit Cinterion pr\u00e9voit de se s\u00e9parer et de g\u00e9rer s\u00e9par\u00e9ment l&rsquo;unit\u00e9 IoT automobile apr\u00e8s la cl\u00f4ture de la transaction.<\/span><\/span><\/span><\/p>\n<p>&nbsp;<\/p>\n<p><a href=\"http:\/\/www.telit.com\u00a0\">www.telit.com\u00a0<\/a><\/p>\n","protected":false},"excerpt":{"rendered":"<p>Telit et Thales ont conclu un accord en vertu duquel Telit a l&rsquo;intention d&rsquo;acqu\u00e9rir les produits IoT cellulaires de Thales.<\/p>\n","protected":false},"author":34,"featured_media":391324,"comment_status":"closed","ping_status":"closed","sticky":true,"template":"","format":"standard","meta":{"_acf_changed":false,"footnotes":""},"categories":[18,883],"tags":[937,919,915],"domains":[47],"ppma_author":[1153],"class_list":["post-391469","post","type-post","status-publish","format-standard","has-post-thumbnail","hentry","category-business-news","category-technologies","tag-capteur","tag-iot-fr","tag-wireless-communications-fr","domains-electronique-eci"],"acf":[],"yoast_head":"<title>Thales c\u00e8de son activit\u00e9 IoT \u00e0 Telit ...<\/title>\n<meta name=\"description\" content=\"Telit et Thales ont conclu un accord en vertu duquel Telit a l&#039;intention d&#039;acqu\u00e9rir les produits IoT cellulaires de Thales.\" \/>\n<meta name=\"robots\" content=\"index, follow, max-snippet:-1, max-image-preview:large, max-video-preview:-1\" \/>\n<link rel=\"canonical\" href=\"https:\/\/www.ecinews.fr\/fr\/wp-json\/wp\/v2\/posts\/391469\/\" \/>\n<meta property=\"og:locale\" content=\"fr_FR\" \/>\n<meta property=\"og:type\" content=\"article\" \/>\n<meta property=\"og:title\" content=\"Thales c\u00e8de son activit\u00e9 IoT \u00e0 Telit\" \/>\n<meta property=\"og:description\" content=\"Telit et Thales ont conclu un accord en vertu duquel Telit a l&#039;intention d&#039;acqu\u00e9rir les produits IoT cellulaires de Thales.\" \/>\n<meta property=\"og:url\" content=\"https:\/\/www.ecinews.fr\/fr\/wp-json\/wp\/v2\/posts\/391469\/\" \/>\n<meta property=\"og:site_name\" content=\"EENewsEurope\" \/>\n<meta property=\"article:published_time\" content=\"2022-08-02T21:36:53+00:00\" \/>\n<meta property=\"article:modified_time\" content=\"2022-08-02T21:40:24+00:00\" \/>\n<meta property=\"og:image\" content=\"https:\/\/www.ecinews.fr\/wp-content\/uploads\/2022\/08\/Acquisition-Merger-scaled.jpg\" \/>\n\t<meta property=\"og:image:width\" content=\"1080\" \/>\n\t<meta property=\"og:image:height\" content=\"659\" \/>\n\t<meta property=\"og:image:type\" content=\"image\/jpeg\" \/>\n<meta name=\"author\" content=\"A Delapalisse\" \/>\n<meta name=\"twitter:card\" content=\"summary_large_image\" \/>\n<meta name=\"twitter:label1\" content=\"Written by\" \/>\n\t<meta name=\"twitter:data1\" content=\"A Delapalisse\" \/>\n\t<meta name=\"twitter:label2\" content=\"Est. reading time\" \/>\n\t<meta name=\"twitter:data2\" content=\"3 minutes\" \/>\n<script type=\"application\/ld+json\" class=\"yoast-schema-graph\">{\"@context\":\"https:\/\/schema.org\",\"@graph\":[{\"@type\":\"Article\",\"@id\":\"https:\/\/www.ecinews.fr\/fr\/thales-cede-son-activite-iot-a-telit\/#article\",\"isPartOf\":{\"@id\":\"https:\/\/www.ecinews.fr\/fr\/thales-cede-son-activite-iot-a-telit\/\"},\"author\":{\"name\":\"A Delapalisse\",\"@id\":\"https:\/\/www.ecinews.fr\/fr\/#\/schema\/person\/0aa2cfb0bd8949724a68cbac8d8321b4\"},\"headline\":\"Thales c\u00e8de son activit\u00e9 IoT \u00e0 Telit\",\"datePublished\":\"2022-08-02T21:36:53+00:00\",\"dateModified\":\"2022-08-02T21:40:24+00:00\",\"mainEntityOfPage\":{\"@id\":\"https:\/\/www.ecinews.fr\/fr\/thales-cede-son-activite-iot-a-telit\/\"},\"wordCount\":612,\"publisher\":{\"@id\":\"https:\/\/www.ecinews.fr\/fr\/#organization\"},\"keywords\":[\"Capteur\",\"IoT\",\"Wireless Communications\"],\"articleSection\":[\"Business news\",\"Technologies\"],\"inLanguage\":\"fr-FR\"},{\"@type\":\"WebPage\",\"@id\":\"https:\/\/www.ecinews.fr\/fr\/thales-cede-son-activite-iot-a-telit\/\",\"url\":\"https:\/\/www.ecinews.fr\/fr\/thales-cede-son-activite-iot-a-telit\/\",\"name\":\"Thales c\u00e8de son activit\u00e9 IoT \u00e0 Telit -\",\"isPartOf\":{\"@id\":\"https:\/\/www.ecinews.fr\/fr\/#website\"},\"datePublished\":\"2022-08-02T21:36:53+00:00\",\"dateModified\":\"2022-08-02T21:40:24+00:00\",\"description\":\"Telit et Thales ont conclu un accord en vertu duquel Telit a l'intention d'acqu\u00e9rir les produits IoT cellulaires de Thales.\",\"breadcrumb\":{\"@id\":\"https:\/\/www.ecinews.fr\/fr\/thales-cede-son-activite-iot-a-telit\/#breadcrumb\"},\"inLanguage\":\"fr-FR\",\"potentialAction\":[{\"@type\":\"ReadAction\",\"target\":[\"https:\/\/www.ecinews.fr\/fr\/thales-cede-son-activite-iot-a-telit\/\"]}]},{\"@type\":\"BreadcrumbList\",\"@id\":\"https:\/\/www.ecinews.fr\/fr\/thales-cede-son-activite-iot-a-telit\/#breadcrumb\",\"itemListElement\":[{\"@type\":\"ListItem\",\"position\":1,\"name\":\"Home\",\"item\":\"https:\/\/www.ecinews.fr\/fr\/\"},{\"@type\":\"ListItem\",\"position\":2,\"name\":\"Thales c\u00e8de son activit\u00e9 IoT \u00e0 Telit\"}]},{\"@type\":\"WebSite\",\"@id\":\"https:\/\/www.ecinews.fr\/fr\/#website\",\"url\":\"https:\/\/www.ecinews.fr\/fr\/\",\"name\":\"EENewsEurope\",\"description\":\"Just another WordPress site\",\"publisher\":{\"@id\":\"https:\/\/www.ecinews.fr\/fr\/#organization\"},\"potentialAction\":[{\"@type\":\"SearchAction\",\"target\":{\"@type\":\"EntryPoint\",\"urlTemplate\":\"https:\/\/www.ecinews.fr\/fr\/?s={search_term_string}\"},\"query-input\":\"required name=search_term_string\"}],\"inLanguage\":\"fr-FR\"},{\"@type\":\"Organization\",\"@id\":\"https:\/\/www.ecinews.fr\/fr\/#organization\",\"name\":\"EENewsEurope\",\"url\":\"https:\/\/www.ecinews.fr\/fr\/\",\"logo\":{\"@type\":\"ImageObject\",\"inLanguage\":\"fr-FR\",\"@id\":\"https:\/\/www.ecinews.fr\/fr\/#\/schema\/logo\/image\/\",\"url\":\"https:\/\/www.ecinews.fr\/wp-content\/uploads\/2022\/02\/logo-1.jpg\",\"contentUrl\":\"https:\/\/www.ecinews.fr\/wp-content\/uploads\/2022\/02\/logo-1.jpg\",\"width\":283,\"height\":113,\"caption\":\"EENewsEurope\"},\"image\":{\"@id\":\"https:\/\/www.ecinews.fr\/fr\/#\/schema\/logo\/image\/\"}},{\"@type\":\"Person\",\"@id\":\"https:\/\/www.ecinews.fr\/fr\/#\/schema\/person\/0aa2cfb0bd8949724a68cbac8d8321b4\",\"name\":\"A Delapalisse\",\"image\":{\"@type\":\"ImageObject\",\"inLanguage\":\"fr-FR\",\"@id\":\"https:\/\/www.ecinews.fr\/fr\/#\/schema\/person\/image\/211ac42237c2e9683c0964086c393cb4\",\"url\":\"https:\/\/secure.gravatar.com\/avatar\/ad45a8c5da24bc9c7c4940dd1c48a695?s=96&d=mm&r=g\",\"contentUrl\":\"https:\/\/secure.gravatar.com\/avatar\/ad45a8c5da24bc9c7c4940dd1c48a695?s=96&d=mm&r=g\",\"caption\":\"A Delapalisse\"},\"sameAs\":[\"http:\/\/ECI\"]}]}<\/script>","yoast_head_json":{"title":"Thales c\u00e8de son activit\u00e9 IoT \u00e0 Telit ...","description":"Telit et Thales ont conclu un accord en vertu duquel Telit a l'intention d'acqu\u00e9rir les produits IoT cellulaires de Thales.","robots":{"index":"index","follow":"follow","max-snippet":"max-snippet:-1","max-image-preview":"max-image-preview:large","max-video-preview":"max-video-preview:-1"},"canonical":"https:\/\/www.ecinews.fr\/fr\/wp-json\/wp\/v2\/posts\/391469\/","og_locale":"fr_FR","og_type":"article","og_title":"Thales c\u00e8de son activit\u00e9 IoT \u00e0 Telit","og_description":"Telit et Thales ont conclu un accord en vertu duquel Telit a l'intention d'acqu\u00e9rir les produits IoT cellulaires de Thales.","og_url":"https:\/\/www.ecinews.fr\/fr\/wp-json\/wp\/v2\/posts\/391469\/","og_site_name":"EENewsEurope","article_published_time":"2022-08-02T21:36:53+00:00","article_modified_time":"2022-08-02T21:40:24+00:00","og_image":[{"width":1080,"height":659,"url":"https:\/\/www.ecinews.fr\/wp-content\/uploads\/2022\/08\/Acquisition-Merger-scaled.jpg","type":"image\/jpeg"}],"author":"A Delapalisse","twitter_card":"summary_large_image","twitter_misc":{"Written by":"A Delapalisse","Est. reading time":"3 minutes"},"schema":{"@context":"https:\/\/schema.org","@graph":[{"@type":"Article","@id":"https:\/\/www.ecinews.fr\/fr\/thales-cede-son-activite-iot-a-telit\/#article","isPartOf":{"@id":"https:\/\/www.ecinews.fr\/fr\/thales-cede-son-activite-iot-a-telit\/"},"author":{"name":"A Delapalisse","@id":"https:\/\/www.ecinews.fr\/fr\/#\/schema\/person\/0aa2cfb0bd8949724a68cbac8d8321b4"},"headline":"Thales c\u00e8de son activit\u00e9 IoT \u00e0 Telit","datePublished":"2022-08-02T21:36:53+00:00","dateModified":"2022-08-02T21:40:24+00:00","mainEntityOfPage":{"@id":"https:\/\/www.ecinews.fr\/fr\/thales-cede-son-activite-iot-a-telit\/"},"wordCount":612,"publisher":{"@id":"https:\/\/www.ecinews.fr\/fr\/#organization"},"keywords":["Capteur","IoT","Wireless Communications"],"articleSection":["Business news","Technologies"],"inLanguage":"fr-FR"},{"@type":"WebPage","@id":"https:\/\/www.ecinews.fr\/fr\/thales-cede-son-activite-iot-a-telit\/","url":"https:\/\/www.ecinews.fr\/fr\/thales-cede-son-activite-iot-a-telit\/","name":"Thales c\u00e8de son activit\u00e9 IoT \u00e0 Telit -","isPartOf":{"@id":"https:\/\/www.ecinews.fr\/fr\/#website"},"datePublished":"2022-08-02T21:36:53+00:00","dateModified":"2022-08-02T21:40:24+00:00","description":"Telit et Thales ont conclu un accord en vertu duquel Telit a l'intention d'acqu\u00e9rir les produits IoT cellulaires de Thales.","breadcrumb":{"@id":"https:\/\/www.ecinews.fr\/fr\/thales-cede-son-activite-iot-a-telit\/#breadcrumb"},"inLanguage":"fr-FR","potentialAction":[{"@type":"ReadAction","target":["https:\/\/www.ecinews.fr\/fr\/thales-cede-son-activite-iot-a-telit\/"]}]},{"@type":"BreadcrumbList","@id":"https:\/\/www.ecinews.fr\/fr\/thales-cede-son-activite-iot-a-telit\/#breadcrumb","itemListElement":[{"@type":"ListItem","position":1,"name":"Home","item":"https:\/\/www.ecinews.fr\/fr\/"},{"@type":"ListItem","position":2,"name":"Thales c\u00e8de son activit\u00e9 IoT \u00e0 Telit"}]},{"@type":"WebSite","@id":"https:\/\/www.ecinews.fr\/fr\/#website","url":"https:\/\/www.ecinews.fr\/fr\/","name":"EENewsEurope","description":"Just another WordPress site","publisher":{"@id":"https:\/\/www.ecinews.fr\/fr\/#organization"},"potentialAction":[{"@type":"SearchAction","target":{"@type":"EntryPoint","urlTemplate":"https:\/\/www.ecinews.fr\/fr\/?s={search_term_string}"},"query-input":"required name=search_term_string"}],"inLanguage":"fr-FR"},{"@type":"Organization","@id":"https:\/\/www.ecinews.fr\/fr\/#organization","name":"EENewsEurope","url":"https:\/\/www.ecinews.fr\/fr\/","logo":{"@type":"ImageObject","inLanguage":"fr-FR","@id":"https:\/\/www.ecinews.fr\/fr\/#\/schema\/logo\/image\/","url":"https:\/\/www.ecinews.fr\/wp-content\/uploads\/2022\/02\/logo-1.jpg","contentUrl":"https:\/\/www.ecinews.fr\/wp-content\/uploads\/2022\/02\/logo-1.jpg","width":283,"height":113,"caption":"EENewsEurope"},"image":{"@id":"https:\/\/www.ecinews.fr\/fr\/#\/schema\/logo\/image\/"}},{"@type":"Person","@id":"https:\/\/www.ecinews.fr\/fr\/#\/schema\/person\/0aa2cfb0bd8949724a68cbac8d8321b4","name":"A Delapalisse","image":{"@type":"ImageObject","inLanguage":"fr-FR","@id":"https:\/\/www.ecinews.fr\/fr\/#\/schema\/person\/image\/211ac42237c2e9683c0964086c393cb4","url":"https:\/\/secure.gravatar.com\/avatar\/ad45a8c5da24bc9c7c4940dd1c48a695?s=96&d=mm&r=g","contentUrl":"https:\/\/secure.gravatar.com\/avatar\/ad45a8c5da24bc9c7c4940dd1c48a695?s=96&d=mm&r=g","caption":"A Delapalisse"},"sameAs":["http:\/\/ECI"]}]}},"authors":[{"term_id":1153,"user_id":34,"is_guest":0,"slug":"adelapalisse","display_name":"A Delapalisse","avatar_url":"https:\/\/secure.gravatar.com\/avatar\/ad45a8c5da24bc9c7c4940dd1c48a695?s=96&d=mm&r=g","0":null,"1":"","2":"","3":"","4":"","5":"","6":"","7":"","8":""}],"_links":{"self":[{"href":"https:\/\/www.ecinews.fr\/fr\/wp-json\/wp\/v2\/posts\/391469"}],"collection":[{"href":"https:\/\/www.ecinews.fr\/fr\/wp-json\/wp\/v2\/posts"}],"about":[{"href":"https:\/\/www.ecinews.fr\/fr\/wp-json\/wp\/v2\/types\/post"}],"author":[{"embeddable":true,"href":"https:\/\/www.ecinews.fr\/fr\/wp-json\/wp\/v2\/users\/34"}],"replies":[{"embeddable":true,"href":"https:\/\/www.ecinews.fr\/fr\/wp-json\/wp\/v2\/comments?post=391469"}],"version-history":[{"count":0,"href":"https:\/\/www.ecinews.fr\/fr\/wp-json\/wp\/v2\/posts\/391469\/revisions"}],"wp:featuredmedia":[{"embeddable":true,"href":"https:\/\/www.ecinews.fr\/fr\/wp-json\/wp\/v2\/media\/391324"}],"wp:attachment":[{"href":"https:\/\/www.ecinews.fr\/fr\/wp-json\/wp\/v2\/media?parent=391469"}],"wp:term":[{"taxonomy":"category","embeddable":true,"href":"https:\/\/www.ecinews.fr\/fr\/wp-json\/wp\/v2\/categories?post=391469"},{"taxonomy":"post_tag","embeddable":true,"href":"https:\/\/www.ecinews.fr\/fr\/wp-json\/wp\/v2\/tags?post=391469"},{"taxonomy":"domains","embeddable":true,"href":"https:\/\/www.ecinews.fr\/fr\/wp-json\/wp\/v2\/domains?post=391469"},{"taxonomy":"author","embeddable":true,"href":"https:\/\/www.ecinews.fr\/fr\/wp-json\/wp\/v2\/ppma_author?post=391469"}],"curies":[{"name":"wp","href":"https:\/\/api.w.org\/{rel}","templated":true}]}}