{"id":391386,"date":"2022-08-01T16:52:16","date_gmt":"2022-08-01T14:52:16","guid":{"rendered":"https:\/\/www.eenewseurope.com\/?p=391386"},"modified":"2022-08-02T09:23:46","modified_gmt":"2022-08-02T07:23:46","slug":"ziebart-ancien-ceo-de-infineon-devient-chairman-de-hella-filiale-de-faurecia","status":"publish","type":"post","link":"https:\/\/www.ecinews.fr\/fr\/ziebart-ancien-ceo-de-infineon-devient-chairman-de-hella-filiale-de-faurecia\/","title":{"rendered":"Wolfgang Ziebart ancien CEO d&rsquo;Infineon devient Chairman de Hella, filiale de Faurecia"},"content":{"rendered":"<p><span class=\"VIiyi\" lang=\"fr\"><span class=\"JLqJ4b\" data-language-for-alternatives=\"fr\" data-language-to-translate-into=\"en\" data-phrase-index=\"0\" data-number-of-phrases=\"1\"><span class=\"Q4iAWc\">Le comit\u00e9 des actionnaires de Hella GmbH &amp; Co. KGaA (\u00ab\u00a0Hella\u00a0\u00bb) a d\u00e9cid\u00e9 de proposer \u00e0 l&rsquo;assembl\u00e9e g\u00e9n\u00e9rale du 30 septembre 2022 d&rsquo;\u00e9lire le directeur automobile Prof. Dr. Wolfgang Ziebart en tant que membre ind\u00e9pendant du comit\u00e9 des actionnaires de l&rsquo;entreprise. Ziebart a \u00e9t\u00e9 CEO du fabricant de puces Infineon de 2004 \u00e0 2008, o\u00f9 il a eu la responsabilit\u00e9 de d\u00e9cisions majeures pour la soci\u00e9t\u00e9. <\/span><\/span><\/span><\/p>\n<p class=\"title\"><a href=\"https:\/\/www.ecinews.fr\/fr\/faurecia-rachete-hella-pour-e-6-7-milliards-et-devient-le-septieme-equipementier-automobile-mondial\/\" target=\"_blank\" rel=\"noopener\">Faurecia rach\u00e8te Hella pour \u20ac 6.7 milliards et devient le septi\u00e8me \u00e9quipementier automobile mondial<\/a><\/p>\n<p><span class=\"VIiyi\" lang=\"fr\"><span class=\"JLqJ4b\" data-language-for-alternatives=\"fr\" data-language-to-translate-into=\"en\" data-phrase-index=\"0\" data-number-of-phrases=\"1\"><span class=\"Q4iAWc\">S&rsquo;il est \u00e9lu, Wolfgang Ziebart succ\u00e8dera \u00e0 Carl-Peter Forster, qui avait d\u00e9j\u00e0 annonc\u00e9 qu&rsquo;il d\u00e9missionnerait de ses fonctions \u00e0 l&rsquo;issue de l&rsquo;Assembl\u00e9e g\u00e9n\u00e9rale du 30 septembre 2022. \u00ab\u00a0Avec Wolfgang Ziebart, nous proposons un dirigeant qui poss\u00e8de une excellente expertise sectorielle. Il apporte \u00e9galement de nombreuses ann\u00e9es d&rsquo;exp\u00e9rience dans la gestion strat\u00e9gique d&rsquo;entreprises technologiques ainsi que dans les travaux de comit\u00e9s de soci\u00e9t\u00e9s cot\u00e9es \u00bb, d\u00e9clare Carl-Peter Forster, actuel pr\u00e9sident du comit\u00e9 des actionnaires de Hella. \u00ab\u00a0<\/span><\/span><\/span><\/p>\n<p><span class=\"VIiyi\" lang=\"fr\"><span class=\"JLqJ4b\" data-language-for-alternatives=\"fr\" data-language-to-translate-into=\"en\" data-phrase-index=\"0\" data-number-of-phrases=\"1\"><span class=\"Q4iAWc\">Wolfgang Ziebart (72 ans) a occup\u00e9 divers postes de direction chez le constructeur automobile BMW pendant plus de vingt ans. De plus, l&rsquo;ing\u00e9nieur en m\u00e9canique titulaire d&rsquo;un doctorat en ing\u00e9nierie a occup\u00e9 divers postes au conseil d&rsquo;administration d&rsquo;autres entreprises automobiles et technologiques au cours de sa carri\u00e8re, notamment Continental et Jaguar Land Rover. Au cours de son passage en tant que PDG d&rsquo;Infineon, il \u00e9tait responsable de la scission de l&rsquo;activit\u00e9 des puces m\u00e9moire dans la soci\u00e9t\u00e9 Qimonda qui a d\u00e9pos\u00e9 son bilan en 2009. Depuis juillet 2012, Ziebart pr\u00e9side le conseil de surveillance du fabricant d&rsquo;\u00e9oliennes Nordex et est \u00e9galement adjoint du pr\u00e9sident du conseil de surveillance de l&rsquo;\u00e9quipementier automobile Webasto.<\/span><\/span><\/span><\/p>\n<p style=\"font-weight: 400;\"><span class=\"VIiyi\" lang=\"fr\"><span class=\"JLqJ4b\" data-language-for-alternatives=\"fr\" data-language-to-translate-into=\"en\" data-phrase-index=\"0\" data-number-of-phrases=\"1\"><span class=\"Q4iAWc\">Le comit\u00e9 des actionnaires est l&rsquo;organe de contr\u00f4le et de conseil faisant autorit\u00e9 de Hella GmbH &amp; Co. KGaA. Du c\u00f4t\u00e9 de l&rsquo;actionnaire majoritaire Faurecia, Olivier Durand, directeur g\u00e9n\u00e9ral adjoint et directeur financier de Faurecia, a \u00e9t\u00e9 nomm\u00e9 membre du comit\u00e9 le 14 juillet 2022. Il succ\u00e8de \u00e0 Michel Favre, qui a pris la pr\u00e9sidence du directoire de Hella le 1er juillet 2022 et a quitt\u00e9 le Comit\u00e9 des actionnaires en cons\u00e9quence. <\/span><\/span><\/span><\/p>\n<p style=\"font-weight: 400;\"><span class=\"VIiyi\" lang=\"fr\"><span class=\"JLqJ4b\" data-language-for-alternatives=\"fr\" data-language-to-translate-into=\"en\" data-phrase-index=\"0\" data-number-of-phrases=\"1\"><span class=\"Q4iAWc\">L&rsquo;assembl\u00e9e g\u00e9n\u00e9rale annuelle de Hella GmbH &amp; Co. KGaA aura lieu le 30 septembre 2022.<\/span><\/span><\/span><\/p>\n<p style=\"font-weight: 400;\">\u00a0<\/p>\n<p style=\"font-weight: 400;\"><a href=\"http:\/\/www.hella.com\/\">www.hella.com<\/a><\/p>\n<p style=\"font-weight: 400;\">Autres articles:<\/p>\n<p><a href=\"https:\/\/www.ecinews.fr\/fr\/faurecia-rachete-hella-pour-e-6-7-milliards-et-devient-le-septieme-equipementier-automobile-mondial\/\" target=\"_blank\" rel=\"noopener\">Faurecia rach\u00e8te Hella pour \u20ac 6.7 milliards et devient le septi\u00e8me \u00e9quipementier automobile mondial<\/a><\/p>\n<p class=\"title\"><a title=\"Faurecia en partenariat avec JDI pour les \u00e9crans automobiles\" href=\"https:\/\/www.ecinews.fr\/fr\/faurecia-en-partenariat-avec-jdi-pour-les-ecrans-automobiles\/\" target=\"_blank\" rel=\"noopener\">Faurecia en partenariat avec JDI pour les \u00e9crans automobiles<\/a><\/p>\n<p style=\"font-weight: 400;\"><a href=\"https:\/\/www.eenewsautomotive.com\/en\/ziebart-joins-jaguar-land-rover-as-head-of-development\/\">Ziebart joins Jaguar Land Rover as head of development<\/a><\/p>\n<p style=\"font-weight: 400;\"><a href=\"https:\/\/www.eenewseurope.com\/en\/qimondas-late-legacy-28nm-feram\/\">Qimonda\u2019s late legacy: 28nm FeRAM<\/a><\/p>\n<p style=\"font-weight: 400;\"><a href=\"https:\/\/www.eenewseurope.com\/en\/infineon-purchases-qimondas-manufacturing-facilities-for-euro-100-6-million\/\">Infineon purchases Qimonda\u2019s manufacturing facilities for Euro 100.6 million<\/a><\/p>\n<p style=\"font-weight: 400;\">\u00a0<\/p>\n","protected":false},"excerpt":{"rendered":"<p>Ziebart ancien CEO de Infineon devient Chairman de Hella, filiale de Faurecia<\/p>\n","protected":false},"author":34,"featured_media":391179,"comment_status":"closed","ping_status":"closed","sticky":true,"template":"","format":"standard","meta":{"_acf_changed":false,"footnotes":""},"categories":[886,18],"tags":[891],"domains":[47],"ppma_author":[1153],"class_list":["post-391386","post","type-post","status-publish","format-standard","has-post-thumbnail","hentry","category-news-fr","category-business-news","tag-automotive-fr","domains-electronique-eci"],"acf":[],"yoast_head":"<title>Wolfgang Ziebart ancien CEO d&#039;Infineon devient Chairman de Hell...<\/title>\n<meta name=\"description\" content=\"Ziebart ancien CEO de Infineon devient Chairman de Hella, filiale de Faurecia\" \/>\n<meta name=\"robots\" content=\"index, follow, max-snippet:-1, max-image-preview:large, max-video-preview:-1\" \/>\n<link rel=\"canonical\" href=\"https:\/\/www.ecinews.fr\/fr\/wp-json\/wp\/v2\/posts\/391386\/\" \/>\n<meta property=\"og:locale\" content=\"fr_FR\" \/>\n<meta property=\"og:type\" content=\"article\" \/>\n<meta property=\"og:title\" content=\"Wolfgang Ziebart ancien CEO d&#039;Infineon devient Chairman de Hella, filiale de Faurecia\" \/>\n<meta property=\"og:description\" content=\"Ziebart ancien CEO de Infineon devient Chairman de Hella, filiale de Faurecia\" \/>\n<meta property=\"og:url\" content=\"https:\/\/www.ecinews.fr\/fr\/wp-json\/wp\/v2\/posts\/391386\/\" \/>\n<meta property=\"og:site_name\" content=\"EENewsEurope\" \/>\n<meta property=\"article:published_time\" content=\"2022-08-01T14:52:16+00:00\" \/>\n<meta property=\"article:modified_time\" content=\"2022-08-02T07:23:46+00:00\" \/>\n<meta property=\"og:image\" content=\"https:\/\/www.ecinews.fr\/wp-content\/uploads\/2022\/07\/Ziebart-breit-scaled.jpg\" \/>\n\t<meta property=\"og:image:width\" content=\"1080\" \/>\n\t<meta property=\"og:image:height\" content=\"956\" \/>\n\t<meta property=\"og:image:type\" content=\"image\/jpeg\" \/>\n<meta name=\"author\" content=\"A Delapalisse\" \/>\n<meta name=\"twitter:card\" content=\"summary_large_image\" \/>\n<meta name=\"twitter:label1\" content=\"Written by\" \/>\n\t<meta name=\"twitter:data1\" content=\"A Delapalisse\" \/>\n\t<meta name=\"twitter:label2\" content=\"Est. reading time\" \/>\n\t<meta name=\"twitter:data2\" content=\"2 minutes\" \/>\n<script type=\"application\/ld+json\" class=\"yoast-schema-graph\">{\"@context\":\"https:\/\/schema.org\",\"@graph\":[{\"@type\":\"Article\",\"@id\":\"https:\/\/www.ecinews.fr\/fr\/ziebart-ancien-ceo-de-infineon-devient-chairman-de-hella-filiale-de-faurecia\/#article\",\"isPartOf\":{\"@id\":\"https:\/\/www.ecinews.fr\/fr\/ziebart-ancien-ceo-de-infineon-devient-chairman-de-hella-filiale-de-faurecia\/\"},\"author\":{\"name\":\"A Delapalisse\",\"@id\":\"https:\/\/www.eenewseurope.com\/en\/#\/schema\/person\/0aa2cfb0bd8949724a68cbac8d8321b4\"},\"headline\":\"Wolfgang Ziebart ancien CEO d&rsquo;Infineon devient Chairman de Hella, filiale de Faurecia\",\"datePublished\":\"2022-08-01T14:52:16+00:00\",\"dateModified\":\"2022-08-02T07:23:46+00:00\",\"mainEntityOfPage\":{\"@id\":\"https:\/\/www.ecinews.fr\/fr\/ziebart-ancien-ceo-de-infineon-devient-chairman-de-hella-filiale-de-faurecia\/\"},\"wordCount\":461,\"publisher\":{\"@id\":\"https:\/\/www.eenewseurope.com\/en\/#organization\"},\"keywords\":[\"Automotive\"],\"articleSection\":[\"Actualit\u00e9 g\u00e9n\u00e9rale\",\"Business news\"],\"inLanguage\":\"fr-FR\"},{\"@type\":\"WebPage\",\"@id\":\"https:\/\/www.ecinews.fr\/fr\/ziebart-ancien-ceo-de-infineon-devient-chairman-de-hella-filiale-de-faurecia\/\",\"url\":\"https:\/\/www.ecinews.fr\/fr\/ziebart-ancien-ceo-de-infineon-devient-chairman-de-hella-filiale-de-faurecia\/\",\"name\":\"Wolfgang Ziebart ancien CEO d'Infineon devient Chairman de Hella, filiale de Faurecia -\",\"isPartOf\":{\"@id\":\"https:\/\/www.eenewseurope.com\/en\/#website\"},\"datePublished\":\"2022-08-01T14:52:16+00:00\",\"dateModified\":\"2022-08-02T07:23:46+00:00\",\"description\":\"Ziebart ancien CEO de Infineon devient Chairman de Hella, filiale de Faurecia\",\"breadcrumb\":{\"@id\":\"https:\/\/www.ecinews.fr\/fr\/ziebart-ancien-ceo-de-infineon-devient-chairman-de-hella-filiale-de-faurecia\/#breadcrumb\"},\"inLanguage\":\"fr-FR\",\"potentialAction\":[{\"@type\":\"ReadAction\",\"target\":[\"https:\/\/www.ecinews.fr\/fr\/ziebart-ancien-ceo-de-infineon-devient-chairman-de-hella-filiale-de-faurecia\/\"]}]},{\"@type\":\"BreadcrumbList\",\"@id\":\"https:\/\/www.ecinews.fr\/fr\/ziebart-ancien-ceo-de-infineon-devient-chairman-de-hella-filiale-de-faurecia\/#breadcrumb\",\"itemListElement\":[{\"@type\":\"ListItem\",\"position\":1,\"name\":\"Home\",\"item\":\"https:\/\/www.ecinews.fr\/fr\/\"},{\"@type\":\"ListItem\",\"position\":2,\"name\":\"Wolfgang Ziebart ancien CEO d&rsquo;Infineon devient Chairman de Hella, filiale de Faurecia\"}]},{\"@type\":\"WebSite\",\"@id\":\"https:\/\/www.eenewseurope.com\/en\/#website\",\"url\":\"https:\/\/www.eenewseurope.com\/en\/\",\"name\":\"EENewsEurope\",\"description\":\"Just another WordPress site\",\"publisher\":{\"@id\":\"https:\/\/www.eenewseurope.com\/en\/#organization\"},\"potentialAction\":[{\"@type\":\"SearchAction\",\"target\":{\"@type\":\"EntryPoint\",\"urlTemplate\":\"https:\/\/www.eenewseurope.com\/en\/?s={search_term_string}\"},\"query-input\":\"required name=search_term_string\"}],\"inLanguage\":\"fr-FR\"},{\"@type\":\"Organization\",\"@id\":\"https:\/\/www.eenewseurope.com\/en\/#organization\",\"name\":\"EENewsEurope\",\"url\":\"https:\/\/www.eenewseurope.com\/en\/\",\"logo\":{\"@type\":\"ImageObject\",\"inLanguage\":\"fr-FR\",\"@id\":\"https:\/\/www.eenewseurope.com\/en\/#\/schema\/logo\/image\/\",\"url\":\"https:\/\/www.ecinews.fr\/wp-content\/uploads\/2022\/02\/logo-1.jpg\",\"contentUrl\":\"https:\/\/www.ecinews.fr\/wp-content\/uploads\/2022\/02\/logo-1.jpg\",\"width\":283,\"height\":113,\"caption\":\"EENewsEurope\"},\"image\":{\"@id\":\"https:\/\/www.eenewseurope.com\/en\/#\/schema\/logo\/image\/\"}},{\"@type\":\"Person\",\"@id\":\"https:\/\/www.eenewseurope.com\/en\/#\/schema\/person\/0aa2cfb0bd8949724a68cbac8d8321b4\",\"name\":\"A Delapalisse\",\"image\":{\"@type\":\"ImageObject\",\"inLanguage\":\"fr-FR\",\"@id\":\"https:\/\/www.eenewseurope.com\/en\/#\/schema\/person\/image\/211ac42237c2e9683c0964086c393cb4\",\"url\":\"https:\/\/secure.gravatar.com\/avatar\/ad45a8c5da24bc9c7c4940dd1c48a695?s=96&d=mm&r=g\",\"contentUrl\":\"https:\/\/secure.gravatar.com\/avatar\/ad45a8c5da24bc9c7c4940dd1c48a695?s=96&d=mm&r=g\",\"caption\":\"A Delapalisse\"},\"sameAs\":[\"http:\/\/ECI\"]}]}<\/script>","yoast_head_json":{"title":"Wolfgang Ziebart ancien CEO d'Infineon devient Chairman de Hell...","description":"Ziebart ancien CEO de Infineon devient Chairman de Hella, filiale de Faurecia","robots":{"index":"index","follow":"follow","max-snippet":"max-snippet:-1","max-image-preview":"max-image-preview:large","max-video-preview":"max-video-preview:-1"},"canonical":"https:\/\/www.ecinews.fr\/fr\/wp-json\/wp\/v2\/posts\/391386\/","og_locale":"fr_FR","og_type":"article","og_title":"Wolfgang Ziebart ancien CEO d'Infineon devient Chairman de Hella, filiale de Faurecia","og_description":"Ziebart ancien CEO de Infineon devient Chairman de Hella, filiale de Faurecia","og_url":"https:\/\/www.ecinews.fr\/fr\/wp-json\/wp\/v2\/posts\/391386\/","og_site_name":"EENewsEurope","article_published_time":"2022-08-01T14:52:16+00:00","article_modified_time":"2022-08-02T07:23:46+00:00","og_image":[{"width":1080,"height":956,"url":"https:\/\/www.ecinews.fr\/wp-content\/uploads\/2022\/07\/Ziebart-breit-scaled.jpg","type":"image\/jpeg"}],"author":"A Delapalisse","twitter_card":"summary_large_image","twitter_misc":{"Written by":"A Delapalisse","Est. reading time":"2 minutes"},"schema":{"@context":"https:\/\/schema.org","@graph":[{"@type":"Article","@id":"https:\/\/www.ecinews.fr\/fr\/ziebart-ancien-ceo-de-infineon-devient-chairman-de-hella-filiale-de-faurecia\/#article","isPartOf":{"@id":"https:\/\/www.ecinews.fr\/fr\/ziebart-ancien-ceo-de-infineon-devient-chairman-de-hella-filiale-de-faurecia\/"},"author":{"name":"A Delapalisse","@id":"https:\/\/www.eenewseurope.com\/en\/#\/schema\/person\/0aa2cfb0bd8949724a68cbac8d8321b4"},"headline":"Wolfgang Ziebart ancien CEO d&rsquo;Infineon devient Chairman de Hella, filiale de Faurecia","datePublished":"2022-08-01T14:52:16+00:00","dateModified":"2022-08-02T07:23:46+00:00","mainEntityOfPage":{"@id":"https:\/\/www.ecinews.fr\/fr\/ziebart-ancien-ceo-de-infineon-devient-chairman-de-hella-filiale-de-faurecia\/"},"wordCount":461,"publisher":{"@id":"https:\/\/www.eenewseurope.com\/en\/#organization"},"keywords":["Automotive"],"articleSection":["Actualit\u00e9 g\u00e9n\u00e9rale","Business news"],"inLanguage":"fr-FR"},{"@type":"WebPage","@id":"https:\/\/www.ecinews.fr\/fr\/ziebart-ancien-ceo-de-infineon-devient-chairman-de-hella-filiale-de-faurecia\/","url":"https:\/\/www.ecinews.fr\/fr\/ziebart-ancien-ceo-de-infineon-devient-chairman-de-hella-filiale-de-faurecia\/","name":"Wolfgang Ziebart ancien CEO d'Infineon devient Chairman de Hella, filiale de Faurecia -","isPartOf":{"@id":"https:\/\/www.eenewseurope.com\/en\/#website"},"datePublished":"2022-08-01T14:52:16+00:00","dateModified":"2022-08-02T07:23:46+00:00","description":"Ziebart ancien CEO de Infineon devient Chairman de Hella, filiale de Faurecia","breadcrumb":{"@id":"https:\/\/www.ecinews.fr\/fr\/ziebart-ancien-ceo-de-infineon-devient-chairman-de-hella-filiale-de-faurecia\/#breadcrumb"},"inLanguage":"fr-FR","potentialAction":[{"@type":"ReadAction","target":["https:\/\/www.ecinews.fr\/fr\/ziebart-ancien-ceo-de-infineon-devient-chairman-de-hella-filiale-de-faurecia\/"]}]},{"@type":"BreadcrumbList","@id":"https:\/\/www.ecinews.fr\/fr\/ziebart-ancien-ceo-de-infineon-devient-chairman-de-hella-filiale-de-faurecia\/#breadcrumb","itemListElement":[{"@type":"ListItem","position":1,"name":"Home","item":"https:\/\/www.ecinews.fr\/fr\/"},{"@type":"ListItem","position":2,"name":"Wolfgang Ziebart ancien CEO d&rsquo;Infineon devient Chairman de Hella, filiale de Faurecia"}]},{"@type":"WebSite","@id":"https:\/\/www.eenewseurope.com\/en\/#website","url":"https:\/\/www.eenewseurope.com\/en\/","name":"EENewsEurope","description":"Just another WordPress site","publisher":{"@id":"https:\/\/www.eenewseurope.com\/en\/#organization"},"potentialAction":[{"@type":"SearchAction","target":{"@type":"EntryPoint","urlTemplate":"https:\/\/www.eenewseurope.com\/en\/?s={search_term_string}"},"query-input":"required name=search_term_string"}],"inLanguage":"fr-FR"},{"@type":"Organization","@id":"https:\/\/www.eenewseurope.com\/en\/#organization","name":"EENewsEurope","url":"https:\/\/www.eenewseurope.com\/en\/","logo":{"@type":"ImageObject","inLanguage":"fr-FR","@id":"https:\/\/www.eenewseurope.com\/en\/#\/schema\/logo\/image\/","url":"https:\/\/www.ecinews.fr\/wp-content\/uploads\/2022\/02\/logo-1.jpg","contentUrl":"https:\/\/www.ecinews.fr\/wp-content\/uploads\/2022\/02\/logo-1.jpg","width":283,"height":113,"caption":"EENewsEurope"},"image":{"@id":"https:\/\/www.eenewseurope.com\/en\/#\/schema\/logo\/image\/"}},{"@type":"Person","@id":"https:\/\/www.eenewseurope.com\/en\/#\/schema\/person\/0aa2cfb0bd8949724a68cbac8d8321b4","name":"A Delapalisse","image":{"@type":"ImageObject","inLanguage":"fr-FR","@id":"https:\/\/www.eenewseurope.com\/en\/#\/schema\/person\/image\/211ac42237c2e9683c0964086c393cb4","url":"https:\/\/secure.gravatar.com\/avatar\/ad45a8c5da24bc9c7c4940dd1c48a695?s=96&d=mm&r=g","contentUrl":"https:\/\/secure.gravatar.com\/avatar\/ad45a8c5da24bc9c7c4940dd1c48a695?s=96&d=mm&r=g","caption":"A Delapalisse"},"sameAs":["http:\/\/ECI"]}]}},"authors":[{"term_id":1153,"user_id":34,"is_guest":0,"slug":"adelapalisse","display_name":"A Delapalisse","avatar_url":"https:\/\/secure.gravatar.com\/avatar\/ad45a8c5da24bc9c7c4940dd1c48a695?s=96&d=mm&r=g","0":null,"1":"","2":"","3":"","4":"","5":"","6":"","7":"","8":""}],"_links":{"self":[{"href":"https:\/\/www.ecinews.fr\/fr\/wp-json\/wp\/v2\/posts\/391386"}],"collection":[{"href":"https:\/\/www.ecinews.fr\/fr\/wp-json\/wp\/v2\/posts"}],"about":[{"href":"https:\/\/www.ecinews.fr\/fr\/wp-json\/wp\/v2\/types\/post"}],"author":[{"embeddable":true,"href":"https:\/\/www.ecinews.fr\/fr\/wp-json\/wp\/v2\/users\/34"}],"replies":[{"embeddable":true,"href":"https:\/\/www.ecinews.fr\/fr\/wp-json\/wp\/v2\/comments?post=391386"}],"version-history":[{"count":0,"href":"https:\/\/www.ecinews.fr\/fr\/wp-json\/wp\/v2\/posts\/391386\/revisions"}],"wp:featuredmedia":[{"embeddable":true,"href":"https:\/\/www.ecinews.fr\/fr\/wp-json\/wp\/v2\/media\/391179"}],"wp:attachment":[{"href":"https:\/\/www.ecinews.fr\/fr\/wp-json\/wp\/v2\/media?parent=391386"}],"wp:term":[{"taxonomy":"category","embeddable":true,"href":"https:\/\/www.ecinews.fr\/fr\/wp-json\/wp\/v2\/categories?post=391386"},{"taxonomy":"post_tag","embeddable":true,"href":"https:\/\/www.ecinews.fr\/fr\/wp-json\/wp\/v2\/tags?post=391386"},{"taxonomy":"domains","embeddable":true,"href":"https:\/\/www.ecinews.fr\/fr\/wp-json\/wp\/v2\/domains?post=391386"},{"taxonomy":"author","embeddable":true,"href":"https:\/\/www.ecinews.fr\/fr\/wp-json\/wp\/v2\/ppma_author?post=391386"}],"curies":[{"name":"wp","href":"https:\/\/api.w.org\/{rel}","templated":true}]}}