{"id":390436,"date":"2022-07-19T18:53:04","date_gmt":"2022-07-19T16:53:04","guid":{"rendered":"https:\/\/www.eenewseurope.com\/?p=390436"},"modified":"2022-07-20T09:35:06","modified_gmt":"2022-07-20T07:35:06","slug":"une-startup-leve-8m-pour-la-production-de-graphene-imprimable-3d","status":"publish","type":"post","link":"https:\/\/www.ecinews.fr\/fr\/une-startup-leve-8m-pour-la-production-de-graphene-imprimable-3d\/","title":{"rendered":"Une startup l\u00e8ve \u00a38m pour la production de graph\u00e8ne imprimable 3D"},"content":{"rendered":"<p><span class=\"VIiyi\" lang=\"fr\"><span class=\"JLqJ4b\" data-language-for-alternatives=\"fr\" data-language-to-translate-into=\"en\" data-phrase-index=\"0\" data-number-of-phrases=\"1\"><span class=\"Q4iAWc\">Fond\u00e9e en 2016, Integrated Graphene a d\u00e9velopp\u00e9 un proc\u00e9d\u00e9 commercialement viable de fabrication de graph\u00e8ne imprimable\u00a0 qui s&rsquo;adapte \u00e0 des volumes \u00e9lev\u00e9s sur une gamme de substances \u00e0 temp\u00e9rature ambiante. Le processus \u00e9limine les d\u00e9fis de changement d&rsquo;\u00e9chelle associ\u00e9s au graph\u00e8ne CVD et \u00e0 la poudre de graph\u00e8ne. En plus de la fabrication directe, Integrated Graphene con\u00e7oit des processus de fabrication pour les entreprises de premier ordre afin de se connecter efficacement aux lignes existantes. <\/span><\/span><\/span><\/p>\n<p><span class=\"VIiyi\" lang=\"fr\"><span class=\"JLqJ4b\" data-language-for-alternatives=\"fr\" data-language-to-translate-into=\"en\" data-phrase-index=\"0\" data-number-of-phrases=\"1\"><span class=\"Q4iAWc\">L&rsquo;investissement fait suite \u00e0 un cycle de financement de s\u00e9rie A + largement sursouscrit pour un montant non divulgu\u00e9 men\u00e9 par des investisseurs existants, Par Equity et Archangels.<\/span><\/span><\/span><\/p>\n<h4>Related graphene articles\u00a0<\/h4>\n<ul>\n<li><a href=\"https:\/\/www.eenewseurope.com\/en\/paragraf-raises-60m-for-graphene\/\">Paragraf raises $60m for graphene<\/a><\/li>\n<li><a href=\"https:\/\/www.eenewseurope.com\/en\/new-graphene-based-recipes-spur-startups\/\">New graphene-based recipes spur startups\u00a0<\/a><\/li>\n<li><a href=\"https:\/\/www.eenewseurope.com\/en\/uk-blocks-chinese-takeover-of-welsh-graphene-maker\/\">UK blocks Chinese takeover of Welsh graphene maker<\/a><\/li>\n<li><a href=\"https:\/\/www.eenewseurope.com\/en\/graphene-electronics-pilot-line-takes-shape\/\">Graphene electronics pilot line takes shape<\/a><\/li>\n<\/ul>\n<p><span class=\"VIiyi\" lang=\"fr\"><span class=\"JLqJ4b\" data-language-for-alternatives=\"fr\" data-language-to-translate-into=\"en\" data-phrase-index=\"0\" data-number-of-phrases=\"1\"><span class=\"Q4iAWc\">Le plan d&rsquo;investissement se concentrera sur le changement d&rsquo;\u00e9chelle de la fabrication de ses \u00e9lectrodes et supercondensateurs imprimables am\u00e9lior\u00e9s au graph\u00e8ne qui sont actuellement au stade pilote chez des blue-chips mondiaux dans des applications de suivi d&rsquo;actifs par \u00e9tiquettes intelligentes. <\/span><\/span><\/span><\/p>\n<p><span class=\"VIiyi\" lang=\"fr\"><span class=\"JLqJ4b\" data-language-for-alternatives=\"fr\" data-language-to-translate-into=\"en\" data-phrase-index=\"0\" data-number-of-phrases=\"1\"><span class=\"Q4iAWc\">Ces produits \u00e9lectroniques imprimables incluent Gii-Cap qui cible 10 % du march\u00e9 des batteries de 500 milliards de dollars, avec le potentiel d&rsquo;\u00e9viter que 60 millions de batteries ne soient jet\u00e9es chaque ann\u00e9e. Son mat\u00e9riau Gii-Sens offre un mat\u00e9riau de capteur plus efficace pour le march\u00e9 du diagnostic m\u00e9dical.<\/span><\/span><\/span><\/p>\n<p><span class=\"VIiyi\" lang=\"fr\"><span class=\"JLqJ4b\" data-language-for-alternatives=\"fr\" data-language-to-translate-into=\"en\" data-phrase-index=\"0\" data-number-of-phrases=\"1\"><span class=\"Q4iAWc\">Dans le cadre de ses plans de croissance, la soci\u00e9t\u00e9 a l&rsquo;intention de doubler sa capacit\u00e9 existante \u00e0 Stirling et de tripler ses effectifs \u00e0 100 au cours des trois prochaines ann\u00e9es, en embauchant un nombre important d&rsquo;experts en d\u00e9veloppement et commerciaux leaders du march\u00e9 au Royaume-Uni, en Europe et en Am\u00e9rique du Nord. <\/span><\/span><\/span><\/p>\n<p><span class=\"VIiyi\" lang=\"fr\"><span class=\"JLqJ4b\" data-language-for-alternatives=\"fr\" data-language-to-translate-into=\"en\" data-phrase-index=\"0\" data-number-of-phrases=\"1\"><span class=\"Q4iAWc\">La soci\u00e9t\u00e9 augmentera \u00e9galement les d\u00e9penses d&rsquo;investissement dans sa ligne pilote de nouvelle g\u00e9n\u00e9ration pour permettre une expansion rapide du march\u00e9 de Gii-Sens et Gii-Cap. Pour Gii-Sens, cela inclut les wearables, les diagnostics animaux, les diagnostics compagnons, les diagnostics environnementaux. Avec Gii-Cap, les march\u00e9s\u00a0 en expansion incluent les drones, l&rsquo;e-mobilit\u00e9, l&rsquo;espace, les satellites et les appareils wearables. <\/span><\/span><\/span><\/p>\n<p><span class=\"VIiyi\" lang=\"fr\"><span class=\"JLqJ4b\" data-language-for-alternatives=\"fr\" data-language-to-translate-into=\"en\" data-phrase-index=\"0\" data-number-of-phrases=\"1\"><span class=\"Q4iAWc\">\u00ab\u00a0Cet investissement marque un v\u00e9ritable tournant pour Integrated Graphene et la fabrication de notre mousse de graph\u00e8ne 3D unique avec ses deux premiers produits pr\u00eats \u00e0 \u00eatre commercialis\u00e9s\u00a0\u00bb, a d\u00e9clar\u00e9 Claus Marquordt, co-fondateur et PDG d&rsquo;Integrated Graphene (ci-dessus). \u00abNous participons activement \u00e0 des projets avec plusieurs soci\u00e9t\u00e9s mondiales de premier ordre pour fournir des volumes \u00e9lev\u00e9s d&rsquo;\u00e9lectrodes et de supercondensateurs qui r\u00e9pondent aux besoins critiques en acc\u00e9l\u00e9rant le diagnostic humain au point de service pour un large \u00e9ventail de maladies mortelles et en activant des syst\u00e8mes d&rsquo;alimentation \u00e0 faible co\u00fbt flexibles et durables pour les march\u00e9s en plein essor de l&rsquo;IoT, des \u00e9tiquettes intelligentes et des wearables. En investissant maintenant, nous serons pr\u00eats, cette ann\u00e9e, \u00e0 produire des millions d&rsquo;unit\u00e9s par an \u00e0 partir d&rsquo;une nouvelle usine \u00e0 Stirling et \u00e0 transf\u00e9rer la technologie \u00e0 grande \u00e9chelle \u00e0 des partenaires mondiaux \u00e0 l&rsquo;avenir.<\/span><\/span><\/span><\/p>\n<p><span class=\"VIiyi\" lang=\"fr\"><span class=\"JLqJ4b\" data-language-for-alternatives=\"fr\" data-language-to-translate-into=\"en\" data-phrase-index=\"0\" data-number-of-phrases=\"1\"><span class=\"Q4iAWc\">Aidan MacMillan, directeur principal des investissements chez Par Equity, a d\u00e9clar\u00e9 : \u00ab\u00a0Integrated Graphene a d\u00e9velopp\u00e9 une solution r\u00e9volutionnaire avec le potentiel d&rsquo;avoir un impact \u00e9norme sur une gamme d&rsquo;industries \u00e0 grande \u00e9chelle. En tant qu&rsquo;investisseurs existants dans l&rsquo;entreprise, Par Equity et une s\u00e9lection de nos conseillers ont travaill\u00e9 en \u00e9troite collaboration avec Claus et l&rsquo;\u00e9quipe pour d\u00e9velopper l&rsquo;entreprise. Nous sommes ravis de poursuivre notre soutien dans ce cycle, pour catalyser l&rsquo;ambition de l&rsquo;\u00e9quipe et lib\u00e9rer le potentiel de croissance de l&rsquo;entreprise.<\/span><\/span><\/span><\/p>\n<p><span class=\"VIiyi\" lang=\"fr\"><span class=\"JLqJ4b\" data-language-for-alternatives=\"fr\" data-language-to-translate-into=\"en\" data-phrase-index=\"0\" data-number-of-phrases=\"1\"><span class=\"Q4iAWc\">Niki Mckenzie, co-directeur g\u00e9n\u00e9ral chez Archangels, a ajout\u00e9 : \u00ab Depuis que nous avons investi pour la premi\u00e8re fois dans Integrated Graphene il y a deux ans, la soci\u00e9t\u00e9 est pass\u00e9e rapidement de la start-up \u00e0 la scale-up et se concentre d\u00e9sormais sur la satisfaction de la demande mondiale croissante de plusieurs secteurs. Nous sommes heureux de poursuivre notre relation avec l&rsquo;\u00e9quipe, alors qu&rsquo;ils se lancent dans cette prochaine phase critique de croissance.<\/span><\/span><\/span><\/p>\n<p>&nbsp;<\/p>\n<p><a href=\"http:\/\/%0b%0dwww.integratedgraphene.com\u00a0%0d\">www.integratedgraphene.com\u00a0<\/a><\/p>\n<h4>Related graphene articles<\/h4>\n<ul>\n<li><a href=\"https:\/\/www.eenewspower.com\/en\/honeycomb-graphene-creates-stretchable-battery-for-wearables\/\">Honeycomb graphene creates stretchable battery for wearables<\/a><\/li>\n<li><a href=\"https:\/\/www.eenewspower.com\/en\/skeleton-plans-graphene-battery-that-charges-in-15s\/\">Skeleton plans graphene battery that charges in 15s<\/a><\/li>\n<li><a href=\"https:\/\/www.eenewseurope.com\/en\/graphene-startup-opens-cambridge-rd-facility\/\">Graphene startup opens Cambridge R&amp;D facility<\/a><\/li>\n<li><a href=\"https:\/\/www.eenewspower.com\/en\/graphene-made-from-plain-sugar-at-low-process-temperatures\/\">Graphene made from plain sugar at low process temperatures<\/a><\/li>\n<\/ul>\n<h4>Other articles on eeNews Power<\/h4>\n<ul>\n<li><a href=\"https:\/\/www.eenewspower.com\/en\/tt-electronics-to-build-next-generation-inertial-navigation-power-supply-for-honeywell-aerospace\/\">TT Electronics to build next generation Inertial Navigation power supply\u00a0for Honeywell Aerospace<\/a><\/li>\n<li><a href=\"https:\/\/www.eenewspower.com\/en\/asmi-buys-italian-sic-equipment-maker-for-e425m\/\">ASMI buys Italian SiC equipment maker for \u20ac425m<\/a><\/li>\n<li><a href=\"https:\/\/www.eenewspower.com\/en\/e59m-for-uk-fast-charging-tungsten-battery-cell-startup\/\">\u20ac59m for UK fast charging tungsten battery cell startup<\/a><\/li>\n<li><a href=\"https:\/\/www.eenewspower.com\/en\/siemens-sets-up-power-lab-in-wales\/\">Siemens sets up power lab in Wales<\/a><\/li>\n<li><a href=\"https:\/\/www.eenewspower.com\/en\/first-st-high-side-switch-controller-with-silicon-fuse\/\">First ST high-side switch controller with silicon fuse<\/a><\/li>\n<\/ul>\n<p>&nbsp;<\/p>\n<p>&nbsp;<\/p>\n","protected":false},"excerpt":{"rendered":"<p>Bas\u00e9e en \u00c9cosse, Integrated Graphene a lev\u00e9 plus de 8 millions de GBP pour augmenter la production de sa mousse de graph\u00e8ne 3D imprimable pour des applications \u00e9nerg\u00e9tiques telles que les \u00e9lectrodes de batterie, les supercondensateurs et les wearables.<\/p>\n","protected":false},"author":34,"featured_media":390302,"comment_status":"closed","ping_status":"closed","sticky":false,"template":"","format":"standard","meta":{"_acf_changed":false,"footnotes":""},"categories":[18,883],"tags":[909,913,1535,904,910],"domains":[47],"ppma_author":[1153],"class_list":["post-390436","post","type-post","status-publish","format-standard","has-post-thumbnail","hentry","category-business-news","category-technologies","tag-batteries-power-supplies-fr","tag-materials-processes-fr","tag-medical-electronics","tag-medicalelectronics-fr","tag-sensing-conditioning-fr","domains-electronique-eci"],"acf":[],"yoast_head":"<title>Une startup l\u00e8ve \u00a38m pour la production de graph\u00e8ne imprimab...<\/title>\n<meta name=\"description\" content=\"Integrated Graphene in Scotland has raised over \u00a38m to scale up production of its Gii printable 3D Graphene foam for electrodes and sensors\" \/>\n<meta name=\"robots\" content=\"index, follow, max-snippet:-1, max-image-preview:large, max-video-preview:-1\" \/>\n<link rel=\"canonical\" href=\"https:\/\/www.ecinews.fr\/fr\/wp-json\/wp\/v2\/posts\/390436\/\" \/>\n<meta property=\"og:locale\" content=\"fr_FR\" \/>\n<meta property=\"og:type\" content=\"article\" \/>\n<meta property=\"og:title\" content=\"Une startup l\u00e8ve \u00a38m pour la production de graph\u00e8ne imprimable 3D\" \/>\n<meta property=\"og:description\" content=\"Integrated Graphene in Scotland has raised over \u00a38m to scale up production of its Gii printable 3D Graphene foam for electrodes and sensors\" \/>\n<meta property=\"og:url\" content=\"https:\/\/www.ecinews.fr\/fr\/wp-json\/wp\/v2\/posts\/390436\/\" \/>\n<meta property=\"og:site_name\" content=\"EENewsEurope\" \/>\n<meta property=\"article:published_time\" content=\"2022-07-19T16:53:04+00:00\" \/>\n<meta property=\"article:modified_time\" content=\"2022-07-20T07:35:06+00:00\" \/>\n<meta property=\"og:image\" content=\"https:\/\/www.ecinews.fr\/wp-content\/uploads\/2022\/07\/Marco-Caffio-Co-founder-and-CSO-at-Integrated-Graphene-scaled.jpg\" \/>\n\t<meta property=\"og:image:width\" content=\"1080\" \/>\n\t<meta property=\"og:image:height\" content=\"720\" \/>\n\t<meta property=\"og:image:type\" content=\"image\/jpeg\" \/>\n<meta name=\"author\" content=\"A Delapalisse\" \/>\n<meta name=\"twitter:card\" content=\"summary_large_image\" \/>\n<meta name=\"twitter:label1\" content=\"Written by\" \/>\n\t<meta name=\"twitter:data1\" content=\"A Delapalisse\" \/>\n\t<meta name=\"twitter:label2\" content=\"Est. reading time\" \/>\n\t<meta name=\"twitter:data2\" content=\"4 minutes\" \/>\n<script type=\"application\/ld+json\" class=\"yoast-schema-graph\">{\"@context\":\"https:\/\/schema.org\",\"@graph\":[{\"@type\":\"Article\",\"@id\":\"https:\/\/www.ecinews.fr\/fr\/une-startup-leve-8m-pour-la-production-de-graphene-imprimable-3d\/#article\",\"isPartOf\":{\"@id\":\"https:\/\/www.ecinews.fr\/fr\/une-startup-leve-8m-pour-la-production-de-graphene-imprimable-3d\/\"},\"author\":{\"name\":\"A Delapalisse\",\"@id\":\"https:\/\/www.eenewseurope.com\/en\/#\/schema\/person\/0aa2cfb0bd8949724a68cbac8d8321b4\"},\"headline\":\"Une startup l\u00e8ve \u00a38m pour la production de graph\u00e8ne imprimable 3D\",\"datePublished\":\"2022-07-19T16:53:04+00:00\",\"dateModified\":\"2022-07-20T07:35:06+00:00\",\"mainEntityOfPage\":{\"@id\":\"https:\/\/www.ecinews.fr\/fr\/une-startup-leve-8m-pour-la-production-de-graphene-imprimable-3d\/\"},\"wordCount\":793,\"publisher\":{\"@id\":\"https:\/\/www.eenewseurope.com\/en\/#organization\"},\"keywords\":[\"Batteries \/ Power Supplies\",\"Materials &amp; processes\",\"Medical Electronics\",\"MedicalElectronics\",\"Sensing \/ Conditioning\"],\"articleSection\":[\"Business news\",\"Technologies\"],\"inLanguage\":\"fr-FR\"},{\"@type\":\"WebPage\",\"@id\":\"https:\/\/www.ecinews.fr\/fr\/une-startup-leve-8m-pour-la-production-de-graphene-imprimable-3d\/\",\"url\":\"https:\/\/www.ecinews.fr\/fr\/une-startup-leve-8m-pour-la-production-de-graphene-imprimable-3d\/\",\"name\":\"Une startup l\u00e8ve \u00a38m pour la production de graph\u00e8ne imprimable 3D -\",\"isPartOf\":{\"@id\":\"https:\/\/www.eenewseurope.com\/en\/#website\"},\"datePublished\":\"2022-07-19T16:53:04+00:00\",\"dateModified\":\"2022-07-20T07:35:06+00:00\",\"description\":\"Integrated Graphene in Scotland has raised over \u00a38m to scale up production of its Gii printable 3D Graphene foam for electrodes and sensors\",\"breadcrumb\":{\"@id\":\"https:\/\/www.ecinews.fr\/fr\/une-startup-leve-8m-pour-la-production-de-graphene-imprimable-3d\/#breadcrumb\"},\"inLanguage\":\"fr-FR\",\"potentialAction\":[{\"@type\":\"ReadAction\",\"target\":[\"https:\/\/www.ecinews.fr\/fr\/une-startup-leve-8m-pour-la-production-de-graphene-imprimable-3d\/\"]}]},{\"@type\":\"BreadcrumbList\",\"@id\":\"https:\/\/www.ecinews.fr\/fr\/une-startup-leve-8m-pour-la-production-de-graphene-imprimable-3d\/#breadcrumb\",\"itemListElement\":[{\"@type\":\"ListItem\",\"position\":1,\"name\":\"Home\",\"item\":\"https:\/\/www.ecinews.fr\/fr\/\"},{\"@type\":\"ListItem\",\"position\":2,\"name\":\"Une startup l\u00e8ve \u00a38m pour la production de graph\u00e8ne imprimable 3D\"}]},{\"@type\":\"WebSite\",\"@id\":\"https:\/\/www.eenewseurope.com\/en\/#website\",\"url\":\"https:\/\/www.eenewseurope.com\/en\/\",\"name\":\"EENewsEurope\",\"description\":\"Just another WordPress site\",\"publisher\":{\"@id\":\"https:\/\/www.eenewseurope.com\/en\/#organization\"},\"potentialAction\":[{\"@type\":\"SearchAction\",\"target\":{\"@type\":\"EntryPoint\",\"urlTemplate\":\"https:\/\/www.eenewseurope.com\/en\/?s={search_term_string}\"},\"query-input\":\"required name=search_term_string\"}],\"inLanguage\":\"fr-FR\"},{\"@type\":\"Organization\",\"@id\":\"https:\/\/www.eenewseurope.com\/en\/#organization\",\"name\":\"EENewsEurope\",\"url\":\"https:\/\/www.eenewseurope.com\/en\/\",\"logo\":{\"@type\":\"ImageObject\",\"inLanguage\":\"fr-FR\",\"@id\":\"https:\/\/www.eenewseurope.com\/en\/#\/schema\/logo\/image\/\",\"url\":\"https:\/\/www.ecinews.fr\/wp-content\/uploads\/2022\/02\/logo-1.jpg\",\"contentUrl\":\"https:\/\/www.ecinews.fr\/wp-content\/uploads\/2022\/02\/logo-1.jpg\",\"width\":283,\"height\":113,\"caption\":\"EENewsEurope\"},\"image\":{\"@id\":\"https:\/\/www.eenewseurope.com\/en\/#\/schema\/logo\/image\/\"}},{\"@type\":\"Person\",\"@id\":\"https:\/\/www.eenewseurope.com\/en\/#\/schema\/person\/0aa2cfb0bd8949724a68cbac8d8321b4\",\"name\":\"A Delapalisse\",\"image\":{\"@type\":\"ImageObject\",\"inLanguage\":\"fr-FR\",\"@id\":\"https:\/\/www.eenewseurope.com\/en\/#\/schema\/person\/image\/211ac42237c2e9683c0964086c393cb4\",\"url\":\"https:\/\/secure.gravatar.com\/avatar\/ad45a8c5da24bc9c7c4940dd1c48a695?s=96&d=mm&r=g\",\"contentUrl\":\"https:\/\/secure.gravatar.com\/avatar\/ad45a8c5da24bc9c7c4940dd1c48a695?s=96&d=mm&r=g\",\"caption\":\"A Delapalisse\"},\"sameAs\":[\"http:\/\/ECI\"]}]}<\/script>","yoast_head_json":{"title":"Une startup l\u00e8ve \u00a38m pour la production de graph\u00e8ne imprimab...","description":"Integrated Graphene in Scotland has raised over \u00a38m to scale up production of its Gii printable 3D Graphene foam for electrodes and sensors","robots":{"index":"index","follow":"follow","max-snippet":"max-snippet:-1","max-image-preview":"max-image-preview:large","max-video-preview":"max-video-preview:-1"},"canonical":"https:\/\/www.ecinews.fr\/fr\/wp-json\/wp\/v2\/posts\/390436\/","og_locale":"fr_FR","og_type":"article","og_title":"Une startup l\u00e8ve \u00a38m pour la production de graph\u00e8ne imprimable 3D","og_description":"Integrated Graphene in Scotland has raised over \u00a38m to scale up production of its Gii printable 3D Graphene foam for electrodes and sensors","og_url":"https:\/\/www.ecinews.fr\/fr\/wp-json\/wp\/v2\/posts\/390436\/","og_site_name":"EENewsEurope","article_published_time":"2022-07-19T16:53:04+00:00","article_modified_time":"2022-07-20T07:35:06+00:00","og_image":[{"width":1080,"height":720,"url":"https:\/\/www.ecinews.fr\/wp-content\/uploads\/2022\/07\/Marco-Caffio-Co-founder-and-CSO-at-Integrated-Graphene-scaled.jpg","type":"image\/jpeg"}],"author":"A Delapalisse","twitter_card":"summary_large_image","twitter_misc":{"Written by":"A Delapalisse","Est. reading time":"4 minutes"},"schema":{"@context":"https:\/\/schema.org","@graph":[{"@type":"Article","@id":"https:\/\/www.ecinews.fr\/fr\/une-startup-leve-8m-pour-la-production-de-graphene-imprimable-3d\/#article","isPartOf":{"@id":"https:\/\/www.ecinews.fr\/fr\/une-startup-leve-8m-pour-la-production-de-graphene-imprimable-3d\/"},"author":{"name":"A Delapalisse","@id":"https:\/\/www.eenewseurope.com\/en\/#\/schema\/person\/0aa2cfb0bd8949724a68cbac8d8321b4"},"headline":"Une startup l\u00e8ve \u00a38m pour la production de graph\u00e8ne imprimable 3D","datePublished":"2022-07-19T16:53:04+00:00","dateModified":"2022-07-20T07:35:06+00:00","mainEntityOfPage":{"@id":"https:\/\/www.ecinews.fr\/fr\/une-startup-leve-8m-pour-la-production-de-graphene-imprimable-3d\/"},"wordCount":793,"publisher":{"@id":"https:\/\/www.eenewseurope.com\/en\/#organization"},"keywords":["Batteries \/ Power Supplies","Materials &amp; processes","Medical Electronics","MedicalElectronics","Sensing \/ Conditioning"],"articleSection":["Business news","Technologies"],"inLanguage":"fr-FR"},{"@type":"WebPage","@id":"https:\/\/www.ecinews.fr\/fr\/une-startup-leve-8m-pour-la-production-de-graphene-imprimable-3d\/","url":"https:\/\/www.ecinews.fr\/fr\/une-startup-leve-8m-pour-la-production-de-graphene-imprimable-3d\/","name":"Une startup l\u00e8ve \u00a38m pour la production de graph\u00e8ne imprimable 3D -","isPartOf":{"@id":"https:\/\/www.eenewseurope.com\/en\/#website"},"datePublished":"2022-07-19T16:53:04+00:00","dateModified":"2022-07-20T07:35:06+00:00","description":"Integrated Graphene in Scotland has raised over \u00a38m to scale up production of its Gii printable 3D Graphene foam for electrodes and sensors","breadcrumb":{"@id":"https:\/\/www.ecinews.fr\/fr\/une-startup-leve-8m-pour-la-production-de-graphene-imprimable-3d\/#breadcrumb"},"inLanguage":"fr-FR","potentialAction":[{"@type":"ReadAction","target":["https:\/\/www.ecinews.fr\/fr\/une-startup-leve-8m-pour-la-production-de-graphene-imprimable-3d\/"]}]},{"@type":"BreadcrumbList","@id":"https:\/\/www.ecinews.fr\/fr\/une-startup-leve-8m-pour-la-production-de-graphene-imprimable-3d\/#breadcrumb","itemListElement":[{"@type":"ListItem","position":1,"name":"Home","item":"https:\/\/www.ecinews.fr\/fr\/"},{"@type":"ListItem","position":2,"name":"Une startup l\u00e8ve \u00a38m pour la production de graph\u00e8ne imprimable 3D"}]},{"@type":"WebSite","@id":"https:\/\/www.eenewseurope.com\/en\/#website","url":"https:\/\/www.eenewseurope.com\/en\/","name":"EENewsEurope","description":"Just another WordPress site","publisher":{"@id":"https:\/\/www.eenewseurope.com\/en\/#organization"},"potentialAction":[{"@type":"SearchAction","target":{"@type":"EntryPoint","urlTemplate":"https:\/\/www.eenewseurope.com\/en\/?s={search_term_string}"},"query-input":"required name=search_term_string"}],"inLanguage":"fr-FR"},{"@type":"Organization","@id":"https:\/\/www.eenewseurope.com\/en\/#organization","name":"EENewsEurope","url":"https:\/\/www.eenewseurope.com\/en\/","logo":{"@type":"ImageObject","inLanguage":"fr-FR","@id":"https:\/\/www.eenewseurope.com\/en\/#\/schema\/logo\/image\/","url":"https:\/\/www.ecinews.fr\/wp-content\/uploads\/2022\/02\/logo-1.jpg","contentUrl":"https:\/\/www.ecinews.fr\/wp-content\/uploads\/2022\/02\/logo-1.jpg","width":283,"height":113,"caption":"EENewsEurope"},"image":{"@id":"https:\/\/www.eenewseurope.com\/en\/#\/schema\/logo\/image\/"}},{"@type":"Person","@id":"https:\/\/www.eenewseurope.com\/en\/#\/schema\/person\/0aa2cfb0bd8949724a68cbac8d8321b4","name":"A Delapalisse","image":{"@type":"ImageObject","inLanguage":"fr-FR","@id":"https:\/\/www.eenewseurope.com\/en\/#\/schema\/person\/image\/211ac42237c2e9683c0964086c393cb4","url":"https:\/\/secure.gravatar.com\/avatar\/ad45a8c5da24bc9c7c4940dd1c48a695?s=96&d=mm&r=g","contentUrl":"https:\/\/secure.gravatar.com\/avatar\/ad45a8c5da24bc9c7c4940dd1c48a695?s=96&d=mm&r=g","caption":"A Delapalisse"},"sameAs":["http:\/\/ECI"]}]}},"authors":[{"term_id":1153,"user_id":34,"is_guest":0,"slug":"adelapalisse","display_name":"A Delapalisse","avatar_url":"https:\/\/secure.gravatar.com\/avatar\/ad45a8c5da24bc9c7c4940dd1c48a695?s=96&d=mm&r=g","0":null,"1":"","2":"","3":"","4":"","5":"","6":"","7":"","8":""}],"_links":{"self":[{"href":"https:\/\/www.ecinews.fr\/fr\/wp-json\/wp\/v2\/posts\/390436"}],"collection":[{"href":"https:\/\/www.ecinews.fr\/fr\/wp-json\/wp\/v2\/posts"}],"about":[{"href":"https:\/\/www.ecinews.fr\/fr\/wp-json\/wp\/v2\/types\/post"}],"author":[{"embeddable":true,"href":"https:\/\/www.ecinews.fr\/fr\/wp-json\/wp\/v2\/users\/34"}],"replies":[{"embeddable":true,"href":"https:\/\/www.ecinews.fr\/fr\/wp-json\/wp\/v2\/comments?post=390436"}],"version-history":[{"count":0,"href":"https:\/\/www.ecinews.fr\/fr\/wp-json\/wp\/v2\/posts\/390436\/revisions"}],"wp:featuredmedia":[{"embeddable":true,"href":"https:\/\/www.ecinews.fr\/fr\/wp-json\/wp\/v2\/media\/390302"}],"wp:attachment":[{"href":"https:\/\/www.ecinews.fr\/fr\/wp-json\/wp\/v2\/media?parent=390436"}],"wp:term":[{"taxonomy":"category","embeddable":true,"href":"https:\/\/www.ecinews.fr\/fr\/wp-json\/wp\/v2\/categories?post=390436"},{"taxonomy":"post_tag","embeddable":true,"href":"https:\/\/www.ecinews.fr\/fr\/wp-json\/wp\/v2\/tags?post=390436"},{"taxonomy":"domains","embeddable":true,"href":"https:\/\/www.ecinews.fr\/fr\/wp-json\/wp\/v2\/domains?post=390436"},{"taxonomy":"author","embeddable":true,"href":"https:\/\/www.ecinews.fr\/fr\/wp-json\/wp\/v2\/ppma_author?post=390436"}],"curies":[{"name":"wp","href":"https:\/\/api.w.org\/{rel}","templated":true}]}}