{"id":389774,"date":"2022-07-14T21:04:29","date_gmt":"2022-07-14T19:04:29","guid":{"rendered":"https:\/\/www.eenewseurope.com\/?p=389774"},"modified":"2022-07-15T16:24:20","modified_gmt":"2022-07-15T14:24:20","slug":"bosch-va-investir-3-milliards-deuro-dans-ses-fabs-europeennes","status":"publish","type":"post","link":"https:\/\/www.ecinews.fr\/fr\/bosch-va-investir-3-milliards-deuro-dans-ses-fabs-europeennes\/","title":{"rendered":"Bosch va investir 3 milliards d&rsquo;Euro dans ses Fabs Europ\u00e9ennes"},"content":{"rendered":"<p><span class=\"VIiyi\" lang=\"fr\"><span class=\"JLqJ4b\" data-language-for-alternatives=\"fr\" data-language-to-translate-into=\"en\" data-phrase-index=\"0\" data-number-of-phrases=\"1\"><span class=\"Q4iAWc\">Cela comprendra une capacit\u00e9 de wafers de 300 mm pour ses dispositifs MEMS et des dispositifs au nitrure de gallium (GaN) 1200 V pour l&rsquo;automobile. \u00ab La micro\u00e9lectronique est l&rsquo;avenir et est vitale pour le succ\u00e8s de tous les secteurs d&rsquo;activit\u00e9 de Bosch. Avec lui, nous d\u00e9tenons une cl\u00e9 ma\u00eetresse de la mobilit\u00e9 de demain, l&rsquo;Internet des objets \u00bb, a d\u00e9clar\u00e9 le Dr Stefan Hartung, pr\u00e9sident du conseil d&rsquo;administration de Bosch.<\/span><\/span><\/span><\/p>\n<p><a href=\"https:\/\/www.ecinews.fr\/fr\/?s=RISC-V\" target=\"_blank\" rel=\"noopener\">Tout ce qu&rsquo;il faut savoir sur RISC-V<\/a><\/p>\n<p><span class=\"VIiyi\" lang=\"fr\"><span class=\"JLqJ4b\" data-language-for-alternatives=\"fr\" data-language-to-translate-into=\"en\" data-phrase-index=\"0\" data-number-of-phrases=\"1\"><span class=\"Q4iAWc\">L&rsquo;un des projets que Bosch pr\u00e9voit de financer avec cet investissement est la construction de deux nouveaux centres de d\u00e9veloppement &#8211; \u00e0 Reutlingen et \u00e0 Dresde &#8211; pour un co\u00fbt combin\u00e9 de plus de 170 millions d&rsquo;euros. En outre, l&rsquo;entreprise d\u00e9pensera 250 millions d&rsquo;euros au cours de l&rsquo;ann\u00e9e \u00e0 venir pour la cr\u00e9ation de 3 000 m\u00e8tres carr\u00e9s suppl\u00e9mentaires d&rsquo;espace de salle blanche dans sa Fab \u00e0 Dresde. \u00ab\u00a0Nous nous pr\u00e9parons \u00e0 une croissance continue de la demande de semiconducteurs &#8211; \u00e9galement au profit de nos clients\u00a0\u00bb, a d\u00e9clar\u00e9 Hartung. \u00ab\u00a0Pour nous, ces composants miniatures signifient des activit\u00e9s importantes.\u00a0\u00bb<\/span><\/span><\/span><\/p>\n<p><span class=\"VIiyi\" lang=\"fr\"><span class=\"JLqJ4b\" data-language-for-alternatives=\"fr\" data-language-to-translate-into=\"en\" data-phrase-index=\"0\" data-number-of-phrases=\"1\"><span class=\"Q4iAWc\">Cela intervient alors que la France et l&rsquo;Allemagne se positionnent pour stimuler le financement de l&rsquo;IPCEI r\u00e9cemment lanc\u00e9 sur la micro\u00e9lectronique et les technologies de la communication. Il s&rsquo;agit principalement de promouvoir la recherche et l&rsquo;innovation, bien que le financement n&rsquo;ait pas encore \u00e9t\u00e9 ratifi\u00e9.<\/span><\/span><\/span><\/p>\n<ul>\n<li>\n<p class=\"title\"><a href=\"https:\/\/www.ecinews.fr\/fr\/la-france-fait-pression-pour-de-nouveaux-projets-electroniques-en-europe\/\" target=\"_blank\" rel=\"noopener\">La France fait pression pour de nouveaux projets \u00e9lectroniques en Europe<\/a><\/p>\n<\/li>\n<li>\n<p class=\"title\"><a href=\"https:\/\/www.ecinews.fr\/fr\/la-fab-de-crolles-aidera-leurope-a-rester-a-la-pointe\/\" target=\"_blank\" rel=\"noopener\">La Fab de Crolles aidera l\u2019Europe \u00e0 rester \u00e0 la pointe<\/a><\/p>\n<\/li>\n<\/ul>\n<p><span class=\"VIiyi\" lang=\"fr\"><span class=\"JLqJ4b\" data-language-for-alternatives=\"fr\" data-language-to-translate-into=\"en\" data-phrase-index=\"0\" data-number-of-phrases=\"1\"><span class=\"Q4iAWc\">Cet investissement vise \u00e9galement \u00e0 puiser dans le financement de l&rsquo;Union europ\u00e9enne et du gouvernement f\u00e9d\u00e9ral allemand dans le cadre de la loi europ\u00e9enne sur les puces European Chips Act pour d\u00e9velopper un \u00e9cosyst\u00e8me robuste pour l&rsquo;industrie europ\u00e9enne de la micro\u00e9lectronique. L&rsquo;objectif est de doubler la part europ\u00e9enne de la production mondiale de semiconducteurs de 10 \u00e0 20 % d&rsquo;ici la fin de la d\u00e9cennie. <\/span><\/span><\/span><\/p>\n<p><span class=\"VIiyi\" lang=\"fr\"><span class=\"JLqJ4b\" data-language-for-alternatives=\"fr\" data-language-to-translate-into=\"en\" data-phrase-index=\"0\" data-number-of-phrases=\"1\"><span class=\"Q4iAWc\">\u00ab\u00a0L&rsquo;Europe peut et doit capitaliser sur ses propres atouts dans l&rsquo;industrie des semiconducteurs\u00a0\u00bb, a d\u00e9clar\u00e9 Hartung. \u00ab Plus que jamais, l&rsquo;objectif doit \u00eatre de produire des puces pour les besoins sp\u00e9cifiques de l&rsquo;industrie europ\u00e9enne. Et cela ne signifie pas seulement des puces \u00e0 l&rsquo;extr\u00e9mit\u00e9 inf\u00e9rieure de l&rsquo;\u00e9chelle nanom\u00e9trique.<\/span><\/span><\/span><\/p>\n<p><span class=\"VIiyi\" lang=\"fr\"><span class=\"JLqJ4b\" data-language-for-alternatives=\"fr\" data-language-to-translate-into=\"en\" data-phrase-index=\"0\" data-number-of-phrases=\"1\"><span class=\"Q4iAWc\">Ce nouvel investissement dans la micro\u00e9lectronique ouvre \u00e9galement de nouveaux domaines d&rsquo;innovation pour Bosch, notamment les dispositifs de syst\u00e8me sur puce (SoC) tels que les capteurs radar pour la conduite automatis\u00e9e. Il travaille \u00e9galement \u00e0 am\u00e9liorer ses propres syst\u00e8mes micro\u00e9lectrom\u00e9caniques (MEMS) sp\u00e9cifiquement pour l&rsquo;industrie des biens de consommation. <\/span><\/span><\/span><\/p>\n<p><span class=\"VIiyi\" lang=\"fr\"><span class=\"JLqJ4b\" data-language-for-alternatives=\"fr\" data-language-to-translate-into=\"en\" data-phrase-index=\"0\" data-number-of-phrases=\"1\"><span class=\"Q4iAWc\">L&rsquo;une des choses que les chercheurs de l&rsquo;entreprise utilisent actuellement cette technologie pour d\u00e9velopper est un nouveau module de projection qui peut \u00eatre int\u00e9gr\u00e9 dans la monture d&rsquo;une paire de lunettes intelligentes.<\/span><\/span><\/span><\/p>\n<p><span class=\"VIiyi\" lang=\"fr\"><span class=\"JLqJ4b\" data-language-for-alternatives=\"fr\" data-language-to-translate-into=\"en\" data-phrase-index=\"0\" data-number-of-phrases=\"1\"><span class=\"Q4iAWc\">\u00ab Afin de consolider notre position de leader sur le march\u00e9 de la technologie MEMS, nous pr\u00e9voyons \u00e9galement de fabriquer nos capteurs MEMS sur des wafers de 300 mm \u00bb, a d\u00e9clar\u00e9 Hartung. \u00ab\u00a0La production devrait d\u00e9marrer en 2026. Notre nouvelle Fab nous donne la possibilit\u00e9 d&rsquo;augmenter la production &#8211; un avantage que nous avons l&rsquo;intention d&rsquo;exploiter pleinement.\u00a0\u00bb<\/span><\/span><\/span><\/p>\n<ul>\n<li>\n<p class=\"title\"><a href=\"https:\/\/www.ecinews.fr\/fr\/bosch-inaugure-sa-nouvelle-usine-de-semiconducteurs-a-dresde\/\" target=\"_blank\" rel=\"noopener\">Bosch inaugure sa nouvelle usine de semiconducteurs \u00e0 Dresde<\/a><\/p>\n<\/li>\n<\/ul>\n<p><span class=\"VIiyi\" lang=\"fr\"><span class=\"JLqJ4b\" data-language-for-alternatives=\"fr\" data-language-to-translate-into=\"en\" data-phrase-index=\"0\" data-number-of-phrases=\"1\"><span class=\"Q4iAWc\">L&rsquo;usine de Reutlingen produit en masse des puces en carbure de silicium (SiC) depuis fin 2021 pour les v\u00e9hicules \u00e9lectriques et hybrides, o\u00f9 elles ont d\u00e9j\u00e0 contribu\u00e9 \u00e0 augmenter l&rsquo;autonomie de jusqu&rsquo;\u00e0 6 %. Avec des taux de croissance annuels de 30 % ou plus, la demande de puces SiC reste \u00e9lev\u00e9e, ce qui signifie des carnets de commandes pleins pour Bosch. Dans le but de rendre ces \u00e9lectroniques de puissance plus abordables et plus efficaces, Bosch explore \u00e9galement l&rsquo;utilisation d&rsquo;autres types de puces.<\/span><\/span><\/span><\/p>\n<p><span class=\"VIiyi\" lang=\"fr\"><span class=\"JLqJ4b\" data-language-for-alternatives=\"fr\" data-language-to-translate-into=\"en\" data-phrase-index=\"0\" data-number-of-phrases=\"1\"><span class=\"Q4iAWc\">\u00ab\u00a0Nous \u00e9tudions \u00e9galement le d\u00e9veloppement de puces \u00e0 base de nitrure de gallium pour les applications d&rsquo;\u00e9lectromobilit\u00e9\u00a0\u00bb, a d\u00e9clar\u00e9 Hartung. \u00ab\u00a0Ces puces se trouvent d\u00e9j\u00e0 dans les chargeurs d&rsquo;ordinateurs portables et de smartphones.\u00a0\u00bb Avant de pouvoir \u00eatre utilis\u00e9s dans les v\u00e9hicules, ils devront devenir plus robustes et capables de supporter des tensions nettement plus \u00e9lev\u00e9es allant jusqu&rsquo;\u00e0 1200 volts. \u00ab Des d\u00e9fis comme ceux-ci font tous partie du travail des ing\u00e9nieurs Bosch. Notre force, c&rsquo;est que nous connaissons la micro\u00e9lectronique depuis longtemps et que nous connaissons aussi bien les voitures.<\/span><\/span><\/span><\/p>\n<p><span class=\"VIiyi\" lang=\"fr\"><span class=\"JLqJ4b\" data-language-for-alternatives=\"fr\" data-language-to-translate-into=\"en\" data-phrase-index=\"0\" data-number-of-phrases=\"1\"><span class=\"Q4iAWc\">Bosch souligne son investissement de 1 milliard d&rsquo;euros dans sa Fab de 300 mm \u00e0 Dresde, qui a ouvert ses portes en juin 2021. Le centre de semiconducteurs de Reutlingen est \u00e9galement syst\u00e9matiquement agrandi : d&rsquo;ici 2025, Bosch doit investir environ 400 millions d&rsquo;euros dans l&rsquo;expansion de la capacit\u00e9 de fabrication et la conversion de l&rsquo;espace de l&rsquo;usine existante en un nouvel espace de salle blanche. Cela comprend la construction d&rsquo;une nouvelle extension \u00e0 Reutlingen, qui cr\u00e9era 3 600 m\u00e8tres carr\u00e9s suppl\u00e9mentaires d&rsquo;espace de salle blanche ultramoderne. Au total, l&rsquo;espace des salles blanches \u00e0 Reutlingen devrait passer d&rsquo;environ 35 000 m\u00e8tres carr\u00e9s actuellement \u00e0 plus de 44 000 m\u00e8tres carr\u00e9s d&rsquo;ici la fin de 2025. <\/span><\/span><\/span><\/p>\n<p><span class=\"VIiyi\" lang=\"fr\"><span class=\"JLqJ4b\" data-language-for-alternatives=\"fr\" data-language-to-translate-into=\"en\" data-phrase-index=\"0\" data-number-of-phrases=\"1\"><span class=\"Q4iAWc\">Bosch construit \u00e9galement un nouveau centre de test pour semiconducteurs \u00e0 Penang, en Malaisie, qui ouvrira en 2023 pour tester les puces et les capteurs finis.<\/span><\/span><\/span><\/p>\n<p>&nbsp;<\/p>\n<p><a href=\"http:\/\/www.bosch.com\">www.bosch.com<\/a><\/p>\n<h4>Autres articles conseill\u00e9s<\/h4>\n<p><a href=\"https:\/\/www.ecinews.fr\/news\/leurope-lance-le-quantum-industry-consortium\"><em>L\u2019Europe lance le Quantum Industry Consortium<\/em><\/a><\/p>\n<p><a href=\"https:\/\/www.ecinews.fr\/news\/lindustrie-electronique-grignote-lindustrie-automobile\"><em>L\u2019industrie \u00e9lectronique grignote l\u2019industrie automobile<\/em><\/a><\/p>\n<p><a href=\"https:\/\/www.ecinews.fr\/news\/la-startup-ia-francaise-cartesiam-signe-bosch\"><em>La startup IA fran\u00e7aise Cartesiam signe Bosch<\/em><\/a><\/p>\n<p>&nbsp;<\/p>\n<p>&nbsp;<\/p>\n<p>&nbsp;<\/p>\n<p>&nbsp;<\/p>\n","protected":false},"excerpt":{"rendered":"<p>Bosch pr\u00e9voit d&rsquo;investir 3 milliards d&rsquo;euros suppl\u00e9mentaires dans sa division semiconducteurs d&rsquo;ici 2026 dans le cadre du projet de programme europ\u00e9en IPCEI sur la micro\u00e9lectronique et les technologies de communication.<\/p>\n","protected":false},"author":34,"featured_media":389764,"comment_status":"closed","ping_status":"closed","sticky":true,"template":"","format":"standard","meta":{"_acf_changed":false,"footnotes":""},"categories":[18,883],"tags":[913,910],"domains":[47],"ppma_author":[1153],"class_list":["post-389774","post","type-post","status-publish","format-standard","has-post-thumbnail","hentry","category-business-news","category-technologies","tag-materials-processes-fr","tag-sensing-conditioning-fr","domains-electronique-eci"],"acf":[],"yoast_head":"<title>Bosch va investir 3 milliards d&#039;Euro dans ses Fabs Europ\u00e9ennes ...<\/title>\n<meta name=\"description\" content=\"Bosch pr\u00e9voit d&#039;investir 3 milliards d&#039;euros suppl\u00e9mentaires dans sa division semiconducteurs d&#039;ici 2026 en Europe\" \/>\n<meta name=\"robots\" content=\"index, follow, max-snippet:-1, max-image-preview:large, max-video-preview:-1\" \/>\n<link rel=\"canonical\" href=\"https:\/\/www.ecinews.fr\/fr\/wp-json\/wp\/v2\/posts\/389774\/\" \/>\n<meta property=\"og:locale\" content=\"fr_FR\" \/>\n<meta property=\"og:type\" content=\"article\" \/>\n<meta property=\"og:title\" content=\"Bosch va investir 3 milliards d&#039;Euro dans ses Fabs Europ\u00e9ennes\" \/>\n<meta property=\"og:description\" content=\"Bosch pr\u00e9voit d&#039;investir 3 milliards d&#039;euros suppl\u00e9mentaires dans sa division semiconducteurs d&#039;ici 2026 en Europe\" \/>\n<meta property=\"og:url\" content=\"https:\/\/www.ecinews.fr\/fr\/wp-json\/wp\/v2\/posts\/389774\/\" \/>\n<meta property=\"og:site_name\" content=\"EENewsEurope\" \/>\n<meta property=\"article:published_time\" content=\"2022-07-14T19:04:29+00:00\" \/>\n<meta property=\"article:modified_time\" content=\"2022-07-15T14:24:20+00:00\" \/>\n<meta property=\"og:image\" content=\"https:\/\/www.ecinews.fr\/wp-content\/uploads\/2022\/07\/Bosch-dresden-scaled.jpg\" \/>\n\t<meta property=\"og:image:width\" content=\"1080\" \/>\n\t<meta property=\"og:image:height\" content=\"608\" \/>\n\t<meta property=\"og:image:type\" content=\"image\/jpeg\" \/>\n<meta name=\"author\" content=\"A Delapalisse\" \/>\n<meta name=\"twitter:card\" content=\"summary_large_image\" \/>\n<meta name=\"twitter:label1\" content=\"Written by\" \/>\n\t<meta name=\"twitter:data1\" content=\"A Delapalisse\" \/>\n\t<meta name=\"twitter:label2\" content=\"Est. reading time\" \/>\n\t<meta name=\"twitter:data2\" content=\"4 minutes\" \/>\n<script type=\"application\/ld+json\" class=\"yoast-schema-graph\">{\"@context\":\"https:\/\/schema.org\",\"@graph\":[{\"@type\":\"Article\",\"@id\":\"https:\/\/www.ecinews.fr\/fr\/bosch-va-investir-3-milliards-deuro-dans-ses-fabs-europeennes\/#article\",\"isPartOf\":{\"@id\":\"https:\/\/www.ecinews.fr\/fr\/bosch-va-investir-3-milliards-deuro-dans-ses-fabs-europeennes\/\"},\"author\":{\"name\":\"A Delapalisse\",\"@id\":\"https:\/\/www.ecinews.fr\/fr\/#\/schema\/person\/0aa2cfb0bd8949724a68cbac8d8321b4\"},\"headline\":\"Bosch va investir 3 milliards d&rsquo;Euro dans ses Fabs Europ\u00e9ennes\",\"datePublished\":\"2022-07-14T19:04:29+00:00\",\"dateModified\":\"2022-07-15T14:24:20+00:00\",\"mainEntityOfPage\":{\"@id\":\"https:\/\/www.ecinews.fr\/fr\/bosch-va-investir-3-milliards-deuro-dans-ses-fabs-europeennes\/\"},\"wordCount\":932,\"publisher\":{\"@id\":\"https:\/\/www.ecinews.fr\/fr\/#organization\"},\"keywords\":[\"Materials &amp; processes\",\"Sensing \/ Conditioning\"],\"articleSection\":[\"Business news\",\"Technologies\"],\"inLanguage\":\"fr-FR\"},{\"@type\":\"WebPage\",\"@id\":\"https:\/\/www.ecinews.fr\/fr\/bosch-va-investir-3-milliards-deuro-dans-ses-fabs-europeennes\/\",\"url\":\"https:\/\/www.ecinews.fr\/fr\/bosch-va-investir-3-milliards-deuro-dans-ses-fabs-europeennes\/\",\"name\":\"Bosch va investir 3 milliards d'Euro dans ses Fabs Europ\u00e9ennes -\",\"isPartOf\":{\"@id\":\"https:\/\/www.ecinews.fr\/fr\/#website\"},\"datePublished\":\"2022-07-14T19:04:29+00:00\",\"dateModified\":\"2022-07-15T14:24:20+00:00\",\"description\":\"Bosch pr\u00e9voit d'investir 3 milliards d'euros suppl\u00e9mentaires dans sa division semiconducteurs d'ici 2026 en Europe\",\"breadcrumb\":{\"@id\":\"https:\/\/www.ecinews.fr\/fr\/bosch-va-investir-3-milliards-deuro-dans-ses-fabs-europeennes\/#breadcrumb\"},\"inLanguage\":\"fr-FR\",\"potentialAction\":[{\"@type\":\"ReadAction\",\"target\":[\"https:\/\/www.ecinews.fr\/fr\/bosch-va-investir-3-milliards-deuro-dans-ses-fabs-europeennes\/\"]}]},{\"@type\":\"BreadcrumbList\",\"@id\":\"https:\/\/www.ecinews.fr\/fr\/bosch-va-investir-3-milliards-deuro-dans-ses-fabs-europeennes\/#breadcrumb\",\"itemListElement\":[{\"@type\":\"ListItem\",\"position\":1,\"name\":\"Home\",\"item\":\"https:\/\/www.ecinews.fr\/fr\/\"},{\"@type\":\"ListItem\",\"position\":2,\"name\":\"Bosch va investir 3 milliards d&rsquo;Euro dans ses Fabs Europ\u00e9ennes\"}]},{\"@type\":\"WebSite\",\"@id\":\"https:\/\/www.ecinews.fr\/fr\/#website\",\"url\":\"https:\/\/www.ecinews.fr\/fr\/\",\"name\":\"EENewsEurope\",\"description\":\"Just another WordPress site\",\"publisher\":{\"@id\":\"https:\/\/www.ecinews.fr\/fr\/#organization\"},\"potentialAction\":[{\"@type\":\"SearchAction\",\"target\":{\"@type\":\"EntryPoint\",\"urlTemplate\":\"https:\/\/www.ecinews.fr\/fr\/?s={search_term_string}\"},\"query-input\":\"required name=search_term_string\"}],\"inLanguage\":\"fr-FR\"},{\"@type\":\"Organization\",\"@id\":\"https:\/\/www.ecinews.fr\/fr\/#organization\",\"name\":\"EENewsEurope\",\"url\":\"https:\/\/www.ecinews.fr\/fr\/\",\"logo\":{\"@type\":\"ImageObject\",\"inLanguage\":\"fr-FR\",\"@id\":\"https:\/\/www.ecinews.fr\/fr\/#\/schema\/logo\/image\/\",\"url\":\"https:\/\/www.ecinews.fr\/wp-content\/uploads\/2022\/02\/logo-1.jpg\",\"contentUrl\":\"https:\/\/www.ecinews.fr\/wp-content\/uploads\/2022\/02\/logo-1.jpg\",\"width\":283,\"height\":113,\"caption\":\"EENewsEurope\"},\"image\":{\"@id\":\"https:\/\/www.ecinews.fr\/fr\/#\/schema\/logo\/image\/\"}},{\"@type\":\"Person\",\"@id\":\"https:\/\/www.ecinews.fr\/fr\/#\/schema\/person\/0aa2cfb0bd8949724a68cbac8d8321b4\",\"name\":\"A Delapalisse\",\"image\":{\"@type\":\"ImageObject\",\"inLanguage\":\"fr-FR\",\"@id\":\"https:\/\/www.ecinews.fr\/fr\/#\/schema\/person\/image\/211ac42237c2e9683c0964086c393cb4\",\"url\":\"https:\/\/secure.gravatar.com\/avatar\/ad45a8c5da24bc9c7c4940dd1c48a695?s=96&d=mm&r=g\",\"contentUrl\":\"https:\/\/secure.gravatar.com\/avatar\/ad45a8c5da24bc9c7c4940dd1c48a695?s=96&d=mm&r=g\",\"caption\":\"A Delapalisse\"},\"sameAs\":[\"http:\/\/ECI\"]}]}<\/script>","yoast_head_json":{"title":"Bosch va investir 3 milliards d'Euro dans ses Fabs Europ\u00e9ennes ...","description":"Bosch pr\u00e9voit d'investir 3 milliards d'euros suppl\u00e9mentaires dans sa division semiconducteurs d'ici 2026 en Europe","robots":{"index":"index","follow":"follow","max-snippet":"max-snippet:-1","max-image-preview":"max-image-preview:large","max-video-preview":"max-video-preview:-1"},"canonical":"https:\/\/www.ecinews.fr\/fr\/wp-json\/wp\/v2\/posts\/389774\/","og_locale":"fr_FR","og_type":"article","og_title":"Bosch va investir 3 milliards d'Euro dans ses Fabs Europ\u00e9ennes","og_description":"Bosch pr\u00e9voit d'investir 3 milliards d'euros suppl\u00e9mentaires dans sa division semiconducteurs d'ici 2026 en Europe","og_url":"https:\/\/www.ecinews.fr\/fr\/wp-json\/wp\/v2\/posts\/389774\/","og_site_name":"EENewsEurope","article_published_time":"2022-07-14T19:04:29+00:00","article_modified_time":"2022-07-15T14:24:20+00:00","og_image":[{"width":1080,"height":608,"url":"https:\/\/www.ecinews.fr\/wp-content\/uploads\/2022\/07\/Bosch-dresden-scaled.jpg","type":"image\/jpeg"}],"author":"A Delapalisse","twitter_card":"summary_large_image","twitter_misc":{"Written by":"A Delapalisse","Est. reading time":"4 minutes"},"schema":{"@context":"https:\/\/schema.org","@graph":[{"@type":"Article","@id":"https:\/\/www.ecinews.fr\/fr\/bosch-va-investir-3-milliards-deuro-dans-ses-fabs-europeennes\/#article","isPartOf":{"@id":"https:\/\/www.ecinews.fr\/fr\/bosch-va-investir-3-milliards-deuro-dans-ses-fabs-europeennes\/"},"author":{"name":"A Delapalisse","@id":"https:\/\/www.ecinews.fr\/fr\/#\/schema\/person\/0aa2cfb0bd8949724a68cbac8d8321b4"},"headline":"Bosch va investir 3 milliards d&rsquo;Euro dans ses Fabs Europ\u00e9ennes","datePublished":"2022-07-14T19:04:29+00:00","dateModified":"2022-07-15T14:24:20+00:00","mainEntityOfPage":{"@id":"https:\/\/www.ecinews.fr\/fr\/bosch-va-investir-3-milliards-deuro-dans-ses-fabs-europeennes\/"},"wordCount":932,"publisher":{"@id":"https:\/\/www.ecinews.fr\/fr\/#organization"},"keywords":["Materials &amp; processes","Sensing \/ Conditioning"],"articleSection":["Business news","Technologies"],"inLanguage":"fr-FR"},{"@type":"WebPage","@id":"https:\/\/www.ecinews.fr\/fr\/bosch-va-investir-3-milliards-deuro-dans-ses-fabs-europeennes\/","url":"https:\/\/www.ecinews.fr\/fr\/bosch-va-investir-3-milliards-deuro-dans-ses-fabs-europeennes\/","name":"Bosch va investir 3 milliards d'Euro dans ses Fabs Europ\u00e9ennes -","isPartOf":{"@id":"https:\/\/www.ecinews.fr\/fr\/#website"},"datePublished":"2022-07-14T19:04:29+00:00","dateModified":"2022-07-15T14:24:20+00:00","description":"Bosch pr\u00e9voit d'investir 3 milliards d'euros suppl\u00e9mentaires dans sa division semiconducteurs d'ici 2026 en Europe","breadcrumb":{"@id":"https:\/\/www.ecinews.fr\/fr\/bosch-va-investir-3-milliards-deuro-dans-ses-fabs-europeennes\/#breadcrumb"},"inLanguage":"fr-FR","potentialAction":[{"@type":"ReadAction","target":["https:\/\/www.ecinews.fr\/fr\/bosch-va-investir-3-milliards-deuro-dans-ses-fabs-europeennes\/"]}]},{"@type":"BreadcrumbList","@id":"https:\/\/www.ecinews.fr\/fr\/bosch-va-investir-3-milliards-deuro-dans-ses-fabs-europeennes\/#breadcrumb","itemListElement":[{"@type":"ListItem","position":1,"name":"Home","item":"https:\/\/www.ecinews.fr\/fr\/"},{"@type":"ListItem","position":2,"name":"Bosch va investir 3 milliards d&rsquo;Euro dans ses Fabs Europ\u00e9ennes"}]},{"@type":"WebSite","@id":"https:\/\/www.ecinews.fr\/fr\/#website","url":"https:\/\/www.ecinews.fr\/fr\/","name":"EENewsEurope","description":"Just another WordPress site","publisher":{"@id":"https:\/\/www.ecinews.fr\/fr\/#organization"},"potentialAction":[{"@type":"SearchAction","target":{"@type":"EntryPoint","urlTemplate":"https:\/\/www.ecinews.fr\/fr\/?s={search_term_string}"},"query-input":"required name=search_term_string"}],"inLanguage":"fr-FR"},{"@type":"Organization","@id":"https:\/\/www.ecinews.fr\/fr\/#organization","name":"EENewsEurope","url":"https:\/\/www.ecinews.fr\/fr\/","logo":{"@type":"ImageObject","inLanguage":"fr-FR","@id":"https:\/\/www.ecinews.fr\/fr\/#\/schema\/logo\/image\/","url":"https:\/\/www.ecinews.fr\/wp-content\/uploads\/2022\/02\/logo-1.jpg","contentUrl":"https:\/\/www.ecinews.fr\/wp-content\/uploads\/2022\/02\/logo-1.jpg","width":283,"height":113,"caption":"EENewsEurope"},"image":{"@id":"https:\/\/www.ecinews.fr\/fr\/#\/schema\/logo\/image\/"}},{"@type":"Person","@id":"https:\/\/www.ecinews.fr\/fr\/#\/schema\/person\/0aa2cfb0bd8949724a68cbac8d8321b4","name":"A Delapalisse","image":{"@type":"ImageObject","inLanguage":"fr-FR","@id":"https:\/\/www.ecinews.fr\/fr\/#\/schema\/person\/image\/211ac42237c2e9683c0964086c393cb4","url":"https:\/\/secure.gravatar.com\/avatar\/ad45a8c5da24bc9c7c4940dd1c48a695?s=96&d=mm&r=g","contentUrl":"https:\/\/secure.gravatar.com\/avatar\/ad45a8c5da24bc9c7c4940dd1c48a695?s=96&d=mm&r=g","caption":"A Delapalisse"},"sameAs":["http:\/\/ECI"]}]}},"authors":[{"term_id":1153,"user_id":34,"is_guest":0,"slug":"adelapalisse","display_name":"A Delapalisse","avatar_url":"https:\/\/secure.gravatar.com\/avatar\/ad45a8c5da24bc9c7c4940dd1c48a695?s=96&d=mm&r=g","0":null,"1":"","2":"","3":"","4":"","5":"","6":"","7":"","8":""}],"_links":{"self":[{"href":"https:\/\/www.ecinews.fr\/fr\/wp-json\/wp\/v2\/posts\/389774"}],"collection":[{"href":"https:\/\/www.ecinews.fr\/fr\/wp-json\/wp\/v2\/posts"}],"about":[{"href":"https:\/\/www.ecinews.fr\/fr\/wp-json\/wp\/v2\/types\/post"}],"author":[{"embeddable":true,"href":"https:\/\/www.ecinews.fr\/fr\/wp-json\/wp\/v2\/users\/34"}],"replies":[{"embeddable":true,"href":"https:\/\/www.ecinews.fr\/fr\/wp-json\/wp\/v2\/comments?post=389774"}],"version-history":[{"count":0,"href":"https:\/\/www.ecinews.fr\/fr\/wp-json\/wp\/v2\/posts\/389774\/revisions"}],"wp:featuredmedia":[{"embeddable":true,"href":"https:\/\/www.ecinews.fr\/fr\/wp-json\/wp\/v2\/media\/389764"}],"wp:attachment":[{"href":"https:\/\/www.ecinews.fr\/fr\/wp-json\/wp\/v2\/media?parent=389774"}],"wp:term":[{"taxonomy":"category","embeddable":true,"href":"https:\/\/www.ecinews.fr\/fr\/wp-json\/wp\/v2\/categories?post=389774"},{"taxonomy":"post_tag","embeddable":true,"href":"https:\/\/www.ecinews.fr\/fr\/wp-json\/wp\/v2\/tags?post=389774"},{"taxonomy":"domains","embeddable":true,"href":"https:\/\/www.ecinews.fr\/fr\/wp-json\/wp\/v2\/domains?post=389774"},{"taxonomy":"author","embeddable":true,"href":"https:\/\/www.ecinews.fr\/fr\/wp-json\/wp\/v2\/ppma_author?post=389774"}],"curies":[{"name":"wp","href":"https:\/\/api.w.org\/{rel}","templated":true}]}}