{"id":389225,"date":"2022-07-13T17:47:56","date_gmt":"2022-07-13T15:47:56","guid":{"rendered":"https:\/\/www.eenewseurope.com\/?p=389225"},"modified":"2022-07-13T17:54:53","modified_gmt":"2022-07-13T15:54:53","slug":"la-france-fait-pression-pour-de-nouveaux-projets-electroniques-en-europe","status":"publish","type":"post","link":"https:\/\/www.ecinews.fr\/fr\/la-france-fait-pression-pour-de-nouveaux-projets-electroniques-en-europe\/","title":{"rendered":"La France fait pression pour de nouveaux projets \u00e9lectroniques en Europe"},"content":{"rendered":"<p><span class=\"VIiyi\" lang=\"fr\"><span class=\"JLqJ4b\" data-language-for-alternatives=\"fr\" data-language-to-translate-into=\"en\" data-phrase-index=\"0\" data-number-of-phrases=\"1\"><span class=\"Q4iAWc\">L&rsquo;important projet d&rsquo;int\u00e9r\u00eat europ\u00e9en commun (IPCEI) sur la micro\u00e9lectronique et les technologies de communication (IPCEI ME\/CT) a \u00e9t\u00e9 annonc\u00e9 en d\u00e9cembre 2021 avec la participation de 20 \u00c9tats membres europ\u00e9ens et est d\u00e9velopp\u00e9 en coordination avec la Commission europ\u00e9enne. Cet IPCEI, le deuxi\u00e8me apr\u00e8s celui de 2018, vise \u00e0 cibler l&rsquo;ensemble de la cha\u00eene de valeur des semiconducteurs, en soutenant non seulement la recherche, le d\u00e9veloppement et l&rsquo;innovation (RDI), mais aussi le Premier D\u00e9ploiement Industriel (FID). <\/span><\/span><\/span><\/p>\n<p><span class=\"VIiyi\" lang=\"fr\"><span class=\"JLqJ4b\" data-language-for-alternatives=\"fr\" data-language-to-translate-into=\"en\" data-phrase-index=\"0\" data-number-of-phrases=\"1\"><span class=\"Q4iAWc\">Cependant, le financement de l&rsquo;IPCEI ME\/CT est toujours soumis \u00e0 l&rsquo;approbation de la Commission europ\u00e9enne et les \u00c9tats membres ainsi que les entreprises font pression pour que la Commission approuve le projet. Cela peut faire partie de la loi europ\u00e9enne sur les puces visant \u00e0 promouvoir la fabrication de semiconducteurs dans la r\u00e9gion, mais le soutien financier aux usines de pointe mettra \u00e0 rude \u00e9preuve le budget de 50 milliards d&rsquo;euros. <\/span><\/span><\/span><\/p>\n<p><span class=\"VIiyi\" lang=\"fr\"><span class=\"JLqJ4b\" data-language-for-alternatives=\"fr\" data-language-to-translate-into=\"en\" data-phrase-index=\"0\" data-number-of-phrases=\"1\"><span class=\"Q4iAWc\">A titre d&rsquo;exemple, le minist\u00e8re f\u00e9d\u00e9ral de l&rsquo;\u00e9conomie et de la protection du climat en Allemagne a d\u00e9j\u00e0 s\u00e9lectionn\u00e9 32 entreprises de micro\u00e9lectronique pour faire partie de l&rsquo;IPCEI qui repr\u00e9sente d\u00e9j\u00e0 d&rsquo;un budget de 10 milliards d&rsquo;euros. <\/span><\/span><\/span><\/p>\n<h4>Autres articles<\/h4>\n<ul>\n<li><a href=\"https:\/\/www.eenewseurope.com\/en\/st-globalfoundries-to-build-300mm-fd-soi-fab-at-crolles\/\">ST, GlobalFoundries to build 300mm FD-SOI fab at Crolles<\/a><\/li>\n<li>\n<p class=\"title\"><a href=\"https:\/\/www.ecinews.fr\/fr\/la-fab-de-crolles-aidera-leurope-a-rester-a-la-pointe\/\" target=\"_blank\" rel=\"noopener\">La Fab de Crolles aidera l\u2019Europe \u00e0 rester \u00e0 la pointe<\/a><\/p>\n<\/li>\n<li><a href=\"https:\/\/www.eenewseurope.com\/en\/intel-confirms-german-fabs-in-e80bn-european-investment\/\">Intel confirms German fabs in \u20ac80bn European investment<\/a><\/li>\n<\/ul>\n<p><span class=\"VIiyi\" lang=\"fr\"><span class=\"JLqJ4b\" data-language-for-alternatives=\"fr\" data-language-to-translate-into=\"en\" data-phrase-index=\"0\" data-number-of-phrases=\"1\"><span class=\"Q4iAWc\">L&rsquo;IPCEI ME\/CT est organis\u00e9 en quatre axes de travail : SENSE (perception num\u00e9rique), THINK (traitement embarqu\u00e9), ACT (\u00e9lectronique de puissance) et COMMUNICATE (composants pour les communications), qui se poursuivront jusqu&rsquo;en 2026.<\/span><\/span><\/span><\/p>\n<p><a href=\"https:\/\/www.electronique-eci.com\/news\/nokia-va-diriger-le-projet-hexa-x-de-lue-sur-la-6g\" target=\"_blank\" rel=\"noopener\">Nokia va diriger le projet Hexa-X de l\u2019UE sur la 6G<\/a><\/p>\n<p><a href=\"https:\/\/www.electronique-eci.com\/news\/objectif-6g-dans-la-bande-des-140-ghz-pour-le-cea-leti\" target=\"_blank\" rel=\"noopener\">Objectif 6G dans la bande des 140 GHz pour le CEA-Leti<\/a><\/p>\n<p><a href=\"https:\/\/www.electronique-eci.com\/news\/leurope-lance-son-grand-projet-6g-hexa-x\" target=\"_blank\" rel=\"noopener\">L\u2019Europe lance son grand projet 6G Hexa-X<\/a><\/p>\n<p><a href=\"https:\/\/www.electronique-eci.com\/news\/sipearl-fabrique-sa-puce-6nm-hpc-chez-tsmc\" target=\"_blank\" rel=\"noopener\">SiPearl fabrique sa puce 6nm HPC chez TSMC<\/a><\/p>\n<p><span class=\"VIiyi\" lang=\"fr\"><span class=\"JLqJ4b\" data-language-for-alternatives=\"fr\" data-language-to-translate-into=\"en\" data-phrase-index=\"0\" data-number-of-phrases=\"1\"><span class=\"Q4iAWc\">Le soutien fran\u00e7ais des 15 entreprises du programme IPCEI s&rsquo;inscrit dans le cadre de son programme Electronique 2030 pour accompagner le d\u00e9veloppement technologique. Cela inclut STMicroelectronics, qui a annonc\u00e9 lundi une extension de sa Fab 300mm de Crolles avec GlobalFoundries ainsi que Soitec et le laboratoire de recherche CEA-Leti.<\/span><\/span><\/span><\/p>\n<p><span class=\"VIiyi\" lang=\"fr\"><span class=\"JLqJ4b\" data-language-for-alternatives=\"fr\" data-language-to-translate-into=\"en\" data-phrase-index=\"0\" data-number-of-phrases=\"1\"><span class=\"Q4iAWc\">Le gouvernement fran\u00e7ais soutient directement la participation de ST aux quatre axes de travail, via ses sites de R&amp;D et de fabrication, \u00e0 Crolles, Grenoble, Rennes, Rousset et Tours. Cela comprendra la R&amp;D dans les hautes performances pour les microcontr\u00f4leurs et les technologies basse consommation, y compris une nouvelle technologie FD-SOI de m\u00e9moire \u00e0 changement de phase int\u00e9gr\u00e9e, l&rsquo;IA Edge utilisant des architectures innovantes de technologies de m\u00e9moire embarqu\u00e9e CMOS, une \u00e9lectronique de puissance innovante utilisant GaN sur silicium, des capteurs optiques intelligents utilisant int\u00e9gration 3D avanc\u00e9e et int\u00e9gration de l&rsquo;IA, des technologies de radiofr\u00e9quence et des composants pour 5G et 6G, entre autres.<\/span><\/span><\/span><\/p>\n<p>&nbsp;<\/p>\n<ul>\n<li><a href=\"https:\/\/www.eenewseurope.com\/en\/boost-for-semiconductor-production-in-austria\/\">Boost for semiconductor production in Austria<\/a><\/li>\n<\/ul>\n<p><span class=\"VIiyi\" lang=\"fr\"><span class=\"JLqJ4b\" data-language-for-alternatives=\"fr\" data-language-to-translate-into=\"en\" data-phrase-index=\"0\" data-number-of-phrases=\"1\"><span class=\"Q4iAWc\"> Cela fait suite \u00e0 l&rsquo;IPCEI de 2018 sur la production de semiconducteurs qui a vu des investissements dans l&rsquo;usine de Villach d&rsquo;Infineon en Autriche.<\/span><\/span><\/span><\/p>\n<p><a href=\"http:\/\/www.st.com\">www.st.com<\/a>; <a href=\"ec.europa.eu\">ec.europa.eu<\/a><\/p>\n<p>&nbsp;<\/p>\n<p>&nbsp;<\/p>\n","protected":false},"excerpt":{"rendered":"<p>Le gouvernement fran\u00e7ais essaie de relancer un important programme de d\u00e9veloppement de l&rsquo;\u00e9lectronique avec plus de 100 participants qui est actuellement au point mort \u00e0 la Commission europ\u00e9enne.<\/p>\n","protected":false},"author":34,"featured_media":389221,"comment_status":"closed","ping_status":"closed","sticky":true,"template":"","format":"standard","meta":{"_acf_changed":false,"footnotes":""},"categories":[18,883],"tags":[1632,1633,919,913,906],"domains":[47],"ppma_author":[1153],"class_list":["post-389225","post","type-post","status-publish","format-standard","has-post-thumbnail","hentry","category-business-news","category-technologies","tag-6g-2","tag-ai-2","tag-iot-fr","tag-materials-processes-fr","tag-mpus-mcus-fr","domains-electronique-eci"],"acf":[],"yoast_head":"<title>La France fait pression pour de nouveaux projets \u00e9lectroniques...<\/title>\n<meta name=\"description\" content=\"Le gouvernement fran\u00e7ais essaie de relancer un programme \u00e9lectronique avec plus de 100 participants qui est au point mort \u00e0 la CE.\" \/>\n<meta name=\"robots\" content=\"index, follow, max-snippet:-1, max-image-preview:large, max-video-preview:-1\" \/>\n<link rel=\"canonical\" href=\"https:\/\/www.ecinews.fr\/fr\/wp-json\/wp\/v2\/posts\/389225\/\" \/>\n<meta property=\"og:locale\" content=\"fr_FR\" \/>\n<meta property=\"og:type\" content=\"article\" \/>\n<meta property=\"og:title\" content=\"La France fait pression pour de nouveaux projets \u00e9lectroniques en Europe\" \/>\n<meta property=\"og:description\" content=\"Le gouvernement fran\u00e7ais essaie de relancer un programme \u00e9lectronique avec plus de 100 participants qui est au point mort \u00e0 la CE.\" \/>\n<meta property=\"og:url\" content=\"https:\/\/www.ecinews.fr\/fr\/wp-json\/wp\/v2\/posts\/389225\/\" \/>\n<meta property=\"og:site_name\" content=\"EENewsEurope\" \/>\n<meta property=\"article:published_time\" content=\"2022-07-13T15:47:56+00:00\" \/>\n<meta property=\"article:modified_time\" content=\"2022-07-13T15:54:53+00:00\" \/>\n<meta property=\"og:image\" content=\"https:\/\/www.eenewseurope.com\/wp-content\/uploads\/2022\/07\/ST-Crolles-IMG-7831.jpg\" \/>\n\t<meta property=\"og:image:width\" content=\"533\" \/>\n\t<meta property=\"og:image:height\" content=\"345\" \/>\n\t<meta property=\"og:image:type\" content=\"image\/jpeg\" \/>\n<meta name=\"author\" content=\"A Delapalisse\" \/>\n<meta name=\"twitter:card\" content=\"summary_large_image\" \/>\n<meta name=\"twitter:label1\" content=\"Written by\" \/>\n\t<meta name=\"twitter:data1\" content=\"A Delapalisse\" \/>\n\t<meta name=\"twitter:label2\" content=\"Est. reading time\" \/>\n\t<meta name=\"twitter:data2\" content=\"3 minutes\" \/>\n<script type=\"application\/ld+json\" class=\"yoast-schema-graph\">{\"@context\":\"https:\/\/schema.org\",\"@graph\":[{\"@type\":\"Article\",\"@id\":\"https:\/\/www.eenewseurope.com\/fr\/la-france-fait-pression-pour-de-nouveaux-projets-electroniques-en-europe\/#article\",\"isPartOf\":{\"@id\":\"https:\/\/www.eenewseurope.com\/fr\/la-france-fait-pression-pour-de-nouveaux-projets-electroniques-en-europe\/\"},\"author\":{\"name\":\"A Delapalisse\",\"@id\":\"https:\/\/www.eenewseurope.com\/en\/#\/schema\/person\/0aa2cfb0bd8949724a68cbac8d8321b4\"},\"headline\":\"La France fait pression pour de nouveaux projets \u00e9lectroniques en Europe\",\"datePublished\":\"2022-07-13T15:47:56+00:00\",\"dateModified\":\"2022-07-13T15:54:53+00:00\",\"mainEntityOfPage\":{\"@id\":\"https:\/\/www.eenewseurope.com\/fr\/la-france-fait-pression-pour-de-nouveaux-projets-electroniques-en-europe\/\"},\"wordCount\":532,\"publisher\":{\"@id\":\"https:\/\/www.eenewseurope.com\/en\/#organization\"},\"keywords\":[\"6G\",\"AI\",\"IoT\",\"Materials &amp; processes\",\"MPUs\/MCUs\"],\"articleSection\":[\"Business news\",\"Technologies\"],\"inLanguage\":\"fr-FR\"},{\"@type\":\"WebPage\",\"@id\":\"https:\/\/www.eenewseurope.com\/fr\/la-france-fait-pression-pour-de-nouveaux-projets-electroniques-en-europe\/\",\"url\":\"https:\/\/www.eenewseurope.com\/fr\/la-france-fait-pression-pour-de-nouveaux-projets-electroniques-en-europe\/\",\"name\":\"La France fait pression pour de nouveaux projets \u00e9lectroniques en Europe -\",\"isPartOf\":{\"@id\":\"https:\/\/www.eenewseurope.com\/en\/#website\"},\"datePublished\":\"2022-07-13T15:47:56+00:00\",\"dateModified\":\"2022-07-13T15:54:53+00:00\",\"description\":\"Le gouvernement fran\u00e7ais essaie de relancer un programme \u00e9lectronique avec plus de 100 participants qui est au point mort \u00e0 la CE.\",\"breadcrumb\":{\"@id\":\"https:\/\/www.eenewseurope.com\/fr\/la-france-fait-pression-pour-de-nouveaux-projets-electroniques-en-europe\/#breadcrumb\"},\"inLanguage\":\"fr-FR\",\"potentialAction\":[{\"@type\":\"ReadAction\",\"target\":[\"https:\/\/www.eenewseurope.com\/fr\/la-france-fait-pression-pour-de-nouveaux-projets-electroniques-en-europe\/\"]}]},{\"@type\":\"BreadcrumbList\",\"@id\":\"https:\/\/www.eenewseurope.com\/fr\/la-france-fait-pression-pour-de-nouveaux-projets-electroniques-en-europe\/#breadcrumb\",\"itemListElement\":[{\"@type\":\"ListItem\",\"position\":1,\"name\":\"Home\",\"item\":\"https:\/\/www.ecinews.fr\/fr\/\"},{\"@type\":\"ListItem\",\"position\":2,\"name\":\"La France fait pression pour de nouveaux projets \u00e9lectroniques en Europe\"}]},{\"@type\":\"WebSite\",\"@id\":\"https:\/\/www.eenewseurope.com\/en\/#website\",\"url\":\"https:\/\/www.eenewseurope.com\/en\/\",\"name\":\"EENewsEurope\",\"description\":\"Just another WordPress site\",\"publisher\":{\"@id\":\"https:\/\/www.eenewseurope.com\/en\/#organization\"},\"potentialAction\":[{\"@type\":\"SearchAction\",\"target\":{\"@type\":\"EntryPoint\",\"urlTemplate\":\"https:\/\/www.eenewseurope.com\/en\/?s={search_term_string}\"},\"query-input\":\"required name=search_term_string\"}],\"inLanguage\":\"fr-FR\"},{\"@type\":\"Organization\",\"@id\":\"https:\/\/www.eenewseurope.com\/en\/#organization\",\"name\":\"EENewsEurope\",\"url\":\"https:\/\/www.eenewseurope.com\/en\/\",\"logo\":{\"@type\":\"ImageObject\",\"inLanguage\":\"fr-FR\",\"@id\":\"https:\/\/www.eenewseurope.com\/en\/#\/schema\/logo\/image\/\",\"url\":\"https:\/\/www.ecinews.fr\/wp-content\/uploads\/2022\/02\/logo-1.jpg\",\"contentUrl\":\"https:\/\/www.ecinews.fr\/wp-content\/uploads\/2022\/02\/logo-1.jpg\",\"width\":283,\"height\":113,\"caption\":\"EENewsEurope\"},\"image\":{\"@id\":\"https:\/\/www.eenewseurope.com\/en\/#\/schema\/logo\/image\/\"}},{\"@type\":\"Person\",\"@id\":\"https:\/\/www.eenewseurope.com\/en\/#\/schema\/person\/0aa2cfb0bd8949724a68cbac8d8321b4\",\"name\":\"A Delapalisse\",\"image\":{\"@type\":\"ImageObject\",\"inLanguage\":\"fr-FR\",\"@id\":\"https:\/\/www.eenewseurope.com\/en\/#\/schema\/person\/image\/211ac42237c2e9683c0964086c393cb4\",\"url\":\"https:\/\/secure.gravatar.com\/avatar\/ad45a8c5da24bc9c7c4940dd1c48a695?s=96&d=mm&r=g\",\"contentUrl\":\"https:\/\/secure.gravatar.com\/avatar\/ad45a8c5da24bc9c7c4940dd1c48a695?s=96&d=mm&r=g\",\"caption\":\"A Delapalisse\"},\"sameAs\":[\"http:\/\/ECI\"]}]}<\/script>","yoast_head_json":{"title":"La France fait pression pour de nouveaux projets \u00e9lectroniques...","description":"Le gouvernement fran\u00e7ais essaie de relancer un programme \u00e9lectronique avec plus de 100 participants qui est au point mort \u00e0 la CE.","robots":{"index":"index","follow":"follow","max-snippet":"max-snippet:-1","max-image-preview":"max-image-preview:large","max-video-preview":"max-video-preview:-1"},"canonical":"https:\/\/www.ecinews.fr\/fr\/wp-json\/wp\/v2\/posts\/389225\/","og_locale":"fr_FR","og_type":"article","og_title":"La France fait pression pour de nouveaux projets \u00e9lectroniques en Europe","og_description":"Le gouvernement fran\u00e7ais essaie de relancer un programme \u00e9lectronique avec plus de 100 participants qui est au point mort \u00e0 la CE.","og_url":"https:\/\/www.ecinews.fr\/fr\/wp-json\/wp\/v2\/posts\/389225\/","og_site_name":"EENewsEurope","article_published_time":"2022-07-13T15:47:56+00:00","article_modified_time":"2022-07-13T15:54:53+00:00","og_image":[{"width":533,"height":345,"url":"https:\/\/www.eenewseurope.com\/wp-content\/uploads\/2022\/07\/ST-Crolles-IMG-7831.jpg","type":"image\/jpeg"}],"author":"A Delapalisse","twitter_card":"summary_large_image","twitter_misc":{"Written by":"A Delapalisse","Est. reading time":"3 minutes"},"schema":{"@context":"https:\/\/schema.org","@graph":[{"@type":"Article","@id":"https:\/\/www.eenewseurope.com\/fr\/la-france-fait-pression-pour-de-nouveaux-projets-electroniques-en-europe\/#article","isPartOf":{"@id":"https:\/\/www.eenewseurope.com\/fr\/la-france-fait-pression-pour-de-nouveaux-projets-electroniques-en-europe\/"},"author":{"name":"A Delapalisse","@id":"https:\/\/www.eenewseurope.com\/en\/#\/schema\/person\/0aa2cfb0bd8949724a68cbac8d8321b4"},"headline":"La France fait pression pour de nouveaux projets \u00e9lectroniques en Europe","datePublished":"2022-07-13T15:47:56+00:00","dateModified":"2022-07-13T15:54:53+00:00","mainEntityOfPage":{"@id":"https:\/\/www.eenewseurope.com\/fr\/la-france-fait-pression-pour-de-nouveaux-projets-electroniques-en-europe\/"},"wordCount":532,"publisher":{"@id":"https:\/\/www.eenewseurope.com\/en\/#organization"},"keywords":["6G","AI","IoT","Materials &amp; processes","MPUs\/MCUs"],"articleSection":["Business news","Technologies"],"inLanguage":"fr-FR"},{"@type":"WebPage","@id":"https:\/\/www.eenewseurope.com\/fr\/la-france-fait-pression-pour-de-nouveaux-projets-electroniques-en-europe\/","url":"https:\/\/www.eenewseurope.com\/fr\/la-france-fait-pression-pour-de-nouveaux-projets-electroniques-en-europe\/","name":"La France fait pression pour de nouveaux projets \u00e9lectroniques en Europe -","isPartOf":{"@id":"https:\/\/www.eenewseurope.com\/en\/#website"},"datePublished":"2022-07-13T15:47:56+00:00","dateModified":"2022-07-13T15:54:53+00:00","description":"Le gouvernement fran\u00e7ais essaie de relancer un programme \u00e9lectronique avec plus de 100 participants qui est au point mort \u00e0 la CE.","breadcrumb":{"@id":"https:\/\/www.eenewseurope.com\/fr\/la-france-fait-pression-pour-de-nouveaux-projets-electroniques-en-europe\/#breadcrumb"},"inLanguage":"fr-FR","potentialAction":[{"@type":"ReadAction","target":["https:\/\/www.eenewseurope.com\/fr\/la-france-fait-pression-pour-de-nouveaux-projets-electroniques-en-europe\/"]}]},{"@type":"BreadcrumbList","@id":"https:\/\/www.eenewseurope.com\/fr\/la-france-fait-pression-pour-de-nouveaux-projets-electroniques-en-europe\/#breadcrumb","itemListElement":[{"@type":"ListItem","position":1,"name":"Home","item":"https:\/\/www.ecinews.fr\/fr\/"},{"@type":"ListItem","position":2,"name":"La France fait pression pour de nouveaux projets \u00e9lectroniques en Europe"}]},{"@type":"WebSite","@id":"https:\/\/www.eenewseurope.com\/en\/#website","url":"https:\/\/www.eenewseurope.com\/en\/","name":"EENewsEurope","description":"Just another WordPress site","publisher":{"@id":"https:\/\/www.eenewseurope.com\/en\/#organization"},"potentialAction":[{"@type":"SearchAction","target":{"@type":"EntryPoint","urlTemplate":"https:\/\/www.eenewseurope.com\/en\/?s={search_term_string}"},"query-input":"required name=search_term_string"}],"inLanguage":"fr-FR"},{"@type":"Organization","@id":"https:\/\/www.eenewseurope.com\/en\/#organization","name":"EENewsEurope","url":"https:\/\/www.eenewseurope.com\/en\/","logo":{"@type":"ImageObject","inLanguage":"fr-FR","@id":"https:\/\/www.eenewseurope.com\/en\/#\/schema\/logo\/image\/","url":"https:\/\/www.ecinews.fr\/wp-content\/uploads\/2022\/02\/logo-1.jpg","contentUrl":"https:\/\/www.ecinews.fr\/wp-content\/uploads\/2022\/02\/logo-1.jpg","width":283,"height":113,"caption":"EENewsEurope"},"image":{"@id":"https:\/\/www.eenewseurope.com\/en\/#\/schema\/logo\/image\/"}},{"@type":"Person","@id":"https:\/\/www.eenewseurope.com\/en\/#\/schema\/person\/0aa2cfb0bd8949724a68cbac8d8321b4","name":"A Delapalisse","image":{"@type":"ImageObject","inLanguage":"fr-FR","@id":"https:\/\/www.eenewseurope.com\/en\/#\/schema\/person\/image\/211ac42237c2e9683c0964086c393cb4","url":"https:\/\/secure.gravatar.com\/avatar\/ad45a8c5da24bc9c7c4940dd1c48a695?s=96&d=mm&r=g","contentUrl":"https:\/\/secure.gravatar.com\/avatar\/ad45a8c5da24bc9c7c4940dd1c48a695?s=96&d=mm&r=g","caption":"A Delapalisse"},"sameAs":["http:\/\/ECI"]}]}},"authors":[{"term_id":1153,"user_id":34,"is_guest":0,"slug":"adelapalisse","display_name":"A Delapalisse","avatar_url":"https:\/\/secure.gravatar.com\/avatar\/ad45a8c5da24bc9c7c4940dd1c48a695?s=96&d=mm&r=g","0":null,"1":"","2":"","3":"","4":"","5":"","6":"","7":"","8":""}],"_links":{"self":[{"href":"https:\/\/www.ecinews.fr\/fr\/wp-json\/wp\/v2\/posts\/389225"}],"collection":[{"href":"https:\/\/www.ecinews.fr\/fr\/wp-json\/wp\/v2\/posts"}],"about":[{"href":"https:\/\/www.ecinews.fr\/fr\/wp-json\/wp\/v2\/types\/post"}],"author":[{"embeddable":true,"href":"https:\/\/www.ecinews.fr\/fr\/wp-json\/wp\/v2\/users\/34"}],"replies":[{"embeddable":true,"href":"https:\/\/www.ecinews.fr\/fr\/wp-json\/wp\/v2\/comments?post=389225"}],"version-history":[{"count":0,"href":"https:\/\/www.ecinews.fr\/fr\/wp-json\/wp\/v2\/posts\/389225\/revisions"}],"wp:featuredmedia":[{"embeddable":true,"href":"https:\/\/www.ecinews.fr\/fr\/wp-json\/wp\/v2\/media\/389221"}],"wp:attachment":[{"href":"https:\/\/www.ecinews.fr\/fr\/wp-json\/wp\/v2\/media?parent=389225"}],"wp:term":[{"taxonomy":"category","embeddable":true,"href":"https:\/\/www.ecinews.fr\/fr\/wp-json\/wp\/v2\/categories?post=389225"},{"taxonomy":"post_tag","embeddable":true,"href":"https:\/\/www.ecinews.fr\/fr\/wp-json\/wp\/v2\/tags?post=389225"},{"taxonomy":"domains","embeddable":true,"href":"https:\/\/www.ecinews.fr\/fr\/wp-json\/wp\/v2\/domains?post=389225"},{"taxonomy":"author","embeddable":true,"href":"https:\/\/www.ecinews.fr\/fr\/wp-json\/wp\/v2\/ppma_author?post=389225"}],"curies":[{"name":"wp","href":"https:\/\/api.w.org\/{rel}","templated":true}]}}