{"id":389049,"date":"2022-07-12T18:54:35","date_gmt":"2022-07-12T16:54:35","guid":{"rendered":"https:\/\/www.eenewseurope.com\/?p=389049"},"modified":"2022-07-29T19:08:35","modified_gmt":"2022-07-29T17:08:35","slug":"la-fab-de-crolles-aidera-leurope-a-rester-a-la-pointe","status":"publish","type":"post","link":"https:\/\/www.ecinews.fr\/fr\/la-fab-de-crolles-aidera-leurope-a-rester-a-la-pointe\/","title":{"rendered":"La Fab de Crolles aidera l&rsquo;Europe \u00e0 rester \u00e0 la pointe"},"content":{"rendered":"<p>La nouvelle selon laquelle le site de Crolles de STMicroelectronics en France va gagner une autre Fab 300 mm et une base pour le d\u00e9veloppement ult\u00e9rieur du proc\u00e9d\u00e9 FDSOI est une bonne chose pour l&rsquo;Europe, les entreprises concern\u00e9es et leurs clients.<\/p>\n<p><span class=\"VIiyi\" lang=\"fr\"><span class=\"JLqJ4b\" data-language-for-alternatives=\"fr\" data-language-to-translate-into=\"en\" data-phrase-index=\"0\" data-number-of-phrases=\"1\"><span class=\"Q4iAWc\">Cependant, l&rsquo;id\u00e9e que cela aidera l&rsquo;Europe \u00e0 se rapprocher de la production de 20 % des puces mondiales d&rsquo;ici 2030 est farfelue. Mais du c\u00f4t\u00e9 positif, cela repr\u00e9sente une r\u00e9flexion r\u00e9aliste de la part des politiques et une volont\u00e9 d&rsquo;ex\u00e9cution par les soci\u00e9t\u00e9s de fabrication de puces, qui pourraient aider \u00e0 maintenir l&rsquo;Europe dans le jeu de la technologie avanc\u00e9e pendant une autre d\u00e9cennie.<\/span><\/span><\/span><\/p>\n<ul>\n<li>\n<p class=\"title\"><a href=\"https:\/\/www.ecinews.fr\/fr\/st-envisage-une-fab-en-france-en-partenariat-avec-globalfoundries\/\" target=\"_blank\" rel=\"noopener\">ST envisage une Fab en France en partenariat avec GlobalFoundries<\/a><\/p>\n<\/li>\n<\/ul>\n<p><span class=\"VIiyi\" lang=\"fr\"><span class=\"JLqJ4b\" data-language-for-alternatives=\"fr\" data-language-to-translate-into=\"en\" data-phrase-index=\"0\" data-number-of-phrases=\"1\"><span class=\"Q4iAWc\">La nouvelle d&rsquo;une Fab capable de produire environ 51 000 wafers de 300 mm par mois \u00e0 pleine capacit\u00e9 illustre le pouvoir de la volont\u00e9 politique et des subventions venant des contribuables. Jean-Marc Chery, PDG de ST, et Thomas Caulfield, PDG de Globalfoundries ont tous deux confirm\u00e9 que sans le soutien de l&rsquo;\u00c9tat fran\u00e7ais, l&rsquo;investissement serait \u00ab\u00a0difficile\u00a0\u00bb. Je consid\u00e8re que c&rsquo;est un raccourci pour dire: \u00ab\u00a0ne se produirait pas\u00a0\u00bb. <\/span><\/span><\/span><\/p>\n<p><span class=\"VIiyi\" lang=\"fr\"><span class=\"JLqJ4b\" data-language-for-alternatives=\"fr\" data-language-to-translate-into=\"en\" data-phrase-index=\"0\" data-number-of-phrases=\"1\"><span class=\"Q4iAWc\">Qu&rsquo;une alliance et des subventions soient n\u00e9cessaires pour construire une prochaine Fab \u00e0 Crolles et fournir une base pour le d\u00e9veloppement du proc\u00e9d\u00e9 de fabrication FDSOI (silicium enti\u00e8rement appauvri sur isolant) n&rsquo;est pas une surprise. Apr\u00e8s tout, la fabrication originale de wafers de 300 mm \u00e0 Crolles a \u00e9t\u00e9 d\u00e9velopp\u00e9e il y a 20 ans par une alliance entre ST, Philips (plus tard NXP Semiconductor) et Motorola Semi (plus tard Freescale puis acquis par NXP Semiconductor).<\/span><\/span><\/span><\/p>\n<p><span class=\"VIiyi\" lang=\"fr\"><span class=\"JLqJ4b\" data-language-for-alternatives=\"fr\" data-language-to-translate-into=\"en\" data-phrase-index=\"0\" data-number-of-phrases=\"1\"><span class=\"Q4iAWc\">Aucune entreprise europ\u00e9enne ne pouvait \u00e0 l&rsquo;\u00e9poque se permettre de faire cavalier seul \u00e0 la pointe de la technologie, et aucune ne le peut aujourd&rsquo;hui. Les co\u00fbts de fabrication de puces \u00e0 la pointe de la technologie ont augment\u00e9 de fa\u00e7on exponentielle depuis lors. <\/span><\/span><\/span><\/p>\n<h2><span class=\"VIiyi\" lang=\"fr\"><span class=\"JLqJ4b\" data-language-for-alternatives=\"fr\" data-language-to-translate-into=\"en\" data-phrase-index=\"0\" data-number-of-phrases=\"1\"><span class=\"Q4iAWc\">Le prix <\/span><\/span><\/span><\/h2>\n<p><span class=\"VIiyi\" lang=\"fr\"><span class=\"JLqJ4b\" data-language-for-alternatives=\"fr\" data-language-to-translate-into=\"en\" data-phrase-index=\"0\" data-number-of-phrases=\"1\"><span class=\"Q4iAWc\">Pour l&rsquo;instant, les PDG de Globalfoundries et de STMicroelectronics n&rsquo;ont pas dit grand-chose sur le co\u00fbt de leur joint-venture de fabrication de wafers pr\u00e9vue \u00e0 Crolles ni sur le montant des subventions qu&rsquo;ils recevront du gouvernement fran\u00e7ais dans le cadre de la loi europ\u00e9enne sur les puces (European Chips Act).<\/span><\/span><\/span><\/p>\n<p><span class=\"VIiyi\" lang=\"fr\"><span class=\"JLqJ4b\" data-language-for-alternatives=\"fr\" data-language-to-translate-into=\"en\" data-phrase-index=\"0\" data-number-of-phrases=\"1\"><span class=\"Q4iAWc\">S&rsquo;adressant \u00e0 la presse lors d&rsquo;une conf\u00e9rence t\u00e9l\u00e9phonique, le PDG de ST, Chery, a d\u00e9clar\u00e9 que la fab repr\u00e9senterait un investissement de plusieurs milliards d&rsquo;euros et que le soutien promis par la France \u00e9tait \u00ab\u00a0important\u00a0\u00bb. Pendant ce temps, le gouvernement fran\u00e7ais aurait r\u00e9v\u00e9l\u00e9 que l&rsquo;investissement conjoint s&rsquo;\u00e9l\u00e8verait \u00e0 environ 5,7 milliards d&rsquo;euros (environ 5,8 milliards de dollars am\u00e9ricains) sans dire combien d&rsquo;argent il y mettrait. Si GF et ST doivent trouver 4 milliards d&rsquo;euros entre eux, cela laisserait l&rsquo;\u00c9tat fran\u00e7ais fournir 1,7 milliard d&rsquo;euros, soit environ 30 % du co\u00fbt. Cela semblerait repr\u00e9senter un niveau minimum de subvention \u00e0 l&rsquo;\u00e8re moderne de la construction de Fabs.<\/span><\/span><\/span><\/p>\n<p><span class=\"VIiyi\" lang=\"fr\"><span class=\"JLqJ4b\" data-language-for-alternatives=\"fr\" data-language-to-translate-into=\"en\" data-phrase-index=\"0\" data-number-of-phrases=\"1\"><span class=\"Q4iAWc\"> Il est \u00e9galement positif que la prochaine usine de fabrication de wafers de 300 mm de Crolles soit destin\u00e9e aux secteurs d&rsquo;application pour lesquels il existe une demande europ\u00e9enne et une capacit\u00e9 de pointe mondiale : dans l&rsquo;\u00e9lectronique automobile, l&rsquo;IoT et les infrastructures de communication. Crolles devrait \u00eatre le deuxi\u00e8me site de fabrication de puces susceptible de b\u00e9n\u00e9ficier du Chips Act europ\u00e9en de 43 milliards d&rsquo;euros. Intel devrait obtenir une subvention d&rsquo;environ 40 %, soit environ 6,8 milliards d&rsquo;euros (environ 6,9 milliards de dollars) du gouvernement allemand pour le co\u00fbt initial de 17 milliards d&rsquo;euros de la construction de deux Fabs c\u00f4te \u00e0 c\u00f4te \u00e0 Magdebourg, en Allemagne.<\/span><\/span><\/span><\/p>\n<p><span class=\"VIiyi\" lang=\"fr\"><span class=\"JLqJ4b\" data-language-for-alternatives=\"fr\" data-language-to-translate-into=\"en\" data-phrase-index=\"0\" data-number-of-phrases=\"1\"><span class=\"Q4iAWc\">Le niveau de subvention plus \u00e9lev\u00e9 pourrait \u00eatre d\u00fb au fait que Magdebourg sera une toute nouvelle usine de fabrication de semiconducteurs d\u00e9pourvue d&rsquo;infrastructures qui sont \u00e0 d\u00e9velopper. <\/span><\/span><\/span><\/p>\n<h2><span class=\"VIiyi\" lang=\"fr\"><span class=\"JLqJ4b\" data-language-for-alternatives=\"fr\" data-language-to-translate-into=\"en\" data-phrase-index=\"0\" data-number-of-phrases=\"1\"><span class=\"Q4iAWc\">FDSOI jusqu&rsquo;\u00e0 18nm <\/span><\/span><\/span><\/h2>\n<p><span class=\"VIiyi\" lang=\"fr\"><span class=\"JLqJ4b\" data-language-for-alternatives=\"fr\" data-language-to-translate-into=\"en\" data-phrase-index=\"0\" data-number-of-phrases=\"1\"><span class=\"Q4iAWc\">Une chose que nous avons apprise lors de la conf\u00e9rence t\u00e9l\u00e9phonique avec les PDG de GF et ST est que la propri\u00e9t\u00e9 de la fab ne sera pas \u00e0 50\/50 mais proportionnelle \u00e0 la propri\u00e9t\u00e9 de l&rsquo;\u00e9quipement dans la Fab et \u00e0 la production de la fab. L&rsquo;installation devrait atteindre rapidement sa pleine capacit\u00e9 d&rsquo;ici 2026 avec une capacit\u00e9 de fabrication pouvant atteindre 620 000 wafers de 300 mm de diam\u00e8tre par an, ST prenant environ 42 % des wafers et GF en prenant environ 58 %. Le PDG de GF, Caulfield, a d\u00e9clar\u00e9 que la propri\u00e9t\u00e9 de la Fab \u00e9tait essentiellement dans l&rsquo;\u00e9quipement install\u00e9 et que c&rsquo;\u00e9taient de bons chiffres pour la partage.<\/span><\/span><\/span><\/p>\n<p><span class=\"VIiyi\" lang=\"fr\"><span class=\"JLqJ4b\" data-language-for-alternatives=\"fr\" data-language-to-translate-into=\"en\" data-phrase-index=\"0\" data-number-of-phrases=\"1\"><span class=\"Q4iAWc\">Nous avons \u00e9galement d\u00e9couvert que l&rsquo;usine fabriquera plusieurs process, y compris le CMOS en vrac de 40 nm, le process 22FDX de Globalfoundries et qu&rsquo;il fournirait un environnement permettant aux deux soci\u00e9t\u00e9s de r\u00e9duire le FDSOI \u00e0 18 nm. Il n&rsquo;y avait aucune mention de Samsung, qui a \u00e9galement un doigt dans le g\u00e2teau FDSOI. La rampe vers la pleine production d&rsquo;ici 2026 est agressive et implique un d\u00e9marrage de la production en 2024 et en effet le d\u00e9marrage ne pourrait pas \u00eatre beaucoup plus t\u00f4t vu les d\u00e9lais pour la construction. <\/span><\/span><\/span><\/p>\n<p><span class=\"VIiyi\" lang=\"fr\"><span class=\"JLqJ4b\" data-language-for-alternatives=\"fr\" data-language-to-translate-into=\"en\" data-phrase-index=\"0\" data-number-of-phrases=\"1\"><span class=\"Q4iAWc\">L&rsquo;une des pr\u00e9occupations est que certaines pi\u00e8ces cl\u00e9s de l&rsquo;\u00e9quipement de production de puces de 300 mm ont des d\u00e9lais de livraison de 24 mois alors que l&rsquo;industrie de la fabrication de puces traverse un spasme mondial de planification d&rsquo;expansion de la capacit\u00e9. La fourniture de cha\u00eenes d&rsquo;\u00e9quipement compl\u00e8tes pourrait \u00eatre un facteur limitant dans le d\u00e9ploiement de l&rsquo;usine GF-ST, mais Caulfield a d\u00e9clar\u00e9 que dans certains cas, les entreprises avaient d\u00e9j\u00e0 pass\u00e9 des commandes aupr\u00e8s d&rsquo;entreprises de fabrication d&rsquo;\u00e9quipements. <\/span><\/span><\/span><\/p>\n<h3><span class=\"VIiyi\" lang=\"fr\"><span class=\"JLqJ4b\" data-language-for-alternatives=\"fr\" data-language-to-translate-into=\"en\" data-phrase-index=\"0\" data-number-of-phrases=\"1\"><span class=\"Q4iAWc\">20 % d&rsquo;ici 2030 ? <\/span><\/span><\/span><\/h3>\n<p><span class=\"VIiyi\" lang=\"fr\"><span class=\"JLqJ4b\" data-language-for-alternatives=\"fr\" data-language-to-translate-into=\"en\" data-phrase-index=\"0\" data-number-of-phrases=\"1\"><span class=\"Q4iAWc\">Les deux PDG tenaient \u00e0 dire que leur usine soutiendrait les objectifs de la loi europ\u00e9enne sur les puces visant \u00e0 porter la production europ\u00e9enne de puces \u00e0 20 % de la production mondiale d&rsquo;ici 2030. Selon la soci\u00e9t\u00e9 d&rsquo;\u00e9tudes de march\u00e9 IC Insights, l&rsquo;Europe disposait de 5,7 % de la capacit\u00e9 mondiale install\u00e9e de wafers en d\u00e9cembre 2020, <\/span><\/span><\/span><span class=\"VIiyi\" lang=\"fr\"><span class=\"JLqJ4b\" data-language-for-alternatives=\"fr\" data-language-to-translate-into=\"en\" data-phrase-index=\"0\" data-number-of-phrases=\"1\"><span class=\"Q4iAWc\">\u00a0et compte tenu du manque de production de pointe en Europe, en valeur, la production europ\u00e9enne pourrait \u00eatre consid\u00e9rablement inf\u00e9rieure. Il est \u00e9vident que si l&rsquo;Europe veut gagner des parts de march\u00e9, elle doit investir dans la production de puces proportionnellement plus rapidement que les autres r\u00e9gions. Mais les investissements actuellement r\u00e9alis\u00e9s par Intel, GF et ST dans le cadre de la loi europ\u00e9enne sur les puces &#8211; bien que bienvenus et inhabituels en Europe &#8211; sont relativement mineurs par rapport aux normes mondiales.<\/span><\/span><\/span><\/p>\n<p><span class=\"VIiyi\" lang=\"fr\"><span class=\"JLqJ4b\" data-language-for-alternatives=\"fr\" data-language-to-translate-into=\"en\" data-phrase-index=\"0\" data-number-of-phrases=\"1\"><span class=\"Q4iAWc\">Ici, nous encourageons la possibilit\u00e9 que deux ou trois Fabs de plaquettes num\u00e9riques \u00e0 l&rsquo;\u00e9chelle de la production soient construites en Europe au cours des prochaines ann\u00e9es, tandis qu&rsquo;une seule fonderie telle que TSMC semble lancer des Fabs de 300 mm chaque ann\u00e9e. <\/span><\/span><\/span><\/p>\n<p><span class=\"VIiyi\" lang=\"fr\"><span class=\"JLqJ4b\" data-language-for-alternatives=\"fr\" data-language-to-translate-into=\"en\" data-phrase-index=\"0\" data-number-of-phrases=\"1\"><span class=\"Q4iAWc\">Si le gouvernement am\u00e9ricain peut financer sa propre loi sur les puces, il d\u00e9bloquera d&rsquo;importants investissements aux \u00c9tats-Unis par Intel, TSMC et Samsung. Ta\u00efwan et la Chine continuent d&rsquo;investir des sommes beaucoup plus importantes. Dans le m\u00eame temps, des r\u00e9gions comme l&rsquo;Inde sont impatientes de se joindre \u00e0 la fabrication de puces. La balance des paiements des semiconducteurs est d\u00e9sormais consid\u00e9r\u00e9e par de nombreux pays et la plupart des r\u00e9gions g\u00e9ographiques plus vastes comme la cl\u00e9 du bien-\u00eatre \u00e9conomique \u00e0 court et \u00e0 long terme.<\/span><\/span><\/span><\/p>\n<h3><span class=\"VIiyi\" lang=\"fr\"><span class=\"JLqJ4b\" data-language-for-alternatives=\"fr\" data-language-to-translate-into=\"en\" data-phrase-index=\"0\" data-number-of-phrases=\"1\"><span class=\"Q4iAWc\">Deep-tech en Europe <\/span><\/span><\/span><\/h3>\n<p><span class=\"VIiyi\" lang=\"fr\"><span class=\"JLqJ4b\" data-language-for-alternatives=\"fr\" data-language-to-translate-into=\"en\" data-phrase-index=\"0\" data-number-of-phrases=\"1\"><span class=\"Q4iAWc\">La conclusion doit \u00eatre que la part de l&rsquo;Europe dans la production mondiale de puces cessera, au mieux, de chuter &#8211; mais au moins, l&rsquo;Europe a commenc\u00e9 \u00e0 bouger apr\u00e8s de nombreuses ann\u00e9es \u00e0 profiter des dividendes de la mondialisation <\/span><\/span><\/span><\/p>\n<ul>\n<li>\n<p class=\"title\"><a href=\"https:\/\/www.ecinews.fr\/fr\/leurope-doit-sortir-de-ses-30-ans-de-sommeil-dans-les-semiconducteurs\/\" target=\"_blank\" rel=\"noopener\">L\u2019Europe doit sortir de ses 30 ans de sommeil dans les semiconducteurs<\/a><\/p>\n<\/li>\n<\/ul>\n<p><span class=\"VIiyi\" lang=\"fr\"><span class=\"JLqJ4b\" data-language-for-alternatives=\"fr\" data-language-to-translate-into=\"en\" data-phrase-index=\"0\" data-number-of-phrases=\"1\"><span class=\"Q4iAWc\">Et il faut reconna\u00eetre que les visionnaires au sein de la Commission europ\u00e9enne ont r\u00e9ussi \u00e0 obtenir le soutien de soci\u00e9t\u00e9s de puces d&rsquo;une mani\u00e8re que la vice-pr\u00e9sidente de la Commission, Neelie Kroes, n&rsquo;aurait pas pu obtenir une d\u00e9cennie auparavant. <\/span><\/span><\/span><\/p>\n<p><span class=\"VIiyi\" lang=\"fr\"><span class=\"JLqJ4b\" data-language-for-alternatives=\"fr\" data-language-to-translate-into=\"en\" data-phrase-index=\"0\" data-number-of-phrases=\"1\"><span class=\"Q4iAWc\">Avec Intel d\u00e9sireux d&rsquo;exploiter un service de fonderie \u00e0 la pointe de la technologie et GF et ST d\u00e9sireux d&rsquo;op\u00e9rer dans l&rsquo;espace More-than-Moore, juste derri\u00e8re la pointe de la technologie, les politiciens europ\u00e9ens ont couvert les deux aspects de la n\u00e9cessit\u00e9 de suivre le rythme de la comp\u00e9tition mondiale.<\/span><\/span><\/span><\/p>\n<p><span class=\"VIiyi\" lang=\"fr\"><span class=\"JLqJ4b\" data-language-for-alternatives=\"fr\" data-language-to-translate-into=\"en\" data-phrase-index=\"0\" data-number-of-phrases=\"1\"><span class=\"Q4iAWc\">Et il faut reconna\u00eetre que de nombreux d\u00e9veloppements technologiques futurs tels que la photonique sur silicium, l&rsquo;informatique quantique et la spintronique reposent sur le savoir-faire et les capacit\u00e9s de fabrication des semiconducteurs. <\/span><\/span><\/span><\/p>\n<p><span class=\"VIiyi\" lang=\"fr\"><span class=\"JLqJ4b\" data-language-for-alternatives=\"fr\" data-language-to-translate-into=\"en\" data-phrase-index=\"0\" data-number-of-phrases=\"1\"><span class=\"Q4iAWc\">Ce que nous pouvons dire, c&rsquo;est que les politiciens europ\u00e9ens, Intel, Globalfoundries et STMicroelectronics contribuent \u00e0 garantir la possibilit\u00e9 d&rsquo;une capacit\u00e9 continue de technologie de pointe en Europe pendant encore quelques ann\u00e9es. Et de nouveaux investissements, de TSMC et\/ou de Samsung, seraient les bienvenus. Et \u00e0 un certain moment avant la fin de cette d\u00e9cennie, il sera temps de relancer encore. Le prix des progr\u00e8s de la technologie profonde est un soutien et des subventions constants.<\/span><\/span><\/span><\/p>\n<p>&nbsp;<\/p>\n<p><a href=\"http:\/\/www.globalfoundries.com\">www.globalfoundries.com;\u00a0<\/a><a href=\"http:\/\/www.st.com\">www.st.com<\/a><\/p>\n<p><strong>News articles: <\/strong><\/p>\n<p><a href=\"https:\/\/www.electronique-eci.com\/news\/nokia-va-diriger-le-projet-hexa-x-de-lue-sur-la-6g\" target=\"_blank\" rel=\"noopener\">Nokia va diriger le projet Hexa-X de l\u2019UE sur la 6G<\/a><\/p>\n<p><a href=\"https:\/\/www.electronique-eci.com\/news\/objectif-6g-dans-la-bande-des-140-ghz-pour-le-cea-leti\" target=\"_blank\" rel=\"noopener\">Objectif 6G dans la bande des 140 GHz pour le CEA-Leti<\/a><\/p>\n<p><a href=\"https:\/\/www.electronique-eci.com\/news\/leurope-lance-son-grand-projet-6g-hexa-x\" target=\"_blank\" rel=\"noopener\">L\u2019Europe lance son grand projet 6G Hexa-X<\/a><\/p>\n<p><a href=\"https:\/\/www.electronique-eci.com\/news\/sipearl-fabrique-sa-puce-6nm-hpc-chez-tsmc\" target=\"_blank\" rel=\"noopener\">SiPearl fabrique sa puce 6nm HPC chez TSMC<\/a><\/p>\n<p>&nbsp;<\/p>\n","protected":false},"excerpt":{"rendered":"<p>La nouvelle selon laquelle le site de Crolles de STMicroelectronics en France va gagner une autre Fab 300 mm et une base pour le d\u00e9veloppement ult\u00e9rieur du proc\u00e9d\u00e9 FDSOI est une bonne chose pour l&rsquo;Europe, les entreprises concern\u00e9es et leurs clients.<\/p>\n","protected":false},"author":34,"featured_media":389036,"comment_status":"closed","ping_status":"closed","sticky":true,"template":"","format":"standard","meta":{"_acf_changed":false,"footnotes":""},"categories":[883],"tags":[889,1095,920,893,891,894,1604,895,1097,896,898,899,900,918,1622,902,903,919,913,1535,904,905,906,907,908,1099,890,916,910,917,1631,911,915],"domains":[47],"ppma_author":[1153],"class_list":["post-389049","post","type-post","status-publish","format-standard","has-post-thumbnail","hentry","category-technologies","tag-analog-fr","tag-artificial-intelligence","tag-artificialintelligence-fr","tag-authentication-encryption-fr","tag-automotive-fr","tag-boards-embedded-cards-fr","tag-development-kits","tag-developmentkits-fr","tag-digital-signal-processing","tag-digitalsignalprocessing-fr","tag-distributors-fr","tag-eda-cad-tools-fr","tag-electromechanical-fr","tag-embedded-fr","tag-flexible-electronics","tag-flexibleelectronics-fr","tag-interconnect-cables-fr","tag-iot-fr","tag-materials-processes-fr","tag-medical-electronics","tag-medicalelectronics-fr","tag-memory-data-storage-fr","tag-mpus-mcus-fr","tag-optoelectronics-fr","tag-plds-fpgas-asics-fr","tag-power-management","tag-powermanagement-fr","tag-rf-transmission-fr","tag-sensing-conditioning-fr","tag-software-embedded-tools-fr","tag-test-and-measurement","tag-testandmeasurement-fr","tag-wireless-communications-fr","domains-electronique-eci"],"acf":[],"yoast_head":"<title>La Fab de Crolles aidera l&#039;Europe \u00e0 rester \u00e0 la pointe ...<\/title>\n<meta name=\"description\" content=\"Le site de Crolles de STMicroelectronics en France va gagner une autre Fab 300 mm et une base pour le d\u00e9veloppement du proc\u00e9d\u00e9 FDSOI\" \/>\n<meta name=\"robots\" content=\"index, follow, max-snippet:-1, max-image-preview:large, max-video-preview:-1\" \/>\n<link rel=\"canonical\" href=\"https:\/\/www.ecinews.fr\/fr\/wp-json\/wp\/v2\/posts\/389049\/\" \/>\n<meta property=\"og:locale\" content=\"fr_FR\" \/>\n<meta property=\"og:type\" content=\"article\" \/>\n<meta property=\"og:title\" content=\"La Fab de Crolles aidera l&#039;Europe \u00e0 rester \u00e0 la pointe\" \/>\n<meta property=\"og:description\" content=\"Le site de Crolles de STMicroelectronics en France va gagner une autre Fab 300 mm et une base pour le d\u00e9veloppement du proc\u00e9d\u00e9 FDSOI\" \/>\n<meta property=\"og:url\" content=\"https:\/\/www.ecinews.fr\/fr\/wp-json\/wp\/v2\/posts\/389049\/\" \/>\n<meta property=\"og:site_name\" content=\"EENewsEurope\" \/>\n<meta property=\"article:published_time\" content=\"2022-07-12T16:54:35+00:00\" \/>\n<meta property=\"article:modified_time\" content=\"2022-07-29T17:08:35+00:00\" \/>\n<meta property=\"og:image\" content=\"https:\/\/cdn.eenewseurope.com\/wp-content\/uploads\/2022\/07\/ST-GF-Crolles-Extension.webp\" \/>\n\t<meta property=\"og:image:width\" content=\"640\" \/>\n\t<meta property=\"og:image:height\" content=\"360\" \/>\n\t<meta property=\"og:image:type\" content=\"image\/webp\" \/>\n<meta name=\"author\" content=\"A Delapalisse\" \/>\n<meta name=\"twitter:card\" content=\"summary_large_image\" \/>\n<meta name=\"twitter:label1\" content=\"Written by\" \/>\n\t<meta name=\"twitter:data1\" content=\"A Delapalisse\" \/>\n\t<meta name=\"twitter:label2\" content=\"Est. reading time\" \/>\n\t<meta name=\"twitter:data2\" content=\"7 minutes\" \/>\n<script type=\"application\/ld+json\" class=\"yoast-schema-graph\">{\"@context\":\"https:\/\/schema.org\",\"@graph\":[{\"@type\":\"Article\",\"@id\":\"https:\/\/cdn.eenewseurope.com\/fr\/la-fab-de-crolles-aidera-leurope-a-rester-a-la-pointe\/#article\",\"isPartOf\":{\"@id\":\"https:\/\/cdn.eenewseurope.com\/fr\/la-fab-de-crolles-aidera-leurope-a-rester-a-la-pointe\/\"},\"author\":{\"name\":\"A Delapalisse\",\"@id\":\"https:\/\/www.eenewseurope.com\/en\/#\/schema\/person\/0aa2cfb0bd8949724a68cbac8d8321b4\"},\"headline\":\"La Fab de Crolles aidera l&rsquo;Europe \u00e0 rester \u00e0 la pointe\",\"datePublished\":\"2022-07-12T16:54:35+00:00\",\"dateModified\":\"2022-07-29T17:08:35+00:00\",\"mainEntityOfPage\":{\"@id\":\"https:\/\/cdn.eenewseurope.com\/fr\/la-fab-de-crolles-aidera-leurope-a-rester-a-la-pointe\/\"},\"wordCount\":1597,\"publisher\":{\"@id\":\"https:\/\/www.eenewseurope.com\/en\/#organization\"},\"keywords\":[\"Analog\",\"Artificial Intelligence\",\"ArtificialIntelligence\",\"Authentication &amp; Encryption\",\"Automotive\",\"Boards &amp; Embedded Cards\",\"Development Kits\",\"DevelopmentKits\",\"Digital Signal Processing\",\"DigitalSignalProcessing\",\"Distributors\",\"EDA &amp; CAD tools\",\"Electromechanical\",\"Embedded\",\"Flexible Electronics\",\"FlexibleElectronics\",\"Interconnect &amp; cables\",\"IoT\",\"Materials &amp; processes\",\"Medical Electronics\",\"MedicalElectronics\",\"Memory &amp; Data Storage\",\"MPUs\/MCUs\",\"Optoelectronics\",\"PLDs\/FPGAs\/ASICs\",\"Power Management\",\"PowerManagement\",\"RF transmission\",\"Sensing \/ Conditioning\",\"Software &amp; Embedded tools\",\"Test and Measurement\",\"TestandMeasurement\",\"Wireless Communications\"],\"articleSection\":[\"Technologies\"],\"inLanguage\":\"fr-FR\"},{\"@type\":\"WebPage\",\"@id\":\"https:\/\/cdn.eenewseurope.com\/fr\/la-fab-de-crolles-aidera-leurope-a-rester-a-la-pointe\/\",\"url\":\"https:\/\/cdn.eenewseurope.com\/fr\/la-fab-de-crolles-aidera-leurope-a-rester-a-la-pointe\/\",\"name\":\"La Fab de Crolles aidera l'Europe \u00e0 rester \u00e0 la pointe\",\"isPartOf\":{\"@id\":\"https:\/\/www.eenewseurope.com\/en\/#website\"},\"datePublished\":\"2022-07-12T16:54:35+00:00\",\"dateModified\":\"2022-07-29T17:08:35+00:00\",\"description\":\"Le site de Crolles de STMicroelectronics en France va gagner une autre Fab 300 mm et une base pour le d\u00e9veloppement du proc\u00e9d\u00e9 FDSOI\",\"breadcrumb\":{\"@id\":\"https:\/\/cdn.eenewseurope.com\/fr\/la-fab-de-crolles-aidera-leurope-a-rester-a-la-pointe\/#breadcrumb\"},\"inLanguage\":\"fr-FR\",\"potentialAction\":[{\"@type\":\"ReadAction\",\"target\":[\"https:\/\/cdn.eenewseurope.com\/fr\/la-fab-de-crolles-aidera-leurope-a-rester-a-la-pointe\/\"]}]},{\"@type\":\"BreadcrumbList\",\"@id\":\"https:\/\/cdn.eenewseurope.com\/fr\/la-fab-de-crolles-aidera-leurope-a-rester-a-la-pointe\/#breadcrumb\",\"itemListElement\":[{\"@type\":\"ListItem\",\"position\":1,\"name\":\"Home\",\"item\":\"https:\/\/www.ecinews.fr\/fr\/\"},{\"@type\":\"ListItem\",\"position\":2,\"name\":\"La Fab de Crolles aidera l&rsquo;Europe \u00e0 rester \u00e0 la pointe\"}]},{\"@type\":\"WebSite\",\"@id\":\"https:\/\/www.eenewseurope.com\/en\/#website\",\"url\":\"https:\/\/www.eenewseurope.com\/en\/\",\"name\":\"EENewsEurope\",\"description\":\"Just another WordPress site\",\"publisher\":{\"@id\":\"https:\/\/www.eenewseurope.com\/en\/#organization\"},\"potentialAction\":[{\"@type\":\"SearchAction\",\"target\":{\"@type\":\"EntryPoint\",\"urlTemplate\":\"https:\/\/www.eenewseurope.com\/en\/?s={search_term_string}\"},\"query-input\":\"required name=search_term_string\"}],\"inLanguage\":\"fr-FR\"},{\"@type\":\"Organization\",\"@id\":\"https:\/\/www.eenewseurope.com\/en\/#organization\",\"name\":\"EENewsEurope\",\"url\":\"https:\/\/www.eenewseurope.com\/en\/\",\"logo\":{\"@type\":\"ImageObject\",\"inLanguage\":\"fr-FR\",\"@id\":\"https:\/\/www.eenewseurope.com\/en\/#\/schema\/logo\/image\/\",\"url\":\"https:\/\/www.ecinews.fr\/wp-content\/uploads\/2022\/02\/logo-1.jpg\",\"contentUrl\":\"https:\/\/www.ecinews.fr\/wp-content\/uploads\/2022\/02\/logo-1.jpg\",\"width\":283,\"height\":113,\"caption\":\"EENewsEurope\"},\"image\":{\"@id\":\"https:\/\/www.eenewseurope.com\/en\/#\/schema\/logo\/image\/\"}},{\"@type\":\"Person\",\"@id\":\"https:\/\/www.eenewseurope.com\/en\/#\/schema\/person\/0aa2cfb0bd8949724a68cbac8d8321b4\",\"name\":\"A Delapalisse\",\"image\":{\"@type\":\"ImageObject\",\"inLanguage\":\"fr-FR\",\"@id\":\"https:\/\/www.eenewseurope.com\/en\/#\/schema\/person\/image\/211ac42237c2e9683c0964086c393cb4\",\"url\":\"https:\/\/secure.gravatar.com\/avatar\/ad45a8c5da24bc9c7c4940dd1c48a695?s=96&d=mm&r=g\",\"contentUrl\":\"https:\/\/secure.gravatar.com\/avatar\/ad45a8c5da24bc9c7c4940dd1c48a695?s=96&d=mm&r=g\",\"caption\":\"A Delapalisse\"},\"sameAs\":[\"http:\/\/ECI\"]}]}<\/script>","yoast_head_json":{"title":"La Fab de Crolles aidera l'Europe \u00e0 rester \u00e0 la pointe ...","description":"Le site de Crolles de STMicroelectronics en France va gagner une autre Fab 300 mm et une base pour le d\u00e9veloppement du proc\u00e9d\u00e9 FDSOI","robots":{"index":"index","follow":"follow","max-snippet":"max-snippet:-1","max-image-preview":"max-image-preview:large","max-video-preview":"max-video-preview:-1"},"canonical":"https:\/\/www.ecinews.fr\/fr\/wp-json\/wp\/v2\/posts\/389049\/","og_locale":"fr_FR","og_type":"article","og_title":"La Fab de Crolles aidera l'Europe \u00e0 rester \u00e0 la pointe","og_description":"Le site de Crolles de STMicroelectronics en France va gagner une autre Fab 300 mm et une base pour le d\u00e9veloppement du proc\u00e9d\u00e9 FDSOI","og_url":"https:\/\/www.ecinews.fr\/fr\/wp-json\/wp\/v2\/posts\/389049\/","og_site_name":"EENewsEurope","article_published_time":"2022-07-12T16:54:35+00:00","article_modified_time":"2022-07-29T17:08:35+00:00","og_image":[{"width":640,"height":360,"url":"https:\/\/cdn.eenewseurope.com\/wp-content\/uploads\/2022\/07\/ST-GF-Crolles-Extension.webp","type":"image\/webp"}],"author":"A Delapalisse","twitter_card":"summary_large_image","twitter_misc":{"Written by":"A Delapalisse","Est. reading time":"7 minutes"},"schema":{"@context":"https:\/\/schema.org","@graph":[{"@type":"Article","@id":"https:\/\/cdn.eenewseurope.com\/fr\/la-fab-de-crolles-aidera-leurope-a-rester-a-la-pointe\/#article","isPartOf":{"@id":"https:\/\/cdn.eenewseurope.com\/fr\/la-fab-de-crolles-aidera-leurope-a-rester-a-la-pointe\/"},"author":{"name":"A Delapalisse","@id":"https:\/\/www.eenewseurope.com\/en\/#\/schema\/person\/0aa2cfb0bd8949724a68cbac8d8321b4"},"headline":"La Fab de Crolles aidera l&rsquo;Europe \u00e0 rester \u00e0 la pointe","datePublished":"2022-07-12T16:54:35+00:00","dateModified":"2022-07-29T17:08:35+00:00","mainEntityOfPage":{"@id":"https:\/\/cdn.eenewseurope.com\/fr\/la-fab-de-crolles-aidera-leurope-a-rester-a-la-pointe\/"},"wordCount":1597,"publisher":{"@id":"https:\/\/www.eenewseurope.com\/en\/#organization"},"keywords":["Analog","Artificial Intelligence","ArtificialIntelligence","Authentication &amp; Encryption","Automotive","Boards &amp; Embedded Cards","Development Kits","DevelopmentKits","Digital Signal Processing","DigitalSignalProcessing","Distributors","EDA &amp; CAD tools","Electromechanical","Embedded","Flexible Electronics","FlexibleElectronics","Interconnect &amp; cables","IoT","Materials &amp; processes","Medical Electronics","MedicalElectronics","Memory &amp; Data Storage","MPUs\/MCUs","Optoelectronics","PLDs\/FPGAs\/ASICs","Power Management","PowerManagement","RF transmission","Sensing \/ Conditioning","Software &amp; Embedded tools","Test and Measurement","TestandMeasurement","Wireless Communications"],"articleSection":["Technologies"],"inLanguage":"fr-FR"},{"@type":"WebPage","@id":"https:\/\/cdn.eenewseurope.com\/fr\/la-fab-de-crolles-aidera-leurope-a-rester-a-la-pointe\/","url":"https:\/\/cdn.eenewseurope.com\/fr\/la-fab-de-crolles-aidera-leurope-a-rester-a-la-pointe\/","name":"La Fab de Crolles aidera l'Europe \u00e0 rester \u00e0 la pointe","isPartOf":{"@id":"https:\/\/www.eenewseurope.com\/en\/#website"},"datePublished":"2022-07-12T16:54:35+00:00","dateModified":"2022-07-29T17:08:35+00:00","description":"Le site de Crolles de STMicroelectronics en France va gagner une autre Fab 300 mm et une base pour le d\u00e9veloppement du proc\u00e9d\u00e9 FDSOI","breadcrumb":{"@id":"https:\/\/cdn.eenewseurope.com\/fr\/la-fab-de-crolles-aidera-leurope-a-rester-a-la-pointe\/#breadcrumb"},"inLanguage":"fr-FR","potentialAction":[{"@type":"ReadAction","target":["https:\/\/cdn.eenewseurope.com\/fr\/la-fab-de-crolles-aidera-leurope-a-rester-a-la-pointe\/"]}]},{"@type":"BreadcrumbList","@id":"https:\/\/cdn.eenewseurope.com\/fr\/la-fab-de-crolles-aidera-leurope-a-rester-a-la-pointe\/#breadcrumb","itemListElement":[{"@type":"ListItem","position":1,"name":"Home","item":"https:\/\/www.ecinews.fr\/fr\/"},{"@type":"ListItem","position":2,"name":"La Fab de Crolles aidera l&rsquo;Europe \u00e0 rester \u00e0 la pointe"}]},{"@type":"WebSite","@id":"https:\/\/www.eenewseurope.com\/en\/#website","url":"https:\/\/www.eenewseurope.com\/en\/","name":"EENewsEurope","description":"Just another WordPress site","publisher":{"@id":"https:\/\/www.eenewseurope.com\/en\/#organization"},"potentialAction":[{"@type":"SearchAction","target":{"@type":"EntryPoint","urlTemplate":"https:\/\/www.eenewseurope.com\/en\/?s={search_term_string}"},"query-input":"required name=search_term_string"}],"inLanguage":"fr-FR"},{"@type":"Organization","@id":"https:\/\/www.eenewseurope.com\/en\/#organization","name":"EENewsEurope","url":"https:\/\/www.eenewseurope.com\/en\/","logo":{"@type":"ImageObject","inLanguage":"fr-FR","@id":"https:\/\/www.eenewseurope.com\/en\/#\/schema\/logo\/image\/","url":"https:\/\/www.ecinews.fr\/wp-content\/uploads\/2022\/02\/logo-1.jpg","contentUrl":"https:\/\/www.ecinews.fr\/wp-content\/uploads\/2022\/02\/logo-1.jpg","width":283,"height":113,"caption":"EENewsEurope"},"image":{"@id":"https:\/\/www.eenewseurope.com\/en\/#\/schema\/logo\/image\/"}},{"@type":"Person","@id":"https:\/\/www.eenewseurope.com\/en\/#\/schema\/person\/0aa2cfb0bd8949724a68cbac8d8321b4","name":"A Delapalisse","image":{"@type":"ImageObject","inLanguage":"fr-FR","@id":"https:\/\/www.eenewseurope.com\/en\/#\/schema\/person\/image\/211ac42237c2e9683c0964086c393cb4","url":"https:\/\/secure.gravatar.com\/avatar\/ad45a8c5da24bc9c7c4940dd1c48a695?s=96&d=mm&r=g","contentUrl":"https:\/\/secure.gravatar.com\/avatar\/ad45a8c5da24bc9c7c4940dd1c48a695?s=96&d=mm&r=g","caption":"A Delapalisse"},"sameAs":["http:\/\/ECI"]}]}},"authors":[{"term_id":1153,"user_id":34,"is_guest":0,"slug":"adelapalisse","display_name":"A Delapalisse","avatar_url":"https:\/\/secure.gravatar.com\/avatar\/ad45a8c5da24bc9c7c4940dd1c48a695?s=96&d=mm&r=g","0":null,"1":"","2":"","3":"","4":"","5":"","6":"","7":"","8":""}],"_links":{"self":[{"href":"https:\/\/www.ecinews.fr\/fr\/wp-json\/wp\/v2\/posts\/389049"}],"collection":[{"href":"https:\/\/www.ecinews.fr\/fr\/wp-json\/wp\/v2\/posts"}],"about":[{"href":"https:\/\/www.ecinews.fr\/fr\/wp-json\/wp\/v2\/types\/post"}],"author":[{"embeddable":true,"href":"https:\/\/www.ecinews.fr\/fr\/wp-json\/wp\/v2\/users\/34"}],"replies":[{"embeddable":true,"href":"https:\/\/www.ecinews.fr\/fr\/wp-json\/wp\/v2\/comments?post=389049"}],"version-history":[{"count":0,"href":"https:\/\/www.ecinews.fr\/fr\/wp-json\/wp\/v2\/posts\/389049\/revisions"}],"wp:featuredmedia":[{"embeddable":true,"href":"https:\/\/www.ecinews.fr\/fr\/wp-json\/wp\/v2\/media\/389036"}],"wp:attachment":[{"href":"https:\/\/www.ecinews.fr\/fr\/wp-json\/wp\/v2\/media?parent=389049"}],"wp:term":[{"taxonomy":"category","embeddable":true,"href":"https:\/\/www.ecinews.fr\/fr\/wp-json\/wp\/v2\/categories?post=389049"},{"taxonomy":"post_tag","embeddable":true,"href":"https:\/\/www.ecinews.fr\/fr\/wp-json\/wp\/v2\/tags?post=389049"},{"taxonomy":"domains","embeddable":true,"href":"https:\/\/www.ecinews.fr\/fr\/wp-json\/wp\/v2\/domains?post=389049"},{"taxonomy":"author","embeddable":true,"href":"https:\/\/www.ecinews.fr\/fr\/wp-json\/wp\/v2\/ppma_author?post=389049"}],"curies":[{"name":"wp","href":"https:\/\/api.w.org\/{rel}","templated":true}]}}