{"id":388579,"date":"2022-07-07T10:06:11","date_gmt":"2022-07-07T08:06:11","guid":{"rendered":"https:\/\/www.ecinews.fr\/?p=388579"},"modified":"2022-07-07T10:06:11","modified_gmt":"2022-07-07T08:06:11","slug":"un-capteur-de-distance-laser-pour-linterieur-et-lexterieur","status":"publish","type":"post","link":"https:\/\/www.ecinews.fr\/fr\/un-capteur-de-distance-laser-pour-linterieur-et-lexterieur\/","title":{"rendered":"Un capteur de distance laser pour l\u2019int\u00e9rieur et l\u2019ext\u00e9rieur"},"content":{"rendered":"<p>Dans la mesure du d\u00e9placement et de la distance sur de grandes trajectoires, les capteurs de distance laser optoNCDT ILR2250 fournissent des r\u00e9sultats fiables. Ces capteurs peuvent \u00eatre install\u00e9s \u00e0 l\u2019int\u00e9rieur ainsi qu\u2019\u00e0 l\u2019ext\u00e9rieur. Pour l\u2019utilisation en ext\u00e9rieur, les capteurs de distance laser sont disponibles avec chauffage et refroidissement ce qui permet leur fonctionnement avec des temp\u00e9ratures de -40 \u00b0C \u00e0 +65 \u00b0C. Leur construction avec un boitier en aluminium moul\u00e9 sous pression, est \u00e9galement tr\u00e8s robuste.<\/p>\n<p>Les r\u00e9sultats de mesure sont fiables et pr\u00e9cis pour les distances jusqu\u2019\u00e0 150 m. Ceci s\u2019applique \u00e9galement aux surfaces fonc\u00e9es, structur\u00e9es et faiblement r\u00e9fl\u00e9chissantes. Les diff\u00e9rents modes de mesure permettent l\u2019adaptation \u00e0 la t\u00e2che de mesure respective.<\/p>\n<p>Le capteur de distance laser est utilis\u00e9, entre autres, dans la logistique, l\u2019automatisation, l\u2019industrie m\u00e9tallurgique et la surveillance de production.<\/p>\n<p><a title=\"www.micro-epsilon.fr\" href=\"http:\/\/www.micro-epsilon.fr\">www.micro-epsilon.fr<\/a><\/p>\n","protected":false},"excerpt":{"rendered":"<p>Pour mesurer des distances \u00e0 l\u2019int\u00e9rieur ou l\u2019ext\u00e9rieur, les capteurs de distance laser optoNCDT ILR2250-100-H de Micro-Epsilon sont disponibles avec des \u00e9l\u00e9ments de chauffage et de refroidissement pour fournir des r\u00e9sultats stables dans les plages de mesure jusqu\u2019\u00e0 150 m.<\/p>\n","protected":false},"author":36,"featured_media":388580,"comment_status":"closed","ping_status":"closed","sticky":false,"template":"","format":"standard","meta":{"_acf_changed":false,"footnotes":""},"categories":[881],"tags":[937],"domains":[47],"ppma_author":[1154],"class_list":["post-388579","post","type-post","status-publish","format-standard","has-post-thumbnail","hentry","category-nouveaux-produits","tag-capteur","domains-electronique-eci"],"acf":[],"yoast_head":"<title>Un capteur de distance laser pour l\u2019int\u00e9rieur et l\u2019ext\u00e9ri...<\/title>\n<meta name=\"description\" content=\"Pour mesurer des distances \u00e0 l\u2019int\u00e9rieur ou l\u2019ext\u00e9rieur, les capteurs de distance laser optoNCDT ILR2250-100-H de Micro-Epsilon sont disponibles avec...\" \/>\n<meta name=\"robots\" content=\"index, follow, max-snippet:-1, max-image-preview:large, max-video-preview:-1\" \/>\n<link rel=\"canonical\" href=\"https:\/\/www.ecinews.fr\/fr\/wp-json\/wp\/v2\/posts\/388579\/\" \/>\n<meta property=\"og:locale\" content=\"fr_FR\" \/>\n<meta property=\"og:type\" content=\"article\" \/>\n<meta property=\"og:title\" content=\"Un capteur de distance laser pour l\u2019int\u00e9rieur et l\u2019ext\u00e9rieur\" \/>\n<meta property=\"og:description\" content=\"Pour mesurer des distances \u00e0 l\u2019int\u00e9rieur ou l\u2019ext\u00e9rieur, les capteurs de distance laser optoNCDT ILR2250-100-H de Micro-Epsilon sont disponibles avec des \u00e9l\u00e9ments de chauffage et de refroidissement pour fournir des r\u00e9sultats stables dans les plages de mesure jusqu\u2019\u00e0 150 m.\" \/>\n<meta property=\"og:url\" content=\"https:\/\/www.ecinews.fr\/fr\/wp-json\/wp\/v2\/posts\/388579\/\" \/>\n<meta property=\"og:site_name\" content=\"EENewsEurope\" \/>\n<meta property=\"article:published_time\" content=\"2022-07-07T08:06:11+00:00\" \/>\n<meta property=\"og:image\" content=\"https:\/\/www.ecinews.fr\/wp-content\/uploads\/2022\/07\/ECI1294_Micro_Epsilon-scaled.jpg\" \/>\n\t<meta property=\"og:image:width\" content=\"1080\" \/>\n\t<meta property=\"og:image:height\" content=\"826\" \/>\n\t<meta property=\"og:image:type\" content=\"image\/jpeg\" \/>\n<meta name=\"author\" content=\"Alain Dieul\" \/>\n<meta name=\"twitter:card\" content=\"summary_large_image\" \/>\n<meta name=\"twitter:label1\" content=\"Written by\" \/>\n\t<meta name=\"twitter:data1\" content=\"Alain Dieul\" \/>\n\t<meta name=\"twitter:label2\" content=\"Est. reading time\" \/>\n\t<meta name=\"twitter:data2\" content=\"1 minute\" \/>\n<script type=\"application\/ld+json\" class=\"yoast-schema-graph\">{\"@context\":\"https:\/\/schema.org\",\"@graph\":[{\"@type\":\"Article\",\"@id\":\"https:\/\/www.ecinews.fr\/fr\/un-capteur-de-distance-laser-pour-linterieur-et-lexterieur\/#article\",\"isPartOf\":{\"@id\":\"https:\/\/www.ecinews.fr\/fr\/un-capteur-de-distance-laser-pour-linterieur-et-lexterieur\/\"},\"author\":{\"name\":\"Alain Dieul\",\"@id\":\"https:\/\/www.ecinews.fr\/fr\/#\/schema\/person\/e4387676ad67ce722325c7832f3c3762\"},\"headline\":\"Un capteur de distance laser pour l\u2019int\u00e9rieur et l\u2019ext\u00e9rieur\",\"datePublished\":\"2022-07-07T08:06:11+00:00\",\"dateModified\":\"2022-07-07T08:06:11+00:00\",\"mainEntityOfPage\":{\"@id\":\"https:\/\/www.ecinews.fr\/fr\/un-capteur-de-distance-laser-pour-linterieur-et-lexterieur\/\"},\"wordCount\":169,\"publisher\":{\"@id\":\"https:\/\/www.ecinews.fr\/fr\/#organization\"},\"keywords\":[\"Capteur\"],\"articleSection\":[\"Nouveaux produits\"],\"inLanguage\":\"fr-FR\"},{\"@type\":\"WebPage\",\"@id\":\"https:\/\/www.ecinews.fr\/fr\/un-capteur-de-distance-laser-pour-linterieur-et-lexterieur\/\",\"url\":\"https:\/\/www.ecinews.fr\/fr\/un-capteur-de-distance-laser-pour-linterieur-et-lexterieur\/\",\"name\":\"Un capteur de distance laser pour l\u2019int\u00e9rieur et l\u2019ext\u00e9rieur -\",\"isPartOf\":{\"@id\":\"https:\/\/www.ecinews.fr\/fr\/#website\"},\"datePublished\":\"2022-07-07T08:06:11+00:00\",\"dateModified\":\"2022-07-07T08:06:11+00:00\",\"breadcrumb\":{\"@id\":\"https:\/\/www.ecinews.fr\/fr\/un-capteur-de-distance-laser-pour-linterieur-et-lexterieur\/#breadcrumb\"},\"inLanguage\":\"fr-FR\",\"potentialAction\":[{\"@type\":\"ReadAction\",\"target\":[\"https:\/\/www.ecinews.fr\/fr\/un-capteur-de-distance-laser-pour-linterieur-et-lexterieur\/\"]}]},{\"@type\":\"BreadcrumbList\",\"@id\":\"https:\/\/www.ecinews.fr\/fr\/un-capteur-de-distance-laser-pour-linterieur-et-lexterieur\/#breadcrumb\",\"itemListElement\":[{\"@type\":\"ListItem\",\"position\":1,\"name\":\"Home\",\"item\":\"https:\/\/www.ecinews.fr\/fr\/\"},{\"@type\":\"ListItem\",\"position\":2,\"name\":\"Un capteur de distance laser pour l\u2019int\u00e9rieur et l\u2019ext\u00e9rieur\"}]},{\"@type\":\"WebSite\",\"@id\":\"https:\/\/www.ecinews.fr\/fr\/#website\",\"url\":\"https:\/\/www.ecinews.fr\/fr\/\",\"name\":\"EENewsEurope\",\"description\":\"Just another WordPress site\",\"publisher\":{\"@id\":\"https:\/\/www.ecinews.fr\/fr\/#organization\"},\"potentialAction\":[{\"@type\":\"SearchAction\",\"target\":{\"@type\":\"EntryPoint\",\"urlTemplate\":\"https:\/\/www.ecinews.fr\/fr\/?s={search_term_string}\"},\"query-input\":\"required name=search_term_string\"}],\"inLanguage\":\"fr-FR\"},{\"@type\":\"Organization\",\"@id\":\"https:\/\/www.ecinews.fr\/fr\/#organization\",\"name\":\"EENewsEurope\",\"url\":\"https:\/\/www.ecinews.fr\/fr\/\",\"logo\":{\"@type\":\"ImageObject\",\"inLanguage\":\"fr-FR\",\"@id\":\"https:\/\/www.ecinews.fr\/fr\/#\/schema\/logo\/image\/\",\"url\":\"https:\/\/www.ecinews.fr\/wp-content\/uploads\/2022\/02\/logo-1.jpg\",\"contentUrl\":\"https:\/\/www.ecinews.fr\/wp-content\/uploads\/2022\/02\/logo-1.jpg\",\"width\":283,\"height\":113,\"caption\":\"EENewsEurope\"},\"image\":{\"@id\":\"https:\/\/www.ecinews.fr\/fr\/#\/schema\/logo\/image\/\"}},{\"@type\":\"Person\",\"@id\":\"https:\/\/www.ecinews.fr\/fr\/#\/schema\/person\/e4387676ad67ce722325c7832f3c3762\",\"name\":\"Alain Dieul\",\"image\":{\"@type\":\"ImageObject\",\"inLanguage\":\"fr-FR\",\"@id\":\"https:\/\/www.ecinews.fr\/fr\/#\/schema\/person\/image\/736120675699dbbf0f0f282b9a9cfb75\",\"url\":\"https:\/\/secure.gravatar.com\/avatar\/bc93b056d07515be5b8eecd4acf49c5c?s=96&d=mm&r=g\",\"contentUrl\":\"https:\/\/secure.gravatar.com\/avatar\/bc93b056d07515be5b8eecd4acf49c5c?s=96&d=mm&r=g\",\"caption\":\"Alain Dieul\"},\"sameAs\":[\"http:\/\/ECINews\"]}]}<\/script>","yoast_head_json":{"title":"Un capteur de distance laser pour l\u2019int\u00e9rieur et l\u2019ext\u00e9ri...","description":"Pour mesurer des distances \u00e0 l\u2019int\u00e9rieur ou l\u2019ext\u00e9rieur, les capteurs de distance laser optoNCDT ILR2250-100-H de Micro-Epsilon sont disponibles avec...","robots":{"index":"index","follow":"follow","max-snippet":"max-snippet:-1","max-image-preview":"max-image-preview:large","max-video-preview":"max-video-preview:-1"},"canonical":"https:\/\/www.ecinews.fr\/fr\/wp-json\/wp\/v2\/posts\/388579\/","og_locale":"fr_FR","og_type":"article","og_title":"Un capteur de distance laser pour l\u2019int\u00e9rieur et l\u2019ext\u00e9rieur","og_description":"Pour mesurer des distances \u00e0 l\u2019int\u00e9rieur ou l\u2019ext\u00e9rieur, les capteurs de distance laser optoNCDT ILR2250-100-H de Micro-Epsilon sont disponibles avec des \u00e9l\u00e9ments de chauffage et de refroidissement pour fournir des r\u00e9sultats stables dans les plages de mesure jusqu\u2019\u00e0 150 m.","og_url":"https:\/\/www.ecinews.fr\/fr\/wp-json\/wp\/v2\/posts\/388579\/","og_site_name":"EENewsEurope","article_published_time":"2022-07-07T08:06:11+00:00","og_image":[{"width":1080,"height":826,"url":"https:\/\/www.ecinews.fr\/wp-content\/uploads\/2022\/07\/ECI1294_Micro_Epsilon-scaled.jpg","type":"image\/jpeg"}],"author":"Alain Dieul","twitter_card":"summary_large_image","twitter_misc":{"Written by":"Alain Dieul","Est. reading time":"1 minute"},"schema":{"@context":"https:\/\/schema.org","@graph":[{"@type":"Article","@id":"https:\/\/www.ecinews.fr\/fr\/un-capteur-de-distance-laser-pour-linterieur-et-lexterieur\/#article","isPartOf":{"@id":"https:\/\/www.ecinews.fr\/fr\/un-capteur-de-distance-laser-pour-linterieur-et-lexterieur\/"},"author":{"name":"Alain Dieul","@id":"https:\/\/www.ecinews.fr\/fr\/#\/schema\/person\/e4387676ad67ce722325c7832f3c3762"},"headline":"Un capteur de distance laser pour l\u2019int\u00e9rieur et l\u2019ext\u00e9rieur","datePublished":"2022-07-07T08:06:11+00:00","dateModified":"2022-07-07T08:06:11+00:00","mainEntityOfPage":{"@id":"https:\/\/www.ecinews.fr\/fr\/un-capteur-de-distance-laser-pour-linterieur-et-lexterieur\/"},"wordCount":169,"publisher":{"@id":"https:\/\/www.ecinews.fr\/fr\/#organization"},"keywords":["Capteur"],"articleSection":["Nouveaux produits"],"inLanguage":"fr-FR"},{"@type":"WebPage","@id":"https:\/\/www.ecinews.fr\/fr\/un-capteur-de-distance-laser-pour-linterieur-et-lexterieur\/","url":"https:\/\/www.ecinews.fr\/fr\/un-capteur-de-distance-laser-pour-linterieur-et-lexterieur\/","name":"Un capteur de distance laser pour l\u2019int\u00e9rieur et l\u2019ext\u00e9rieur -","isPartOf":{"@id":"https:\/\/www.ecinews.fr\/fr\/#website"},"datePublished":"2022-07-07T08:06:11+00:00","dateModified":"2022-07-07T08:06:11+00:00","breadcrumb":{"@id":"https:\/\/www.ecinews.fr\/fr\/un-capteur-de-distance-laser-pour-linterieur-et-lexterieur\/#breadcrumb"},"inLanguage":"fr-FR","potentialAction":[{"@type":"ReadAction","target":["https:\/\/www.ecinews.fr\/fr\/un-capteur-de-distance-laser-pour-linterieur-et-lexterieur\/"]}]},{"@type":"BreadcrumbList","@id":"https:\/\/www.ecinews.fr\/fr\/un-capteur-de-distance-laser-pour-linterieur-et-lexterieur\/#breadcrumb","itemListElement":[{"@type":"ListItem","position":1,"name":"Home","item":"https:\/\/www.ecinews.fr\/fr\/"},{"@type":"ListItem","position":2,"name":"Un capteur de distance laser pour l\u2019int\u00e9rieur et l\u2019ext\u00e9rieur"}]},{"@type":"WebSite","@id":"https:\/\/www.ecinews.fr\/fr\/#website","url":"https:\/\/www.ecinews.fr\/fr\/","name":"EENewsEurope","description":"Just another WordPress site","publisher":{"@id":"https:\/\/www.ecinews.fr\/fr\/#organization"},"potentialAction":[{"@type":"SearchAction","target":{"@type":"EntryPoint","urlTemplate":"https:\/\/www.ecinews.fr\/fr\/?s={search_term_string}"},"query-input":"required name=search_term_string"}],"inLanguage":"fr-FR"},{"@type":"Organization","@id":"https:\/\/www.ecinews.fr\/fr\/#organization","name":"EENewsEurope","url":"https:\/\/www.ecinews.fr\/fr\/","logo":{"@type":"ImageObject","inLanguage":"fr-FR","@id":"https:\/\/www.ecinews.fr\/fr\/#\/schema\/logo\/image\/","url":"https:\/\/www.ecinews.fr\/wp-content\/uploads\/2022\/02\/logo-1.jpg","contentUrl":"https:\/\/www.ecinews.fr\/wp-content\/uploads\/2022\/02\/logo-1.jpg","width":283,"height":113,"caption":"EENewsEurope"},"image":{"@id":"https:\/\/www.ecinews.fr\/fr\/#\/schema\/logo\/image\/"}},{"@type":"Person","@id":"https:\/\/www.ecinews.fr\/fr\/#\/schema\/person\/e4387676ad67ce722325c7832f3c3762","name":"Alain Dieul","image":{"@type":"ImageObject","inLanguage":"fr-FR","@id":"https:\/\/www.ecinews.fr\/fr\/#\/schema\/person\/image\/736120675699dbbf0f0f282b9a9cfb75","url":"https:\/\/secure.gravatar.com\/avatar\/bc93b056d07515be5b8eecd4acf49c5c?s=96&d=mm&r=g","contentUrl":"https:\/\/secure.gravatar.com\/avatar\/bc93b056d07515be5b8eecd4acf49c5c?s=96&d=mm&r=g","caption":"Alain Dieul"},"sameAs":["http:\/\/ECINews"]}]}},"authors":[{"term_id":1154,"user_id":36,"is_guest":0,"slug":"alain-dieul","display_name":"Alain Dieul","avatar_url":"https:\/\/secure.gravatar.com\/avatar\/bc93b056d07515be5b8eecd4acf49c5c?s=96&d=mm&r=g","0":null,"1":"","2":"","3":"","4":"","5":"","6":"","7":"","8":""}],"_links":{"self":[{"href":"https:\/\/www.ecinews.fr\/fr\/wp-json\/wp\/v2\/posts\/388579"}],"collection":[{"href":"https:\/\/www.ecinews.fr\/fr\/wp-json\/wp\/v2\/posts"}],"about":[{"href":"https:\/\/www.ecinews.fr\/fr\/wp-json\/wp\/v2\/types\/post"}],"author":[{"embeddable":true,"href":"https:\/\/www.ecinews.fr\/fr\/wp-json\/wp\/v2\/users\/36"}],"replies":[{"embeddable":true,"href":"https:\/\/www.ecinews.fr\/fr\/wp-json\/wp\/v2\/comments?post=388579"}],"version-history":[{"count":0,"href":"https:\/\/www.ecinews.fr\/fr\/wp-json\/wp\/v2\/posts\/388579\/revisions"}],"wp:featuredmedia":[{"embeddable":true,"href":"https:\/\/www.ecinews.fr\/fr\/wp-json\/wp\/v2\/media\/388580"}],"wp:attachment":[{"href":"https:\/\/www.ecinews.fr\/fr\/wp-json\/wp\/v2\/media?parent=388579"}],"wp:term":[{"taxonomy":"category","embeddable":true,"href":"https:\/\/www.ecinews.fr\/fr\/wp-json\/wp\/v2\/categories?post=388579"},{"taxonomy":"post_tag","embeddable":true,"href":"https:\/\/www.ecinews.fr\/fr\/wp-json\/wp\/v2\/tags?post=388579"},{"taxonomy":"domains","embeddable":true,"href":"https:\/\/www.ecinews.fr\/fr\/wp-json\/wp\/v2\/domains?post=388579"},{"taxonomy":"author","embeddable":true,"href":"https:\/\/www.ecinews.fr\/fr\/wp-json\/wp\/v2\/ppma_author?post=388579"}],"curies":[{"name":"wp","href":"https:\/\/api.w.org\/{rel}","templated":true}]}}