{"id":388560,"date":"2022-07-06T21:20:59","date_gmt":"2022-07-06T19:20:59","guid":{"rendered":"https:\/\/www.eenewsanalog.com\/?p=388560"},"modified":"2022-07-07T09:59:15","modified_gmt":"2022-07-07T07:59:15","slug":"en-baisse-la-croissance-annuelle-du-marche-des-puces-continue-de-ralentir-en-mai","status":"publish","type":"post","link":"https:\/\/www.ecinews.fr\/fr\/en-baisse-la-croissance-annuelle-du-marche-des-puces-continue-de-ralentir-en-mai\/","title":{"rendered":"Le march\u00e9 des semiconducteurs en baisse au premier trimestre"},"content":{"rendered":"<p><span class=\"VIiyi\" lang=\"fr\"><span class=\"JLqJ4b\" data-language-for-alternatives=\"fr\" data-language-to-translate-into=\"en\" data-phrase-index=\"0\" data-number-of-phrases=\"1\"><span class=\"Q4iAWc\">Les tendances r\u00e9centes du march\u00e9 mondial des puces se sont poursuivies en mai, la r\u00e9gion des Am\u00e9riques conservant une forte croissance tandis que la croissance annuelle du march\u00e9 chinois a de nouveau chut\u00e9. <\/span><\/span><\/span><\/p>\n<p><span class=\"VIiyi\" lang=\"fr\"><span class=\"JLqJ4b\" data-language-for-alternatives=\"fr\" data-language-to-translate-into=\"en\" data-phrase-index=\"0\" data-number-of-phrases=\"1\"><span class=\"Q4iAWc\">Le march\u00e9 mondial des puces valait 51,8 milliards de dollars en mai, selon l&rsquo;Association europ\u00e9enne de l&rsquo;industrie des semiconducteurs. Le chiffre des ventes est bas\u00e9 sur la moyenne sur trois mois des ventes r\u00e9elles en mai, avril et mars, compil\u00e9e par l&rsquo;organisation World Semiconductor Trade Statistics (WSTS).<\/span><\/span><\/span><\/p>\n<p class=\"title\"><a href=\"https:\/\/www.ecinews.fr\/fr\/le-marche-des-semiconducteurs-baisse-au-t1-22\/\" target=\"_blank\" rel=\"noopener\">Le march\u00e9 des semiconducteurs en baisse au premier trimestre<\/a><\/p>\n<p><span class=\"VIiyi\" lang=\"fr\"><span class=\"JLqJ4b\" data-language-for-alternatives=\"fr\" data-language-to-translate-into=\"en\" data-phrase-index=\"0\" data-number-of-phrases=\"1\"><span class=\"Q4iAWc\">La croissance annuelle du march\u00e9 des puces en Chine est pass\u00e9e de 21,8% en f\u00e9vrier \u00e0 17,3% en mars, 13,3% en avril et 9,1% en mai. Compte tenu de la taille du march\u00e9 chinois et de la nature 3MMA (moyenne glissante sur 3 mois) des donn\u00e9es, ce mouvement est extr\u00eame. Le d\u00e9clin de la Chine est probablement d\u00fb en partie \u00e0 un certain nombre de fermetures de villes et de suspensions de travail au cours du mois de mai et des mois pr\u00e9c\u00e9dents.<\/span><\/span><\/span><\/p>\n<p><span class=\"VIiyi\" lang=\"fr\"><span class=\"JLqJ4b\" data-language-for-alternatives=\"fr\" data-language-to-translate-into=\"en\" data-phrase-index=\"0\" data-number-of-phrases=\"1\"><span class=\"Q4iAWc\">Les ventes de semiconducteurs en Chine repr\u00e9sentent environ un tiers du march\u00e9 mondial et les changements intervenus en Chine ont donc contribu\u00e9 \u00e0 r\u00e9duire la croissance annuelle du march\u00e9 mondial des puces. Ce chiffre est pass\u00e9 de 32,4 % en f\u00e9vrier \u00e0 18,0 % en mai. La croissance annuelle de la r\u00e9gion Am\u00e9riques est rest\u00e9e \u00e9lev\u00e9e \u00e0 36,9 %, mais il convient de noter qu&rsquo;elle est pass\u00e9e en dessous de 40 % pour la premi\u00e8re fois depuis plusieurs mois. <\/span><\/span><\/span><\/p>\n<p><span class=\"VIiyi\" lang=\"fr\"><span class=\"JLqJ4b\" data-language-for-alternatives=\"fr\" data-language-to-translate-into=\"en\" data-phrase-index=\"0\" data-number-of-phrases=\"1\"><span class=\"Q4iAWc\">L&rsquo;Europe et le Japon ont r\u00e9alis\u00e9 une croissance annuelle de 16,1 et 19,8 %, respectivement.<\/span><\/span><\/span><\/p>\n<p><span class=\"VIiyi\" lang=\"fr\"><span class=\"JLqJ4b\" data-language-for-alternatives=\"fr\" data-language-to-translate-into=\"en\" data-phrase-index=\"0\" data-number-of-phrases=\"1\"><span class=\"Q4iAWc\">Les donn\u00e9es mensuelles sont fournies par la SIA sous la forme d&rsquo;une moyenne sur trois mois, bien que la source des donn\u00e9es, World Semiconductor Trade Statistics, suive les donn\u00e9es mensuelles. La SIA et d&rsquo;autres organismes r\u00e9gionaux de l&rsquo;industrie des semiconducteurs choisissent d&rsquo;utiliser des donn\u00e9es moyennes car elles \u00e9galisent les donn\u00e9es r\u00e9elles qui montrent g\u00e9n\u00e9ralement des creux au d\u00e9but des trimestres et des pics \u00e0 la fin des trimestres.<\/span><\/span><\/span><\/p>\n<p><strong>Liens utiles:<\/strong><\/p>\n<p><a href=\"https:\/\/www.eusemiconductors.eu\">www.eusemiconductors.eu<\/a><\/p>\n<p><a href=\"https:\/\/www.semiconductors.org\">www.semiconductors.org<\/a><\/p>\n<p><strong>Autres articles:<\/strong><\/p>\n<p class=\"title\"><a href=\"https:\/\/www.ecinews.fr\/fr\/le-marche-des-semiconducteurs-va-se-retourner-en-2023\/\" target=\"_blank\" rel=\"noopener\">Le march\u00e9 des semiconducteurs va se retourner en 2023<\/a><\/p>\n<div class=\"title-wrapper\">\n<p class=\"title\"><a href=\"https:\/\/www.ecinews.fr\/fr\/situation-du-marche-francais-des-semiconducteurs-au-premier-trimestre-2022\/\" target=\"_blank\" rel=\"noopener\">Situation du march\u00e9 fran\u00e7ais des semiconducteurs au premier trimestre 2022<\/a><\/p>\n<\/div>\n<p>&nbsp;<\/p>\n<p>&nbsp;<\/p>\n","protected":false},"excerpt":{"rendered":"<p>Les tendances r\u00e9centes du march\u00e9 mondial des puces se sont poursuivies en mai,<\/p>\n","protected":false},"author":34,"featured_media":388405,"comment_status":"closed","ping_status":"closed","sticky":true,"template":"","format":"standard","meta":{"_acf_changed":false,"footnotes":""},"categories":[880,21],"tags":[889,1095,920,891,909,894,1096,912,1604,895,1097,896,897,898,899,900,918,1098,901,1622,902,903,919,892,913,1535,904,905,907,908,1099,890,916,910,917,914],"domains":[47],"ppma_author":[1153],"class_list":["post-388560","post","type-post","status-publish","format-standard","has-post-thumbnail","hentry","category-actualites-economiques","category-market-news","tag-analog-fr","tag-artificial-intelligence","tag-artificialintelligence-fr","tag-automotive-fr","tag-batteries-power-supplies-fr","tag-boards-embedded-cards-fr","tag-data-acquisition","tag-dataacquisition-fr","tag-development-kits","tag-developmentkits-fr","tag-digital-signal-processing","tag-digitalsignalprocessing-fr","tag-displays-interfaces-fr","tag-distributors-fr","tag-eda-cad-tools-fr","tag-electromechanical-fr","tag-embedded-fr","tag-energy-harvesting","tag-energyharvesting-fr","tag-flexible-electronics","tag-flexibleelectronics-fr","tag-interconnect-cables-fr","tag-iot-fr","tag-ledlighting-fr","tag-materials-processes-fr","tag-medical-electronics","tag-medicalelectronics-fr","tag-memory-data-storage-fr","tag-optoelectronics-fr","tag-plds-fpgas-asics-fr","tag-power-management","tag-powermanagement-fr","tag-rf-transmission-fr","tag-sensing-conditioning-fr","tag-software-embedded-tools-fr","tag-wearables-fr","domains-electronique-eci"],"acf":[],"yoast_head":"<title>En baisse: la croissance du march\u00e9 des puces continue de ralen...<\/title>\n<meta name=\"description\" content=\"En baisse: la croissance annuelle du march\u00e9 des puces continue de ralentir en mai malgr\u00e9 une forte croissance aux USA\" \/>\n<meta name=\"robots\" content=\"index, follow, max-snippet:-1, max-image-preview:large, max-video-preview:-1\" \/>\n<link rel=\"canonical\" href=\"https:\/\/www.ecinews.fr\/fr\/wp-json\/wp\/v2\/posts\/388560\/\" \/>\n<meta property=\"og:locale\" content=\"fr_FR\" \/>\n<meta property=\"og:type\" content=\"article\" \/>\n<meta property=\"og:title\" content=\"Le march\u00e9 des semiconducteurs en baisse au premier trimestre\" \/>\n<meta property=\"og:description\" content=\"En baisse: la croissance annuelle du march\u00e9 des puces continue de ralentir en mai malgr\u00e9 une forte croissance aux USA\" \/>\n<meta property=\"og:url\" content=\"https:\/\/www.ecinews.fr\/fr\/wp-json\/wp\/v2\/posts\/388560\/\" \/>\n<meta property=\"og:site_name\" content=\"EENewsEurope\" \/>\n<meta property=\"article:published_time\" content=\"2022-07-06T19:20:59+00:00\" \/>\n<meta property=\"article:modified_time\" content=\"2022-07-07T07:59:15+00:00\" \/>\n<meta property=\"og:image\" content=\"https:\/\/www.eenewseurope.com\/wp-content\/uploads\/2022\/07\/Liftdown630.jpg\" \/>\n\t<meta property=\"og:image:width\" content=\"630\" \/>\n\t<meta property=\"og:image:height\" content=\"380\" \/>\n\t<meta property=\"og:image:type\" content=\"image\/jpeg\" \/>\n<meta name=\"author\" content=\"A Delapalisse\" \/>\n<meta name=\"twitter:card\" content=\"summary_large_image\" \/>\n<meta name=\"twitter:label1\" content=\"Written by\" \/>\n\t<meta name=\"twitter:data1\" content=\"A Delapalisse\" \/>\n\t<meta name=\"twitter:label2\" content=\"Est. reading time\" \/>\n\t<meta name=\"twitter:data2\" content=\"2 minutes\" \/>\n<script type=\"application\/ld+json\" class=\"yoast-schema-graph\">{\"@context\":\"https:\/\/schema.org\",\"@graph\":[{\"@type\":\"Article\",\"@id\":\"https:\/\/www.eenewseurope.com\/fr\/en-baisse-la-croissance-annuelle-du-marche-des-puces-continue-de-ralentir-en-mai\/#article\",\"isPartOf\":{\"@id\":\"https:\/\/www.eenewseurope.com\/fr\/en-baisse-la-croissance-annuelle-du-marche-des-puces-continue-de-ralentir-en-mai\/\"},\"author\":{\"name\":\"A Delapalisse\",\"@id\":\"https:\/\/www.eenewseurope.com\/en\/#\/schema\/person\/0aa2cfb0bd8949724a68cbac8d8321b4\"},\"headline\":\"Le march\u00e9 des semiconducteurs en baisse au premier trimestre\",\"datePublished\":\"2022-07-06T19:20:59+00:00\",\"dateModified\":\"2022-07-07T07:59:15+00:00\",\"mainEntityOfPage\":{\"@id\":\"https:\/\/www.eenewseurope.com\/fr\/en-baisse-la-croissance-annuelle-du-marche-des-puces-continue-de-ralentir-en-mai\/\"},\"wordCount\":392,\"publisher\":{\"@id\":\"https:\/\/www.eenewseurope.com\/en\/#organization\"},\"keywords\":[\"Analog\",\"Artificial Intelligence\",\"ArtificialIntelligence\",\"Automotive\",\"Batteries \/ Power Supplies\",\"Boards &amp; Embedded Cards\",\"Data Acquisition\",\"DataAcquisition\",\"Development Kits\",\"DevelopmentKits\",\"Digital Signal Processing\",\"DigitalSignalProcessing\",\"Displays &amp; Interfaces\",\"Distributors\",\"EDA &amp; CAD tools\",\"Electromechanical\",\"Embedded\",\"Energy Harvesting\",\"EnergyHarvesting\",\"Flexible Electronics\",\"FlexibleElectronics\",\"Interconnect &amp; cables\",\"IoT\",\"LEDlighting\",\"Materials &amp; processes\",\"Medical Electronics\",\"MedicalElectronics\",\"Memory &amp; Data Storage\",\"Optoelectronics\",\"PLDs\/FPGAs\/ASICs\",\"Power Management\",\"PowerManagement\",\"RF transmission\",\"Sensing \/ Conditioning\",\"Software &amp; Embedded tools\",\"Wearables\"],\"articleSection\":[\"Actualit\u00e9s \u00e9conomiques\",\"Market news\"],\"inLanguage\":\"fr-FR\"},{\"@type\":\"WebPage\",\"@id\":\"https:\/\/www.eenewseurope.com\/fr\/en-baisse-la-croissance-annuelle-du-marche-des-puces-continue-de-ralentir-en-mai\/\",\"url\":\"https:\/\/www.eenewseurope.com\/fr\/en-baisse-la-croissance-annuelle-du-marche-des-puces-continue-de-ralentir-en-mai\/\",\"name\":\"En baisse: la croissance du march\u00e9 des puces continue de ralentir en mai\",\"isPartOf\":{\"@id\":\"https:\/\/www.eenewseurope.com\/en\/#website\"},\"datePublished\":\"2022-07-06T19:20:59+00:00\",\"dateModified\":\"2022-07-07T07:59:15+00:00\",\"description\":\"En baisse: la croissance annuelle du march\u00e9 des puces continue de ralentir en mai malgr\u00e9 une forte croissance aux USA\",\"breadcrumb\":{\"@id\":\"https:\/\/www.eenewseurope.com\/fr\/en-baisse-la-croissance-annuelle-du-marche-des-puces-continue-de-ralentir-en-mai\/#breadcrumb\"},\"inLanguage\":\"fr-FR\",\"potentialAction\":[{\"@type\":\"ReadAction\",\"target\":[\"https:\/\/www.eenewseurope.com\/fr\/en-baisse-la-croissance-annuelle-du-marche-des-puces-continue-de-ralentir-en-mai\/\"]}]},{\"@type\":\"BreadcrumbList\",\"@id\":\"https:\/\/www.eenewseurope.com\/fr\/en-baisse-la-croissance-annuelle-du-marche-des-puces-continue-de-ralentir-en-mai\/#breadcrumb\",\"itemListElement\":[{\"@type\":\"ListItem\",\"position\":1,\"name\":\"Home\",\"item\":\"https:\/\/www.ecinews.fr\/fr\/\"},{\"@type\":\"ListItem\",\"position\":2,\"name\":\"Le march\u00e9 des semiconducteurs en baisse au premier trimestre\"}]},{\"@type\":\"WebSite\",\"@id\":\"https:\/\/www.eenewseurope.com\/en\/#website\",\"url\":\"https:\/\/www.eenewseurope.com\/en\/\",\"name\":\"EENewsEurope\",\"description\":\"Just another WordPress site\",\"publisher\":{\"@id\":\"https:\/\/www.eenewseurope.com\/en\/#organization\"},\"potentialAction\":[{\"@type\":\"SearchAction\",\"target\":{\"@type\":\"EntryPoint\",\"urlTemplate\":\"https:\/\/www.eenewseurope.com\/en\/?s={search_term_string}\"},\"query-input\":\"required name=search_term_string\"}],\"inLanguage\":\"fr-FR\"},{\"@type\":\"Organization\",\"@id\":\"https:\/\/www.eenewseurope.com\/en\/#organization\",\"name\":\"EENewsEurope\",\"url\":\"https:\/\/www.eenewseurope.com\/en\/\",\"logo\":{\"@type\":\"ImageObject\",\"inLanguage\":\"fr-FR\",\"@id\":\"https:\/\/www.eenewseurope.com\/en\/#\/schema\/logo\/image\/\",\"url\":\"https:\/\/www.ecinews.fr\/wp-content\/uploads\/2022\/02\/logo-1.jpg\",\"contentUrl\":\"https:\/\/www.ecinews.fr\/wp-content\/uploads\/2022\/02\/logo-1.jpg\",\"width\":283,\"height\":113,\"caption\":\"EENewsEurope\"},\"image\":{\"@id\":\"https:\/\/www.eenewseurope.com\/en\/#\/schema\/logo\/image\/\"}},{\"@type\":\"Person\",\"@id\":\"https:\/\/www.eenewseurope.com\/en\/#\/schema\/person\/0aa2cfb0bd8949724a68cbac8d8321b4\",\"name\":\"A Delapalisse\",\"image\":{\"@type\":\"ImageObject\",\"inLanguage\":\"fr-FR\",\"@id\":\"https:\/\/www.eenewseurope.com\/en\/#\/schema\/person\/image\/211ac42237c2e9683c0964086c393cb4\",\"url\":\"https:\/\/secure.gravatar.com\/avatar\/ad45a8c5da24bc9c7c4940dd1c48a695?s=96&d=mm&r=g\",\"contentUrl\":\"https:\/\/secure.gravatar.com\/avatar\/ad45a8c5da24bc9c7c4940dd1c48a695?s=96&d=mm&r=g\",\"caption\":\"A Delapalisse\"},\"sameAs\":[\"http:\/\/ECI\"]}]}<\/script>","yoast_head_json":{"title":"En baisse: la croissance du march\u00e9 des puces continue de ralen...","description":"En baisse: la croissance annuelle du march\u00e9 des puces continue de ralentir en mai malgr\u00e9 une forte croissance aux USA","robots":{"index":"index","follow":"follow","max-snippet":"max-snippet:-1","max-image-preview":"max-image-preview:large","max-video-preview":"max-video-preview:-1"},"canonical":"https:\/\/www.ecinews.fr\/fr\/wp-json\/wp\/v2\/posts\/388560\/","og_locale":"fr_FR","og_type":"article","og_title":"Le march\u00e9 des semiconducteurs en baisse au premier trimestre","og_description":"En baisse: la croissance annuelle du march\u00e9 des puces continue de ralentir en mai malgr\u00e9 une forte croissance aux USA","og_url":"https:\/\/www.ecinews.fr\/fr\/wp-json\/wp\/v2\/posts\/388560\/","og_site_name":"EENewsEurope","article_published_time":"2022-07-06T19:20:59+00:00","article_modified_time":"2022-07-07T07:59:15+00:00","og_image":[{"width":630,"height":380,"url":"https:\/\/www.eenewseurope.com\/wp-content\/uploads\/2022\/07\/Liftdown630.jpg","type":"image\/jpeg"}],"author":"A Delapalisse","twitter_card":"summary_large_image","twitter_misc":{"Written by":"A Delapalisse","Est. reading time":"2 minutes"},"schema":{"@context":"https:\/\/schema.org","@graph":[{"@type":"Article","@id":"https:\/\/www.eenewseurope.com\/fr\/en-baisse-la-croissance-annuelle-du-marche-des-puces-continue-de-ralentir-en-mai\/#article","isPartOf":{"@id":"https:\/\/www.eenewseurope.com\/fr\/en-baisse-la-croissance-annuelle-du-marche-des-puces-continue-de-ralentir-en-mai\/"},"author":{"name":"A Delapalisse","@id":"https:\/\/www.eenewseurope.com\/en\/#\/schema\/person\/0aa2cfb0bd8949724a68cbac8d8321b4"},"headline":"Le march\u00e9 des semiconducteurs en baisse au premier trimestre","datePublished":"2022-07-06T19:20:59+00:00","dateModified":"2022-07-07T07:59:15+00:00","mainEntityOfPage":{"@id":"https:\/\/www.eenewseurope.com\/fr\/en-baisse-la-croissance-annuelle-du-marche-des-puces-continue-de-ralentir-en-mai\/"},"wordCount":392,"publisher":{"@id":"https:\/\/www.eenewseurope.com\/en\/#organization"},"keywords":["Analog","Artificial Intelligence","ArtificialIntelligence","Automotive","Batteries \/ Power Supplies","Boards &amp; Embedded Cards","Data Acquisition","DataAcquisition","Development Kits","DevelopmentKits","Digital Signal Processing","DigitalSignalProcessing","Displays &amp; Interfaces","Distributors","EDA &amp; CAD tools","Electromechanical","Embedded","Energy Harvesting","EnergyHarvesting","Flexible Electronics","FlexibleElectronics","Interconnect &amp; cables","IoT","LEDlighting","Materials &amp; processes","Medical Electronics","MedicalElectronics","Memory &amp; Data Storage","Optoelectronics","PLDs\/FPGAs\/ASICs","Power Management","PowerManagement","RF transmission","Sensing \/ Conditioning","Software &amp; Embedded tools","Wearables"],"articleSection":["Actualit\u00e9s \u00e9conomiques","Market news"],"inLanguage":"fr-FR"},{"@type":"WebPage","@id":"https:\/\/www.eenewseurope.com\/fr\/en-baisse-la-croissance-annuelle-du-marche-des-puces-continue-de-ralentir-en-mai\/","url":"https:\/\/www.eenewseurope.com\/fr\/en-baisse-la-croissance-annuelle-du-marche-des-puces-continue-de-ralentir-en-mai\/","name":"En baisse: la croissance du march\u00e9 des puces continue de ralentir en mai","isPartOf":{"@id":"https:\/\/www.eenewseurope.com\/en\/#website"},"datePublished":"2022-07-06T19:20:59+00:00","dateModified":"2022-07-07T07:59:15+00:00","description":"En baisse: la croissance annuelle du march\u00e9 des puces continue de ralentir en mai malgr\u00e9 une forte croissance aux USA","breadcrumb":{"@id":"https:\/\/www.eenewseurope.com\/fr\/en-baisse-la-croissance-annuelle-du-marche-des-puces-continue-de-ralentir-en-mai\/#breadcrumb"},"inLanguage":"fr-FR","potentialAction":[{"@type":"ReadAction","target":["https:\/\/www.eenewseurope.com\/fr\/en-baisse-la-croissance-annuelle-du-marche-des-puces-continue-de-ralentir-en-mai\/"]}]},{"@type":"BreadcrumbList","@id":"https:\/\/www.eenewseurope.com\/fr\/en-baisse-la-croissance-annuelle-du-marche-des-puces-continue-de-ralentir-en-mai\/#breadcrumb","itemListElement":[{"@type":"ListItem","position":1,"name":"Home","item":"https:\/\/www.ecinews.fr\/fr\/"},{"@type":"ListItem","position":2,"name":"Le march\u00e9 des semiconducteurs en baisse au premier trimestre"}]},{"@type":"WebSite","@id":"https:\/\/www.eenewseurope.com\/en\/#website","url":"https:\/\/www.eenewseurope.com\/en\/","name":"EENewsEurope","description":"Just another WordPress site","publisher":{"@id":"https:\/\/www.eenewseurope.com\/en\/#organization"},"potentialAction":[{"@type":"SearchAction","target":{"@type":"EntryPoint","urlTemplate":"https:\/\/www.eenewseurope.com\/en\/?s={search_term_string}"},"query-input":"required name=search_term_string"}],"inLanguage":"fr-FR"},{"@type":"Organization","@id":"https:\/\/www.eenewseurope.com\/en\/#organization","name":"EENewsEurope","url":"https:\/\/www.eenewseurope.com\/en\/","logo":{"@type":"ImageObject","inLanguage":"fr-FR","@id":"https:\/\/www.eenewseurope.com\/en\/#\/schema\/logo\/image\/","url":"https:\/\/www.ecinews.fr\/wp-content\/uploads\/2022\/02\/logo-1.jpg","contentUrl":"https:\/\/www.ecinews.fr\/wp-content\/uploads\/2022\/02\/logo-1.jpg","width":283,"height":113,"caption":"EENewsEurope"},"image":{"@id":"https:\/\/www.eenewseurope.com\/en\/#\/schema\/logo\/image\/"}},{"@type":"Person","@id":"https:\/\/www.eenewseurope.com\/en\/#\/schema\/person\/0aa2cfb0bd8949724a68cbac8d8321b4","name":"A Delapalisse","image":{"@type":"ImageObject","inLanguage":"fr-FR","@id":"https:\/\/www.eenewseurope.com\/en\/#\/schema\/person\/image\/211ac42237c2e9683c0964086c393cb4","url":"https:\/\/secure.gravatar.com\/avatar\/ad45a8c5da24bc9c7c4940dd1c48a695?s=96&d=mm&r=g","contentUrl":"https:\/\/secure.gravatar.com\/avatar\/ad45a8c5da24bc9c7c4940dd1c48a695?s=96&d=mm&r=g","caption":"A Delapalisse"},"sameAs":["http:\/\/ECI"]}]}},"authors":[{"term_id":1153,"user_id":34,"is_guest":0,"slug":"adelapalisse","display_name":"A Delapalisse","avatar_url":"https:\/\/secure.gravatar.com\/avatar\/ad45a8c5da24bc9c7c4940dd1c48a695?s=96&d=mm&r=g","0":null,"1":"","2":"","3":"","4":"","5":"","6":"","7":"","8":""}],"_links":{"self":[{"href":"https:\/\/www.ecinews.fr\/fr\/wp-json\/wp\/v2\/posts\/388560"}],"collection":[{"href":"https:\/\/www.ecinews.fr\/fr\/wp-json\/wp\/v2\/posts"}],"about":[{"href":"https:\/\/www.ecinews.fr\/fr\/wp-json\/wp\/v2\/types\/post"}],"author":[{"embeddable":true,"href":"https:\/\/www.ecinews.fr\/fr\/wp-json\/wp\/v2\/users\/34"}],"replies":[{"embeddable":true,"href":"https:\/\/www.ecinews.fr\/fr\/wp-json\/wp\/v2\/comments?post=388560"}],"version-history":[{"count":0,"href":"https:\/\/www.ecinews.fr\/fr\/wp-json\/wp\/v2\/posts\/388560\/revisions"}],"wp:featuredmedia":[{"embeddable":true,"href":"https:\/\/www.ecinews.fr\/fr\/wp-json\/wp\/v2\/media\/388405"}],"wp:attachment":[{"href":"https:\/\/www.ecinews.fr\/fr\/wp-json\/wp\/v2\/media?parent=388560"}],"wp:term":[{"taxonomy":"category","embeddable":true,"href":"https:\/\/www.ecinews.fr\/fr\/wp-json\/wp\/v2\/categories?post=388560"},{"taxonomy":"post_tag","embeddable":true,"href":"https:\/\/www.ecinews.fr\/fr\/wp-json\/wp\/v2\/tags?post=388560"},{"taxonomy":"domains","embeddable":true,"href":"https:\/\/www.ecinews.fr\/fr\/wp-json\/wp\/v2\/domains?post=388560"},{"taxonomy":"author","embeddable":true,"href":"https:\/\/www.ecinews.fr\/fr\/wp-json\/wp\/v2\/ppma_author?post=388560"}],"curies":[{"name":"wp","href":"https:\/\/api.w.org\/{rel}","templated":true}]}}