{"id":388171,"date":"2022-07-01T10:10:53","date_gmt":"2022-07-01T08:10:53","guid":{"rendered":"https:\/\/www.ecinews.fr\/?p=388171"},"modified":"2022-07-01T10:10:53","modified_gmt":"2022-07-01T08:10:53","slug":"start-ups-francaises-le-renouveau-spatial-au-coeur-des-assises-du-newspace","status":"publish","type":"post","link":"https:\/\/www.ecinews.fr\/fr\/start-ups-francaises-le-renouveau-spatial-au-coeur-des-assises-du-newspace\/","title":{"rendered":"Start-ups fran\u00e7aises : le renouveau spatial au coeur des Assises du NewSpace !"},"content":{"rendered":"<p>Le NewSpace voit se d\u00e9velopper de nouvelles start-ups proposant des solutions innovantes et technologiques, ainsi qu\u2019une forte augmentation du nombre de lancements de satellites en orbite basse. La miniaturisation de l&rsquo;\u00e9lectronique et la r\u00e9duction des co\u00fbts de lancements ont permis de redessiner le march\u00e9 des satellites. L\u2019acc\u00e8s au domaine spatial est plus simple, offrant aux nouveaux acteurs du NewSpace la possibilit\u00e9 d\u2019entreprendre des initiatives dans diff\u00e9rents secteurs d\u2019activit\u00e9s : agriculture, climat, environnement, gestion des ressources, mobilit\u00e9, sant\u00e9, s\u00e9curit\u00e9, d\u00e9fense, transactions bancaires, etc.<\/p>\n<p>L\u2019innovation sera au coeur des Assises du NewSpace qui accueille, pour cette 1\u00e8re \u00e9dition, des start-ups qui ont vocation \u00e0 affirmer leur ambition en d\u00e9veloppant de nouveaux produits et services.<\/p>\n<p>Implant\u00e9 au coeur des Assises du NewSpace, le Village des SpaceTech, d\u00e9di\u00e9 aux applications spatiales et aux innovations technologiques, rassemblera une vingtaine de start-ups pour partager leurs connaissances et apporter leur exp\u00e9rience pour l\u2019avenir du NewSpace. Une occasion de d\u00e9couvrir la nouvelle g\u00e9n\u00e9ration d\u2019entrepreneurs du spatial fran\u00e7ais pendant deux jours \u00e0 Paris Station F.<\/p>\n<p>&nbsp;<\/p>\n<p>https:\/\/lesassisesdunewspace.org\/le-village-spacetech\/<\/p>\n<p><a href=\"https:\/\/lesassisesdunewspace.org\/informations-pratiques\/\">https:\/\/lesassisesdunewspace.org\/informations-pratiques\/<\/a><\/p>\n<p>&nbsp;<\/p>\n","protected":false},"excerpt":{"rendered":"<p>Le 7 et 8 Juillet Station F \u00e0 Paris, l\u2019innovation sera au coeur des Assises du NewSpace qui accueille, pour cette 1\u00e8re \u00e9dition, des start-ups qui ont vocation \u00e0 affirmer leur ambition en d\u00e9veloppant de nouveaux produits et services. <\/p>\n","protected":false},"author":36,"featured_media":388172,"comment_status":"closed","ping_status":"closed","sticky":false,"template":"","format":"standard","meta":{"_acf_changed":false,"footnotes":""},"categories":[886],"tags":[],"domains":[47],"ppma_author":[1154],"class_list":["post-388171","post","type-post","status-publish","format-standard","has-post-thumbnail","hentry","category-news-fr","domains-electronique-eci"],"acf":[],"yoast_head":"<title>Start-ups fran\u00e7aises : le renouveau spatial au coeur des Assis...<\/title>\n<meta name=\"description\" content=\"Le 7 et 8 Juillet Station F \u00e0 Paris, l\u2019innovation sera au coeur des Assises du NewSpace qui accueille, pour cette 1\u00e8re \u00e9dition, des start-ups qui ont...\" \/>\n<meta name=\"robots\" content=\"index, follow, max-snippet:-1, max-image-preview:large, max-video-preview:-1\" \/>\n<link rel=\"canonical\" href=\"https:\/\/www.ecinews.fr\/fr\/wp-json\/wp\/v2\/posts\/388171\/\" \/>\n<meta property=\"og:locale\" content=\"fr_FR\" \/>\n<meta property=\"og:type\" content=\"article\" \/>\n<meta property=\"og:title\" content=\"Start-ups fran\u00e7aises : le renouveau spatial au coeur des Assises du NewSpace !\" \/>\n<meta property=\"og:description\" content=\"Le 7 et 8 Juillet Station F \u00e0 Paris, l\u2019innovation sera au coeur des Assises du NewSpace qui accueille, pour cette 1\u00e8re \u00e9dition, des start-ups qui ont vocation \u00e0 affirmer leur ambition en d\u00e9veloppant de nouveaux produits et services.\" \/>\n<meta property=\"og:url\" content=\"https:\/\/www.ecinews.fr\/fr\/wp-json\/wp\/v2\/posts\/388171\/\" \/>\n<meta property=\"og:site_name\" content=\"EENewsEurope\" \/>\n<meta property=\"article:published_time\" content=\"2022-07-01T08:10:53+00:00\" \/>\n<meta property=\"og:image\" content=\"https:\/\/www.ecinews.fr\/wp-content\/uploads\/2022\/07\/ECI1295_LesStartupsAssisesduNewSpace.jpg\" \/>\n\t<meta property=\"og:image:width\" content=\"606\" \/>\n\t<meta property=\"og:image:height\" content=\"427\" \/>\n\t<meta property=\"og:image:type\" content=\"image\/jpeg\" \/>\n<meta name=\"author\" content=\"Alain Dieul\" \/>\n<meta name=\"twitter:card\" content=\"summary_large_image\" \/>\n<meta name=\"twitter:label1\" content=\"Written by\" \/>\n\t<meta name=\"twitter:data1\" content=\"Alain Dieul\" \/>\n\t<meta name=\"twitter:label2\" content=\"Est. reading time\" \/>\n\t<meta name=\"twitter:data2\" content=\"1 minute\" \/>\n<script type=\"application\/ld+json\" class=\"yoast-schema-graph\">{\"@context\":\"https:\/\/schema.org\",\"@graph\":[{\"@type\":\"Article\",\"@id\":\"https:\/\/www.ecinews.fr\/fr\/start-ups-francaises-le-renouveau-spatial-au-coeur-des-assises-du-newspace\/#article\",\"isPartOf\":{\"@id\":\"https:\/\/www.ecinews.fr\/fr\/start-ups-francaises-le-renouveau-spatial-au-coeur-des-assises-du-newspace\/\"},\"author\":{\"name\":\"Alain Dieul\",\"@id\":\"https:\/\/www.eenewseurope.com\/en\/#\/schema\/person\/e4387676ad67ce722325c7832f3c3762\"},\"headline\":\"Start-ups fran\u00e7aises : le renouveau spatial au coeur des Assises du NewSpace !\",\"datePublished\":\"2022-07-01T08:10:53+00:00\",\"dateModified\":\"2022-07-01T08:10:53+00:00\",\"mainEntityOfPage\":{\"@id\":\"https:\/\/www.ecinews.fr\/fr\/start-ups-francaises-le-renouveau-spatial-au-coeur-des-assises-du-newspace\/\"},\"wordCount\":208,\"publisher\":{\"@id\":\"https:\/\/www.eenewseurope.com\/en\/#organization\"},\"articleSection\":[\"Actualit\u00e9 g\u00e9n\u00e9rale\"],\"inLanguage\":\"fr-FR\"},{\"@type\":\"WebPage\",\"@id\":\"https:\/\/www.ecinews.fr\/fr\/start-ups-francaises-le-renouveau-spatial-au-coeur-des-assises-du-newspace\/\",\"url\":\"https:\/\/www.ecinews.fr\/fr\/start-ups-francaises-le-renouveau-spatial-au-coeur-des-assises-du-newspace\/\",\"name\":\"Start-ups fran\u00e7aises : le renouveau spatial au coeur des Assises du NewSpace ! -\",\"isPartOf\":{\"@id\":\"https:\/\/www.eenewseurope.com\/en\/#website\"},\"datePublished\":\"2022-07-01T08:10:53+00:00\",\"dateModified\":\"2022-07-01T08:10:53+00:00\",\"breadcrumb\":{\"@id\":\"https:\/\/www.ecinews.fr\/fr\/start-ups-francaises-le-renouveau-spatial-au-coeur-des-assises-du-newspace\/#breadcrumb\"},\"inLanguage\":\"fr-FR\",\"potentialAction\":[{\"@type\":\"ReadAction\",\"target\":[\"https:\/\/www.ecinews.fr\/fr\/start-ups-francaises-le-renouveau-spatial-au-coeur-des-assises-du-newspace\/\"]}]},{\"@type\":\"BreadcrumbList\",\"@id\":\"https:\/\/www.ecinews.fr\/fr\/start-ups-francaises-le-renouveau-spatial-au-coeur-des-assises-du-newspace\/#breadcrumb\",\"itemListElement\":[{\"@type\":\"ListItem\",\"position\":1,\"name\":\"Home\",\"item\":\"https:\/\/www.ecinews.fr\/fr\/\"},{\"@type\":\"ListItem\",\"position\":2,\"name\":\"Start-ups fran\u00e7aises : le renouveau spatial au coeur des Assises du NewSpace !\"}]},{\"@type\":\"WebSite\",\"@id\":\"https:\/\/www.eenewseurope.com\/en\/#website\",\"url\":\"https:\/\/www.eenewseurope.com\/en\/\",\"name\":\"EENewsEurope\",\"description\":\"Just another WordPress site\",\"publisher\":{\"@id\":\"https:\/\/www.eenewseurope.com\/en\/#organization\"},\"potentialAction\":[{\"@type\":\"SearchAction\",\"target\":{\"@type\":\"EntryPoint\",\"urlTemplate\":\"https:\/\/www.eenewseurope.com\/en\/?s={search_term_string}\"},\"query-input\":\"required name=search_term_string\"}],\"inLanguage\":\"fr-FR\"},{\"@type\":\"Organization\",\"@id\":\"https:\/\/www.eenewseurope.com\/en\/#organization\",\"name\":\"EENewsEurope\",\"url\":\"https:\/\/www.eenewseurope.com\/en\/\",\"logo\":{\"@type\":\"ImageObject\",\"inLanguage\":\"fr-FR\",\"@id\":\"https:\/\/www.eenewseurope.com\/en\/#\/schema\/logo\/image\/\",\"url\":\"https:\/\/www.ecinews.fr\/wp-content\/uploads\/2022\/02\/logo-1.jpg\",\"contentUrl\":\"https:\/\/www.ecinews.fr\/wp-content\/uploads\/2022\/02\/logo-1.jpg\",\"width\":283,\"height\":113,\"caption\":\"EENewsEurope\"},\"image\":{\"@id\":\"https:\/\/www.eenewseurope.com\/en\/#\/schema\/logo\/image\/\"}},{\"@type\":\"Person\",\"@id\":\"https:\/\/www.eenewseurope.com\/en\/#\/schema\/person\/e4387676ad67ce722325c7832f3c3762\",\"name\":\"Alain Dieul\",\"image\":{\"@type\":\"ImageObject\",\"inLanguage\":\"fr-FR\",\"@id\":\"https:\/\/www.eenewseurope.com\/en\/#\/schema\/person\/image\/736120675699dbbf0f0f282b9a9cfb75\",\"url\":\"https:\/\/secure.gravatar.com\/avatar\/bc93b056d07515be5b8eecd4acf49c5c?s=96&d=mm&r=g\",\"contentUrl\":\"https:\/\/secure.gravatar.com\/avatar\/bc93b056d07515be5b8eecd4acf49c5c?s=96&d=mm&r=g\",\"caption\":\"Alain Dieul\"},\"sameAs\":[\"http:\/\/ECINews\"]}]}<\/script>","yoast_head_json":{"title":"Start-ups fran\u00e7aises : le renouveau spatial au coeur des Assis...","description":"Le 7 et 8 Juillet Station F \u00e0 Paris, l\u2019innovation sera au coeur des Assises du NewSpace qui accueille, pour cette 1\u00e8re \u00e9dition, des start-ups qui ont...","robots":{"index":"index","follow":"follow","max-snippet":"max-snippet:-1","max-image-preview":"max-image-preview:large","max-video-preview":"max-video-preview:-1"},"canonical":"https:\/\/www.ecinews.fr\/fr\/wp-json\/wp\/v2\/posts\/388171\/","og_locale":"fr_FR","og_type":"article","og_title":"Start-ups fran\u00e7aises : le renouveau spatial au coeur des Assises du NewSpace !","og_description":"Le 7 et 8 Juillet Station F \u00e0 Paris, l\u2019innovation sera au coeur des Assises du NewSpace qui accueille, pour cette 1\u00e8re \u00e9dition, des start-ups qui ont vocation \u00e0 affirmer leur ambition en d\u00e9veloppant de nouveaux produits et services.","og_url":"https:\/\/www.ecinews.fr\/fr\/wp-json\/wp\/v2\/posts\/388171\/","og_site_name":"EENewsEurope","article_published_time":"2022-07-01T08:10:53+00:00","og_image":[{"width":606,"height":427,"url":"https:\/\/www.ecinews.fr\/wp-content\/uploads\/2022\/07\/ECI1295_LesStartupsAssisesduNewSpace.jpg","type":"image\/jpeg"}],"author":"Alain Dieul","twitter_card":"summary_large_image","twitter_misc":{"Written by":"Alain Dieul","Est. reading time":"1 minute"},"schema":{"@context":"https:\/\/schema.org","@graph":[{"@type":"Article","@id":"https:\/\/www.ecinews.fr\/fr\/start-ups-francaises-le-renouveau-spatial-au-coeur-des-assises-du-newspace\/#article","isPartOf":{"@id":"https:\/\/www.ecinews.fr\/fr\/start-ups-francaises-le-renouveau-spatial-au-coeur-des-assises-du-newspace\/"},"author":{"name":"Alain Dieul","@id":"https:\/\/www.eenewseurope.com\/en\/#\/schema\/person\/e4387676ad67ce722325c7832f3c3762"},"headline":"Start-ups fran\u00e7aises : le renouveau spatial au coeur des Assises du NewSpace !","datePublished":"2022-07-01T08:10:53+00:00","dateModified":"2022-07-01T08:10:53+00:00","mainEntityOfPage":{"@id":"https:\/\/www.ecinews.fr\/fr\/start-ups-francaises-le-renouveau-spatial-au-coeur-des-assises-du-newspace\/"},"wordCount":208,"publisher":{"@id":"https:\/\/www.eenewseurope.com\/en\/#organization"},"articleSection":["Actualit\u00e9 g\u00e9n\u00e9rale"],"inLanguage":"fr-FR"},{"@type":"WebPage","@id":"https:\/\/www.ecinews.fr\/fr\/start-ups-francaises-le-renouveau-spatial-au-coeur-des-assises-du-newspace\/","url":"https:\/\/www.ecinews.fr\/fr\/start-ups-francaises-le-renouveau-spatial-au-coeur-des-assises-du-newspace\/","name":"Start-ups fran\u00e7aises : le renouveau spatial au coeur des Assises du NewSpace ! -","isPartOf":{"@id":"https:\/\/www.eenewseurope.com\/en\/#website"},"datePublished":"2022-07-01T08:10:53+00:00","dateModified":"2022-07-01T08:10:53+00:00","breadcrumb":{"@id":"https:\/\/www.ecinews.fr\/fr\/start-ups-francaises-le-renouveau-spatial-au-coeur-des-assises-du-newspace\/#breadcrumb"},"inLanguage":"fr-FR","potentialAction":[{"@type":"ReadAction","target":["https:\/\/www.ecinews.fr\/fr\/start-ups-francaises-le-renouveau-spatial-au-coeur-des-assises-du-newspace\/"]}]},{"@type":"BreadcrumbList","@id":"https:\/\/www.ecinews.fr\/fr\/start-ups-francaises-le-renouveau-spatial-au-coeur-des-assises-du-newspace\/#breadcrumb","itemListElement":[{"@type":"ListItem","position":1,"name":"Home","item":"https:\/\/www.ecinews.fr\/fr\/"},{"@type":"ListItem","position":2,"name":"Start-ups fran\u00e7aises : le renouveau spatial au coeur des Assises du NewSpace !"}]},{"@type":"WebSite","@id":"https:\/\/www.eenewseurope.com\/en\/#website","url":"https:\/\/www.eenewseurope.com\/en\/","name":"EENewsEurope","description":"Just another WordPress site","publisher":{"@id":"https:\/\/www.eenewseurope.com\/en\/#organization"},"potentialAction":[{"@type":"SearchAction","target":{"@type":"EntryPoint","urlTemplate":"https:\/\/www.eenewseurope.com\/en\/?s={search_term_string}"},"query-input":"required name=search_term_string"}],"inLanguage":"fr-FR"},{"@type":"Organization","@id":"https:\/\/www.eenewseurope.com\/en\/#organization","name":"EENewsEurope","url":"https:\/\/www.eenewseurope.com\/en\/","logo":{"@type":"ImageObject","inLanguage":"fr-FR","@id":"https:\/\/www.eenewseurope.com\/en\/#\/schema\/logo\/image\/","url":"https:\/\/www.ecinews.fr\/wp-content\/uploads\/2022\/02\/logo-1.jpg","contentUrl":"https:\/\/www.ecinews.fr\/wp-content\/uploads\/2022\/02\/logo-1.jpg","width":283,"height":113,"caption":"EENewsEurope"},"image":{"@id":"https:\/\/www.eenewseurope.com\/en\/#\/schema\/logo\/image\/"}},{"@type":"Person","@id":"https:\/\/www.eenewseurope.com\/en\/#\/schema\/person\/e4387676ad67ce722325c7832f3c3762","name":"Alain Dieul","image":{"@type":"ImageObject","inLanguage":"fr-FR","@id":"https:\/\/www.eenewseurope.com\/en\/#\/schema\/person\/image\/736120675699dbbf0f0f282b9a9cfb75","url":"https:\/\/secure.gravatar.com\/avatar\/bc93b056d07515be5b8eecd4acf49c5c?s=96&d=mm&r=g","contentUrl":"https:\/\/secure.gravatar.com\/avatar\/bc93b056d07515be5b8eecd4acf49c5c?s=96&d=mm&r=g","caption":"Alain Dieul"},"sameAs":["http:\/\/ECINews"]}]}},"authors":[{"term_id":1154,"user_id":36,"is_guest":0,"slug":"alain-dieul","display_name":"Alain Dieul","avatar_url":"https:\/\/secure.gravatar.com\/avatar\/bc93b056d07515be5b8eecd4acf49c5c?s=96&d=mm&r=g","0":null,"1":"","2":"","3":"","4":"","5":"","6":"","7":"","8":""}],"_links":{"self":[{"href":"https:\/\/www.ecinews.fr\/fr\/wp-json\/wp\/v2\/posts\/388171"}],"collection":[{"href":"https:\/\/www.ecinews.fr\/fr\/wp-json\/wp\/v2\/posts"}],"about":[{"href":"https:\/\/www.ecinews.fr\/fr\/wp-json\/wp\/v2\/types\/post"}],"author":[{"embeddable":true,"href":"https:\/\/www.ecinews.fr\/fr\/wp-json\/wp\/v2\/users\/36"}],"replies":[{"embeddable":true,"href":"https:\/\/www.ecinews.fr\/fr\/wp-json\/wp\/v2\/comments?post=388171"}],"version-history":[{"count":0,"href":"https:\/\/www.ecinews.fr\/fr\/wp-json\/wp\/v2\/posts\/388171\/revisions"}],"wp:featuredmedia":[{"embeddable":true,"href":"https:\/\/www.ecinews.fr\/fr\/wp-json\/wp\/v2\/media\/388172"}],"wp:attachment":[{"href":"https:\/\/www.ecinews.fr\/fr\/wp-json\/wp\/v2\/media?parent=388171"}],"wp:term":[{"taxonomy":"category","embeddable":true,"href":"https:\/\/www.ecinews.fr\/fr\/wp-json\/wp\/v2\/categories?post=388171"},{"taxonomy":"post_tag","embeddable":true,"href":"https:\/\/www.ecinews.fr\/fr\/wp-json\/wp\/v2\/tags?post=388171"},{"taxonomy":"domains","embeddable":true,"href":"https:\/\/www.ecinews.fr\/fr\/wp-json\/wp\/v2\/domains?post=388171"},{"taxonomy":"author","embeddable":true,"href":"https:\/\/www.ecinews.fr\/fr\/wp-json\/wp\/v2\/ppma_author?post=388171"}],"curies":[{"name":"wp","href":"https:\/\/api.w.org\/{rel}","templated":true}]}}