{"id":387827,"date":"2022-06-28T10:12:59","date_gmt":"2022-06-28T08:12:59","guid":{"rendered":"https:\/\/www.ecinews.fr\/?p=387827"},"modified":"2022-06-28T10:12:59","modified_gmt":"2022-06-28T08:12:59","slug":"acceleration-de-lintegration-des-cameras-thermiques-pour-les-vehicules-adas-et-autonomes","status":"publish","type":"post","link":"https:\/\/www.ecinews.fr\/fr\/acceleration-de-lintegration-des-cameras-thermiques-pour-les-vehicules-adas-et-autonomes\/","title":{"rendered":"Acc\u00e9l\u00e8ration de l&rsquo;int\u00e9gration des cam\u00e9ras thermiques pour les v\u00e9hicules ADAS et autonomes"},"content":{"rendered":"<p>Teledyne FLIR, filiale de Teledyne Technologies Incorporated, a annonc\u00e9 la sortie de Prism AI, une architecture logicielle assurant la classification, la d\u00e9tection et le suivi d&rsquo;objets, permettant aux ing\u00e9nieurs de perception de commencer rapidement \u00e0 int\u00e9grer des cam\u00e9ras thermiques dans les syst\u00e8mes avanc\u00e9s d&rsquo;aide \u00e0 la conduite (ADAS) les v\u00e9hicules autonomes (VA). Con\u00e7u pour les d\u00e9veloppeurs de syst\u00e8mes de perception automobile, Prism comporte des fonctionnalit\u00e9s comme la fusion d&rsquo;images visibles et thermiques et des capacit\u00e9s avanc\u00e9es de traitement d\u2019images thermiques assurant une remarquable d\u00e9tection des pi\u00e9tons et des animaux dans des conditions de luminosit\u00e9 difficiles. Cette fonctionnalit\u00e9 est particuli\u00e8rement efficace la nuit, p\u00e9riode correspondant \u00e0 plus de\u00a0<a href=\"https:\/\/www.ghsa.org\/resources\/Pedestrians22\">79% des d\u00e9c\u00e8s de pi\u00e9tons<\/a>\u00a0en 2020.<br \/>\n\u00ab Le mod\u00e8le logiciel Prism AI, qui a donn\u00e9 de bons r\u00e9sultats lors de t<a href=\"https:\/\/www.flir.com\/globalassets\/industrial\/oem\/adas\/flir-thermal-aeb-white-paper---final-v1.pdf\">ests ind\u00e9pendants Euro NCAP de freinage automatique d&rsquo;urgence (AEB)<\/a>, va maintenant permettre aux ing\u00e9nieurs perception de cr\u00e9er des syst\u00e8mes plus performants \u00bb, explique Michael Walters, Vice-pr\u00e9sident de Teledyne FLIR charg\u00e9 de la gestion des produits. \u00ab La combinaison des outils Prism AI, des plug-ins et du d\u00e9veloppement de jeux de donn\u00e9es donne aux int\u00e9grateurs le moyen de tester rapidement et de r\u00e9duire le co\u00fbt de d\u00e9veloppement d\u2019ADAS ou de VA thermiques qui contribueront \u00e0 sauver des vies \u00bb.<br \/>\nLes d\u00e9veloppeurs peuvent utiliser Prism AI comme logiciel de perception principal ou de r\u00e9f\u00e9rence lors du d\u00e9veloppement en interne. Une suite d&rsquo;outils Prism AI simplifie l\u2019int\u00e9gration des donn\u00e9es avec le r\u00e9cent logiciel de gestion du cycle de vie des donn\u00e9es Teledyne FLIR Conservator\u2122 ainsi qu&rsquo;avec le plus grand jeu de donn\u00e9es d&rsquo;entra\u00eenement dans le spectre thermique et visible du secteur. Compatible avec les cam\u00e9ras thermiques Teledyne FLIR leaders sur le march\u00e9, notamment les Boson\u00ae, Tau\u00ae 2 et FLIR ADK\u2122, Prism AI comporte \u00e9galement des fonctionnalit\u00e9s n\u00e9cessaires \u00e0 la production, notamment l&rsquo;authentification entre la cam\u00e9ra thermique et l&rsquo;unit\u00e9 de contr\u00f4le \u00e9lectronique, ce qui simplifie encore le d\u00e9veloppement.<br \/>\nEn fournissant la base d&rsquo;un d\u00e9veloppement efficace de mod\u00e8les de perception, Prism AI contribue \u00e9galement \u00e0 r\u00e9duire les co\u00fbts de calcul des processeurs embarqu\u00e9s et de PC de bureau couramment utilis\u00e9s (NVIDIA, Ambarella, Qualcomm, etc). Avec l&rsquo;\u00e9quipe de services techniques experts de Teledyne FLIR disponible pour le soutien \u00e0 l&rsquo;int\u00e9gration, les ing\u00e9nieurs perception, des milieux universitaires aux OEM, disposent d\u00e9sormais d&rsquo;un \u00e9cosyst\u00e8me complet pour construire des syst\u00e8mes ADAS et VA thermiques<br \/>\nAux \u00c9tats-Unis, les donn\u00e9es pr\u00e9liminaires du premier semestre 2021 de la\u00a0<a href=\"https:\/\/www.ghsa.org\/sites\/default\/files\/2022-04\/Pedestrian%20Traffic%20Fatalities%20by%20State%20January%20-%20June%202021%20Preliminary%20Data_0.pdf?utm_source=newsletter&amp;utm_medium=email&amp;utm_campaign=newsletter_axioswhatsnext&amp;stream=science\">Governors Highway Safety Association<\/a>\u00a0(Association de la S\u00e9curit\u00e9 routi\u00e8re du Gouverneur) font \u00e9tat d&rsquo;une augmentation de 17% des d\u00e9c\u00e8s de pi\u00e9tons par rapport \u00e0 l&rsquo;ann\u00e9e pr\u00e9c\u00e9dente et d&rsquo;un bond de 46% par rapport \u00e0 2011. Les syst\u00e8mes ADAS et VA thermiquement am\u00e9lior\u00e9s, \u00e0 m\u00eame de jouer un r\u00f4le crucial dans la r\u00e9duction du nombre inacceptable de d\u00e9c\u00e8s de pi\u00e9tons, permettront aux OEM automobiles de respecter les proc\u00e9dures de test r\u00e9glementaires \u00e0 venir, qui incluent la\u00a0<a href=\"https:\/\/www.flir.com\/news-center\/camera-cores--components\/existing-thermal-camera-technology-can-help-address-stricter-aeb-testing-standards-coming-this-year\/\">pr\u00e9vention des collisions frontales nocturnes avec des pi\u00e9tons<\/a>.<\/p>\n<p><a href=\"https:\/\/www.flir.com\/prism\">https:\/\/www.flir.com\/prism<\/a><\/p>\n<p>&nbsp;<\/p>\n","protected":false},"excerpt":{"rendered":"<p>Le logiciel Prism AI de de Teledyne FLIR est destin\u00e9 au d\u00e9veloppement de syst\u00e8mes de perception thermique automobile et acc\u00e9l\u00e8re l&rsquo;int\u00e9gration, les essais et la mise sur le march\u00e9.<\/p>\n","protected":false},"author":36,"featured_media":387828,"comment_status":"closed","ping_status":"closed","sticky":false,"template":"","format":"standard","meta":{"_acf_changed":false,"footnotes":""},"categories":[881],"tags":[891],"domains":[47],"ppma_author":[1154],"class_list":["post-387827","post","type-post","status-publish","format-standard","has-post-thumbnail","hentry","category-nouveaux-produits","tag-automotive-fr","domains-electronique-eci"],"acf":[],"yoast_head":"<title>Acc\u00e9l\u00e8ration de l&#039;int\u00e9gration des cam\u00e9ras thermiques pour l...<\/title>\n<meta name=\"description\" content=\"Le logiciel Prism AI de de Teledyne FLIR est destin\u00e9 au d\u00e9veloppement de syst\u00e8mes de perception thermique automobile et acc\u00e9l\u00e8re l&#039;int\u00e9gration, les...\" \/>\n<meta name=\"robots\" content=\"index, follow, max-snippet:-1, max-image-preview:large, max-video-preview:-1\" \/>\n<link rel=\"canonical\" href=\"https:\/\/www.ecinews.fr\/fr\/wp-json\/wp\/v2\/posts\/387827\/\" \/>\n<meta property=\"og:locale\" content=\"fr_FR\" \/>\n<meta property=\"og:type\" content=\"article\" \/>\n<meta property=\"og:title\" content=\"Acc\u00e9l\u00e8ration de l&#039;int\u00e9gration des cam\u00e9ras thermiques pour les v\u00e9hicules ADAS et autonomes\" \/>\n<meta property=\"og:description\" content=\"Le logiciel Prism AI de de Teledyne FLIR est destin\u00e9 au d\u00e9veloppement de syst\u00e8mes de perception thermique automobile et acc\u00e9l\u00e8re l&#039;int\u00e9gration, les essais et la mise sur le march\u00e9.\" \/>\n<meta property=\"og:url\" content=\"https:\/\/www.ecinews.fr\/fr\/wp-json\/wp\/v2\/posts\/387827\/\" \/>\n<meta property=\"og:site_name\" content=\"EENewsEurope\" \/>\n<meta property=\"article:published_time\" content=\"2022-06-28T08:12:59+00:00\" \/>\n<meta property=\"og:image\" content=\"https:\/\/www.ecinews.fr\/wp-content\/uploads\/2022\/06\/ECI1284_Flir_Teledyne-scaled.jpg\" \/>\n\t<meta property=\"og:image:width\" content=\"1080\" \/>\n\t<meta property=\"og:image:height\" content=\"564\" \/>\n\t<meta property=\"og:image:type\" content=\"image\/jpeg\" \/>\n<meta name=\"author\" content=\"Alain Dieul\" \/>\n<meta name=\"twitter:card\" content=\"summary_large_image\" \/>\n<meta name=\"twitter:label1\" content=\"Written by\" \/>\n\t<meta name=\"twitter:data1\" content=\"Alain Dieul\" \/>\n\t<meta name=\"twitter:label2\" content=\"Est. reading time\" \/>\n\t<meta name=\"twitter:data2\" content=\"3 minutes\" \/>\n<script type=\"application\/ld+json\" class=\"yoast-schema-graph\">{\"@context\":\"https:\/\/schema.org\",\"@graph\":[{\"@type\":\"Article\",\"@id\":\"https:\/\/www.ecinews.fr\/fr\/acceleration-de-lintegration-des-cameras-thermiques-pour-les-vehicules-adas-et-autonomes\/#article\",\"isPartOf\":{\"@id\":\"https:\/\/www.ecinews.fr\/fr\/acceleration-de-lintegration-des-cameras-thermiques-pour-les-vehicules-adas-et-autonomes\/\"},\"author\":{\"name\":\"Alain Dieul\",\"@id\":\"https:\/\/www.ecinews.fr\/fr\/#\/schema\/person\/e4387676ad67ce722325c7832f3c3762\"},\"headline\":\"Acc\u00e9l\u00e8ration de l&rsquo;int\u00e9gration des cam\u00e9ras thermiques pour les v\u00e9hicules ADAS et autonomes\",\"datePublished\":\"2022-06-28T08:12:59+00:00\",\"dateModified\":\"2022-06-28T08:12:59+00:00\",\"mainEntityOfPage\":{\"@id\":\"https:\/\/www.ecinews.fr\/fr\/acceleration-de-lintegration-des-cameras-thermiques-pour-les-vehicules-adas-et-autonomes\/\"},\"wordCount\":581,\"publisher\":{\"@id\":\"https:\/\/www.ecinews.fr\/fr\/#organization\"},\"keywords\":[\"Automotive\"],\"articleSection\":[\"Nouveaux produits\"],\"inLanguage\":\"fr-FR\"},{\"@type\":\"WebPage\",\"@id\":\"https:\/\/www.ecinews.fr\/fr\/acceleration-de-lintegration-des-cameras-thermiques-pour-les-vehicules-adas-et-autonomes\/\",\"url\":\"https:\/\/www.ecinews.fr\/fr\/acceleration-de-lintegration-des-cameras-thermiques-pour-les-vehicules-adas-et-autonomes\/\",\"name\":\"Acc\u00e9l\u00e8ration de l'int\u00e9gration des cam\u00e9ras thermiques pour les v\u00e9hicules ADAS et autonomes -\",\"isPartOf\":{\"@id\":\"https:\/\/www.ecinews.fr\/fr\/#website\"},\"datePublished\":\"2022-06-28T08:12:59+00:00\",\"dateModified\":\"2022-06-28T08:12:59+00:00\",\"breadcrumb\":{\"@id\":\"https:\/\/www.ecinews.fr\/fr\/acceleration-de-lintegration-des-cameras-thermiques-pour-les-vehicules-adas-et-autonomes\/#breadcrumb\"},\"inLanguage\":\"fr-FR\",\"potentialAction\":[{\"@type\":\"ReadAction\",\"target\":[\"https:\/\/www.ecinews.fr\/fr\/acceleration-de-lintegration-des-cameras-thermiques-pour-les-vehicules-adas-et-autonomes\/\"]}]},{\"@type\":\"BreadcrumbList\",\"@id\":\"https:\/\/www.ecinews.fr\/fr\/acceleration-de-lintegration-des-cameras-thermiques-pour-les-vehicules-adas-et-autonomes\/#breadcrumb\",\"itemListElement\":[{\"@type\":\"ListItem\",\"position\":1,\"name\":\"Home\",\"item\":\"https:\/\/www.ecinews.fr\/fr\/\"},{\"@type\":\"ListItem\",\"position\":2,\"name\":\"Acc\u00e9l\u00e8ration de l&rsquo;int\u00e9gration des cam\u00e9ras thermiques pour les v\u00e9hicules ADAS et autonomes\"}]},{\"@type\":\"WebSite\",\"@id\":\"https:\/\/www.ecinews.fr\/fr\/#website\",\"url\":\"https:\/\/www.ecinews.fr\/fr\/\",\"name\":\"EENewsEurope\",\"description\":\"Just another WordPress site\",\"publisher\":{\"@id\":\"https:\/\/www.ecinews.fr\/fr\/#organization\"},\"potentialAction\":[{\"@type\":\"SearchAction\",\"target\":{\"@type\":\"EntryPoint\",\"urlTemplate\":\"https:\/\/www.ecinews.fr\/fr\/?s={search_term_string}\"},\"query-input\":\"required name=search_term_string\"}],\"inLanguage\":\"fr-FR\"},{\"@type\":\"Organization\",\"@id\":\"https:\/\/www.ecinews.fr\/fr\/#organization\",\"name\":\"EENewsEurope\",\"url\":\"https:\/\/www.ecinews.fr\/fr\/\",\"logo\":{\"@type\":\"ImageObject\",\"inLanguage\":\"fr-FR\",\"@id\":\"https:\/\/www.ecinews.fr\/fr\/#\/schema\/logo\/image\/\",\"url\":\"https:\/\/www.ecinews.fr\/wp-content\/uploads\/2022\/02\/logo-1.jpg\",\"contentUrl\":\"https:\/\/www.ecinews.fr\/wp-content\/uploads\/2022\/02\/logo-1.jpg\",\"width\":283,\"height\":113,\"caption\":\"EENewsEurope\"},\"image\":{\"@id\":\"https:\/\/www.ecinews.fr\/fr\/#\/schema\/logo\/image\/\"}},{\"@type\":\"Person\",\"@id\":\"https:\/\/www.ecinews.fr\/fr\/#\/schema\/person\/e4387676ad67ce722325c7832f3c3762\",\"name\":\"Alain Dieul\",\"image\":{\"@type\":\"ImageObject\",\"inLanguage\":\"fr-FR\",\"@id\":\"https:\/\/www.ecinews.fr\/fr\/#\/schema\/person\/image\/736120675699dbbf0f0f282b9a9cfb75\",\"url\":\"https:\/\/secure.gravatar.com\/avatar\/bc93b056d07515be5b8eecd4acf49c5c?s=96&d=mm&r=g\",\"contentUrl\":\"https:\/\/secure.gravatar.com\/avatar\/bc93b056d07515be5b8eecd4acf49c5c?s=96&d=mm&r=g\",\"caption\":\"Alain Dieul\"},\"sameAs\":[\"http:\/\/ECINews\"]}]}<\/script>","yoast_head_json":{"title":"Acc\u00e9l\u00e8ration de l'int\u00e9gration des cam\u00e9ras thermiques pour l...","description":"Le logiciel Prism AI de de Teledyne FLIR est destin\u00e9 au d\u00e9veloppement de syst\u00e8mes de perception thermique automobile et acc\u00e9l\u00e8re l'int\u00e9gration, les...","robots":{"index":"index","follow":"follow","max-snippet":"max-snippet:-1","max-image-preview":"max-image-preview:large","max-video-preview":"max-video-preview:-1"},"canonical":"https:\/\/www.ecinews.fr\/fr\/wp-json\/wp\/v2\/posts\/387827\/","og_locale":"fr_FR","og_type":"article","og_title":"Acc\u00e9l\u00e8ration de l'int\u00e9gration des cam\u00e9ras thermiques pour les v\u00e9hicules ADAS et autonomes","og_description":"Le logiciel Prism AI de de Teledyne FLIR est destin\u00e9 au d\u00e9veloppement de syst\u00e8mes de perception thermique automobile et acc\u00e9l\u00e8re l'int\u00e9gration, les essais et la mise sur le march\u00e9.","og_url":"https:\/\/www.ecinews.fr\/fr\/wp-json\/wp\/v2\/posts\/387827\/","og_site_name":"EENewsEurope","article_published_time":"2022-06-28T08:12:59+00:00","og_image":[{"width":1080,"height":564,"url":"https:\/\/www.ecinews.fr\/wp-content\/uploads\/2022\/06\/ECI1284_Flir_Teledyne-scaled.jpg","type":"image\/jpeg"}],"author":"Alain Dieul","twitter_card":"summary_large_image","twitter_misc":{"Written by":"Alain Dieul","Est. reading time":"3 minutes"},"schema":{"@context":"https:\/\/schema.org","@graph":[{"@type":"Article","@id":"https:\/\/www.ecinews.fr\/fr\/acceleration-de-lintegration-des-cameras-thermiques-pour-les-vehicules-adas-et-autonomes\/#article","isPartOf":{"@id":"https:\/\/www.ecinews.fr\/fr\/acceleration-de-lintegration-des-cameras-thermiques-pour-les-vehicules-adas-et-autonomes\/"},"author":{"name":"Alain Dieul","@id":"https:\/\/www.ecinews.fr\/fr\/#\/schema\/person\/e4387676ad67ce722325c7832f3c3762"},"headline":"Acc\u00e9l\u00e8ration de l&rsquo;int\u00e9gration des cam\u00e9ras thermiques pour les v\u00e9hicules ADAS et autonomes","datePublished":"2022-06-28T08:12:59+00:00","dateModified":"2022-06-28T08:12:59+00:00","mainEntityOfPage":{"@id":"https:\/\/www.ecinews.fr\/fr\/acceleration-de-lintegration-des-cameras-thermiques-pour-les-vehicules-adas-et-autonomes\/"},"wordCount":581,"publisher":{"@id":"https:\/\/www.ecinews.fr\/fr\/#organization"},"keywords":["Automotive"],"articleSection":["Nouveaux produits"],"inLanguage":"fr-FR"},{"@type":"WebPage","@id":"https:\/\/www.ecinews.fr\/fr\/acceleration-de-lintegration-des-cameras-thermiques-pour-les-vehicules-adas-et-autonomes\/","url":"https:\/\/www.ecinews.fr\/fr\/acceleration-de-lintegration-des-cameras-thermiques-pour-les-vehicules-adas-et-autonomes\/","name":"Acc\u00e9l\u00e8ration de l'int\u00e9gration des cam\u00e9ras thermiques pour les v\u00e9hicules ADAS et autonomes -","isPartOf":{"@id":"https:\/\/www.ecinews.fr\/fr\/#website"},"datePublished":"2022-06-28T08:12:59+00:00","dateModified":"2022-06-28T08:12:59+00:00","breadcrumb":{"@id":"https:\/\/www.ecinews.fr\/fr\/acceleration-de-lintegration-des-cameras-thermiques-pour-les-vehicules-adas-et-autonomes\/#breadcrumb"},"inLanguage":"fr-FR","potentialAction":[{"@type":"ReadAction","target":["https:\/\/www.ecinews.fr\/fr\/acceleration-de-lintegration-des-cameras-thermiques-pour-les-vehicules-adas-et-autonomes\/"]}]},{"@type":"BreadcrumbList","@id":"https:\/\/www.ecinews.fr\/fr\/acceleration-de-lintegration-des-cameras-thermiques-pour-les-vehicules-adas-et-autonomes\/#breadcrumb","itemListElement":[{"@type":"ListItem","position":1,"name":"Home","item":"https:\/\/www.ecinews.fr\/fr\/"},{"@type":"ListItem","position":2,"name":"Acc\u00e9l\u00e8ration de l&rsquo;int\u00e9gration des cam\u00e9ras thermiques pour les v\u00e9hicules ADAS et autonomes"}]},{"@type":"WebSite","@id":"https:\/\/www.ecinews.fr\/fr\/#website","url":"https:\/\/www.ecinews.fr\/fr\/","name":"EENewsEurope","description":"Just another WordPress site","publisher":{"@id":"https:\/\/www.ecinews.fr\/fr\/#organization"},"potentialAction":[{"@type":"SearchAction","target":{"@type":"EntryPoint","urlTemplate":"https:\/\/www.ecinews.fr\/fr\/?s={search_term_string}"},"query-input":"required name=search_term_string"}],"inLanguage":"fr-FR"},{"@type":"Organization","@id":"https:\/\/www.ecinews.fr\/fr\/#organization","name":"EENewsEurope","url":"https:\/\/www.ecinews.fr\/fr\/","logo":{"@type":"ImageObject","inLanguage":"fr-FR","@id":"https:\/\/www.ecinews.fr\/fr\/#\/schema\/logo\/image\/","url":"https:\/\/www.ecinews.fr\/wp-content\/uploads\/2022\/02\/logo-1.jpg","contentUrl":"https:\/\/www.ecinews.fr\/wp-content\/uploads\/2022\/02\/logo-1.jpg","width":283,"height":113,"caption":"EENewsEurope"},"image":{"@id":"https:\/\/www.ecinews.fr\/fr\/#\/schema\/logo\/image\/"}},{"@type":"Person","@id":"https:\/\/www.ecinews.fr\/fr\/#\/schema\/person\/e4387676ad67ce722325c7832f3c3762","name":"Alain Dieul","image":{"@type":"ImageObject","inLanguage":"fr-FR","@id":"https:\/\/www.ecinews.fr\/fr\/#\/schema\/person\/image\/736120675699dbbf0f0f282b9a9cfb75","url":"https:\/\/secure.gravatar.com\/avatar\/bc93b056d07515be5b8eecd4acf49c5c?s=96&d=mm&r=g","contentUrl":"https:\/\/secure.gravatar.com\/avatar\/bc93b056d07515be5b8eecd4acf49c5c?s=96&d=mm&r=g","caption":"Alain Dieul"},"sameAs":["http:\/\/ECINews"]}]}},"authors":[{"term_id":1154,"user_id":36,"is_guest":0,"slug":"alain-dieul","display_name":"Alain Dieul","avatar_url":"https:\/\/secure.gravatar.com\/avatar\/bc93b056d07515be5b8eecd4acf49c5c?s=96&d=mm&r=g","0":null,"1":"","2":"","3":"","4":"","5":"","6":"","7":"","8":""}],"_links":{"self":[{"href":"https:\/\/www.ecinews.fr\/fr\/wp-json\/wp\/v2\/posts\/387827"}],"collection":[{"href":"https:\/\/www.ecinews.fr\/fr\/wp-json\/wp\/v2\/posts"}],"about":[{"href":"https:\/\/www.ecinews.fr\/fr\/wp-json\/wp\/v2\/types\/post"}],"author":[{"embeddable":true,"href":"https:\/\/www.ecinews.fr\/fr\/wp-json\/wp\/v2\/users\/36"}],"replies":[{"embeddable":true,"href":"https:\/\/www.ecinews.fr\/fr\/wp-json\/wp\/v2\/comments?post=387827"}],"version-history":[{"count":0,"href":"https:\/\/www.ecinews.fr\/fr\/wp-json\/wp\/v2\/posts\/387827\/revisions"}],"wp:featuredmedia":[{"embeddable":true,"href":"https:\/\/www.ecinews.fr\/fr\/wp-json\/wp\/v2\/media\/387828"}],"wp:attachment":[{"href":"https:\/\/www.ecinews.fr\/fr\/wp-json\/wp\/v2\/media?parent=387827"}],"wp:term":[{"taxonomy":"category","embeddable":true,"href":"https:\/\/www.ecinews.fr\/fr\/wp-json\/wp\/v2\/categories?post=387827"},{"taxonomy":"post_tag","embeddable":true,"href":"https:\/\/www.ecinews.fr\/fr\/wp-json\/wp\/v2\/tags?post=387827"},{"taxonomy":"domains","embeddable":true,"href":"https:\/\/www.ecinews.fr\/fr\/wp-json\/wp\/v2\/domains?post=387827"},{"taxonomy":"author","embeddable":true,"href":"https:\/\/www.ecinews.fr\/fr\/wp-json\/wp\/v2\/ppma_author?post=387827"}],"curies":[{"name":"wp","href":"https:\/\/api.w.org\/{rel}","templated":true}]}}