{"id":387675,"date":"2022-06-26T11:46:23","date_gmt":"2022-06-26T09:46:23","guid":{"rendered":"https:\/\/www.ecinews.fr\/?p=387675"},"modified":"2022-06-26T11:47:04","modified_gmt":"2022-06-26T09:47:04","slug":"iot-world-mtom-embedded-2022-une-edition-a-ne-pas-manquer-les-29-et-30-juin-prochains","status":"publish","type":"post","link":"https:\/\/www.ecinews.fr\/fr\/iot-world-mtom-embedded-2022-une-edition-a-ne-pas-manquer-les-29-et-30-juin-prochains\/","title":{"rendered":"IoT World + MtoM Embedded 2022, une \u00e9dition \u00e0 ne pas manquer les 29 et 30 juin prochains"},"content":{"rendered":"<p>Entre 2010 et 2020, le nombre d\u2019appareils IoT connect\u00e9s a connu une tr\u00e8s forte augmentation. Pr\u00e8s de 10 milliards d\u2019appareils IoT ont \u00e9t\u00e9 mis en service et interconnect\u00e9s pendant cette p\u00e9riode. En 2010, les appareils IoT repr\u00e9sentaient 10 % du total des appareils connect\u00e9s. En 2020, cette part atteignait plus de 50 %. Selon un rapport d\u2019analyse du march\u00e9 mondial du GSMA (Global Mobile Suppliers Association), l\u2019IoT repr\u00e9sentait en 2019 un chiffre d\u2019affaires global de plus de 300 milliards de dollars, et ce chiffre semble augmenter rapidement \u00e0 mesure que les besoins s\u2019intensifient et que les retours sur investissement sont de plus en plus visibles<\/p>\n<p>Selon Gartner, pr\u00e8s de 80 % des entreprises qui ont recouru \u00e0 l\u2019IoT affirment que la technologie a g\u00e9n\u00e9r\u00e9 un meilleur retour sur investissement (ROI) que pr\u00e9vu. Une grande majorit\u00e9 d\u2019entre eux (61 %), estime avoir \u00ab \u00e0 peine commenc\u00e9 \u00e0 effleurer la surface de ce que les technologies IoT peuvent faire pour leur entreprise. \u00bb<\/p>\n<p>L\u2019IoT a d\u00e9j\u00e0 commenc\u00e9 \u00e0 transformer la soci\u00e9t\u00e9, en y introduisant de nombreux changements dans les usages et dans nos modes de vie. Le salon IoTWorld + MtoM Embedded, qui se tiendra les 29 et 30 Juin prochains \u00e0 Paris &#8211; Porte de Versailles \u2013 pavillon 5.1, sera l\u2019occasion pour les professionnels de d\u00e9couvrir l\u2019\u00e9tat de l\u2019art des technologies, d\u2019approfondir leurs connaissances et de mieux appr\u00e9hender cet univers en perp\u00e9tuel mouvement.<\/p>\n<p><strong>L\u2019IoT prend un nouveau d\u00e9part en France <\/strong><\/p>\n<p>Les d\u00e9boires r\u00e9cents de certains r\u00e9seaux vont marquer l\u2019ann\u00e9e 2022, imposant \u00e0 cette technologie de prendre un nouveau d\u00e9part en s\u2019appuyant sur les r\u00e9seaux LTE-M et NB-IoT qui se densifient en France, alors que cela fait plus de 20 ans que le cellulaire est utilis\u00e9 dans l\u2019IoT pour des usages MtoM.<\/p>\n<p>Selon Juniper Research la valeur marchande de l&rsquo;IoT cellulaire d\u00e9passera 61 milliards de dollars \u00e0 l&rsquo;\u00e9chelle mondiale d&rsquo;ici 2026. En janvier 2022, la Global Mobile Suppliers Association d\u00e9nombrait 16 280 terminaux compatibles en LTE. Orange a fait ses premiers pas avec le LTE-M il y a d\u00e9j\u00e0 quatre ans, tout comme SFR, avec le NB-IoT. Cette diversification des usages va, selon toute logique, engendrer une baisse des co\u00fbts significative.<\/p>\n<p><strong>Un march\u00e9 toujours en mouvement <\/strong><\/p>\n<p>Selon l\u2019Inria, des d\u00e9ploiements IoT sont envisag\u00e9s sur la quasi-totalit\u00e9 des march\u00e9s et secteurs d\u2019activit\u00e9 : maisons et villes intelligentes, b\u00e2timents \u00e0 \u00e9nergie nette z\u00e9ro, e-sant\u00e9, industrie 4.0, agriculture de pr\u00e9cision, surveillance en temps r\u00e9el de la faune et de l\u2019environnement, cha\u00eene logistique du transport de marchandises, partage de voitures, de v\u00e9los et de scooters&#8230; Les analystes pr\u00e9disent que des dizaines de milliards d\u2019appareils IoT suppl\u00e9mentaires, connect\u00e9s au r\u00e9seau, seront d\u00e9ploy\u00e9s partout sur la plan\u00e8te et qu\u2019ils \u00e9clipseront rapidement toute connexion non-IoT. Qu\u2019il s\u2019agisse d\u2019appareils connect\u00e9s, de technologies de d\u00e9tection, d\u2019instrumentations ou, tout simplement, d\u2019applications, ils offrent une meilleure collecte des donn\u00e9es gr\u00e2ce \u00e0 leurs capteurs de plus en plus performants et pr\u00e9cis<\/p>\n<p>Toujours selon l\u2019Inria, beaucoup d\u2019appareils IoT int\u00e8grent des microcontr\u00f4leurs basse consommation : plus de 28 milliards de microcontr\u00f4leurs ont \u00e9t\u00e9 exp\u00e9di\u00e9s en 2018, et en 2020, ce sont plus de 250 milliards de microcontr\u00f4leurs qui \u00e9taient utilis\u00e9s dans le monde. Certes, tous les microcontr\u00f4leurs ne sont pas connect\u00e9s en r\u00e9seau, mais de plus en plus de d\u00e9ploiements combinent des microcontr\u00f4leurs ex\u00e9cutant un code de plus en plus complexe et une connexion directe ou indirecte \u00e0 un r\u00e9seau. La majorit\u00e9 d\u2019entre eux se connectent au moyen d\u2019un r\u00e9seau sans fil (personnel, local, \u00e9tendu ou r\u00e9seau cellulaire).<\/p>\n<p>Ces chiffres concordent avec ceux du cabinet de conseil McKinsey, qui r\u00e9v\u00e8le que le nombre d\u2019entreprises qui utilisent les technologies IoT est pass\u00e9 de 13 % il y a quelques ann\u00e9es \u00e0 environ 25 % aujourd\u2019hui et que le nombre mondial d\u2019appareils connect\u00e9s \u00e0 l\u2019IoT devrait passer \u00e0 43 milliards d\u2019ici 2023.<\/p>\n<p>Le rapport publi\u00e9 en juillet 2021 par IDC pr\u00e9cise, quant \u00e0 lui, que pas moins de 55,9 milliards d\u2019appareils connect\u00e9s IoT seront op\u00e9rationnels dans le monde d\u2019ici 2025. Les donn\u00e9es g\u00e9n\u00e9r\u00e9es par ces \u00e9l\u00e9ments seront de 79,4 Zb (Zettabytes). Pr\u00e8s de 30 % seront install\u00e9s dans des environnements industriels.<\/p>\n<p>Fortune Business Insight estime que le march\u00e9 de l\u2019IoT devrait passer de 381 milliards de dollars en 2021 \u00e0 plus de 1,8 billion de dollars en 2028. \u00c0 mesure que la technologie progresse, la croissance est exponentielle dans ce domaine. Ce qui pourrait entra\u00eener des changements majeurs dans les diff\u00e9rents secteurs verticaux.<\/p>\n<p>&nbsp;<\/p>\n<p><strong>Des perspectives toujours plus novatrices <\/strong><\/p>\n<p>La technologie est en constante \u00e9volution. Elle s\u2019invite dans notre vie quotidienne. De plus en plus de dispositifs portables sont d\u2019ores et d\u00e9j\u00e0 int\u00e9gr\u00e9s \u00e0 la connectivit\u00e9 IoT, notamment les montres connect\u00e9es ou les casques de r\u00e9alit\u00e9 virtuelle, les maisons connect\u00e9es, qui profitent d\u00e9j\u00e0 de cette tendance par exemple.<\/p>\n<p>Le secteur de la sant\u00e9 commence \u00e0 capitaliser sur ces technologies pour suivre et surveiller les donn\u00e9es m\u00e9dicales de patient en temps r\u00e9el. La t\u00e9l\u00e9m\u00e9decine est un exemple de succ\u00e8s de l\u2019IoT dans ce domaine, en adoptant des technologies portables permettant de diagnostiquer et de traiter les patients dans les d\u00e9serts m\u00e9dicaux.<\/p>\n<p>La technologie IoT se met \u00e9galement au service de la nature. Exemple : des rhinoc\u00e9ros noirs du Parc national Mkomazi en Tanzanie sont \u00e9quip\u00e9s de capteurs IoT pour permettre aux gardes de suivre pr\u00e9cis\u00e9ment leurs d\u00e9placements, afin de mieux les prot\u00e9ger des braconniers. Les gardes sont ainsi inform\u00e9s plusieurs fois par heure de la position des mammif\u00e8res, de sorte qu\u2019ils peuvent intervenir tr\u00e8s rapidement. Dans la m\u00eame logique, l\u2019aquarium et mus\u00e9e des sciences marines Virginia Aquarium &amp; Marine Science Center, aux Etats-Unis, \u00e9tablit un historique de chacun des poissons pr\u00e9sents dans l\u2019aquarium de 170.000 litres, via un syst\u00e8me RFID, pour se donner les moyens d\u2019am\u00e9liorer leurs conditions de vie, de sant\u00e9 et leur long\u00e9vit\u00e9.<\/p>\n<p>L&rsquo;Institut de recherche allemand Handelsblatt a mis en exergue le potentiel de l&rsquo;Internet des objets, des solutions de r\u00e9alit\u00e9 augment\u00e9e (RA) et de l&rsquo;intelligence artificielle (IA) pour la num\u00e9risation de la production. Une grande partie des d\u00e9cideurs interrog\u00e9s dans le cadre de cette \u00e9tude identifient des applications potentielles pour l&rsquo;IoT (78 %), l&rsquo;IA (72 %) et la RA (70 %) au sein de la production de leur propre entreprise.<\/p>\n<p>Pour l&rsquo;IoT, les principales applications dans la production concernent l&rsquo;automatisation des transactions de commande (37 %), la communication de machine \u00e0 machine (33 %), l&rsquo;analyse pr\u00e9dictive (32 %) et le contr\u00f4le des machines \u00e0 distance (31 %). Pour la RA, les d\u00e9cideurs voient le plus grand potentiel dans l&rsquo;assurance qualit\u00e9 (38 %), l&rsquo;assemblage, la maintenance et la r\u00e9paration (36 %), et l&rsquo;optimisation du processus de production (36 %).<\/p>\n<p>Concernant l&rsquo;IA, les responsables interrog\u00e9s envisagent des applications possibles dans le contr\u00f4le de la qualit\u00e9 de la production et la gestion du rendement (35 %), la pr\u00e9diction des d\u00e9fauts et la maintenance pr\u00e9dictive (31 %), le contr\u00f4le des mesures de s\u00e9curit\u00e9 et de conformit\u00e9 (31 %), ainsi que la pr\u00e9vision de la demande et la planification de la production (31 %).<\/p>\n<p><strong>IoTWorld + MtoM Embedded les 29 et 30 Juin prochains \u00e0 Paris &#8211; Porte de Versailles \u2013 pavillon 5.1<\/strong><\/p>\n<p><a href=\"https:\/\/www.salon-iot-mtom.com\/\">salon-iot-mtom.com<\/a><\/p>\n","protected":false},"excerpt":{"rendered":"<p>Le salon IoTWorld + MtoM Embedded, qui se tiendra les 29 et 30 Juin prochains \u00e0 Paris &#8211; Porte de Versailles \u2013 pavillon 5.1, sera l\u2019occasion de d\u00e9couvrir l\u2019\u00e9tat de l\u2019art de ces technologies ou d\u2019approfondir vos connaissances dans ces domaines en perp\u00e9tuelle \u00e9volution. <\/p>\n","protected":false},"author":36,"featured_media":387676,"comment_status":"closed","ping_status":"closed","sticky":false,"template":"","format":"standard","meta":{"_acf_changed":false,"footnotes":""},"categories":[886],"tags":[918,919,1609],"domains":[47],"ppma_author":[1154],"class_list":["post-387675","post","type-post","status-publish","format-standard","has-post-thumbnail","hentry","category-news-fr","tag-embedded-fr","tag-iot-fr","tag-salon","domains-electronique-eci"],"acf":[],"yoast_head":"<title>IoT World + MtoM Embedded 2022, une \u00e9dition \u00e0 ne pas manquer ...<\/title>\n<meta name=\"description\" content=\"Le salon IoTWorld + MtoM Embedded, qui se tiendra les 29 et 30 Juin prochains \u00e0 Paris - Porte de Versailles \u2013 pavillon 5.1, sera l\u2019occasion de...\" \/>\n<meta name=\"robots\" content=\"index, follow, max-snippet:-1, max-image-preview:large, max-video-preview:-1\" \/>\n<link rel=\"canonical\" href=\"https:\/\/www.ecinews.fr\/fr\/wp-json\/wp\/v2\/posts\/387675\/\" \/>\n<meta property=\"og:locale\" content=\"fr_FR\" \/>\n<meta property=\"og:type\" content=\"article\" \/>\n<meta property=\"og:title\" content=\"IoT World + MtoM Embedded 2022, une \u00e9dition \u00e0 ne pas manquer les 29 et 30 juin prochains\" \/>\n<meta property=\"og:description\" content=\"Le salon IoTWorld + MtoM Embedded, qui se tiendra les 29 et 30 Juin prochains \u00e0 Paris - Porte de Versailles \u2013 pavillon 5.1, sera l\u2019occasion de d\u00e9couvrir l\u2019\u00e9tat de l\u2019art de ces technologies ou d\u2019approfondir vos connaissances dans ces domaines en perp\u00e9tuelle \u00e9volution.\" \/>\n<meta property=\"og:url\" content=\"https:\/\/www.ecinews.fr\/fr\/wp-json\/wp\/v2\/posts\/387675\/\" \/>\n<meta property=\"og:site_name\" content=\"EENewsEurope\" \/>\n<meta property=\"article:published_time\" content=\"2022-06-26T09:46:23+00:00\" \/>\n<meta property=\"article:modified_time\" content=\"2022-06-26T09:47:04+00:00\" \/>\n<meta property=\"og:image\" content=\"https:\/\/www.ecinews.fr\/wp-content\/uploads\/2022\/06\/ECI1285_IoT-salon.jpg\" \/>\n\t<meta property=\"og:image:width\" content=\"606\" \/>\n\t<meta property=\"og:image:height\" content=\"404\" \/>\n\t<meta property=\"og:image:type\" content=\"image\/jpeg\" \/>\n<meta name=\"author\" content=\"Alain Dieul\" \/>\n<meta name=\"twitter:card\" content=\"summary_large_image\" \/>\n<meta name=\"twitter:label1\" content=\"Written by\" \/>\n\t<meta name=\"twitter:data1\" content=\"Alain Dieul\" \/>\n\t<meta name=\"twitter:label2\" content=\"Est. reading time\" \/>\n\t<meta name=\"twitter:data2\" content=\"6 minutes\" \/>\n<script type=\"application\/ld+json\" class=\"yoast-schema-graph\">{\"@context\":\"https:\/\/schema.org\",\"@graph\":[{\"@type\":\"Article\",\"@id\":\"https:\/\/www.ecinews.fr\/fr\/iot-world-mtom-embedded-2022-une-edition-a-ne-pas-manquer-les-29-et-30-juin-prochains\/#article\",\"isPartOf\":{\"@id\":\"https:\/\/www.ecinews.fr\/fr\/iot-world-mtom-embedded-2022-une-edition-a-ne-pas-manquer-les-29-et-30-juin-prochains\/\"},\"author\":{\"name\":\"Alain Dieul\",\"@id\":\"https:\/\/www.ecinews.fr\/fr\/#\/schema\/person\/e4387676ad67ce722325c7832f3c3762\"},\"headline\":\"IoT World + MtoM Embedded 2022, une \u00e9dition \u00e0 ne pas manquer les 29 et 30 juin prochains\",\"datePublished\":\"2022-06-26T09:46:23+00:00\",\"dateModified\":\"2022-06-26T09:47:04+00:00\",\"mainEntityOfPage\":{\"@id\":\"https:\/\/www.ecinews.fr\/fr\/iot-world-mtom-embedded-2022-une-edition-a-ne-pas-manquer-les-29-et-30-juin-prochains\/\"},\"wordCount\":1259,\"publisher\":{\"@id\":\"https:\/\/www.ecinews.fr\/fr\/#organization\"},\"keywords\":[\"Embedded\",\"IoT\",\"Salon\"],\"articleSection\":[\"Actualit\u00e9 g\u00e9n\u00e9rale\"],\"inLanguage\":\"fr-FR\"},{\"@type\":\"WebPage\",\"@id\":\"https:\/\/www.ecinews.fr\/fr\/iot-world-mtom-embedded-2022-une-edition-a-ne-pas-manquer-les-29-et-30-juin-prochains\/\",\"url\":\"https:\/\/www.ecinews.fr\/fr\/iot-world-mtom-embedded-2022-une-edition-a-ne-pas-manquer-les-29-et-30-juin-prochains\/\",\"name\":\"IoT World + MtoM Embedded 2022, une \u00e9dition \u00e0 ne pas manquer les 29 et 30 juin prochains -\",\"isPartOf\":{\"@id\":\"https:\/\/www.ecinews.fr\/fr\/#website\"},\"datePublished\":\"2022-06-26T09:46:23+00:00\",\"dateModified\":\"2022-06-26T09:47:04+00:00\",\"breadcrumb\":{\"@id\":\"https:\/\/www.ecinews.fr\/fr\/iot-world-mtom-embedded-2022-une-edition-a-ne-pas-manquer-les-29-et-30-juin-prochains\/#breadcrumb\"},\"inLanguage\":\"fr-FR\",\"potentialAction\":[{\"@type\":\"ReadAction\",\"target\":[\"https:\/\/www.ecinews.fr\/fr\/iot-world-mtom-embedded-2022-une-edition-a-ne-pas-manquer-les-29-et-30-juin-prochains\/\"]}]},{\"@type\":\"BreadcrumbList\",\"@id\":\"https:\/\/www.ecinews.fr\/fr\/iot-world-mtom-embedded-2022-une-edition-a-ne-pas-manquer-les-29-et-30-juin-prochains\/#breadcrumb\",\"itemListElement\":[{\"@type\":\"ListItem\",\"position\":1,\"name\":\"Home\",\"item\":\"https:\/\/www.ecinews.fr\/fr\/\"},{\"@type\":\"ListItem\",\"position\":2,\"name\":\"IoT World + MtoM Embedded 2022, une \u00e9dition \u00e0 ne pas manquer les 29 et 30 juin prochains\"}]},{\"@type\":\"WebSite\",\"@id\":\"https:\/\/www.ecinews.fr\/fr\/#website\",\"url\":\"https:\/\/www.ecinews.fr\/fr\/\",\"name\":\"EENewsEurope\",\"description\":\"Just another WordPress site\",\"publisher\":{\"@id\":\"https:\/\/www.ecinews.fr\/fr\/#organization\"},\"potentialAction\":[{\"@type\":\"SearchAction\",\"target\":{\"@type\":\"EntryPoint\",\"urlTemplate\":\"https:\/\/www.ecinews.fr\/fr\/?s={search_term_string}\"},\"query-input\":\"required name=search_term_string\"}],\"inLanguage\":\"fr-FR\"},{\"@type\":\"Organization\",\"@id\":\"https:\/\/www.ecinews.fr\/fr\/#organization\",\"name\":\"EENewsEurope\",\"url\":\"https:\/\/www.ecinews.fr\/fr\/\",\"logo\":{\"@type\":\"ImageObject\",\"inLanguage\":\"fr-FR\",\"@id\":\"https:\/\/www.ecinews.fr\/fr\/#\/schema\/logo\/image\/\",\"url\":\"https:\/\/www.ecinews.fr\/wp-content\/uploads\/2022\/02\/logo-1.jpg\",\"contentUrl\":\"https:\/\/www.ecinews.fr\/wp-content\/uploads\/2022\/02\/logo-1.jpg\",\"width\":283,\"height\":113,\"caption\":\"EENewsEurope\"},\"image\":{\"@id\":\"https:\/\/www.ecinews.fr\/fr\/#\/schema\/logo\/image\/\"}},{\"@type\":\"Person\",\"@id\":\"https:\/\/www.ecinews.fr\/fr\/#\/schema\/person\/e4387676ad67ce722325c7832f3c3762\",\"name\":\"Alain Dieul\",\"image\":{\"@type\":\"ImageObject\",\"inLanguage\":\"fr-FR\",\"@id\":\"https:\/\/www.ecinews.fr\/fr\/#\/schema\/person\/image\/736120675699dbbf0f0f282b9a9cfb75\",\"url\":\"https:\/\/secure.gravatar.com\/avatar\/bc93b056d07515be5b8eecd4acf49c5c?s=96&d=mm&r=g\",\"contentUrl\":\"https:\/\/secure.gravatar.com\/avatar\/bc93b056d07515be5b8eecd4acf49c5c?s=96&d=mm&r=g\",\"caption\":\"Alain Dieul\"},\"sameAs\":[\"http:\/\/ECINews\"]}]}<\/script>","yoast_head_json":{"title":"IoT World + MtoM Embedded 2022, une \u00e9dition \u00e0 ne pas manquer ...","description":"Le salon IoTWorld + MtoM Embedded, qui se tiendra les 29 et 30 Juin prochains \u00e0 Paris - Porte de Versailles \u2013 pavillon 5.1, sera l\u2019occasion de...","robots":{"index":"index","follow":"follow","max-snippet":"max-snippet:-1","max-image-preview":"max-image-preview:large","max-video-preview":"max-video-preview:-1"},"canonical":"https:\/\/www.ecinews.fr\/fr\/wp-json\/wp\/v2\/posts\/387675\/","og_locale":"fr_FR","og_type":"article","og_title":"IoT World + MtoM Embedded 2022, une \u00e9dition \u00e0 ne pas manquer les 29 et 30 juin prochains","og_description":"Le salon IoTWorld + MtoM Embedded, qui se tiendra les 29 et 30 Juin prochains \u00e0 Paris - Porte de Versailles \u2013 pavillon 5.1, sera l\u2019occasion de d\u00e9couvrir l\u2019\u00e9tat de l\u2019art de ces technologies ou d\u2019approfondir vos connaissances dans ces domaines en perp\u00e9tuelle \u00e9volution.","og_url":"https:\/\/www.ecinews.fr\/fr\/wp-json\/wp\/v2\/posts\/387675\/","og_site_name":"EENewsEurope","article_published_time":"2022-06-26T09:46:23+00:00","article_modified_time":"2022-06-26T09:47:04+00:00","og_image":[{"width":606,"height":404,"url":"https:\/\/www.ecinews.fr\/wp-content\/uploads\/2022\/06\/ECI1285_IoT-salon.jpg","type":"image\/jpeg"}],"author":"Alain Dieul","twitter_card":"summary_large_image","twitter_misc":{"Written by":"Alain Dieul","Est. reading time":"6 minutes"},"schema":{"@context":"https:\/\/schema.org","@graph":[{"@type":"Article","@id":"https:\/\/www.ecinews.fr\/fr\/iot-world-mtom-embedded-2022-une-edition-a-ne-pas-manquer-les-29-et-30-juin-prochains\/#article","isPartOf":{"@id":"https:\/\/www.ecinews.fr\/fr\/iot-world-mtom-embedded-2022-une-edition-a-ne-pas-manquer-les-29-et-30-juin-prochains\/"},"author":{"name":"Alain Dieul","@id":"https:\/\/www.ecinews.fr\/fr\/#\/schema\/person\/e4387676ad67ce722325c7832f3c3762"},"headline":"IoT World + MtoM Embedded 2022, une \u00e9dition \u00e0 ne pas manquer les 29 et 30 juin prochains","datePublished":"2022-06-26T09:46:23+00:00","dateModified":"2022-06-26T09:47:04+00:00","mainEntityOfPage":{"@id":"https:\/\/www.ecinews.fr\/fr\/iot-world-mtom-embedded-2022-une-edition-a-ne-pas-manquer-les-29-et-30-juin-prochains\/"},"wordCount":1259,"publisher":{"@id":"https:\/\/www.ecinews.fr\/fr\/#organization"},"keywords":["Embedded","IoT","Salon"],"articleSection":["Actualit\u00e9 g\u00e9n\u00e9rale"],"inLanguage":"fr-FR"},{"@type":"WebPage","@id":"https:\/\/www.ecinews.fr\/fr\/iot-world-mtom-embedded-2022-une-edition-a-ne-pas-manquer-les-29-et-30-juin-prochains\/","url":"https:\/\/www.ecinews.fr\/fr\/iot-world-mtom-embedded-2022-une-edition-a-ne-pas-manquer-les-29-et-30-juin-prochains\/","name":"IoT World + MtoM Embedded 2022, une \u00e9dition \u00e0 ne pas manquer les 29 et 30 juin prochains -","isPartOf":{"@id":"https:\/\/www.ecinews.fr\/fr\/#website"},"datePublished":"2022-06-26T09:46:23+00:00","dateModified":"2022-06-26T09:47:04+00:00","breadcrumb":{"@id":"https:\/\/www.ecinews.fr\/fr\/iot-world-mtom-embedded-2022-une-edition-a-ne-pas-manquer-les-29-et-30-juin-prochains\/#breadcrumb"},"inLanguage":"fr-FR","potentialAction":[{"@type":"ReadAction","target":["https:\/\/www.ecinews.fr\/fr\/iot-world-mtom-embedded-2022-une-edition-a-ne-pas-manquer-les-29-et-30-juin-prochains\/"]}]},{"@type":"BreadcrumbList","@id":"https:\/\/www.ecinews.fr\/fr\/iot-world-mtom-embedded-2022-une-edition-a-ne-pas-manquer-les-29-et-30-juin-prochains\/#breadcrumb","itemListElement":[{"@type":"ListItem","position":1,"name":"Home","item":"https:\/\/www.ecinews.fr\/fr\/"},{"@type":"ListItem","position":2,"name":"IoT World + MtoM Embedded 2022, une \u00e9dition \u00e0 ne pas manquer les 29 et 30 juin prochains"}]},{"@type":"WebSite","@id":"https:\/\/www.ecinews.fr\/fr\/#website","url":"https:\/\/www.ecinews.fr\/fr\/","name":"EENewsEurope","description":"Just another WordPress site","publisher":{"@id":"https:\/\/www.ecinews.fr\/fr\/#organization"},"potentialAction":[{"@type":"SearchAction","target":{"@type":"EntryPoint","urlTemplate":"https:\/\/www.ecinews.fr\/fr\/?s={search_term_string}"},"query-input":"required name=search_term_string"}],"inLanguage":"fr-FR"},{"@type":"Organization","@id":"https:\/\/www.ecinews.fr\/fr\/#organization","name":"EENewsEurope","url":"https:\/\/www.ecinews.fr\/fr\/","logo":{"@type":"ImageObject","inLanguage":"fr-FR","@id":"https:\/\/www.ecinews.fr\/fr\/#\/schema\/logo\/image\/","url":"https:\/\/www.ecinews.fr\/wp-content\/uploads\/2022\/02\/logo-1.jpg","contentUrl":"https:\/\/www.ecinews.fr\/wp-content\/uploads\/2022\/02\/logo-1.jpg","width":283,"height":113,"caption":"EENewsEurope"},"image":{"@id":"https:\/\/www.ecinews.fr\/fr\/#\/schema\/logo\/image\/"}},{"@type":"Person","@id":"https:\/\/www.ecinews.fr\/fr\/#\/schema\/person\/e4387676ad67ce722325c7832f3c3762","name":"Alain Dieul","image":{"@type":"ImageObject","inLanguage":"fr-FR","@id":"https:\/\/www.ecinews.fr\/fr\/#\/schema\/person\/image\/736120675699dbbf0f0f282b9a9cfb75","url":"https:\/\/secure.gravatar.com\/avatar\/bc93b056d07515be5b8eecd4acf49c5c?s=96&d=mm&r=g","contentUrl":"https:\/\/secure.gravatar.com\/avatar\/bc93b056d07515be5b8eecd4acf49c5c?s=96&d=mm&r=g","caption":"Alain Dieul"},"sameAs":["http:\/\/ECINews"]}]}},"authors":[{"term_id":1154,"user_id":36,"is_guest":0,"slug":"alain-dieul","display_name":"Alain Dieul","avatar_url":"https:\/\/secure.gravatar.com\/avatar\/bc93b056d07515be5b8eecd4acf49c5c?s=96&d=mm&r=g","0":null,"1":"","2":"","3":"","4":"","5":"","6":"","7":"","8":""}],"_links":{"self":[{"href":"https:\/\/www.ecinews.fr\/fr\/wp-json\/wp\/v2\/posts\/387675"}],"collection":[{"href":"https:\/\/www.ecinews.fr\/fr\/wp-json\/wp\/v2\/posts"}],"about":[{"href":"https:\/\/www.ecinews.fr\/fr\/wp-json\/wp\/v2\/types\/post"}],"author":[{"embeddable":true,"href":"https:\/\/www.ecinews.fr\/fr\/wp-json\/wp\/v2\/users\/36"}],"replies":[{"embeddable":true,"href":"https:\/\/www.ecinews.fr\/fr\/wp-json\/wp\/v2\/comments?post=387675"}],"version-history":[{"count":0,"href":"https:\/\/www.ecinews.fr\/fr\/wp-json\/wp\/v2\/posts\/387675\/revisions"}],"wp:featuredmedia":[{"embeddable":true,"href":"https:\/\/www.ecinews.fr\/fr\/wp-json\/wp\/v2\/media\/387676"}],"wp:attachment":[{"href":"https:\/\/www.ecinews.fr\/fr\/wp-json\/wp\/v2\/media?parent=387675"}],"wp:term":[{"taxonomy":"category","embeddable":true,"href":"https:\/\/www.ecinews.fr\/fr\/wp-json\/wp\/v2\/categories?post=387675"},{"taxonomy":"post_tag","embeddable":true,"href":"https:\/\/www.ecinews.fr\/fr\/wp-json\/wp\/v2\/tags?post=387675"},{"taxonomy":"domains","embeddable":true,"href":"https:\/\/www.ecinews.fr\/fr\/wp-json\/wp\/v2\/domains?post=387675"},{"taxonomy":"author","embeddable":true,"href":"https:\/\/www.ecinews.fr\/fr\/wp-json\/wp\/v2\/ppma_author?post=387675"}],"curies":[{"name":"wp","href":"https:\/\/api.w.org\/{rel}","templated":true}]}}