{"id":38750,"date":"2020-12-10T17:21:50","date_gmt":"2020-12-10T17:21:50","guid":{"rendered":"https:\/\/\/145-milliards-deuros-pour-lindustrie-des-semiconducteurs-en-europe\/"},"modified":"2020-12-10T17:21:50","modified_gmt":"2020-12-10T17:21:50","slug":"145-milliards-deuros-pour-lindustrie-des-semiconducteurs-en-europe","status":"publish","type":"post","link":"https:\/\/www.ecinews.fr\/fr\/145-milliards-deuros-pour-lindustrie-des-semiconducteurs-en-europe\/","title":{"rendered":"145 milliards d&rsquo;euros pour l&rsquo;industrie des semiconducteurs en Europe"},"content":{"rendered":"<p><!-- Global site tag (gtag.js) - Google Analytics --><br \/>\n  window.dataLayer = window.dataLayer || [];<br \/>\n  function gtag(){dataLayer.push(arguments);}<br \/>\n  gtag(&lsquo;js&rsquo;, new Date());  gtag(&lsquo;config&rsquo;, &lsquo;UA-160857065-1&rsquo;);<\/p>\n<p><span class=\"VIiyi\" lang=\"fr\"><span class=\"JLqJ4b\" data-language-for-alternatives=\"fr\" data-language-to-translate-into=\"auto\" data-phrase-index=\"0\"><span>L\u2019Allemagne, la France, l\u2019Italie, la Belgique, les Pays-Bas et douze autres pays se sont engag\u00e9s \u00e0 renforcer la cha\u00eene de valeur de l\u2019\u00e9lectronique et des syst\u00e8mes embarqu\u00e9s en Europe. La d\u00e9claration commune appelle l&rsquo;Europe \u00e0 proposer ses propres puces de processeur de pointe avec une \u00ab\u00a0am\u00e9lioration significative des performances \u00e9nerg\u00e9tiques et de la vitesse\u00a0\u00bb d&rsquo;ici 2025.<\/span><\/span><\/span><\/p>\n<p><span class=\"VIiyi\" lang=\"fr\"><span class=\"JLqJ4b\" data-language-for-alternatives=\"fr\" data-language-to-translate-into=\"auto\" data-phrase-index=\"0\"><span>Cela comprendra un effort particulier pour renforcer l&rsquo;\u00e9cosyst\u00e8me des processeurs et des semiconducteurs afin de r\u00e9soudre les probl\u00e8mes de s\u00e9curit\u00e9. Le Royaume-Uni est l&rsquo;exception notable de la liste, mais il a d\u00e9j\u00e0 quitt\u00e9 l&rsquo;Union europ\u00e9enne et est sur le point de quitter la p\u00e9riode de transition \u00e0 la fin de 2020.<\/span><\/span><\/span><\/p>\n<p><span class=\"VIiyi\" lang=\"fr\"><span class=\"JLqJ4b\" data-language-for-alternatives=\"fr\" data-language-to-translate-into=\"auto\" data-phrase-index=\"0\"><span>La d\u00e9claration commune intervient apr\u00e8s que l&rsquo;Union europ\u00e9enne et les nations individuelles aient d\u00e9j\u00e0 pris des mesures dans ce domaine. Avec la signature de la d\u00e9claration commune, le mouvement semble prendre de l&rsquo;ampleur.<\/span><\/span><\/span><\/p>\n<p><a href=\"https:\/\/www.eenewsanalog.com\/news\/europes-300mm-ic-manufacturing-falls-below-1-world-output\">Europe&rsquo;s 300mm IC manufacturing falls below 1 percent&nbsp;of world output<\/a><\/p>\n<p><span class=\"VIiyi\" lang=\"fr\"><span class=\"JLqJ4b\" data-language-for-alternatives=\"fr\" data-language-to-translate-into=\"auto\" data-phrase-index=\"0\"><span>L&rsquo;\u00e9lan pour ce mouvement est dabord la s\u00e9curit\u00e9 de l&rsquo;approvisionnement apr\u00e8s une ann\u00e9e au cours de laquelle les probl\u00e8mes de fragiit\u00e9 de la cha\u00eene d&rsquo;approvisionnement ont \u00e9t\u00e9 observ\u00e9s apr\u00e8s des d\u00e9cennies de mondialisation<\/span><\/span><\/span><\/p>\n<p><span class=\"VIiyi\" lang=\"fr\"><span class=\"JLqJ4b\" data-language-for-alternatives=\"fr\" data-language-to-translate-into=\"auto\" data-phrase-index=\"0\"><span>L&rsquo;Europe a achet\u00e9 moins de 10% de la production mondiale de semiconducteurs en 2019 &#8211; 39,82 milliards de dollars sur des ventes mondiales de 412,31 milliards de dollars. Cependant, en termes de fabrication de puces, l&rsquo;Europe conna\u00eet un d\u00e9ficit massif, en particulier pour les produits les plus avanc\u00e9s.<\/span><\/span><\/span><\/p>\n<p><span class=\"VIiyi\" lang=\"fr\"><span class=\"JLqJ4b\" data-language-for-alternatives=\"fr\" data-language-to-translate-into=\"auto\" data-phrase-index=\"0\"><span>D\u00e8s 2014, la pr\u00e9sence de l&rsquo;Europe dans la fabrication de puces sur plaquettes de 300 mm \u00e9tait de 2% par propri\u00e9t\u00e9 et de moins de 1% par emplacement. Dans le m\u00eame temps, la Cor\u00e9e du Sud et Ta\u00efwan &#8211; avec des soci\u00e9t\u00e9s comme Samsung et Taiwan Semiconductor Manufacturing Co. Ltd. &#8211; ont h\u00e9berg\u00e9 50 pour cent de la capacit\u00e9 globale des tranches de 300 mm. La situation se sera d\u00e9t\u00e9rior\u00e9e au cours des ann\u00e9es suivantes et la vuln\u00e9rabilit\u00e9 des cha\u00eenes d&rsquo;approvisionnement mondiales a \u00e9t\u00e9 mise en \u00e9vidence par la pand\u00e9mie Covid-19.<\/span><\/span><\/span><\/p>\n<p><em><strong>\u00e0 suivre: combien d&rsquo;argent?<\/strong><\/em><\/p>\n<hr \/>\n<p><span class=\"VIiyi\" lang=\"fr\"><span class=\"JLqJ4b\" data-language-for-alternatives=\"fr\" data-language-to-translate-into=\"auto\" data-phrase-index=\"0\"><span>L&rsquo;argent destin\u00e9 \u00e0 l&rsquo;initiative conjointe proviendra des fonds europ\u00e9ens et nationaux de relance&nbsp; de la pand\u00e9mie, dont un cinqui\u00e8me est d\u00e9j\u00e0 destin\u00e9 \u00e0 soutenir une transition num\u00e9rique en Europe. Cela pourrait repr\u00e9senter jusqu&rsquo;\u00e0 145 milliards d&rsquo;euros au cours des deux ou trois prochaines ann\u00e9es, selon la d\u00e9claration commune.<\/span><\/span><\/span><\/p>\n<p><span class=\"VIiyi\" lang=\"fr\"><span class=\"JLqJ4b\" data-language-for-alternatives=\"fr\" data-language-to-translate-into=\"auto\" data-phrase-index=\"0\"><span>Les signataires ont convenu d&rsquo;\u00e9tablir des capacit\u00e9s de conception de puces et des installations de production avanc\u00e9es en Europe pour progresser vers des n\u0153uds de conception de pointe &#8211; tels que 2 nm &#8211; pour le traitement des donn\u00e9es et la connectivit\u00e9. Comme cette capacit\u00e9 est perdue en Europe, la r\u00e9acquisition prendra plusieurs ann\u00e9es et le co\u00fbt s&rsquo;\u00e9l\u00e8verait facilement \u00e0 des dizaines de milliards d&rsquo;euros.<\/span><\/span><\/span><\/p>\n<p><span class=\"VIiyi\" lang=\"fr\"><span class=\"JLqJ4b\" data-language-for-alternatives=\"fr\" data-language-to-translate-into=\"auto\" data-phrase-index=\"0\"><span>N\u00e9anmoins, la d\u00e9claration commune indique qu&rsquo;il existe une nouvelle r\u00e9alit\u00e9 g\u00e9opolitique, les grandes r\u00e9gions renfor\u00e7ant leurs \u00e9cosyst\u00e8mes locaux de semiconducteurs afin d&rsquo;\u00e9viter une d\u00e9pendance excessive aux importations.<\/span><\/span><\/span><\/p>\n<p><span class=\"VIiyi\" lang=\"fr\"><span class=\"JLqJ4b\" data-language-for-alternatives=\"fr\" data-language-to-translate-into=\"auto\" data-phrase-index=\"0\"><span>\u00abPour garantir la souverainet\u00e9 technologique et la comp\u00e9titivit\u00e9 de l\u2019Europe, ainsi que notre capacit\u00e9 \u00e0 relever les principaux d\u00e9fis environnementaux et soci\u00e9taux et les nouveaux march\u00e9s de masse \u00e9mergents, nous devons renforcer la capacit\u00e9 de l\u2019Europe \u00e0 d\u00e9velopper la prochaine g\u00e9n\u00e9ration de processeurs et de semiconducteurs\u00bb, affirment les signataires.<\/span><\/span><\/span><\/p>\n<p><span class=\"VIiyi\" lang=\"fr\"><span class=\"JLqJ4b\" data-language-for-alternatives=\"fr\" data-language-to-translate-into=\"auto\" data-phrase-index=\"0\"><span>L&rsquo;initiative a une large port\u00e9e.Elle vise \u00e0 cr\u00e9er et \u00e0 fabriquer en Europe des processeurs fiables de faible consommation, pour des applications dans la connectivit\u00e9 \u00e0 haut d\u00e9bit, les v\u00e9hicules automatis\u00e9s, l&rsquo;a\u00e9rospatiale et la d\u00e9fense, la production pour la sant\u00e9 et l&rsquo;alimentation, l&rsquo;intelligence artificielle, les centres de donn\u00e9es, la photonique int\u00e9gr\u00e9 , les supercalculateurs et l&rsquo;informatique quantique.<\/span><\/span><\/span><\/p>\n<p><span class=\"VIiyi\" lang=\"fr\"><span class=\"JLqJ4b\" data-language-for-alternatives=\"fr\" data-language-to-translate-into=\"auto\" data-phrase-index=\"0\"><span>La m\u00e9thode consistera \u00e0 s&rsquo;appuyer sur les efforts collectifs existants, notamment ceux du calcul haute performance (HPC), de l&rsquo;initiative europ\u00e9enne des processeurs et de l&rsquo;IPCEI (projet important d&rsquo;int\u00e9r\u00eat commun europ\u00e9en) sur la micro\u00e9lectronique. Il existe un plan pour d\u00e9velopper un IPCEI phare europ\u00e9en qui permettrait une subvention accrue des op\u00e9rations commerciales.<\/span><\/span><\/span><\/p>\n<p><span class=\"VIiyi\" lang=\"fr\"><span class=\"JLqJ4b\" data-language-for-alternatives=\"fr\" data-language-to-translate-into=\"auto\" data-phrase-index=\"0\"><span>La d\u00e9claration commune a conclu: \u00ab\u00a0Cette opportunit\u00e9 d&rsquo;investir dans la recherche, la conception et la capacit\u00e9 de production de processeurs en Europe ne doit pas \u00eatre manqu\u00e9e.\u00a0\u00bb Cette d\u00e9cision a \u00e9t\u00e9 bien accueillie par la Commission europ\u00e9enne et d&rsquo;autres \u00c9tats membres ont \u00e9t\u00e9 invit\u00e9s \u00e0 se joindre au projet.<\/span><\/span><\/span><\/p>\n<p><span class=\"VIiyi\" lang=\"fr\"><span class=\"JLqJ4b\" data-language-for-alternatives=\"fr\" data-language-to-translate-into=\"auto\" data-phrase-index=\"0\"><span>La liste compl\u00e8te des signataires nationaux est l&rsquo;Allemagne, la France, l&rsquo;Italie, la Belgique, les Pays-Bas, l&rsquo;Espagne, l&rsquo;Estonie, la Gr\u00e8ce, la Croatie, Malte, le Portugal; la Slov\u00e9nie, la Finlande, la Roumanie, l&rsquo;Autriche, la Slovaquie et Chypre.<\/span><\/span><\/span><\/p>\n<p><strong>Lire aussi:<\/strong><\/p>\n<p><a href=\"https:\/\/www.electronique-eci.com\/news\/mise-jour-de-la-feuille-de-route-pour-le-chip-europeen-epi\">Mise \u00e0 jour de la feuille de route pour le chip europ\u00e9en EPI<\/a><\/p>\n<p><a href=\"https:\/\/www.electronique-eci.com\/news\/craig-prunty-vice-president-marketing-et-developpement-de-sipearl\">Craig Prunty, vice-pr\u00e9sident marketing et d\u00e9veloppement de SiPearl <\/a><\/p>\n<p><a href=\"https:\/\/www.electronique-eci.com\/news\/sipearl-signe-un-contrat-de-licence-majeur-avec-arm\">SiPearl signe un contrat de licence majeur avec Arm <\/a><\/p>\n<p><a href=\"https:\/\/www.european-processor-initiative.eu\/\">www.european-processor-initiative.eu\/<\/a><\/p>\n<p><strong>Related links and articles:<\/strong><\/p>\n<p><a href=\"https:\/\/ec.europa.eu\/digital-single-market\/en\/news\/joint-declaration-processors-and-semiconductor-technologies\">ec.europa.eu\/digital-single-market\/en\/news\/joint-declaration-processors-and-semiconductor-technologies<\/a><\/p>\n<p><strong>News articles: <\/strong><\/p>\n<ul>\n<li><a href=\"https:\/\/www.eenewsanalog.com\/news\/germany-pushes-more-semiconductor-independence-us-china\">Germany pushes for more&nbsp;independence from US, China<\/a><\/li>\n<li><a href=\"https:\/\/www.eenewseurope.com\/news\/asml-loses-crown-semiconductor\">ASML loses its crown in manufacturing equipment<\/a><\/li>\n<li><a href=\"https:\/\/www.eenewsanalog.com\/news\/european-processor-startup-gets-eu62-million-kickstart-grant\">European processor startup gets \u20ac6.2 million kickstart grant<\/a><\/li>\n<li><a href=\"https:\/\/www.eenewsanalog.com\/news\/low-cost-european-fpga-launched-ipcei-support\">Low-cost European FPGA launched with IPCEI support<\/a><\/li>\n<\/ul>\n<p><strong>Other articles on eeNews Europe<\/strong><\/p>\n<ul>\n<li><a href=\"https:\/\/www.eenewseurope.com\/news\/uk-distributors-warn-allocation\">UK distributors warn of allocation<\/a><\/li>\n<li><a href=\"https:\/\/www.eenewseurope.com\/news\/dialog-satellite-network-smartphones\">Dialog in satellite network for smartphones<\/a><\/li>\n<li><a href=\"https:\/\/www.eenewseurope.com\/news\/european-tech-cloud-esim-isim\">European tech for cloud eSIM, iSIM<\/a><\/li>\n<\/ul>\n","protected":false},"excerpt":{"rendered":"<p>Les nations europ\u00e9ennes se sont engag\u00e9es \u00e0 investir jusqu&rsquo;\u00e0 145 milliards d&rsquo;euros dans la conception et la production locales de processeurs et de semiconducteurs.<\/p>\n","protected":false},"author":12,"featured_media":163953,"comment_status":"open","ping_status":"closed","sticky":false,"template":"","format":"standard","meta":{"_acf_changed":false,"footnotes":""},"categories":[880],"tags":[889,920,893,891,909,912,895,896,897,898,899,900,901,902,903,919,892,913,904,905,906,907,908,890,916,910,917,911,914,915],"domains":[47],"ppma_author":[1144],"class_list":["post-38750","post","type-post","status-publish","format-standard","has-post-thumbnail","hentry","category-actualites-economiques","tag-analog-fr","tag-artificialintelligence-fr","tag-authentication-encryption-fr","tag-automotive-fr","tag-batteries-power-supplies-fr","tag-dataacquisition-fr","tag-developmentkits-fr","tag-digitalsignalprocessing-fr","tag-displays-interfaces-fr","tag-distributors-fr","tag-eda-cad-tools-fr","tag-electromechanical-fr","tag-energyharvesting-fr","tag-flexibleelectronics-fr","tag-interconnect-cables-fr","tag-iot-fr","tag-ledlighting-fr","tag-materials-processes-fr","tag-medicalelectronics-fr","tag-memory-data-storage-fr","tag-mpus-mcus-fr","tag-optoelectronics-fr","tag-plds-fpgas-asics-fr","tag-powermanagement-fr","tag-rf-transmission-fr","tag-sensing-conditioning-fr","tag-software-embedded-tools-fr","tag-testandmeasurement-fr","tag-wearables-fr","tag-wireless-communications-fr","domains-electronique-eci"],"acf":[],"yoast_head":"<title>145 milliards d&#039;euros pour l&#039;industrie des semiconducteurs en E...<\/title>\n<meta name=\"description\" content=\"Les nations europ\u00e9ennes se sont engag\u00e9es \u00e0 investir jusqu&#039;\u00e0 145 milliards d&#039;euros dans la conception et la production locales de processeurs et de...\" \/>\n<meta name=\"robots\" content=\"index, follow, max-snippet:-1, max-image-preview:large, max-video-preview:-1\" \/>\n<link rel=\"canonical\" href=\"https:\/\/www.ecinews.fr\/fr\/wp-json\/wp\/v2\/posts\/38750\/\" \/>\n<meta property=\"og:locale\" content=\"fr_FR\" \/>\n<meta property=\"og:type\" content=\"article\" \/>\n<meta property=\"og:title\" content=\"145 milliards d&#039;euros pour l&#039;industrie des semiconducteurs en Europe\" \/>\n<meta property=\"og:description\" content=\"Les nations europ\u00e9ennes se sont engag\u00e9es \u00e0 investir jusqu&#039;\u00e0 145 milliards d&#039;euros dans la conception et la production locales de processeurs et de semiconducteurs.\" \/>\n<meta property=\"og:url\" content=\"https:\/\/www.ecinews.fr\/fr\/wp-json\/wp\/v2\/posts\/38750\/\" \/>\n<meta property=\"og:site_name\" content=\"EENewsEurope\" \/>\n<meta property=\"article:published_time\" content=\"2020-12-10T17:21:50+00:00\" \/>\n<meta property=\"og:image\" content=\"https:\/\/www.ecinews.fr\/wp-content\/uploads\/import\/default\/files\/sites\/default\/files\/images\/europeanball630_0.jpg\" \/>\n\t<meta property=\"og:image:width\" content=\"630\" \/>\n\t<meta property=\"og:image:height\" content=\"410\" \/>\n\t<meta property=\"og:image:type\" content=\"image\/jpeg\" \/>\n<meta name=\"author\" content=\"Andre Rousselot\" \/>\n<meta name=\"twitter:card\" content=\"summary_large_image\" \/>\n<meta name=\"twitter:label1\" content=\"Written by\" \/>\n\t<meta name=\"twitter:data1\" content=\"Andre Rousselot\" \/>\n\t<meta name=\"twitter:label2\" content=\"Est. reading time\" \/>\n\t<meta name=\"twitter:data2\" content=\"5 minutes\" \/>\n<script type=\"application\/ld+json\" class=\"yoast-schema-graph\">{\"@context\":\"https:\/\/schema.org\",\"@graph\":[{\"@type\":\"Article\",\"@id\":\"https:\/\/www.ecinews.fr\/fr\/145-milliards-deuros-pour-lindustrie-des-semiconducteurs-en-europe\/#article\",\"isPartOf\":{\"@id\":\"https:\/\/www.ecinews.fr\/fr\/145-milliards-deuros-pour-lindustrie-des-semiconducteurs-en-europe\/\"},\"author\":{\"name\":\"Andre Rousselot\",\"@id\":\"https:\/\/www.eenewseurope.com\/en\/#\/schema\/person\/9d52edb517ca8d9017312e8e246b9433\"},\"headline\":\"145 milliards d&rsquo;euros pour l&rsquo;industrie des semiconducteurs en Europe\",\"datePublished\":\"2020-12-10T17:21:50+00:00\",\"dateModified\":\"2020-12-10T17:21:50+00:00\",\"mainEntityOfPage\":{\"@id\":\"https:\/\/www.ecinews.fr\/fr\/145-milliards-deuros-pour-lindustrie-des-semiconducteurs-en-europe\/\"},\"wordCount\":958,\"commentCount\":0,\"publisher\":{\"@id\":\"https:\/\/www.eenewseurope.com\/en\/#organization\"},\"keywords\":[\"Analog\",\"ArtificialIntelligence\",\"Authentication &amp; Encryption\",\"Automotive\",\"Batteries \/ Power Supplies\",\"DataAcquisition\",\"DevelopmentKits\",\"DigitalSignalProcessing\",\"Displays &amp; Interfaces\",\"Distributors\",\"EDA &amp; CAD tools\",\"Electromechanical\",\"EnergyHarvesting\",\"FlexibleElectronics\",\"Interconnect &amp; cables\",\"IoT\",\"LEDlighting\",\"Materials &amp; processes\",\"MedicalElectronics\",\"Memory &amp; Data Storage\",\"MPUs\/MCUs\",\"Optoelectronics\",\"PLDs\/FPGAs\/ASICs\",\"PowerManagement\",\"RF transmission\",\"Sensing \/ Conditioning\",\"Software &amp; Embedded tools\",\"TestandMeasurement\",\"Wearables\",\"Wireless Communications\"],\"articleSection\":[\"Actualit\u00e9s \u00e9conomiques\"],\"inLanguage\":\"fr-FR\",\"potentialAction\":[{\"@type\":\"CommentAction\",\"name\":\"Comment\",\"target\":[\"https:\/\/www.ecinews.fr\/fr\/145-milliards-deuros-pour-lindustrie-des-semiconducteurs-en-europe\/#respond\"]}]},{\"@type\":\"WebPage\",\"@id\":\"https:\/\/www.ecinews.fr\/fr\/145-milliards-deuros-pour-lindustrie-des-semiconducteurs-en-europe\/\",\"url\":\"https:\/\/www.ecinews.fr\/fr\/145-milliards-deuros-pour-lindustrie-des-semiconducteurs-en-europe\/\",\"name\":\"145 milliards d'euros pour l'industrie des semiconducteurs en Europe -\",\"isPartOf\":{\"@id\":\"https:\/\/www.eenewseurope.com\/en\/#website\"},\"datePublished\":\"2020-12-10T17:21:50+00:00\",\"dateModified\":\"2020-12-10T17:21:50+00:00\",\"breadcrumb\":{\"@id\":\"https:\/\/www.ecinews.fr\/fr\/145-milliards-deuros-pour-lindustrie-des-semiconducteurs-en-europe\/#breadcrumb\"},\"inLanguage\":\"fr-FR\",\"potentialAction\":[{\"@type\":\"ReadAction\",\"target\":[\"https:\/\/www.ecinews.fr\/fr\/145-milliards-deuros-pour-lindustrie-des-semiconducteurs-en-europe\/\"]}]},{\"@type\":\"BreadcrumbList\",\"@id\":\"https:\/\/www.ecinews.fr\/fr\/145-milliards-deuros-pour-lindustrie-des-semiconducteurs-en-europe\/#breadcrumb\",\"itemListElement\":[{\"@type\":\"ListItem\",\"position\":1,\"name\":\"Home\",\"item\":\"https:\/\/www.ecinews.fr\/fr\/\"},{\"@type\":\"ListItem\",\"position\":2,\"name\":\"145 milliards d&rsquo;euros pour l&rsquo;industrie des semiconducteurs en Europe\"}]},{\"@type\":\"WebSite\",\"@id\":\"https:\/\/www.eenewseurope.com\/en\/#website\",\"url\":\"https:\/\/www.eenewseurope.com\/en\/\",\"name\":\"EENewsEurope\",\"description\":\"Just another WordPress site\",\"publisher\":{\"@id\":\"https:\/\/www.eenewseurope.com\/en\/#organization\"},\"potentialAction\":[{\"@type\":\"SearchAction\",\"target\":{\"@type\":\"EntryPoint\",\"urlTemplate\":\"https:\/\/www.eenewseurope.com\/en\/?s={search_term_string}\"},\"query-input\":\"required name=search_term_string\"}],\"inLanguage\":\"fr-FR\"},{\"@type\":\"Organization\",\"@id\":\"https:\/\/www.eenewseurope.com\/en\/#organization\",\"name\":\"EENewsEurope\",\"url\":\"https:\/\/www.eenewseurope.com\/en\/\",\"logo\":{\"@type\":\"ImageObject\",\"inLanguage\":\"fr-FR\",\"@id\":\"https:\/\/www.eenewseurope.com\/en\/#\/schema\/logo\/image\/\",\"url\":\"https:\/\/www.ecinews.fr\/wp-content\/uploads\/2022\/02\/logo-1.jpg\",\"contentUrl\":\"https:\/\/www.ecinews.fr\/wp-content\/uploads\/2022\/02\/logo-1.jpg\",\"width\":283,\"height\":113,\"caption\":\"EENewsEurope\"},\"image\":{\"@id\":\"https:\/\/www.eenewseurope.com\/en\/#\/schema\/logo\/image\/\"}},{\"@type\":\"Person\",\"@id\":\"https:\/\/www.eenewseurope.com\/en\/#\/schema\/person\/9d52edb517ca8d9017312e8e246b9433\",\"name\":\"Andre Rousselot\",\"image\":{\"@type\":\"ImageObject\",\"inLanguage\":\"fr-FR\",\"@id\":\"https:\/\/www.eenewseurope.com\/en\/#\/schema\/person\/image\/8046680f16f52d2ae022297dc9e36ff3\",\"url\":\"https:\/\/secure.gravatar.com\/avatar\/428720feffa09baddfe5e7cd3f84b526?s=96&d=mm&r=g\",\"contentUrl\":\"https:\/\/secure.gravatar.com\/avatar\/428720feffa09baddfe5e7cd3f84b526?s=96&d=mm&r=g\",\"caption\":\"Andre Rousselot\"}}]}<\/script>","yoast_head_json":{"title":"145 milliards d'euros pour l'industrie des semiconducteurs en E...","description":"Les nations europ\u00e9ennes se sont engag\u00e9es \u00e0 investir jusqu'\u00e0 145 milliards d'euros dans la conception et la production locales de processeurs et de...","robots":{"index":"index","follow":"follow","max-snippet":"max-snippet:-1","max-image-preview":"max-image-preview:large","max-video-preview":"max-video-preview:-1"},"canonical":"https:\/\/www.ecinews.fr\/fr\/wp-json\/wp\/v2\/posts\/38750\/","og_locale":"fr_FR","og_type":"article","og_title":"145 milliards d'euros pour l'industrie des semiconducteurs en Europe","og_description":"Les nations europ\u00e9ennes se sont engag\u00e9es \u00e0 investir jusqu'\u00e0 145 milliards d'euros dans la conception et la production locales de processeurs et de semiconducteurs.","og_url":"https:\/\/www.ecinews.fr\/fr\/wp-json\/wp\/v2\/posts\/38750\/","og_site_name":"EENewsEurope","article_published_time":"2020-12-10T17:21:50+00:00","og_image":[{"width":630,"height":410,"url":"https:\/\/www.ecinews.fr\/wp-content\/uploads\/import\/default\/files\/sites\/default\/files\/images\/europeanball630_0.jpg","type":"image\/jpeg"}],"author":"Andre Rousselot","twitter_card":"summary_large_image","twitter_misc":{"Written by":"Andre Rousselot","Est. reading time":"5 minutes"},"schema":{"@context":"https:\/\/schema.org","@graph":[{"@type":"Article","@id":"https:\/\/www.ecinews.fr\/fr\/145-milliards-deuros-pour-lindustrie-des-semiconducteurs-en-europe\/#article","isPartOf":{"@id":"https:\/\/www.ecinews.fr\/fr\/145-milliards-deuros-pour-lindustrie-des-semiconducteurs-en-europe\/"},"author":{"name":"Andre Rousselot","@id":"https:\/\/www.eenewseurope.com\/en\/#\/schema\/person\/9d52edb517ca8d9017312e8e246b9433"},"headline":"145 milliards d&rsquo;euros pour l&rsquo;industrie des semiconducteurs en Europe","datePublished":"2020-12-10T17:21:50+00:00","dateModified":"2020-12-10T17:21:50+00:00","mainEntityOfPage":{"@id":"https:\/\/www.ecinews.fr\/fr\/145-milliards-deuros-pour-lindustrie-des-semiconducteurs-en-europe\/"},"wordCount":958,"commentCount":0,"publisher":{"@id":"https:\/\/www.eenewseurope.com\/en\/#organization"},"keywords":["Analog","ArtificialIntelligence","Authentication &amp; Encryption","Automotive","Batteries \/ Power Supplies","DataAcquisition","DevelopmentKits","DigitalSignalProcessing","Displays &amp; Interfaces","Distributors","EDA &amp; CAD tools","Electromechanical","EnergyHarvesting","FlexibleElectronics","Interconnect &amp; cables","IoT","LEDlighting","Materials &amp; processes","MedicalElectronics","Memory &amp; Data Storage","MPUs\/MCUs","Optoelectronics","PLDs\/FPGAs\/ASICs","PowerManagement","RF transmission","Sensing \/ Conditioning","Software &amp; Embedded tools","TestandMeasurement","Wearables","Wireless Communications"],"articleSection":["Actualit\u00e9s \u00e9conomiques"],"inLanguage":"fr-FR","potentialAction":[{"@type":"CommentAction","name":"Comment","target":["https:\/\/www.ecinews.fr\/fr\/145-milliards-deuros-pour-lindustrie-des-semiconducteurs-en-europe\/#respond"]}]},{"@type":"WebPage","@id":"https:\/\/www.ecinews.fr\/fr\/145-milliards-deuros-pour-lindustrie-des-semiconducteurs-en-europe\/","url":"https:\/\/www.ecinews.fr\/fr\/145-milliards-deuros-pour-lindustrie-des-semiconducteurs-en-europe\/","name":"145 milliards d'euros pour l'industrie des semiconducteurs en Europe -","isPartOf":{"@id":"https:\/\/www.eenewseurope.com\/en\/#website"},"datePublished":"2020-12-10T17:21:50+00:00","dateModified":"2020-12-10T17:21:50+00:00","breadcrumb":{"@id":"https:\/\/www.ecinews.fr\/fr\/145-milliards-deuros-pour-lindustrie-des-semiconducteurs-en-europe\/#breadcrumb"},"inLanguage":"fr-FR","potentialAction":[{"@type":"ReadAction","target":["https:\/\/www.ecinews.fr\/fr\/145-milliards-deuros-pour-lindustrie-des-semiconducteurs-en-europe\/"]}]},{"@type":"BreadcrumbList","@id":"https:\/\/www.ecinews.fr\/fr\/145-milliards-deuros-pour-lindustrie-des-semiconducteurs-en-europe\/#breadcrumb","itemListElement":[{"@type":"ListItem","position":1,"name":"Home","item":"https:\/\/www.ecinews.fr\/fr\/"},{"@type":"ListItem","position":2,"name":"145 milliards d&rsquo;euros pour l&rsquo;industrie des semiconducteurs en Europe"}]},{"@type":"WebSite","@id":"https:\/\/www.eenewseurope.com\/en\/#website","url":"https:\/\/www.eenewseurope.com\/en\/","name":"EENewsEurope","description":"Just another WordPress site","publisher":{"@id":"https:\/\/www.eenewseurope.com\/en\/#organization"},"potentialAction":[{"@type":"SearchAction","target":{"@type":"EntryPoint","urlTemplate":"https:\/\/www.eenewseurope.com\/en\/?s={search_term_string}"},"query-input":"required name=search_term_string"}],"inLanguage":"fr-FR"},{"@type":"Organization","@id":"https:\/\/www.eenewseurope.com\/en\/#organization","name":"EENewsEurope","url":"https:\/\/www.eenewseurope.com\/en\/","logo":{"@type":"ImageObject","inLanguage":"fr-FR","@id":"https:\/\/www.eenewseurope.com\/en\/#\/schema\/logo\/image\/","url":"https:\/\/www.ecinews.fr\/wp-content\/uploads\/2022\/02\/logo-1.jpg","contentUrl":"https:\/\/www.ecinews.fr\/wp-content\/uploads\/2022\/02\/logo-1.jpg","width":283,"height":113,"caption":"EENewsEurope"},"image":{"@id":"https:\/\/www.eenewseurope.com\/en\/#\/schema\/logo\/image\/"}},{"@type":"Person","@id":"https:\/\/www.eenewseurope.com\/en\/#\/schema\/person\/9d52edb517ca8d9017312e8e246b9433","name":"Andre Rousselot","image":{"@type":"ImageObject","inLanguage":"fr-FR","@id":"https:\/\/www.eenewseurope.com\/en\/#\/schema\/person\/image\/8046680f16f52d2ae022297dc9e36ff3","url":"https:\/\/secure.gravatar.com\/avatar\/428720feffa09baddfe5e7cd3f84b526?s=96&d=mm&r=g","contentUrl":"https:\/\/secure.gravatar.com\/avatar\/428720feffa09baddfe5e7cd3f84b526?s=96&d=mm&r=g","caption":"Andre Rousselot"}}]}},"authors":[{"term_id":1144,"user_id":12,"is_guest":0,"slug":"rousselot","display_name":"Andre Rousselot","avatar_url":"https:\/\/secure.gravatar.com\/avatar\/428720feffa09baddfe5e7cd3f84b526?s=96&d=mm&r=g","0":null,"1":"","2":"","3":"","4":"","5":"","6":"","7":"","8":""}],"_links":{"self":[{"href":"https:\/\/www.ecinews.fr\/fr\/wp-json\/wp\/v2\/posts\/38750"}],"collection":[{"href":"https:\/\/www.ecinews.fr\/fr\/wp-json\/wp\/v2\/posts"}],"about":[{"href":"https:\/\/www.ecinews.fr\/fr\/wp-json\/wp\/v2\/types\/post"}],"author":[{"embeddable":true,"href":"https:\/\/www.ecinews.fr\/fr\/wp-json\/wp\/v2\/users\/12"}],"replies":[{"embeddable":true,"href":"https:\/\/www.ecinews.fr\/fr\/wp-json\/wp\/v2\/comments?post=38750"}],"version-history":[{"count":0,"href":"https:\/\/www.ecinews.fr\/fr\/wp-json\/wp\/v2\/posts\/38750\/revisions"}],"wp:featuredmedia":[{"embeddable":true,"href":"https:\/\/www.ecinews.fr\/fr\/wp-json\/wp\/v2\/media\/163953"}],"wp:attachment":[{"href":"https:\/\/www.ecinews.fr\/fr\/wp-json\/wp\/v2\/media?parent=38750"}],"wp:term":[{"taxonomy":"category","embeddable":true,"href":"https:\/\/www.ecinews.fr\/fr\/wp-json\/wp\/v2\/categories?post=38750"},{"taxonomy":"post_tag","embeddable":true,"href":"https:\/\/www.ecinews.fr\/fr\/wp-json\/wp\/v2\/tags?post=38750"},{"taxonomy":"domains","embeddable":true,"href":"https:\/\/www.ecinews.fr\/fr\/wp-json\/wp\/v2\/domains?post=38750"},{"taxonomy":"author","embeddable":true,"href":"https:\/\/www.ecinews.fr\/fr\/wp-json\/wp\/v2\/ppma_author?post=38750"}],"curies":[{"name":"wp","href":"https:\/\/api.w.org\/{rel}","templated":true}]}}