{"id":387388,"date":"2022-06-22T08:09:49","date_gmt":"2022-06-22T06:09:49","guid":{"rendered":"https:\/\/www.ecinews.fr\/?p=387388"},"modified":"2022-06-22T08:09:49","modified_gmt":"2022-06-22T06:09:49","slug":"ids-comble-la-lacune-entre-les-cameras-industrielles-et-les-webcams","status":"publish","type":"post","link":"https:\/\/www.ecinews.fr\/fr\/ids-comble-la-lacune-entre-les-cameras-industrielles-et-les-webcams\/","title":{"rendered":"IDS comble la lacune entre les cam\u00e9ras industrielles et les webcams"},"content":{"rendered":"<p>La configuration et le d\u00e9marrage de la cam\u00e9ra USB3 13 MP ne n\u00e9cessitent qu&rsquo;une connexion par c\u00e2ble. Ensuite, la cam\u00e9ra fournit directement des images et des vid\u00e9os hautes r\u00e9solutions et tr\u00e8s d\u00e9taill\u00e9es. Contrairement aux webcams grand public, l\u2019uEye XC est parfaitement adapt\u00e9e \u00e0 un usage industriel. Vos composants se distinguent par une longue disponibilit\u00e9 : un must pour les applications industrielles. La cam\u00e9ra est utilis\u00e9e, par exemple, dans les syst\u00e8mes de kiosques, la logistique, le domaine m\u00e9dical et les applications robotiques.<br \/>\nGr\u00e2ce au module autofocus int\u00e9gr\u00e9, la cam\u00e9ra USB3 conforme \u00e0 la norme Vision s&rsquo;adapte facilement aux distances variables d\u2019objets. Visuellement, elle se distingue par son \u00e9l\u00e9gant bo\u00eetier en magn\u00e9sium l\u00e9ger. Avec des dimensions de seulement 32 x 61 x 19 mm (l x h x p) et un connecteur USB Micro B \u00e0 visser, la cam\u00e9ra s&rsquo;int\u00e8gre facilement dans les syst\u00e8mes de traitement d&rsquo;image. Son capteur onsemi de 13 MP fournit 20 images par seconde en pleine r\u00e9solution et assure une qualit\u00e9 d&rsquo;image \u00e9lev\u00e9e m\u00eame dans des conditions d&rsquo;\u00e9clairage changeantes gr\u00e2ce \u00e0 la technologie de pixels BSI (\u00ab Back Side Illumination \u00bb). Des fonctions utiles telles que le zoom num\u00e9rique x24, la balance des blancs automatique et la correction des couleurs vous garantissent une visualisation parfaite de tous les d\u00e9tails. Avec le kit de d\u00e9veloppement logiciel IDS peak, les utilisateurs peuvent configurer la cam\u00e9ra sp\u00e9cifiquement pour leur application, si n\u00e9cessaire.<br \/>\nDe l&rsquo;assurance des processus et de la qualit\u00e9 \u00e0 l&rsquo;automatisation de la logistique et \u00e0 la technique m\u00e9dicale, en passant par l&rsquo;utilisation dans des syst\u00e8mes de kiosques : la cam\u00e9ra autofocus peut \u00eatre utilis\u00e9e de mani\u00e8re polyvalente aussi bien dans les environnements industriels que non industriels. Avec la bonnette macro \u00e0 montage rapide, les utilisateurs peuvent facilement r\u00e9duire la distance minimale de mise au point de la cam\u00e9ra. La cam\u00e9ra convient donc \u00e9galement pour les applications \u00e0 courte port\u00e9e, notamment dans le cadre de diagnostics.<\/p>\n<p><a href=\"https:\/\/fr.ids-imaging.com\/ueye-xc-autofocus-camera.html\">https:\/\/fr.ids-imaging.com\/ueye-xc-autofocus-camera.html<\/a><br \/>\n\u00a0<\/p>\n<p><\/p>\n","protected":false},"excerpt":{"rendered":"<p>Avec uEye XC, IDS Imaging Development Systems GmbH lance sur le march\u00e9 une cam\u00e9ra industrielle avec autofocus qui est aussi facile \u00e0 utiliser qu&rsquo;une webcam. <\/p>\n","protected":false},"author":36,"featured_media":387389,"comment_status":"closed","ping_status":"closed","sticky":false,"template":"","format":"standard","meta":{"_acf_changed":false,"footnotes":""},"categories":[881],"tags":[1321],"domains":[47],"ppma_author":[1154],"class_list":["post-387388","post","type-post","status-publish","format-standard","has-post-thumbnail","hentry","category-nouveaux-produits","tag-cameras","domains-electronique-eci"],"acf":[],"yoast_head":"<title>IDS comble la lacune entre les cam\u00e9ras industrielles et les we...<\/title>\n<meta name=\"description\" content=\"Avec uEye XC, IDS Imaging Development Systems GmbH lance sur le march\u00e9 une cam\u00e9ra industrielle avec autofocus qui est aussi facile \u00e0 utiliser qu&#039;une...\" \/>\n<meta name=\"robots\" content=\"index, follow, max-snippet:-1, max-image-preview:large, max-video-preview:-1\" \/>\n<link rel=\"canonical\" href=\"https:\/\/www.ecinews.fr\/fr\/wp-json\/wp\/v2\/posts\/387388\/\" \/>\n<meta property=\"og:locale\" content=\"fr_FR\" \/>\n<meta property=\"og:type\" content=\"article\" \/>\n<meta property=\"og:title\" content=\"IDS comble la lacune entre les cam\u00e9ras industrielles et les webcams\" \/>\n<meta property=\"og:description\" content=\"Avec uEye XC, IDS Imaging Development Systems GmbH lance sur le march\u00e9 une cam\u00e9ra industrielle avec autofocus qui est aussi facile \u00e0 utiliser qu&#039;une webcam.\" \/>\n<meta property=\"og:url\" content=\"https:\/\/www.ecinews.fr\/fr\/wp-json\/wp\/v2\/posts\/387388\/\" \/>\n<meta property=\"og:site_name\" content=\"EENewsEurope\" \/>\n<meta property=\"article:published_time\" content=\"2022-06-22T06:09:49+00:00\" \/>\n<meta property=\"og:image\" content=\"https:\/\/www.ecinews.fr\/wp-content\/uploads\/2022\/06\/ECI1275_IDS-scaled.jpg\" \/>\n\t<meta property=\"og:image:width\" content=\"1080\" \/>\n\t<meta property=\"og:image:height\" content=\"872\" \/>\n\t<meta property=\"og:image:type\" content=\"image\/jpeg\" \/>\n<meta name=\"author\" content=\"Alain Dieul\" \/>\n<meta name=\"twitter:card\" content=\"summary_large_image\" \/>\n<meta name=\"twitter:label1\" content=\"Written by\" \/>\n\t<meta name=\"twitter:data1\" content=\"Alain Dieul\" \/>\n\t<meta name=\"twitter:label2\" content=\"Est. reading time\" \/>\n\t<meta name=\"twitter:data2\" content=\"2 minutes\" \/>\n<script type=\"application\/ld+json\" class=\"yoast-schema-graph\">{\"@context\":\"https:\/\/schema.org\",\"@graph\":[{\"@type\":\"Article\",\"@id\":\"https:\/\/www.ecinews.fr\/fr\/ids-comble-la-lacune-entre-les-cameras-industrielles-et-les-webcams\/#article\",\"isPartOf\":{\"@id\":\"https:\/\/www.ecinews.fr\/fr\/ids-comble-la-lacune-entre-les-cameras-industrielles-et-les-webcams\/\"},\"author\":{\"name\":\"Alain Dieul\",\"@id\":\"https:\/\/www.eenewseurope.com\/en\/#\/schema\/person\/e4387676ad67ce722325c7832f3c3762\"},\"headline\":\"IDS comble la lacune entre les cam\u00e9ras industrielles et les webcams\",\"datePublished\":\"2022-06-22T06:09:49+00:00\",\"dateModified\":\"2022-06-22T06:09:49+00:00\",\"mainEntityOfPage\":{\"@id\":\"https:\/\/www.ecinews.fr\/fr\/ids-comble-la-lacune-entre-les-cameras-industrielles-et-les-webcams\/\"},\"wordCount\":371,\"publisher\":{\"@id\":\"https:\/\/www.eenewseurope.com\/en\/#organization\"},\"keywords\":[\"Cam\u00e9ras\"],\"articleSection\":[\"Nouveaux produits\"],\"inLanguage\":\"fr-FR\"},{\"@type\":\"WebPage\",\"@id\":\"https:\/\/www.ecinews.fr\/fr\/ids-comble-la-lacune-entre-les-cameras-industrielles-et-les-webcams\/\",\"url\":\"https:\/\/www.ecinews.fr\/fr\/ids-comble-la-lacune-entre-les-cameras-industrielles-et-les-webcams\/\",\"name\":\"IDS comble la lacune entre les cam\u00e9ras industrielles et les webcams -\",\"isPartOf\":{\"@id\":\"https:\/\/www.eenewseurope.com\/en\/#website\"},\"datePublished\":\"2022-06-22T06:09:49+00:00\",\"dateModified\":\"2022-06-22T06:09:49+00:00\",\"breadcrumb\":{\"@id\":\"https:\/\/www.ecinews.fr\/fr\/ids-comble-la-lacune-entre-les-cameras-industrielles-et-les-webcams\/#breadcrumb\"},\"inLanguage\":\"fr-FR\",\"potentialAction\":[{\"@type\":\"ReadAction\",\"target\":[\"https:\/\/www.ecinews.fr\/fr\/ids-comble-la-lacune-entre-les-cameras-industrielles-et-les-webcams\/\"]}]},{\"@type\":\"BreadcrumbList\",\"@id\":\"https:\/\/www.ecinews.fr\/fr\/ids-comble-la-lacune-entre-les-cameras-industrielles-et-les-webcams\/#breadcrumb\",\"itemListElement\":[{\"@type\":\"ListItem\",\"position\":1,\"name\":\"Home\",\"item\":\"https:\/\/www.ecinews.fr\/fr\/\"},{\"@type\":\"ListItem\",\"position\":2,\"name\":\"IDS comble la lacune entre les cam\u00e9ras industrielles et les webcams\"}]},{\"@type\":\"WebSite\",\"@id\":\"https:\/\/www.eenewseurope.com\/en\/#website\",\"url\":\"https:\/\/www.eenewseurope.com\/en\/\",\"name\":\"EENewsEurope\",\"description\":\"Just another WordPress site\",\"publisher\":{\"@id\":\"https:\/\/www.eenewseurope.com\/en\/#organization\"},\"potentialAction\":[{\"@type\":\"SearchAction\",\"target\":{\"@type\":\"EntryPoint\",\"urlTemplate\":\"https:\/\/www.eenewseurope.com\/en\/?s={search_term_string}\"},\"query-input\":\"required name=search_term_string\"}],\"inLanguage\":\"fr-FR\"},{\"@type\":\"Organization\",\"@id\":\"https:\/\/www.eenewseurope.com\/en\/#organization\",\"name\":\"EENewsEurope\",\"url\":\"https:\/\/www.eenewseurope.com\/en\/\",\"logo\":{\"@type\":\"ImageObject\",\"inLanguage\":\"fr-FR\",\"@id\":\"https:\/\/www.eenewseurope.com\/en\/#\/schema\/logo\/image\/\",\"url\":\"https:\/\/www.ecinews.fr\/wp-content\/uploads\/2022\/02\/logo-1.jpg\",\"contentUrl\":\"https:\/\/www.ecinews.fr\/wp-content\/uploads\/2022\/02\/logo-1.jpg\",\"width\":283,\"height\":113,\"caption\":\"EENewsEurope\"},\"image\":{\"@id\":\"https:\/\/www.eenewseurope.com\/en\/#\/schema\/logo\/image\/\"}},{\"@type\":\"Person\",\"@id\":\"https:\/\/www.eenewseurope.com\/en\/#\/schema\/person\/e4387676ad67ce722325c7832f3c3762\",\"name\":\"Alain Dieul\",\"image\":{\"@type\":\"ImageObject\",\"inLanguage\":\"fr-FR\",\"@id\":\"https:\/\/www.eenewseurope.com\/en\/#\/schema\/person\/image\/736120675699dbbf0f0f282b9a9cfb75\",\"url\":\"https:\/\/secure.gravatar.com\/avatar\/bc93b056d07515be5b8eecd4acf49c5c?s=96&d=mm&r=g\",\"contentUrl\":\"https:\/\/secure.gravatar.com\/avatar\/bc93b056d07515be5b8eecd4acf49c5c?s=96&d=mm&r=g\",\"caption\":\"Alain Dieul\"},\"sameAs\":[\"http:\/\/ECINews\"]}]}<\/script>","yoast_head_json":{"title":"IDS comble la lacune entre les cam\u00e9ras industrielles et les we...","description":"Avec uEye XC, IDS Imaging Development Systems GmbH lance sur le march\u00e9 une cam\u00e9ra industrielle avec autofocus qui est aussi facile \u00e0 utiliser qu'une...","robots":{"index":"index","follow":"follow","max-snippet":"max-snippet:-1","max-image-preview":"max-image-preview:large","max-video-preview":"max-video-preview:-1"},"canonical":"https:\/\/www.ecinews.fr\/fr\/wp-json\/wp\/v2\/posts\/387388\/","og_locale":"fr_FR","og_type":"article","og_title":"IDS comble la lacune entre les cam\u00e9ras industrielles et les webcams","og_description":"Avec uEye XC, IDS Imaging Development Systems GmbH lance sur le march\u00e9 une cam\u00e9ra industrielle avec autofocus qui est aussi facile \u00e0 utiliser qu'une webcam.","og_url":"https:\/\/www.ecinews.fr\/fr\/wp-json\/wp\/v2\/posts\/387388\/","og_site_name":"EENewsEurope","article_published_time":"2022-06-22T06:09:49+00:00","og_image":[{"width":1080,"height":872,"url":"https:\/\/www.ecinews.fr\/wp-content\/uploads\/2022\/06\/ECI1275_IDS-scaled.jpg","type":"image\/jpeg"}],"author":"Alain Dieul","twitter_card":"summary_large_image","twitter_misc":{"Written by":"Alain Dieul","Est. reading time":"2 minutes"},"schema":{"@context":"https:\/\/schema.org","@graph":[{"@type":"Article","@id":"https:\/\/www.ecinews.fr\/fr\/ids-comble-la-lacune-entre-les-cameras-industrielles-et-les-webcams\/#article","isPartOf":{"@id":"https:\/\/www.ecinews.fr\/fr\/ids-comble-la-lacune-entre-les-cameras-industrielles-et-les-webcams\/"},"author":{"name":"Alain Dieul","@id":"https:\/\/www.eenewseurope.com\/en\/#\/schema\/person\/e4387676ad67ce722325c7832f3c3762"},"headline":"IDS comble la lacune entre les cam\u00e9ras industrielles et les webcams","datePublished":"2022-06-22T06:09:49+00:00","dateModified":"2022-06-22T06:09:49+00:00","mainEntityOfPage":{"@id":"https:\/\/www.ecinews.fr\/fr\/ids-comble-la-lacune-entre-les-cameras-industrielles-et-les-webcams\/"},"wordCount":371,"publisher":{"@id":"https:\/\/www.eenewseurope.com\/en\/#organization"},"keywords":["Cam\u00e9ras"],"articleSection":["Nouveaux produits"],"inLanguage":"fr-FR"},{"@type":"WebPage","@id":"https:\/\/www.ecinews.fr\/fr\/ids-comble-la-lacune-entre-les-cameras-industrielles-et-les-webcams\/","url":"https:\/\/www.ecinews.fr\/fr\/ids-comble-la-lacune-entre-les-cameras-industrielles-et-les-webcams\/","name":"IDS comble la lacune entre les cam\u00e9ras industrielles et les webcams -","isPartOf":{"@id":"https:\/\/www.eenewseurope.com\/en\/#website"},"datePublished":"2022-06-22T06:09:49+00:00","dateModified":"2022-06-22T06:09:49+00:00","breadcrumb":{"@id":"https:\/\/www.ecinews.fr\/fr\/ids-comble-la-lacune-entre-les-cameras-industrielles-et-les-webcams\/#breadcrumb"},"inLanguage":"fr-FR","potentialAction":[{"@type":"ReadAction","target":["https:\/\/www.ecinews.fr\/fr\/ids-comble-la-lacune-entre-les-cameras-industrielles-et-les-webcams\/"]}]},{"@type":"BreadcrumbList","@id":"https:\/\/www.ecinews.fr\/fr\/ids-comble-la-lacune-entre-les-cameras-industrielles-et-les-webcams\/#breadcrumb","itemListElement":[{"@type":"ListItem","position":1,"name":"Home","item":"https:\/\/www.ecinews.fr\/fr\/"},{"@type":"ListItem","position":2,"name":"IDS comble la lacune entre les cam\u00e9ras industrielles et les webcams"}]},{"@type":"WebSite","@id":"https:\/\/www.eenewseurope.com\/en\/#website","url":"https:\/\/www.eenewseurope.com\/en\/","name":"EENewsEurope","description":"Just another WordPress site","publisher":{"@id":"https:\/\/www.eenewseurope.com\/en\/#organization"},"potentialAction":[{"@type":"SearchAction","target":{"@type":"EntryPoint","urlTemplate":"https:\/\/www.eenewseurope.com\/en\/?s={search_term_string}"},"query-input":"required name=search_term_string"}],"inLanguage":"fr-FR"},{"@type":"Organization","@id":"https:\/\/www.eenewseurope.com\/en\/#organization","name":"EENewsEurope","url":"https:\/\/www.eenewseurope.com\/en\/","logo":{"@type":"ImageObject","inLanguage":"fr-FR","@id":"https:\/\/www.eenewseurope.com\/en\/#\/schema\/logo\/image\/","url":"https:\/\/www.ecinews.fr\/wp-content\/uploads\/2022\/02\/logo-1.jpg","contentUrl":"https:\/\/www.ecinews.fr\/wp-content\/uploads\/2022\/02\/logo-1.jpg","width":283,"height":113,"caption":"EENewsEurope"},"image":{"@id":"https:\/\/www.eenewseurope.com\/en\/#\/schema\/logo\/image\/"}},{"@type":"Person","@id":"https:\/\/www.eenewseurope.com\/en\/#\/schema\/person\/e4387676ad67ce722325c7832f3c3762","name":"Alain Dieul","image":{"@type":"ImageObject","inLanguage":"fr-FR","@id":"https:\/\/www.eenewseurope.com\/en\/#\/schema\/person\/image\/736120675699dbbf0f0f282b9a9cfb75","url":"https:\/\/secure.gravatar.com\/avatar\/bc93b056d07515be5b8eecd4acf49c5c?s=96&d=mm&r=g","contentUrl":"https:\/\/secure.gravatar.com\/avatar\/bc93b056d07515be5b8eecd4acf49c5c?s=96&d=mm&r=g","caption":"Alain Dieul"},"sameAs":["http:\/\/ECINews"]}]}},"authors":[{"term_id":1154,"user_id":36,"is_guest":0,"slug":"alain-dieul","display_name":"Alain Dieul","avatar_url":"https:\/\/secure.gravatar.com\/avatar\/bc93b056d07515be5b8eecd4acf49c5c?s=96&d=mm&r=g","0":null,"1":"","2":"","3":"","4":"","5":"","6":"","7":"","8":""}],"_links":{"self":[{"href":"https:\/\/www.ecinews.fr\/fr\/wp-json\/wp\/v2\/posts\/387388"}],"collection":[{"href":"https:\/\/www.ecinews.fr\/fr\/wp-json\/wp\/v2\/posts"}],"about":[{"href":"https:\/\/www.ecinews.fr\/fr\/wp-json\/wp\/v2\/types\/post"}],"author":[{"embeddable":true,"href":"https:\/\/www.ecinews.fr\/fr\/wp-json\/wp\/v2\/users\/36"}],"replies":[{"embeddable":true,"href":"https:\/\/www.ecinews.fr\/fr\/wp-json\/wp\/v2\/comments?post=387388"}],"version-history":[{"count":0,"href":"https:\/\/www.ecinews.fr\/fr\/wp-json\/wp\/v2\/posts\/387388\/revisions"}],"wp:featuredmedia":[{"embeddable":true,"href":"https:\/\/www.ecinews.fr\/fr\/wp-json\/wp\/v2\/media\/387389"}],"wp:attachment":[{"href":"https:\/\/www.ecinews.fr\/fr\/wp-json\/wp\/v2\/media?parent=387388"}],"wp:term":[{"taxonomy":"category","embeddable":true,"href":"https:\/\/www.ecinews.fr\/fr\/wp-json\/wp\/v2\/categories?post=387388"},{"taxonomy":"post_tag","embeddable":true,"href":"https:\/\/www.ecinews.fr\/fr\/wp-json\/wp\/v2\/tags?post=387388"},{"taxonomy":"domains","embeddable":true,"href":"https:\/\/www.ecinews.fr\/fr\/wp-json\/wp\/v2\/domains?post=387388"},{"taxonomy":"author","embeddable":true,"href":"https:\/\/www.ecinews.fr\/fr\/wp-json\/wp\/v2\/ppma_author?post=387388"}],"curies":[{"name":"wp","href":"https:\/\/api.w.org\/{rel}","templated":true}]}}