{"id":386802,"date":"2022-06-15T09:31:44","date_gmt":"2022-06-15T07:31:44","guid":{"rendered":"https:\/\/www.ecinews.fr\/?p=386802"},"modified":"2022-06-15T09:31:44","modified_gmt":"2022-06-15T07:31:44","slug":"des-cameras-thermiques-qui-surveillent-la-charge-initiale-dans-la-production-de-batteries","status":"publish","type":"post","link":"https:\/\/www.ecinews.fr\/fr\/des-cameras-thermiques-qui-surveillent-la-charge-initiale-dans-la-production-de-batteries\/","title":{"rendered":"Des cam\u00e9ras thermiques qui surveillent la charge initiale dans la production de batteries"},"content":{"rendered":"<p>Les capteurs modernes surveillent de nombreuses \u00e9tapes de processus dans la production de batteries. L&rsquo;une de ces \u00e9tapes de production est la charge et la d\u00e9charge initiales des cellules de batterie. Les cam\u00e9ras thermiques de Micro-Epsilon fournissent des informations importantes sur la r\u00e9partition de la temp\u00e9rature et les \u00e9ventuels courts-circuits.<\/p>\n<p>Micro-Epsilon propose une large gamme de cam\u00e9ras thermiques compactes qui couvrent de grandes plages de temp\u00e9ratures de \u201120 \u00b0C \u00e0 +2 450 \u00b0C. Les cam\u00e9ras thermiques thermoIMAGER TIM surveillent et contr\u00f4lent les processus critiques en mati\u00e8re de temp\u00e9rature. Gr\u00e2ce \u00e0 leur conception compacte et industrielle, les cam\u00e9ras sont utilis\u00e9es dans un large \u00e9ventail d&rsquo;applications industrielles, par exemple pour la surveillance des cellules de batterie pendant le premier processus de charge.<\/p>\n<p>La charge et la d\u00e9charge initiales des cellules de batterie sont consid\u00e9r\u00e9es comme un processus critique. C&rsquo;est pourquoi des cam\u00e9ras thermiques de Micro-Epsilon sont utilis\u00e9es pour d\u00e9tecter des points chauds tout en reconnaissant des \u00e9carts de temp\u00e9rature pour la d\u00e9tection pr\u00e9coce d&rsquo;incendies. Elles fournissent des informations sur la r\u00e9partition de la temp\u00e9rature, ce qui permet \u00e9galement d&rsquo;obtenir des indications sur d&rsquo;\u00e9ventuels courts-circuits.<\/p>\n<p>Les r\u00e9sultats de mesure peuvent \u00eatre transmis \u00e0 un PC via USB 2.0. Le logiciel sans licence TIMConnect permet de visualiser et d\u2019enregistrer les donn\u00e9es des temp\u00e9ratures mesur\u00e9es en tant qu\u2019image thermique. Les cam\u00e9ras sont directement pr\u00eates \u00e0 l&#8217;emploi, le contr\u00f4le et le param\u00e9trage s&rsquo;effectuent via le logiciel. Gr\u00e2ce au principe de mesure sans contact, l&rsquo;installation est sans usure. Les domaines d&rsquo;application sont l&rsquo;automatisation des processus, les stations d&rsquo;essai, la recherche et le d\u00e9veloppement et les t\u00e2ches de mesure mobiles.<\/p>\n<p>&nbsp;<\/p>\n<p><a title=\"www.micro-epsilon.fr\" href=\"http:\/\/www.micro-epsilon.fr\">www.micro-epsilon.fr<\/a><\/p>\n","protected":false},"excerpt":{"rendered":"<p>Les cam\u00e9ras thermiques de Micro-Epsilon fournissent des informations importantes sur la r\u00e9partition de la temp\u00e9rature et les \u00e9ventuels courts-circuits.<\/p>\n","protected":false},"author":36,"featured_media":386805,"comment_status":"closed","ping_status":"closed","sticky":false,"template":"","format":"standard","meta":{"_acf_changed":false,"footnotes":""},"categories":[886],"tags":[909,1321],"domains":[47],"ppma_author":[1154],"class_list":["post-386802","post","type-post","status-publish","format-standard","has-post-thumbnail","hentry","category-news-fr","tag-batteries-power-supplies-fr","tag-cameras","domains-electronique-eci"],"acf":[],"yoast_head":"<title>Des cam\u00e9ras thermiques qui surveillent la charge initiale dans...<\/title>\n<meta name=\"description\" content=\"Les cam\u00e9ras thermiques de Micro-Epsilon fournissent des informations importantes sur la r\u00e9partition de la temp\u00e9rature et les \u00e9ventuels courts-circuits.\" \/>\n<meta name=\"robots\" content=\"index, follow, max-snippet:-1, max-image-preview:large, max-video-preview:-1\" \/>\n<link rel=\"canonical\" href=\"https:\/\/www.ecinews.fr\/fr\/wp-json\/wp\/v2\/posts\/386802\/\" \/>\n<meta property=\"og:locale\" content=\"fr_FR\" \/>\n<meta property=\"og:type\" content=\"article\" \/>\n<meta property=\"og:title\" content=\"Des cam\u00e9ras thermiques qui surveillent la charge initiale dans la production de batteries\" \/>\n<meta property=\"og:description\" content=\"Les cam\u00e9ras thermiques de Micro-Epsilon fournissent des informations importantes sur la r\u00e9partition de la temp\u00e9rature et les \u00e9ventuels courts-circuits.\" \/>\n<meta property=\"og:url\" content=\"https:\/\/www.ecinews.fr\/fr\/wp-json\/wp\/v2\/posts\/386802\/\" \/>\n<meta property=\"og:site_name\" content=\"EENewsEurope\" \/>\n<meta property=\"article:published_time\" content=\"2022-06-15T07:31:44+00:00\" \/>\n<meta property=\"og:image\" content=\"https:\/\/www.ecinews.fr\/wp-content\/uploads\/2022\/06\/ECI1232_Micro_Epsilon-scaled.jpg\" \/>\n\t<meta property=\"og:image:width\" content=\"1080\" \/>\n\t<meta property=\"og:image:height\" content=\"720\" \/>\n\t<meta property=\"og:image:type\" content=\"image\/jpeg\" \/>\n<meta name=\"author\" content=\"Alain Dieul\" \/>\n<meta name=\"twitter:card\" content=\"summary_large_image\" \/>\n<meta name=\"twitter:label1\" content=\"Written by\" \/>\n\t<meta name=\"twitter:data1\" content=\"Alain Dieul\" \/>\n\t<meta name=\"twitter:label2\" content=\"Est. reading time\" \/>\n\t<meta name=\"twitter:data2\" content=\"2 minutes\" \/>\n<script type=\"application\/ld+json\" class=\"yoast-schema-graph\">{\"@context\":\"https:\/\/schema.org\",\"@graph\":[{\"@type\":\"Article\",\"@id\":\"https:\/\/www.ecinews.fr\/fr\/des-cameras-thermiques-qui-surveillent-la-charge-initiale-dans-la-production-de-batteries\/#article\",\"isPartOf\":{\"@id\":\"https:\/\/www.ecinews.fr\/fr\/des-cameras-thermiques-qui-surveillent-la-charge-initiale-dans-la-production-de-batteries\/\"},\"author\":{\"name\":\"Alain Dieul\",\"@id\":\"https:\/\/www.eenewseurope.com\/en\/#\/schema\/person\/e4387676ad67ce722325c7832f3c3762\"},\"headline\":\"Des cam\u00e9ras thermiques qui surveillent la charge initiale dans la production de batteries\",\"datePublished\":\"2022-06-15T07:31:44+00:00\",\"dateModified\":\"2022-06-15T07:31:44+00:00\",\"mainEntityOfPage\":{\"@id\":\"https:\/\/www.ecinews.fr\/fr\/des-cameras-thermiques-qui-surveillent-la-charge-initiale-dans-la-production-de-batteries\/\"},\"wordCount\":321,\"publisher\":{\"@id\":\"https:\/\/www.eenewseurope.com\/en\/#organization\"},\"keywords\":[\"Batteries \/ Power Supplies\",\"Cam\u00e9ras\"],\"articleSection\":[\"Actualit\u00e9 g\u00e9n\u00e9rale\"],\"inLanguage\":\"fr-FR\"},{\"@type\":\"WebPage\",\"@id\":\"https:\/\/www.ecinews.fr\/fr\/des-cameras-thermiques-qui-surveillent-la-charge-initiale-dans-la-production-de-batteries\/\",\"url\":\"https:\/\/www.ecinews.fr\/fr\/des-cameras-thermiques-qui-surveillent-la-charge-initiale-dans-la-production-de-batteries\/\",\"name\":\"Des cam\u00e9ras thermiques qui surveillent la charge initiale dans la production de batteries -\",\"isPartOf\":{\"@id\":\"https:\/\/www.eenewseurope.com\/en\/#website\"},\"datePublished\":\"2022-06-15T07:31:44+00:00\",\"dateModified\":\"2022-06-15T07:31:44+00:00\",\"breadcrumb\":{\"@id\":\"https:\/\/www.ecinews.fr\/fr\/des-cameras-thermiques-qui-surveillent-la-charge-initiale-dans-la-production-de-batteries\/#breadcrumb\"},\"inLanguage\":\"fr-FR\",\"potentialAction\":[{\"@type\":\"ReadAction\",\"target\":[\"https:\/\/www.ecinews.fr\/fr\/des-cameras-thermiques-qui-surveillent-la-charge-initiale-dans-la-production-de-batteries\/\"]}]},{\"@type\":\"BreadcrumbList\",\"@id\":\"https:\/\/www.ecinews.fr\/fr\/des-cameras-thermiques-qui-surveillent-la-charge-initiale-dans-la-production-de-batteries\/#breadcrumb\",\"itemListElement\":[{\"@type\":\"ListItem\",\"position\":1,\"name\":\"Home\",\"item\":\"https:\/\/www.ecinews.fr\/fr\/\"},{\"@type\":\"ListItem\",\"position\":2,\"name\":\"Des cam\u00e9ras thermiques qui surveillent la charge initiale dans la production de batteries\"}]},{\"@type\":\"WebSite\",\"@id\":\"https:\/\/www.eenewseurope.com\/en\/#website\",\"url\":\"https:\/\/www.eenewseurope.com\/en\/\",\"name\":\"EENewsEurope\",\"description\":\"Just another WordPress site\",\"publisher\":{\"@id\":\"https:\/\/www.eenewseurope.com\/en\/#organization\"},\"potentialAction\":[{\"@type\":\"SearchAction\",\"target\":{\"@type\":\"EntryPoint\",\"urlTemplate\":\"https:\/\/www.eenewseurope.com\/en\/?s={search_term_string}\"},\"query-input\":\"required name=search_term_string\"}],\"inLanguage\":\"fr-FR\"},{\"@type\":\"Organization\",\"@id\":\"https:\/\/www.eenewseurope.com\/en\/#organization\",\"name\":\"EENewsEurope\",\"url\":\"https:\/\/www.eenewseurope.com\/en\/\",\"logo\":{\"@type\":\"ImageObject\",\"inLanguage\":\"fr-FR\",\"@id\":\"https:\/\/www.eenewseurope.com\/en\/#\/schema\/logo\/image\/\",\"url\":\"https:\/\/www.ecinews.fr\/wp-content\/uploads\/2022\/02\/logo-1.jpg\",\"contentUrl\":\"https:\/\/www.ecinews.fr\/wp-content\/uploads\/2022\/02\/logo-1.jpg\",\"width\":283,\"height\":113,\"caption\":\"EENewsEurope\"},\"image\":{\"@id\":\"https:\/\/www.eenewseurope.com\/en\/#\/schema\/logo\/image\/\"}},{\"@type\":\"Person\",\"@id\":\"https:\/\/www.eenewseurope.com\/en\/#\/schema\/person\/e4387676ad67ce722325c7832f3c3762\",\"name\":\"Alain Dieul\",\"image\":{\"@type\":\"ImageObject\",\"inLanguage\":\"fr-FR\",\"@id\":\"https:\/\/www.eenewseurope.com\/en\/#\/schema\/person\/image\/736120675699dbbf0f0f282b9a9cfb75\",\"url\":\"https:\/\/secure.gravatar.com\/avatar\/bc93b056d07515be5b8eecd4acf49c5c?s=96&d=mm&r=g\",\"contentUrl\":\"https:\/\/secure.gravatar.com\/avatar\/bc93b056d07515be5b8eecd4acf49c5c?s=96&d=mm&r=g\",\"caption\":\"Alain Dieul\"},\"sameAs\":[\"http:\/\/ECINews\"]}]}<\/script>","yoast_head_json":{"title":"Des cam\u00e9ras thermiques qui surveillent la charge initiale dans...","description":"Les cam\u00e9ras thermiques de Micro-Epsilon fournissent des informations importantes sur la r\u00e9partition de la temp\u00e9rature et les \u00e9ventuels courts-circuits.","robots":{"index":"index","follow":"follow","max-snippet":"max-snippet:-1","max-image-preview":"max-image-preview:large","max-video-preview":"max-video-preview:-1"},"canonical":"https:\/\/www.ecinews.fr\/fr\/wp-json\/wp\/v2\/posts\/386802\/","og_locale":"fr_FR","og_type":"article","og_title":"Des cam\u00e9ras thermiques qui surveillent la charge initiale dans la production de batteries","og_description":"Les cam\u00e9ras thermiques de Micro-Epsilon fournissent des informations importantes sur la r\u00e9partition de la temp\u00e9rature et les \u00e9ventuels courts-circuits.","og_url":"https:\/\/www.ecinews.fr\/fr\/wp-json\/wp\/v2\/posts\/386802\/","og_site_name":"EENewsEurope","article_published_time":"2022-06-15T07:31:44+00:00","og_image":[{"width":1080,"height":720,"url":"https:\/\/www.ecinews.fr\/wp-content\/uploads\/2022\/06\/ECI1232_Micro_Epsilon-scaled.jpg","type":"image\/jpeg"}],"author":"Alain Dieul","twitter_card":"summary_large_image","twitter_misc":{"Written by":"Alain Dieul","Est. reading time":"2 minutes"},"schema":{"@context":"https:\/\/schema.org","@graph":[{"@type":"Article","@id":"https:\/\/www.ecinews.fr\/fr\/des-cameras-thermiques-qui-surveillent-la-charge-initiale-dans-la-production-de-batteries\/#article","isPartOf":{"@id":"https:\/\/www.ecinews.fr\/fr\/des-cameras-thermiques-qui-surveillent-la-charge-initiale-dans-la-production-de-batteries\/"},"author":{"name":"Alain Dieul","@id":"https:\/\/www.eenewseurope.com\/en\/#\/schema\/person\/e4387676ad67ce722325c7832f3c3762"},"headline":"Des cam\u00e9ras thermiques qui surveillent la charge initiale dans la production de batteries","datePublished":"2022-06-15T07:31:44+00:00","dateModified":"2022-06-15T07:31:44+00:00","mainEntityOfPage":{"@id":"https:\/\/www.ecinews.fr\/fr\/des-cameras-thermiques-qui-surveillent-la-charge-initiale-dans-la-production-de-batteries\/"},"wordCount":321,"publisher":{"@id":"https:\/\/www.eenewseurope.com\/en\/#organization"},"keywords":["Batteries \/ Power Supplies","Cam\u00e9ras"],"articleSection":["Actualit\u00e9 g\u00e9n\u00e9rale"],"inLanguage":"fr-FR"},{"@type":"WebPage","@id":"https:\/\/www.ecinews.fr\/fr\/des-cameras-thermiques-qui-surveillent-la-charge-initiale-dans-la-production-de-batteries\/","url":"https:\/\/www.ecinews.fr\/fr\/des-cameras-thermiques-qui-surveillent-la-charge-initiale-dans-la-production-de-batteries\/","name":"Des cam\u00e9ras thermiques qui surveillent la charge initiale dans la production de batteries -","isPartOf":{"@id":"https:\/\/www.eenewseurope.com\/en\/#website"},"datePublished":"2022-06-15T07:31:44+00:00","dateModified":"2022-06-15T07:31:44+00:00","breadcrumb":{"@id":"https:\/\/www.ecinews.fr\/fr\/des-cameras-thermiques-qui-surveillent-la-charge-initiale-dans-la-production-de-batteries\/#breadcrumb"},"inLanguage":"fr-FR","potentialAction":[{"@type":"ReadAction","target":["https:\/\/www.ecinews.fr\/fr\/des-cameras-thermiques-qui-surveillent-la-charge-initiale-dans-la-production-de-batteries\/"]}]},{"@type":"BreadcrumbList","@id":"https:\/\/www.ecinews.fr\/fr\/des-cameras-thermiques-qui-surveillent-la-charge-initiale-dans-la-production-de-batteries\/#breadcrumb","itemListElement":[{"@type":"ListItem","position":1,"name":"Home","item":"https:\/\/www.ecinews.fr\/fr\/"},{"@type":"ListItem","position":2,"name":"Des cam\u00e9ras thermiques qui surveillent la charge initiale dans la production de batteries"}]},{"@type":"WebSite","@id":"https:\/\/www.eenewseurope.com\/en\/#website","url":"https:\/\/www.eenewseurope.com\/en\/","name":"EENewsEurope","description":"Just another WordPress site","publisher":{"@id":"https:\/\/www.eenewseurope.com\/en\/#organization"},"potentialAction":[{"@type":"SearchAction","target":{"@type":"EntryPoint","urlTemplate":"https:\/\/www.eenewseurope.com\/en\/?s={search_term_string}"},"query-input":"required name=search_term_string"}],"inLanguage":"fr-FR"},{"@type":"Organization","@id":"https:\/\/www.eenewseurope.com\/en\/#organization","name":"EENewsEurope","url":"https:\/\/www.eenewseurope.com\/en\/","logo":{"@type":"ImageObject","inLanguage":"fr-FR","@id":"https:\/\/www.eenewseurope.com\/en\/#\/schema\/logo\/image\/","url":"https:\/\/www.ecinews.fr\/wp-content\/uploads\/2022\/02\/logo-1.jpg","contentUrl":"https:\/\/www.ecinews.fr\/wp-content\/uploads\/2022\/02\/logo-1.jpg","width":283,"height":113,"caption":"EENewsEurope"},"image":{"@id":"https:\/\/www.eenewseurope.com\/en\/#\/schema\/logo\/image\/"}},{"@type":"Person","@id":"https:\/\/www.eenewseurope.com\/en\/#\/schema\/person\/e4387676ad67ce722325c7832f3c3762","name":"Alain Dieul","image":{"@type":"ImageObject","inLanguage":"fr-FR","@id":"https:\/\/www.eenewseurope.com\/en\/#\/schema\/person\/image\/736120675699dbbf0f0f282b9a9cfb75","url":"https:\/\/secure.gravatar.com\/avatar\/bc93b056d07515be5b8eecd4acf49c5c?s=96&d=mm&r=g","contentUrl":"https:\/\/secure.gravatar.com\/avatar\/bc93b056d07515be5b8eecd4acf49c5c?s=96&d=mm&r=g","caption":"Alain Dieul"},"sameAs":["http:\/\/ECINews"]}]}},"authors":[{"term_id":1154,"user_id":36,"is_guest":0,"slug":"alain-dieul","display_name":"Alain Dieul","avatar_url":"https:\/\/secure.gravatar.com\/avatar\/bc93b056d07515be5b8eecd4acf49c5c?s=96&d=mm&r=g","0":null,"1":"","2":"","3":"","4":"","5":"","6":"","7":"","8":""}],"_links":{"self":[{"href":"https:\/\/www.ecinews.fr\/fr\/wp-json\/wp\/v2\/posts\/386802"}],"collection":[{"href":"https:\/\/www.ecinews.fr\/fr\/wp-json\/wp\/v2\/posts"}],"about":[{"href":"https:\/\/www.ecinews.fr\/fr\/wp-json\/wp\/v2\/types\/post"}],"author":[{"embeddable":true,"href":"https:\/\/www.ecinews.fr\/fr\/wp-json\/wp\/v2\/users\/36"}],"replies":[{"embeddable":true,"href":"https:\/\/www.ecinews.fr\/fr\/wp-json\/wp\/v2\/comments?post=386802"}],"version-history":[{"count":0,"href":"https:\/\/www.ecinews.fr\/fr\/wp-json\/wp\/v2\/posts\/386802\/revisions"}],"wp:featuredmedia":[{"embeddable":true,"href":"https:\/\/www.ecinews.fr\/fr\/wp-json\/wp\/v2\/media\/386805"}],"wp:attachment":[{"href":"https:\/\/www.ecinews.fr\/fr\/wp-json\/wp\/v2\/media?parent=386802"}],"wp:term":[{"taxonomy":"category","embeddable":true,"href":"https:\/\/www.ecinews.fr\/fr\/wp-json\/wp\/v2\/categories?post=386802"},{"taxonomy":"post_tag","embeddable":true,"href":"https:\/\/www.ecinews.fr\/fr\/wp-json\/wp\/v2\/tags?post=386802"},{"taxonomy":"domains","embeddable":true,"href":"https:\/\/www.ecinews.fr\/fr\/wp-json\/wp\/v2\/domains?post=386802"},{"taxonomy":"author","embeddable":true,"href":"https:\/\/www.ecinews.fr\/fr\/wp-json\/wp\/v2\/ppma_author?post=386802"}],"curies":[{"name":"wp","href":"https:\/\/api.w.org\/{rel}","templated":true}]}}