{"id":386533,"date":"2022-06-10T18:57:17","date_gmt":"2022-06-10T16:57:17","guid":{"rendered":"https:\/\/www.eenewseurope.com\/?p=386533"},"modified":"2022-07-29T12:18:18","modified_gmt":"2022-07-29T10:18:18","slug":"ibm-quitte-la-russie-definitivement","status":"publish","type":"post","link":"https:\/\/www.ecinews.fr\/fr\/ibm-quitte-la-russie-definitivement\/","title":{"rendered":"IBM quitte la Russie d\u00e9finitivement"},"content":{"rendered":"<p><span class=\"VIiyi\" lang=\"fr\"><span class=\"JLqJ4b\" data-language-for-alternatives=\"fr\" data-language-to-translate-into=\"en\" data-phrase-index=\"0\" data-number-of-phrases=\"1\"><span class=\"Q4iAWc\">L&rsquo;entreprise avait d\u00e9j\u00e0 suspendu ses activit\u00e9s d\u00e9but mars et est maintenant en train de se retirer d\u00e9finitivement du pays, licenciant son personnel et fermant son site Web. \u00ab Depuis des mois, nous nous concentrons sur la protection et la s\u00e9curit\u00e9 des IBMers et de leurs familles dans les r\u00e9gions touch\u00e9es \u00bb, a d\u00e9clar\u00e9 Arvind Krishna, CEO d&rsquo;IBM.<\/span><\/span><\/span><\/p>\n<p><span class=\"VIiyi\" lang=\"fr\"><span class=\"JLqJ4b\" data-language-for-alternatives=\"fr\" data-language-to-translate-into=\"en\" data-phrase-index=\"0\" data-number-of-phrases=\"1\"><span class=\"Q4iAWc\">\u00ab Nous avions choisi de suspendre les op\u00e9rations en mars 2022 afin de pouvoir \u00e9valuer les options \u00e0 plus long terme tout en continuant \u00e0 payer et \u00e0 subvenir aux besoins de nos employ\u00e9s en Russie. Alors que les cons\u00e9quences de la guerre continuent de s&rsquo;aggraver et que l&rsquo;incertitude quant \u00e0 ses ramifications \u00e0 long terme grandit, nous avons maintenant pris la d\u00e9cision de proc\u00e9der \u00e0 une fermeture ordonn\u00e9e des activit\u00e9s d&rsquo;IBM en Russie. Nous consid\u00e9rons cette d\u00e9cision \u00e0 la fois juste et n\u00e9cessaire, et une \u00e9tape naturelle apr\u00e8s la suspension de nos activit\u00e9s. \u00bb <\/span><\/span><\/span><\/p>\n<h4>Autres articles<\/h4>\n<div class=\"title-wrapper\">\n<ul>\n<li class=\"title\"><a href=\"https:\/\/www.ecinews.fr\/fr\/intel-suspend-toutes-ses-activites-en-russie\/\" target=\"_blank\" rel=\"noopener\">Intel suspend toutes ses activit\u00e9s en Russie<\/a><\/li>\n<li class=\"title\"><a href=\"https:\/\/www.ecinews.fr\/fr\/siemens-va-arreter-toutes-ses-activites-en-russie\/\" target=\"_blank\" rel=\"noopener\">Siemens va arr\u00eater toutes ses activit\u00e9s en Russie\u00a0<\/a><\/li>\n<li class=\"title\"><a href=\"https:\/\/www.ecinews.fr\/fr\/jabil-se-retire-de-russie-booste-son-support-en-ukraine\/\" target=\"_blank\" rel=\"noopener\">Jabil se retire de Russie et booste son support en Ukraine<\/a><\/li>\n<\/ul>\n<\/div>\n<p><span class=\"VIiyi\" lang=\"fr\"><span class=\"JLqJ4b\" data-language-for-alternatives=\"fr\" data-language-to-translate-into=\"en\" data-phrase-index=\"0\" data-number-of-phrases=\"1\"><span class=\"Q4iAWc\">\u00abCe processus entra\u00eenera .. la s\u00e9paration de notre main-d&rsquo;\u0153uvre locale. Nos coll\u00e8gues en Russie ont, sans que ce soit de leur faute, endur\u00e9 des mois de stress et d&rsquo;incertitude. Nous reconnaissons que cette nouvelle est difficile, et je tiens \u00e0 les assurer qu&rsquo;IBM continuera \u00e0 les soutenir et prendra toutes les mesures raisonnables pour fournir une assistance et rendre leur transition aussi ordonn\u00e9e que possible \u00bb, a-t-il d\u00e9clar\u00e9. <\/span><\/span><\/span><\/p>\n<p><span class=\"VIiyi\" lang=\"fr\"><span class=\"JLqJ4b\" data-language-for-alternatives=\"fr\" data-language-to-translate-into=\"en\" data-phrase-index=\"0\" data-number-of-phrases=\"1\"><span class=\"Q4iAWc\">Le personnel d&rsquo;IBM a fait don de pr\u00e8s de 2 millions de dollars \u00e0 la Croix-Rouge internationale pour soutenir des op\u00e9rations d&rsquo;aide.<\/span><\/span><\/span><\/p>\n<p>Il n&rsquo;est pas pr\u00e9cis\u00e9 si IBM continuera \u00e0 assurer un service pour la base de mat\u00e9riels install\u00e9s en Russie. Un non suivi pourrait rapidement rendre tout le mat\u00e9riel install\u00e9 obsol\u00e8te tr\u00e8s rapidement (NDLR).<\/p>\n<p><a href=\"http:\/\/www.ibm.com\">www.ibm.com<\/a><\/p>\n<h4>Other related articles<\/h4>\n<ul>\n<li><a href=\"https:\/\/www.eenewseurope.com\/en\/telecom-operators-to-provide-free-coverage-for-ukrainian-refugees\/\">Telecom operators to provide free coverage for Ukrainian\u00a0refugees<\/a><\/li>\n<li><a href=\"https:\/\/www.eenewseurope.com\/en\/dji-stops-drone-sales-to-russia-ukraine\/\">DJI stops drone sales to Russia and Ukraine<\/a><\/li>\n<li><a href=\"https:\/\/www.eenewseurope.com\/en\/siemens-converts-warsaw-office-for-ukraine-refugees\/\">Siemens converts Warsaw office for Ukraine refugees<\/a><\/li>\n<\/ul>\n","protected":false},"excerpt":{"rendered":"<p>IBM est la derni\u00e8re multinationale d&rsquo;\u00e9lectronique et d&rsquo;informatique \u00e0 cesser ses activit\u00e9s en Russie \u00e0 la suite du conflit en Ukraine.<\/p>\n","protected":false},"author":6,"featured_media":386376,"comment_status":"closed","ping_status":"closed","sticky":false,"template":"","format":"standard","meta":{"_acf_changed":false,"footnotes":""},"categories":[886],"tags":[],"domains":[47],"ppma_author":[1138],"class_list":["post-386533","post","type-post","status-publish","format-standard","has-post-thumbnail","hentry","category-news-fr","domains-electronique-eci"],"acf":[],"yoast_head":"<title>IBM quitte la Russie d\u00e9finitivement ...<\/title>\n<meta name=\"description\" content=\"IBM est la derni\u00e8re multinationale d&#039;\u00e9lectronique et d&#039;informatique \u00e0 cesser ses activit\u00e9s en Russie \u00e0 la suite du conflit en Ukraine.\" \/>\n<meta name=\"robots\" content=\"index, follow, max-snippet:-1, max-image-preview:large, max-video-preview:-1\" \/>\n<link rel=\"canonical\" href=\"https:\/\/www.ecinews.fr\/fr\/wp-json\/wp\/v2\/posts\/386533\/\" \/>\n<meta property=\"og:locale\" content=\"fr_FR\" \/>\n<meta property=\"og:type\" content=\"article\" \/>\n<meta property=\"og:title\" content=\"IBM quitte la Russie d\u00e9finitivement\" \/>\n<meta property=\"og:description\" content=\"IBM est la derni\u00e8re multinationale d&#039;\u00e9lectronique et d&#039;informatique \u00e0 cesser ses activit\u00e9s en Russie \u00e0 la suite du conflit en Ukraine.\" \/>\n<meta property=\"og:url\" content=\"https:\/\/www.ecinews.fr\/fr\/wp-json\/wp\/v2\/posts\/386533\/\" \/>\n<meta property=\"og:site_name\" content=\"EENewsEurope\" \/>\n<meta property=\"article:published_time\" content=\"2022-06-10T16:57:17+00:00\" \/>\n<meta property=\"article:modified_time\" content=\"2022-07-29T10:18:18+00:00\" \/>\n<meta property=\"og:image\" content=\"https:\/\/www.ecinews.fr\/wp-content\/uploads\/2022\/06\/IBMrussia.jpg\" \/>\n\t<meta property=\"og:image:width\" content=\"550\" \/>\n\t<meta property=\"og:image:height\" content=\"349\" \/>\n\t<meta property=\"og:image:type\" content=\"image\/jpeg\" \/>\n<meta name=\"author\" content=\"Nick Flaherty\" \/>\n<meta name=\"twitter:card\" content=\"summary_large_image\" \/>\n<meta name=\"twitter:label1\" content=\"Written by\" \/>\n\t<meta name=\"twitter:data1\" content=\"Nick Flaherty\" \/>\n\t<meta name=\"twitter:label2\" content=\"Est. reading time\" \/>\n\t<meta name=\"twitter:data2\" content=\"2 minutes\" \/>\n<script type=\"application\/ld+json\" class=\"yoast-schema-graph\">{\"@context\":\"https:\/\/schema.org\",\"@graph\":[{\"@type\":\"Article\",\"@id\":\"https:\/\/www.ecinews.fr\/fr\/ibm-quitte-la-russie-definitivement\/#article\",\"isPartOf\":{\"@id\":\"https:\/\/www.ecinews.fr\/fr\/ibm-quitte-la-russie-definitivement\/\"},\"author\":{\"name\":\"Nick Flaherty\",\"@id\":\"https:\/\/www.eenewseurope.com\/en\/#\/schema\/person\/e0ece0e066c16515540002c31cc7a3ff\"},\"headline\":\"IBM quitte la Russie d\u00e9finitivement\",\"datePublished\":\"2022-06-10T16:57:17+00:00\",\"dateModified\":\"2022-07-29T10:18:18+00:00\",\"mainEntityOfPage\":{\"@id\":\"https:\/\/www.ecinews.fr\/fr\/ibm-quitte-la-russie-definitivement\/\"},\"wordCount\":367,\"publisher\":{\"@id\":\"https:\/\/www.eenewseurope.com\/en\/#organization\"},\"articleSection\":[\"Actualit\u00e9 g\u00e9n\u00e9rale\"],\"inLanguage\":\"fr-FR\"},{\"@type\":\"WebPage\",\"@id\":\"https:\/\/www.ecinews.fr\/fr\/ibm-quitte-la-russie-definitivement\/\",\"url\":\"https:\/\/www.ecinews.fr\/fr\/ibm-quitte-la-russie-definitivement\/\",\"name\":\"IBM quitte la Russie d\u00e9finitivement -\",\"isPartOf\":{\"@id\":\"https:\/\/www.eenewseurope.com\/en\/#website\"},\"datePublished\":\"2022-06-10T16:57:17+00:00\",\"dateModified\":\"2022-07-29T10:18:18+00:00\",\"description\":\"IBM est la derni\u00e8re multinationale d'\u00e9lectronique et d'informatique \u00e0 cesser ses activit\u00e9s en Russie \u00e0 la suite du conflit en Ukraine.\",\"breadcrumb\":{\"@id\":\"https:\/\/www.ecinews.fr\/fr\/ibm-quitte-la-russie-definitivement\/#breadcrumb\"},\"inLanguage\":\"fr-FR\",\"potentialAction\":[{\"@type\":\"ReadAction\",\"target\":[\"https:\/\/www.ecinews.fr\/fr\/ibm-quitte-la-russie-definitivement\/\"]}]},{\"@type\":\"BreadcrumbList\",\"@id\":\"https:\/\/www.ecinews.fr\/fr\/ibm-quitte-la-russie-definitivement\/#breadcrumb\",\"itemListElement\":[{\"@type\":\"ListItem\",\"position\":1,\"name\":\"Home\",\"item\":\"https:\/\/www.ecinews.fr\/fr\/\"},{\"@type\":\"ListItem\",\"position\":2,\"name\":\"IBM quitte la Russie d\u00e9finitivement\"}]},{\"@type\":\"WebSite\",\"@id\":\"https:\/\/www.eenewseurope.com\/en\/#website\",\"url\":\"https:\/\/www.eenewseurope.com\/en\/\",\"name\":\"EENewsEurope\",\"description\":\"Just another WordPress site\",\"publisher\":{\"@id\":\"https:\/\/www.eenewseurope.com\/en\/#organization\"},\"potentialAction\":[{\"@type\":\"SearchAction\",\"target\":{\"@type\":\"EntryPoint\",\"urlTemplate\":\"https:\/\/www.eenewseurope.com\/en\/?s={search_term_string}\"},\"query-input\":\"required name=search_term_string\"}],\"inLanguage\":\"fr-FR\"},{\"@type\":\"Organization\",\"@id\":\"https:\/\/www.eenewseurope.com\/en\/#organization\",\"name\":\"EENewsEurope\",\"url\":\"https:\/\/www.eenewseurope.com\/en\/\",\"logo\":{\"@type\":\"ImageObject\",\"inLanguage\":\"fr-FR\",\"@id\":\"https:\/\/www.eenewseurope.com\/en\/#\/schema\/logo\/image\/\",\"url\":\"https:\/\/www.ecinews.fr\/wp-content\/uploads\/2022\/02\/logo-1.jpg\",\"contentUrl\":\"https:\/\/www.ecinews.fr\/wp-content\/uploads\/2022\/02\/logo-1.jpg\",\"width\":283,\"height\":113,\"caption\":\"EENewsEurope\"},\"image\":{\"@id\":\"https:\/\/www.eenewseurope.com\/en\/#\/schema\/logo\/image\/\"}},{\"@type\":\"Person\",\"@id\":\"https:\/\/www.eenewseurope.com\/en\/#\/schema\/person\/e0ece0e066c16515540002c31cc7a3ff\",\"name\":\"Nick Flaherty\",\"image\":{\"@type\":\"ImageObject\",\"inLanguage\":\"fr-FR\",\"@id\":\"https:\/\/www.eenewseurope.com\/en\/#\/schema\/person\/image\/48b22ad20cb8c78130781b5e1f225c7b\",\"url\":\"https:\/\/secure.gravatar.com\/avatar\/49bd04ef46c3ee89575adaf950e76b64?s=96&d=mm&r=g\",\"contentUrl\":\"https:\/\/secure.gravatar.com\/avatar\/49bd04ef46c3ee89575adaf950e76b64?s=96&d=mm&r=g\",\"caption\":\"Nick Flaherty\"}}]}<\/script>","yoast_head_json":{"title":"IBM quitte la Russie d\u00e9finitivement ...","description":"IBM est la derni\u00e8re multinationale d'\u00e9lectronique et d'informatique \u00e0 cesser ses activit\u00e9s en Russie \u00e0 la suite du conflit en Ukraine.","robots":{"index":"index","follow":"follow","max-snippet":"max-snippet:-1","max-image-preview":"max-image-preview:large","max-video-preview":"max-video-preview:-1"},"canonical":"https:\/\/www.ecinews.fr\/fr\/wp-json\/wp\/v2\/posts\/386533\/","og_locale":"fr_FR","og_type":"article","og_title":"IBM quitte la Russie d\u00e9finitivement","og_description":"IBM est la derni\u00e8re multinationale d'\u00e9lectronique et d'informatique \u00e0 cesser ses activit\u00e9s en Russie \u00e0 la suite du conflit en Ukraine.","og_url":"https:\/\/www.ecinews.fr\/fr\/wp-json\/wp\/v2\/posts\/386533\/","og_site_name":"EENewsEurope","article_published_time":"2022-06-10T16:57:17+00:00","article_modified_time":"2022-07-29T10:18:18+00:00","og_image":[{"width":550,"height":349,"url":"https:\/\/www.ecinews.fr\/wp-content\/uploads\/2022\/06\/IBMrussia.jpg","type":"image\/jpeg"}],"author":"Nick Flaherty","twitter_card":"summary_large_image","twitter_misc":{"Written by":"Nick Flaherty","Est. reading time":"2 minutes"},"schema":{"@context":"https:\/\/schema.org","@graph":[{"@type":"Article","@id":"https:\/\/www.ecinews.fr\/fr\/ibm-quitte-la-russie-definitivement\/#article","isPartOf":{"@id":"https:\/\/www.ecinews.fr\/fr\/ibm-quitte-la-russie-definitivement\/"},"author":{"name":"Nick Flaherty","@id":"https:\/\/www.eenewseurope.com\/en\/#\/schema\/person\/e0ece0e066c16515540002c31cc7a3ff"},"headline":"IBM quitte la Russie d\u00e9finitivement","datePublished":"2022-06-10T16:57:17+00:00","dateModified":"2022-07-29T10:18:18+00:00","mainEntityOfPage":{"@id":"https:\/\/www.ecinews.fr\/fr\/ibm-quitte-la-russie-definitivement\/"},"wordCount":367,"publisher":{"@id":"https:\/\/www.eenewseurope.com\/en\/#organization"},"articleSection":["Actualit\u00e9 g\u00e9n\u00e9rale"],"inLanguage":"fr-FR"},{"@type":"WebPage","@id":"https:\/\/www.ecinews.fr\/fr\/ibm-quitte-la-russie-definitivement\/","url":"https:\/\/www.ecinews.fr\/fr\/ibm-quitte-la-russie-definitivement\/","name":"IBM quitte la Russie d\u00e9finitivement -","isPartOf":{"@id":"https:\/\/www.eenewseurope.com\/en\/#website"},"datePublished":"2022-06-10T16:57:17+00:00","dateModified":"2022-07-29T10:18:18+00:00","description":"IBM est la derni\u00e8re multinationale d'\u00e9lectronique et d'informatique \u00e0 cesser ses activit\u00e9s en Russie \u00e0 la suite du conflit en Ukraine.","breadcrumb":{"@id":"https:\/\/www.ecinews.fr\/fr\/ibm-quitte-la-russie-definitivement\/#breadcrumb"},"inLanguage":"fr-FR","potentialAction":[{"@type":"ReadAction","target":["https:\/\/www.ecinews.fr\/fr\/ibm-quitte-la-russie-definitivement\/"]}]},{"@type":"BreadcrumbList","@id":"https:\/\/www.ecinews.fr\/fr\/ibm-quitte-la-russie-definitivement\/#breadcrumb","itemListElement":[{"@type":"ListItem","position":1,"name":"Home","item":"https:\/\/www.ecinews.fr\/fr\/"},{"@type":"ListItem","position":2,"name":"IBM quitte la Russie d\u00e9finitivement"}]},{"@type":"WebSite","@id":"https:\/\/www.eenewseurope.com\/en\/#website","url":"https:\/\/www.eenewseurope.com\/en\/","name":"EENewsEurope","description":"Just another WordPress site","publisher":{"@id":"https:\/\/www.eenewseurope.com\/en\/#organization"},"potentialAction":[{"@type":"SearchAction","target":{"@type":"EntryPoint","urlTemplate":"https:\/\/www.eenewseurope.com\/en\/?s={search_term_string}"},"query-input":"required name=search_term_string"}],"inLanguage":"fr-FR"},{"@type":"Organization","@id":"https:\/\/www.eenewseurope.com\/en\/#organization","name":"EENewsEurope","url":"https:\/\/www.eenewseurope.com\/en\/","logo":{"@type":"ImageObject","inLanguage":"fr-FR","@id":"https:\/\/www.eenewseurope.com\/en\/#\/schema\/logo\/image\/","url":"https:\/\/www.ecinews.fr\/wp-content\/uploads\/2022\/02\/logo-1.jpg","contentUrl":"https:\/\/www.ecinews.fr\/wp-content\/uploads\/2022\/02\/logo-1.jpg","width":283,"height":113,"caption":"EENewsEurope"},"image":{"@id":"https:\/\/www.eenewseurope.com\/en\/#\/schema\/logo\/image\/"}},{"@type":"Person","@id":"https:\/\/www.eenewseurope.com\/en\/#\/schema\/person\/e0ece0e066c16515540002c31cc7a3ff","name":"Nick Flaherty","image":{"@type":"ImageObject","inLanguage":"fr-FR","@id":"https:\/\/www.eenewseurope.com\/en\/#\/schema\/person\/image\/48b22ad20cb8c78130781b5e1f225c7b","url":"https:\/\/secure.gravatar.com\/avatar\/49bd04ef46c3ee89575adaf950e76b64?s=96&d=mm&r=g","contentUrl":"https:\/\/secure.gravatar.com\/avatar\/49bd04ef46c3ee89575adaf950e76b64?s=96&d=mm&r=g","caption":"Nick Flaherty"}}]}},"authors":[{"term_id":1138,"user_id":6,"is_guest":0,"slug":"flaherty","display_name":"Nick Flaherty","avatar_url":"https:\/\/secure.gravatar.com\/avatar\/49bd04ef46c3ee89575adaf950e76b64?s=96&d=mm&r=g","0":null,"1":"","2":"","3":"","4":"","5":"","6":"","7":"","8":""}],"_links":{"self":[{"href":"https:\/\/www.ecinews.fr\/fr\/wp-json\/wp\/v2\/posts\/386533"}],"collection":[{"href":"https:\/\/www.ecinews.fr\/fr\/wp-json\/wp\/v2\/posts"}],"about":[{"href":"https:\/\/www.ecinews.fr\/fr\/wp-json\/wp\/v2\/types\/post"}],"author":[{"embeddable":true,"href":"https:\/\/www.ecinews.fr\/fr\/wp-json\/wp\/v2\/users\/6"}],"replies":[{"embeddable":true,"href":"https:\/\/www.ecinews.fr\/fr\/wp-json\/wp\/v2\/comments?post=386533"}],"version-history":[{"count":0,"href":"https:\/\/www.ecinews.fr\/fr\/wp-json\/wp\/v2\/posts\/386533\/revisions"}],"wp:featuredmedia":[{"embeddable":true,"href":"https:\/\/www.ecinews.fr\/fr\/wp-json\/wp\/v2\/media\/386376"}],"wp:attachment":[{"href":"https:\/\/www.ecinews.fr\/fr\/wp-json\/wp\/v2\/media?parent=386533"}],"wp:term":[{"taxonomy":"category","embeddable":true,"href":"https:\/\/www.ecinews.fr\/fr\/wp-json\/wp\/v2\/categories?post=386533"},{"taxonomy":"post_tag","embeddable":true,"href":"https:\/\/www.ecinews.fr\/fr\/wp-json\/wp\/v2\/tags?post=386533"},{"taxonomy":"domains","embeddable":true,"href":"https:\/\/www.ecinews.fr\/fr\/wp-json\/wp\/v2\/domains?post=386533"},{"taxonomy":"author","embeddable":true,"href":"https:\/\/www.ecinews.fr\/fr\/wp-json\/wp\/v2\/ppma_author?post=386533"}],"curies":[{"name":"wp","href":"https:\/\/api.w.org\/{rel}","templated":true}]}}