{"id":386380,"date":"2022-06-08T22:06:18","date_gmt":"2022-06-08T20:06:18","guid":{"rendered":"https:\/\/www.ecinews.fr\/?p=386380"},"modified":"2022-06-08T22:06:18","modified_gmt":"2022-06-08T20:06:18","slug":"observation-de-la-terre-lynred-lance-deux-detecteurs-infrarouges-lineaires-multispectraux","status":"publish","type":"post","link":"https:\/\/www.ecinews.fr\/fr\/observation-de-la-terre-lynred-lance-deux-detecteurs-infrarouges-lineaires-multispectraux\/","title":{"rendered":"Observation de la Terre : Lynred lance deux d\u00e9tecteurs infrarouges lin\u00e9aires multispectraux"},"content":{"rendered":"<p>Ces d\u00e9tecteurs permettent de mesurer le rayonnement dans les longueurs d&rsquo;ondes spectrales infrarouge depuis les courtes longueurs d\u2019ondes jusqu\u2019aux tr\u00e8s grandes longueurs ondes. Embarqu\u00e9s dans un satellite, ils fonctionnent en collectant des donn\u00e9es d\u2019imagerie infrarouge prises simultan\u00e9ment sur une m\u00eame zone tout au long de la trajectoire de l\u2019orbite du satellite, permettant ainsi de remonter \u00e0 des informations scientifiques sp\u00e9cifiques pour une application d&rsquo;observation de la Terre donn\u00e9e.\u00a0<br \/>\n\u00a0<br \/>\nLes d\u00e9tecteurs Pega et Capyork sont bas\u00e9s sur les imageurs d\u00e9velopp\u00e9s par Lynred pour deux missions spatiales, TRISHNA (Thermal infraRed Imaging Satellite for High-resolution Natural resource Assessment), une des missions du CNES (Centre national d\u2019\u00e9tudes spatiales), et LSTM (Land Surface Temperature Monitoring), mission de surveillance de la temp\u00e9rature de la surface des sols qui fait partie du programme europ\u00e9en d\u2019observation Copernicus.\u00a0<br \/>\nIls permettront aux futurs instruments utilis\u00e9s pour des missions d\u2019observation de la Terre de\u00a0:\u00a0<\/p>\n<ul>\n<li>B\u00e9n\u00e9ficier d&rsquo;une meilleure r\u00e9solution spatiale\u00a0&#8211; nombre de pixels utilis\u00e9s pour construire une image \u2013 ce qui permet d\u2019observer la Terre avec une r\u00e9solution tr\u00e8s \u00e9lev\u00e9e, de quelques m\u00e8tres typiquement. Ceci permet, par exemple, d\u2019ajuster localement la pr\u00e9paration des sols pour l&rsquo;agriculture\u00a0;<\/li>\n<li>Obtenir une meilleure r\u00e9solution spectrale\u00a0&#8211; nombre de bandes spectrales avec lesquelles les images sont prises. Un point particuli\u00e8rement important pour la gestion du cycle de l&rsquo;eau dans les zones de s\u00e9cheresse, dans lesquelles une meilleure r\u00e9solution spectrale fournira des informations plus pr\u00e9cises sur la temp\u00e9rature absolue de la zone observ\u00e9e, ainsi que sur l&rsquo;\u00e9volution des plantes dans ces zones\u00a0;\u00a0<\/li>\n<li>Am\u00e9liorer la r\u00e9solution radiom\u00e9trique des donn\u00e9es d&rsquo;imagerie\u00a0&#8211; capacit\u00e9 du capteur \u00e0 distinguer diff\u00e9rentes valeurs d&rsquo;\u00e9chelle de gris. Cela permet au satellite d&rsquo;obtenir des donn\u00e9es plus pr\u00e9cises, essentielles pour am\u00e9liorer les mod\u00e8les math\u00e9matiques\u00a0;<\/li>\n<li>Obtenir une fauch\u00e9e plus large, afin de r\u00e9duire l&rsquo;intervalle de temps entre deux images prises de la m\u00eame zone, r\u00e9pondant ainsi \u00e0 la demande croissante d\u2019avoir l\u2019information de plus en plus rapidement, voire en temps r\u00e9el pour certaines applications.\u00a0<\/li>\n<\/ul>\n<p>\u00ab\u00a0Lynred a d\u00e9velopp\u00e9 Pega et Capyork pour combler les lacunes des applications d&rsquo;observation de la Terre en mati\u00e8re d&rsquo;imagerie multispectrale infrarouge. Dans l&rsquo;espace, l&rsquo;imagerie infrarouge doit \u00eatre disponible sur toute la gamme spectrale infrarouge, allant des courtes longueurs d\u2019ondes (SWIR) aux tr\u00e8s grandes longueurs d\u2019ondes (VLWIR), tout en offrant de nombreuses possibilit\u00e9s en terme de r\u00e9solution spatiale et de bandes spectrales\u00a0\u00bb, d\u00e9clare Philippe Chorier, responsable du d\u00e9veloppement du business spatial chez Lynred. \u00ab\u00a0Ces nouveaux produits marquent \u00e9galement l\u2019arriv\u00e9e d\u2019une gamme spatiale qui permettra une plus grande standardisation, raccourcissant ainsi le d\u00e9lai de mise sur le march\u00e9. Ce dernier aspect est important pour les applications spatiales dans les secteurs de l\u2019observation de la Terre, du changement climatique, des interventions d&rsquo;urgence et de la s\u00e9curit\u00e9.\u00a0\u00bb<br \/>\n\u00a0<br \/>\nCes d\u00e9tecteurs infrarouges multispectraux peuvent fonctionner avec un refroidissement passif ou actif au niveau du syst\u00e8me et cr\u00e9er ainsi de nouvelles possibilit\u00e9s techniques de standardisation pour de futures applications spatiales.<br \/>\n\u00a0<br \/>\n\u00ab\u00a0Gr\u00e2ce \u00e0 leur conception polyvalente, ces d\u00e9tecteurs pourront r\u00e9pondre aux besoins des \u00e9quipements spatiaux, quelle que soit la bande spectrale, la fauch\u00e9e, la r\u00e9solution spatiale ou les exigences en termes de configuration d&rsquo;int\u00e9gration et de refroidissement\u00a0\u00bb, ajoute Philippe Chorier.<br \/>\n<a href=\"https:\/\/ala.us9.list-manage.com\/track\/click?u=6601069e6acdb5a102b244827&amp;id=9dd9be5fa4&amp;e=04c91d9b19\">www.lynred.com<\/a><\/p>\n","protected":false},"excerpt":{"rendered":"<p>Les d\u00e9tecteurs lin\u00e9aires multispectraux Pega et Capyork ont \u00e9t\u00e9 con\u00e7us pour \u00eatre int\u00e9gr\u00e9s dans des satellites d\u2019imagerie, des instruments spatiaux de suivi et de mesure utilis\u00e9s pour observer le cycle de l\u2019eau, \u00e9valuer la s\u00e9cheresse ou surveiller la temp\u00e9rature \u00e0 la surface des mers et des terres. <\/p>\n","protected":false},"author":36,"featured_media":386383,"comment_status":"closed","ping_status":"closed","sticky":false,"template":"","format":"standard","meta":{"_acf_changed":false,"footnotes":""},"categories":[881],"tags":[937],"domains":[47],"ppma_author":[1154],"class_list":["post-386380","post","type-post","status-publish","format-standard","has-post-thumbnail","hentry","category-nouveaux-produits","tag-capteur","domains-electronique-eci"],"acf":[],"yoast_head":"<title>Observation de la Terre : Lynred lance deux d\u00e9tecteurs infraro...<\/title>\n<meta name=\"description\" content=\"Les d\u00e9tecteurs lin\u00e9aires multispectraux Pega et Capyork ont \u00e9t\u00e9 con\u00e7us pour \u00eatre int\u00e9gr\u00e9s dans des satellites d\u2019imagerie, des instruments spatiaux...\" \/>\n<meta name=\"robots\" content=\"index, follow, max-snippet:-1, max-image-preview:large, max-video-preview:-1\" \/>\n<link rel=\"canonical\" href=\"https:\/\/www.ecinews.fr\/fr\/wp-json\/wp\/v2\/posts\/386380\/\" \/>\n<meta property=\"og:locale\" content=\"fr_FR\" \/>\n<meta property=\"og:type\" content=\"article\" \/>\n<meta property=\"og:title\" content=\"Observation de la Terre : Lynred lance deux d\u00e9tecteurs infrarouges lin\u00e9aires multispectraux\" \/>\n<meta property=\"og:description\" content=\"Les d\u00e9tecteurs lin\u00e9aires multispectraux Pega et Capyork ont \u00e9t\u00e9 con\u00e7us pour \u00eatre int\u00e9gr\u00e9s dans des satellites d\u2019imagerie, des instruments spatiaux de suivi et de mesure utilis\u00e9s pour observer le cycle de l\u2019eau, \u00e9valuer la s\u00e9cheresse ou surveiller la temp\u00e9rature \u00e0 la surface des mers et des terres.\" \/>\n<meta property=\"og:url\" content=\"https:\/\/www.ecinews.fr\/fr\/wp-json\/wp\/v2\/posts\/386380\/\" \/>\n<meta property=\"og:site_name\" content=\"EENewsEurope\" \/>\n<meta property=\"article:published_time\" content=\"2022-06-08T20:06:18+00:00\" \/>\n<meta property=\"og:image\" content=\"https:\/\/www.ecinews.fr\/wp-content\/uploads\/2022\/06\/ECI1253_Lynred_actu-scaled.jpg\" \/>\n\t<meta property=\"og:image:width\" content=\"1080\" \/>\n\t<meta property=\"og:image:height\" content=\"930\" \/>\n\t<meta property=\"og:image:type\" content=\"image\/jpeg\" \/>\n<meta name=\"author\" content=\"Alain Dieul\" \/>\n<meta name=\"twitter:card\" content=\"summary_large_image\" \/>\n<meta name=\"twitter:label1\" content=\"Written by\" \/>\n\t<meta name=\"twitter:data1\" content=\"Alain Dieul\" \/>\n\t<meta name=\"twitter:label2\" content=\"Est. reading time\" \/>\n\t<meta name=\"twitter:data2\" content=\"3 minutes\" \/>\n<script type=\"application\/ld+json\" class=\"yoast-schema-graph\">{\"@context\":\"https:\/\/schema.org\",\"@graph\":[{\"@type\":\"Article\",\"@id\":\"https:\/\/www.ecinews.fr\/fr\/observation-de-la-terre-lynred-lance-deux-detecteurs-infrarouges-lineaires-multispectraux\/#article\",\"isPartOf\":{\"@id\":\"https:\/\/www.ecinews.fr\/fr\/observation-de-la-terre-lynred-lance-deux-detecteurs-infrarouges-lineaires-multispectraux\/\"},\"author\":{\"name\":\"Alain Dieul\",\"@id\":\"https:\/\/www.ecinews.fr\/fr\/#\/schema\/person\/e4387676ad67ce722325c7832f3c3762\"},\"headline\":\"Observation de la Terre : Lynred lance deux d\u00e9tecteurs infrarouges lin\u00e9aires multispectraux\",\"datePublished\":\"2022-06-08T20:06:18+00:00\",\"dateModified\":\"2022-06-08T20:06:18+00:00\",\"mainEntityOfPage\":{\"@id\":\"https:\/\/www.ecinews.fr\/fr\/observation-de-la-terre-lynred-lance-deux-detecteurs-infrarouges-lineaires-multispectraux\/\"},\"wordCount\":618,\"publisher\":{\"@id\":\"https:\/\/www.ecinews.fr\/fr\/#organization\"},\"keywords\":[\"Capteur\"],\"articleSection\":[\"Nouveaux produits\"],\"inLanguage\":\"fr-FR\"},{\"@type\":\"WebPage\",\"@id\":\"https:\/\/www.ecinews.fr\/fr\/observation-de-la-terre-lynred-lance-deux-detecteurs-infrarouges-lineaires-multispectraux\/\",\"url\":\"https:\/\/www.ecinews.fr\/fr\/observation-de-la-terre-lynred-lance-deux-detecteurs-infrarouges-lineaires-multispectraux\/\",\"name\":\"Observation de la Terre : Lynred lance deux d\u00e9tecteurs infrarouges lin\u00e9aires multispectraux -\",\"isPartOf\":{\"@id\":\"https:\/\/www.ecinews.fr\/fr\/#website\"},\"datePublished\":\"2022-06-08T20:06:18+00:00\",\"dateModified\":\"2022-06-08T20:06:18+00:00\",\"breadcrumb\":{\"@id\":\"https:\/\/www.ecinews.fr\/fr\/observation-de-la-terre-lynred-lance-deux-detecteurs-infrarouges-lineaires-multispectraux\/#breadcrumb\"},\"inLanguage\":\"fr-FR\",\"potentialAction\":[{\"@type\":\"ReadAction\",\"target\":[\"https:\/\/www.ecinews.fr\/fr\/observation-de-la-terre-lynred-lance-deux-detecteurs-infrarouges-lineaires-multispectraux\/\"]}]},{\"@type\":\"BreadcrumbList\",\"@id\":\"https:\/\/www.ecinews.fr\/fr\/observation-de-la-terre-lynred-lance-deux-detecteurs-infrarouges-lineaires-multispectraux\/#breadcrumb\",\"itemListElement\":[{\"@type\":\"ListItem\",\"position\":1,\"name\":\"Home\",\"item\":\"https:\/\/www.ecinews.fr\/fr\/\"},{\"@type\":\"ListItem\",\"position\":2,\"name\":\"Observation de la Terre : Lynred lance deux d\u00e9tecteurs infrarouges lin\u00e9aires multispectraux\"}]},{\"@type\":\"WebSite\",\"@id\":\"https:\/\/www.ecinews.fr\/fr\/#website\",\"url\":\"https:\/\/www.ecinews.fr\/fr\/\",\"name\":\"EENewsEurope\",\"description\":\"Just another WordPress site\",\"publisher\":{\"@id\":\"https:\/\/www.ecinews.fr\/fr\/#organization\"},\"potentialAction\":[{\"@type\":\"SearchAction\",\"target\":{\"@type\":\"EntryPoint\",\"urlTemplate\":\"https:\/\/www.ecinews.fr\/fr\/?s={search_term_string}\"},\"query-input\":\"required name=search_term_string\"}],\"inLanguage\":\"fr-FR\"},{\"@type\":\"Organization\",\"@id\":\"https:\/\/www.ecinews.fr\/fr\/#organization\",\"name\":\"EENewsEurope\",\"url\":\"https:\/\/www.ecinews.fr\/fr\/\",\"logo\":{\"@type\":\"ImageObject\",\"inLanguage\":\"fr-FR\",\"@id\":\"https:\/\/www.ecinews.fr\/fr\/#\/schema\/logo\/image\/\",\"url\":\"https:\/\/www.ecinews.fr\/wp-content\/uploads\/2022\/02\/logo-1.jpg\",\"contentUrl\":\"https:\/\/www.ecinews.fr\/wp-content\/uploads\/2022\/02\/logo-1.jpg\",\"width\":283,\"height\":113,\"caption\":\"EENewsEurope\"},\"image\":{\"@id\":\"https:\/\/www.ecinews.fr\/fr\/#\/schema\/logo\/image\/\"}},{\"@type\":\"Person\",\"@id\":\"https:\/\/www.ecinews.fr\/fr\/#\/schema\/person\/e4387676ad67ce722325c7832f3c3762\",\"name\":\"Alain Dieul\",\"image\":{\"@type\":\"ImageObject\",\"inLanguage\":\"fr-FR\",\"@id\":\"https:\/\/www.ecinews.fr\/fr\/#\/schema\/person\/image\/736120675699dbbf0f0f282b9a9cfb75\",\"url\":\"https:\/\/secure.gravatar.com\/avatar\/bc93b056d07515be5b8eecd4acf49c5c?s=96&d=mm&r=g\",\"contentUrl\":\"https:\/\/secure.gravatar.com\/avatar\/bc93b056d07515be5b8eecd4acf49c5c?s=96&d=mm&r=g\",\"caption\":\"Alain Dieul\"},\"sameAs\":[\"http:\/\/ECINews\"]}]}<\/script>","yoast_head_json":{"title":"Observation de la Terre : Lynred lance deux d\u00e9tecteurs infraro...","description":"Les d\u00e9tecteurs lin\u00e9aires multispectraux Pega et Capyork ont \u00e9t\u00e9 con\u00e7us pour \u00eatre int\u00e9gr\u00e9s dans des satellites d\u2019imagerie, des instruments spatiaux...","robots":{"index":"index","follow":"follow","max-snippet":"max-snippet:-1","max-image-preview":"max-image-preview:large","max-video-preview":"max-video-preview:-1"},"canonical":"https:\/\/www.ecinews.fr\/fr\/wp-json\/wp\/v2\/posts\/386380\/","og_locale":"fr_FR","og_type":"article","og_title":"Observation de la Terre : Lynred lance deux d\u00e9tecteurs infrarouges lin\u00e9aires multispectraux","og_description":"Les d\u00e9tecteurs lin\u00e9aires multispectraux Pega et Capyork ont \u00e9t\u00e9 con\u00e7us pour \u00eatre int\u00e9gr\u00e9s dans des satellites d\u2019imagerie, des instruments spatiaux de suivi et de mesure utilis\u00e9s pour observer le cycle de l\u2019eau, \u00e9valuer la s\u00e9cheresse ou surveiller la temp\u00e9rature \u00e0 la surface des mers et des terres.","og_url":"https:\/\/www.ecinews.fr\/fr\/wp-json\/wp\/v2\/posts\/386380\/","og_site_name":"EENewsEurope","article_published_time":"2022-06-08T20:06:18+00:00","og_image":[{"width":1080,"height":930,"url":"https:\/\/www.ecinews.fr\/wp-content\/uploads\/2022\/06\/ECI1253_Lynred_actu-scaled.jpg","type":"image\/jpeg"}],"author":"Alain Dieul","twitter_card":"summary_large_image","twitter_misc":{"Written by":"Alain Dieul","Est. reading time":"3 minutes"},"schema":{"@context":"https:\/\/schema.org","@graph":[{"@type":"Article","@id":"https:\/\/www.ecinews.fr\/fr\/observation-de-la-terre-lynred-lance-deux-detecteurs-infrarouges-lineaires-multispectraux\/#article","isPartOf":{"@id":"https:\/\/www.ecinews.fr\/fr\/observation-de-la-terre-lynred-lance-deux-detecteurs-infrarouges-lineaires-multispectraux\/"},"author":{"name":"Alain Dieul","@id":"https:\/\/www.ecinews.fr\/fr\/#\/schema\/person\/e4387676ad67ce722325c7832f3c3762"},"headline":"Observation de la Terre : Lynred lance deux d\u00e9tecteurs infrarouges lin\u00e9aires multispectraux","datePublished":"2022-06-08T20:06:18+00:00","dateModified":"2022-06-08T20:06:18+00:00","mainEntityOfPage":{"@id":"https:\/\/www.ecinews.fr\/fr\/observation-de-la-terre-lynred-lance-deux-detecteurs-infrarouges-lineaires-multispectraux\/"},"wordCount":618,"publisher":{"@id":"https:\/\/www.ecinews.fr\/fr\/#organization"},"keywords":["Capteur"],"articleSection":["Nouveaux produits"],"inLanguage":"fr-FR"},{"@type":"WebPage","@id":"https:\/\/www.ecinews.fr\/fr\/observation-de-la-terre-lynred-lance-deux-detecteurs-infrarouges-lineaires-multispectraux\/","url":"https:\/\/www.ecinews.fr\/fr\/observation-de-la-terre-lynred-lance-deux-detecteurs-infrarouges-lineaires-multispectraux\/","name":"Observation de la Terre : Lynred lance deux d\u00e9tecteurs infrarouges lin\u00e9aires multispectraux -","isPartOf":{"@id":"https:\/\/www.ecinews.fr\/fr\/#website"},"datePublished":"2022-06-08T20:06:18+00:00","dateModified":"2022-06-08T20:06:18+00:00","breadcrumb":{"@id":"https:\/\/www.ecinews.fr\/fr\/observation-de-la-terre-lynred-lance-deux-detecteurs-infrarouges-lineaires-multispectraux\/#breadcrumb"},"inLanguage":"fr-FR","potentialAction":[{"@type":"ReadAction","target":["https:\/\/www.ecinews.fr\/fr\/observation-de-la-terre-lynred-lance-deux-detecteurs-infrarouges-lineaires-multispectraux\/"]}]},{"@type":"BreadcrumbList","@id":"https:\/\/www.ecinews.fr\/fr\/observation-de-la-terre-lynred-lance-deux-detecteurs-infrarouges-lineaires-multispectraux\/#breadcrumb","itemListElement":[{"@type":"ListItem","position":1,"name":"Home","item":"https:\/\/www.ecinews.fr\/fr\/"},{"@type":"ListItem","position":2,"name":"Observation de la Terre : Lynred lance deux d\u00e9tecteurs infrarouges lin\u00e9aires multispectraux"}]},{"@type":"WebSite","@id":"https:\/\/www.ecinews.fr\/fr\/#website","url":"https:\/\/www.ecinews.fr\/fr\/","name":"EENewsEurope","description":"Just another WordPress site","publisher":{"@id":"https:\/\/www.ecinews.fr\/fr\/#organization"},"potentialAction":[{"@type":"SearchAction","target":{"@type":"EntryPoint","urlTemplate":"https:\/\/www.ecinews.fr\/fr\/?s={search_term_string}"},"query-input":"required name=search_term_string"}],"inLanguage":"fr-FR"},{"@type":"Organization","@id":"https:\/\/www.ecinews.fr\/fr\/#organization","name":"EENewsEurope","url":"https:\/\/www.ecinews.fr\/fr\/","logo":{"@type":"ImageObject","inLanguage":"fr-FR","@id":"https:\/\/www.ecinews.fr\/fr\/#\/schema\/logo\/image\/","url":"https:\/\/www.ecinews.fr\/wp-content\/uploads\/2022\/02\/logo-1.jpg","contentUrl":"https:\/\/www.ecinews.fr\/wp-content\/uploads\/2022\/02\/logo-1.jpg","width":283,"height":113,"caption":"EENewsEurope"},"image":{"@id":"https:\/\/www.ecinews.fr\/fr\/#\/schema\/logo\/image\/"}},{"@type":"Person","@id":"https:\/\/www.ecinews.fr\/fr\/#\/schema\/person\/e4387676ad67ce722325c7832f3c3762","name":"Alain Dieul","image":{"@type":"ImageObject","inLanguage":"fr-FR","@id":"https:\/\/www.ecinews.fr\/fr\/#\/schema\/person\/image\/736120675699dbbf0f0f282b9a9cfb75","url":"https:\/\/secure.gravatar.com\/avatar\/bc93b056d07515be5b8eecd4acf49c5c?s=96&d=mm&r=g","contentUrl":"https:\/\/secure.gravatar.com\/avatar\/bc93b056d07515be5b8eecd4acf49c5c?s=96&d=mm&r=g","caption":"Alain Dieul"},"sameAs":["http:\/\/ECINews"]}]}},"authors":[{"term_id":1154,"user_id":36,"is_guest":0,"slug":"alain-dieul","display_name":"Alain Dieul","avatar_url":"https:\/\/secure.gravatar.com\/avatar\/bc93b056d07515be5b8eecd4acf49c5c?s=96&d=mm&r=g","0":null,"1":"","2":"","3":"","4":"","5":"","6":"","7":"","8":""}],"_links":{"self":[{"href":"https:\/\/www.ecinews.fr\/fr\/wp-json\/wp\/v2\/posts\/386380"}],"collection":[{"href":"https:\/\/www.ecinews.fr\/fr\/wp-json\/wp\/v2\/posts"}],"about":[{"href":"https:\/\/www.ecinews.fr\/fr\/wp-json\/wp\/v2\/types\/post"}],"author":[{"embeddable":true,"href":"https:\/\/www.ecinews.fr\/fr\/wp-json\/wp\/v2\/users\/36"}],"replies":[{"embeddable":true,"href":"https:\/\/www.ecinews.fr\/fr\/wp-json\/wp\/v2\/comments?post=386380"}],"version-history":[{"count":0,"href":"https:\/\/www.ecinews.fr\/fr\/wp-json\/wp\/v2\/posts\/386380\/revisions"}],"wp:featuredmedia":[{"embeddable":true,"href":"https:\/\/www.ecinews.fr\/fr\/wp-json\/wp\/v2\/media\/386383"}],"wp:attachment":[{"href":"https:\/\/www.ecinews.fr\/fr\/wp-json\/wp\/v2\/media?parent=386380"}],"wp:term":[{"taxonomy":"category","embeddable":true,"href":"https:\/\/www.ecinews.fr\/fr\/wp-json\/wp\/v2\/categories?post=386380"},{"taxonomy":"post_tag","embeddable":true,"href":"https:\/\/www.ecinews.fr\/fr\/wp-json\/wp\/v2\/tags?post=386380"},{"taxonomy":"domains","embeddable":true,"href":"https:\/\/www.ecinews.fr\/fr\/wp-json\/wp\/v2\/domains?post=386380"},{"taxonomy":"author","embeddable":true,"href":"https:\/\/www.ecinews.fr\/fr\/wp-json\/wp\/v2\/ppma_author?post=386380"}],"curies":[{"name":"wp","href":"https:\/\/api.w.org\/{rel}","templated":true}]}}