{"id":38610,"date":"2020-12-17T17:23:59","date_gmt":"2020-12-17T17:23:59","guid":{"rendered":"https:\/\/\/bosch-cree-une-division-informatique-embarquee-comptant-17-000-employes\/"},"modified":"2020-12-17T17:23:59","modified_gmt":"2020-12-17T17:23:59","slug":"bosch-cree-une-division-informatique-embarquee-comptant-17-000-employes","status":"publish","type":"post","link":"https:\/\/www.ecinews.fr\/fr\/bosch-cree-une-division-informatique-embarquee-comptant-17-000-employes\/","title":{"rendered":"Bosch cr\u00e9e une division informatique embarqu\u00e9e comptant 17.000 employ\u00e9s"},"content":{"rendered":"<p><!-- Global site tag (gtag.js) - Google Analytics --><br \/>\n  window.dataLayer = window.dataLayer || [];<br \/>\n  function gtag(){dataLayer.push(arguments);}<br \/>\n  gtag(&lsquo;js&rsquo;, new Date());  gtag(&lsquo;config&rsquo;, &lsquo;UA-160857065-1&rsquo;);<\/p>\n<p><span class=\"VIiyi\" lang=\"fr\"><span class=\"JLqJ4b\" data-language-for-alternatives=\"fr\" data-language-to-translate-into=\"en\" data-phrase-index=\"0\"><span>Bosch se pr\u00e9pare \u00e0 lancer sa division Cross-Domain Computing Solutions pour combiner ses d\u00e9veloppements logiciels, \u00e9lectriques et \u00e9lectroniques dans les domaines de l&rsquo;assistance \u00e0 la conduite et de la conduite automatis\u00e9e, du multim\u00e9dia automobile ainsi que de l&rsquo;\u00e9lectronique contr\u00f4lant le groupe motopropulseur et autes fonctionalit\u00e9 de la voiture.<\/span><\/span><\/span><\/p>\n<p><span class=\"VIiyi\" lang=\"fr\"><span class=\"JLqJ4b\" data-language-for-alternatives=\"fr\" data-language-to-translate-into=\"en\" data-phrase-index=\"0\"><span>Les calculateurs de bords repr\u00e9sentent actuellement un march\u00e9 de 20 milliards d&rsquo;euros en croissance de 15% par an. Les constructeurs automobiles tendent \u00e0 remplacer les nombreuses unit\u00e9s de commande \u00e9lectroniques (ECU) diss\u00e9min\u00e9es dans la voiture par des ordinateurs de domaine plus centralis\u00e9s et, \u00e0 terme, par un ordinateur central. Cela se traduira par la part de l&rsquo;\u00e9lectronique repr\u00e9sentant jusqu&rsquo;\u00e0 30% de la valeur du v\u00e9hicule \u00e0 l&rsquo;avenir, contre 10% aujourd&rsquo;hui.<\/span><\/span><\/span><\/p>\n<p><span class=\"VIiyi\" lang=\"fr\"><span class=\"JLqJ4b\" data-language-for-alternatives=\"fr\" data-language-to-translate-into=\"en\" data-phrase-index=\"0\"><span>La centralisation des fonctions informatiques fait \u00e9galement partie de la strat\u00e9gie de Bosch. La soci\u00e9t\u00e9 a jusqu&rsquo;\u00e0 pr\u00e9sent fourni des calculateurs et des syst\u00e8mes d&rsquo;assistance \u00e0 la conduite sp\u00e9cialis\u00e9s ainsi que les capteurs et actionneurs associ\u00e9s et a l&rsquo;intention de produire prochainement \u00e9galement des ordinateurs centraux pour les fonctions du cockpit et aussi l&rsquo;\u00e9lectronique r\u00e9partie dans la voiture. Pour cela, Bosch utilise une approche modulaire \u00e9volutive qui peut \u00eatre adapt\u00e9e \u00e0 toutes les exigences, des petites voitures aux v\u00e9hicules haut de gamme.<\/span><\/span><\/span><\/p>\n<p><span class=\"VIiyi\" lang=\"fr\"><span class=\"JLqJ4b\" data-language-for-alternatives=\"fr\" data-language-to-translate-into=\"en\" data-phrase-index=\"0\"><span>Cependant, l&rsquo;entreprise prend soin de ne pas aller trop loin sur une branche en s&rsquo;engageant aupr\u00e8s de certains partenaires strat\u00e9giques et, par l\u00e0 m\u00eame c\u00e9dant \u00e9ventuellement un potentiel de march\u00e9.<\/span><\/span><\/span><\/p>\n<p><span class=\"VIiyi\" lang=\"fr\"><span class=\"JLqJ4b\" data-language-for-alternatives=\"fr\" data-language-to-translate-into=\"en\" data-phrase-index=\"0\"><span>\u00ab\u00a0Nous travaillons avec tous les fabricants de semiconducteurs concern\u00e9s\u00a0\u00bb, a confirm\u00e9 une porte-parole de la soci\u00e9t\u00e9. Dans tous les cas, le choix des fournisseurs de puces dans cette ligue informatique est assez clair; au mieux, il n&rsquo;y a qu&rsquo;une poign\u00e9e de fournisseurs tels que NXP, Nvidia, Renesas ou Texas Instruments. Contrairement \u00e0 ses concurrents, Bosch \u00e9vite de donner l&rsquo;impression d&rsquo;\u00eatre trop \u00e9troitement li\u00e9 \u00e0 un partenaire. \u00abCela d\u00e9pend toujours du client final\u00bb, a d\u00e9clar\u00e9 la porte-parole. <\/span><\/span><\/span><\/p>\n<p><span class=\"VIiyi\" lang=\"fr\"><span class=\"JLqJ4b\" data-language-for-alternatives=\"fr\" data-language-to-translate-into=\"en\" data-phrase-index=\"0\"><span>\u00e0 suivre: technologie informatique modulaire<\/span><\/span><\/span><\/p>\n<p>&nbsp;<\/p>\n<hr \/>\n<p>&nbsp;<\/p>\n<p><span class=\"VIiyi\" lang=\"fr\"><span class=\"JLqJ4b\" data-language-for-alternatives=\"fr\" data-language-to-translate-into=\"en\" data-phrase-index=\"0\"><span>La logique modulaire de Bosch vise \u00e0 permettre une flexibilit\u00e9 particuli\u00e8rement \u00e9lev\u00e9e dans le d\u00e9veloppement d&rsquo;ordinateurs de v\u00e9hicule pour diff\u00e9rents mod\u00e8les de v\u00e9hicules. Par exemple, si une architecture de base mat\u00e9rielle et logicielle est pr\u00e9d\u00e9finie, elle peut \u00eatre adapt\u00e9e en fonction du projet du client le long d&rsquo;un syst\u00e8me pr\u00e9d\u00e9fini. Pour les v\u00e9hicules haut de gamme, des modules logiciels suppl\u00e9mentaires ou des puces sp\u00e9ciales sont ensuite ajout\u00e9s aux cartes de circuits imprim\u00e9s pour activer plus de fonctions.<\/span><\/span><\/span><\/p>\n<p><span class=\"VIiyi\" lang=\"fr\"><span class=\"JLqJ4b\" data-language-for-alternatives=\"fr\" data-language-to-translate-into=\"en\" data-phrase-index=\"0\"><span>Dans la prochaine g\u00e9n\u00e9ration de v\u00e9hicules, l&rsquo;ordinateur central du cockpit de Bosch prendra initialement en charge les t\u00e2ches de jusqu&rsquo;\u00e0 dix unit\u00e9s de commande. En cons\u00e9quence, les constructeurs automobiles seront en mesure de r\u00e9duire consid\u00e9rablement le nombre d&rsquo;ECU, qui, dans certains cas, d\u00e9passent actuellement les 100. \u00abLes ordinateurs des v\u00e9hicules sont la cl\u00e9 pour r\u00e9duire la complexit\u00e9 des syst\u00e8mes \u00e9lectroniques pour les rendre aussi s\u00fbrs que possible\u00bb, a d\u00e9clar\u00e9 Harald Kr\u00f6ger , membre du conseil d&rsquo;administration de Robert Bosch. Si plus d&rsquo;ordinateurs centraux hautes performances sont install\u00e9s \u00e0 l&rsquo;avenir, cela permettra \u00e9galement d&rsquo;\u00e9conomiser en longueur de c\u00e2blage &#8211; et donc de r\u00e9duire les co\u00fbts, le poids et l&rsquo;espace d&rsquo;installation.<\/span><\/span><\/span><\/p>\n<p><strong>Lire aussi:<\/strong><\/p>\n<p><a href=\"https:\/\/www.electronique-eci.com\/news\/bosch-met-en-service-le-premier-reseau-de-campus-5g\">Bosch met en service le premier r\u00e9seau de campus 5G<\/a><\/p>\n<p><a href=\"https:\/\/www.electronique-eci.com\/news\/la-startup-ia-francaise-cartesiam-signe-bosch\">La startup IA fran\u00e7aise Cartesiam signe Bosch<\/a><\/p>\n<p><a href=\"https:\/\/www.bosch.com\/\">www.bosch.com<\/a><\/p>\n<p><strong>Related articles:<\/strong><\/p>\n<ul>\n<li><a href=\"https:\/\/www.eenewsautomotive.com\/news\/bosch-shifts-center-gravity-towards-software\">Bosch shifts center of gravity towards software<\/a><\/li>\n<li><a href=\"https:\/\/www.eenewsautomotive.com\/news\/daimler-nvidia-co-develop-software-defined-vehicle-architecture\">Daimler, Nvidia co-develop software-defined vehicle architecture <\/a><\/li>\n<li><a href=\"https:\/\/www.eenewsautomotive.com\/news\/central-server-takes-control-volkswagens-id3\">Central server takes control in Volkswagen\u2019s ID.3 <\/a><\/li>\n<li><a href=\"https:\/\/www.eenewsautomotive.com\/news\/continental-bets-its-future-digitization-autonomous-driving-e-drives\">Continental bets its future on digitization, autonomous driving, e-drives<\/a><\/li>\n<\/ul>\n<p><strong>Other articles on eeNews Europe<\/strong><\/p>\n<ul>\n<li><a href=\"https:\/\/www.eenewseurope.com\/news\/145bn-boost-europes-semiconductor-industry\">$145bn to boost Europe&rsquo;s semiconductor industry<\/a><\/li>\n<li><a href=\"https:\/\/www.eenewseurope.com\/news\/farewell-mentor-hello-siemens-eda\">Farewell Mentor, hello Siemens EDA<\/a><\/li>\n<li><a href=\"https:\/\/www.eenewseurope.com\/news\/imec-shows-capacitor-free-dram\">imec shows capacitor-free DRAM<\/a><\/li>\n<li><a href=\"https:\/\/www.eenewseurope.com\/news\/st-pushes-back-12bn-target-looks-15bn\">ST pushes back $12bn target, looks to $15bn<\/a><\/li>\n<li><a href=\"https:\/\/www.eenewseurope.com\/news\/semiconductor-names-ex-cypress-boss-ceo\">On Semiconductor names ex-Cypress boss as CEO<\/a><\/li>\n<\/ul>\n","protected":false},"excerpt":{"rendered":"<p>Bosch va d\u00e9marrer  en janvier 2021sa division Cross-Domain Computing Solutions comptant 17.000 employ\u00e9s et un carnet de commandes de plus de 4 milliards d&rsquo;euros<\/p>\n","protected":false},"author":12,"featured_media":163535,"comment_status":"open","ping_status":"closed","sticky":false,"template":"","format":"standard","meta":{"_acf_changed":false,"footnotes":""},"categories":[880],"tags":[891,912,896,897,900,903,906,910,917],"domains":[47],"ppma_author":[1144],"class_list":["post-38610","post","type-post","status-publish","format-standard","has-post-thumbnail","hentry","category-actualites-economiques","tag-automotive-fr","tag-dataacquisition-fr","tag-digitalsignalprocessing-fr","tag-displays-interfaces-fr","tag-electromechanical-fr","tag-interconnect-cables-fr","tag-mpus-mcus-fr","tag-sensing-conditioning-fr","tag-software-embedded-tools-fr","domains-electronique-eci"],"acf":[],"yoast_head":"<title>Bosch cr\u00e9e une division informatique embarqu\u00e9e comptant 17.00...<\/title>\n<meta name=\"description\" content=\"Bosch va d\u00e9marrer  en janvier 2021sa division Cross-Domain Computing Solutions comptant 17.000 employ\u00e9s et un carnet de commandes de plus de 4 milliards...\" \/>\n<meta name=\"robots\" content=\"index, follow, max-snippet:-1, max-image-preview:large, max-video-preview:-1\" \/>\n<link rel=\"canonical\" href=\"https:\/\/www.ecinews.fr\/fr\/wp-json\/wp\/v2\/posts\/38610\/\" \/>\n<meta property=\"og:locale\" content=\"fr_FR\" \/>\n<meta property=\"og:type\" content=\"article\" \/>\n<meta property=\"og:title\" content=\"Bosch cr\u00e9e une division informatique embarqu\u00e9e comptant 17.000 employ\u00e9s\" \/>\n<meta property=\"og:description\" content=\"Bosch va d\u00e9marrer en janvier 2021sa division Cross-Domain Computing Solutions comptant 17.000 employ\u00e9s et un carnet de commandes de plus de 4 milliards d&#039;euros\" \/>\n<meta property=\"og:url\" content=\"https:\/\/www.ecinews.fr\/fr\/wp-json\/wp\/v2\/posts\/38610\/\" \/>\n<meta property=\"og:site_name\" content=\"EENewsEurope\" \/>\n<meta property=\"article:published_time\" content=\"2020-12-17T17:23:59+00:00\" \/>\n<meta property=\"og:image\" content=\"https:\/\/www.eenewseurope.com\/wp-content\/uploads\/import\/default\/files\/images\/01-picture-library\/ChristophHammerschmidt\/2020\/2020-12-December\/bosch_information_domain_computer_img_w1280.jpg\" \/>\n\t<meta property=\"og:image:width\" content=\"1280\" \/>\n\t<meta property=\"og:image:height\" content=\"720\" \/>\n\t<meta property=\"og:image:type\" content=\"image\/jpeg\" \/>\n<meta name=\"author\" content=\"Andre Rousselot\" \/>\n<meta name=\"twitter:card\" content=\"summary_large_image\" \/>\n<meta name=\"twitter:label1\" content=\"Written by\" \/>\n\t<meta name=\"twitter:data1\" content=\"Andre Rousselot\" \/>\n\t<meta name=\"twitter:label2\" content=\"Est. reading time\" \/>\n\t<meta name=\"twitter:data2\" content=\"3 minutes\" \/>\n<script type=\"application\/ld+json\" class=\"yoast-schema-graph\">{\"@context\":\"https:\/\/schema.org\",\"@graph\":[{\"@type\":\"Article\",\"@id\":\"https:\/\/www.eenewseurope.com\/fr\/bosch-cree-une-division-informatique-embarquee-comptant-17-000-employes\/#article\",\"isPartOf\":{\"@id\":\"https:\/\/www.eenewseurope.com\/fr\/bosch-cree-une-division-informatique-embarquee-comptant-17-000-employes\/\"},\"author\":{\"name\":\"Andre Rousselot\",\"@id\":\"https:\/\/www.ecinews.fr\/fr\/#\/schema\/person\/9d52edb517ca8d9017312e8e246b9433\"},\"headline\":\"Bosch cr\u00e9e une division informatique embarqu\u00e9e comptant 17.000 employ\u00e9s\",\"datePublished\":\"2020-12-17T17:23:59+00:00\",\"dateModified\":\"2020-12-17T17:23:59+00:00\",\"mainEntityOfPage\":{\"@id\":\"https:\/\/www.eenewseurope.com\/fr\/bosch-cree-une-division-informatique-embarquee-comptant-17-000-employes\/\"},\"wordCount\":695,\"commentCount\":0,\"publisher\":{\"@id\":\"https:\/\/www.ecinews.fr\/fr\/#organization\"},\"keywords\":[\"Automotive\",\"DataAcquisition\",\"DigitalSignalProcessing\",\"Displays &amp; Interfaces\",\"Electromechanical\",\"Interconnect &amp; cables\",\"MPUs\/MCUs\",\"Sensing \/ Conditioning\",\"Software &amp; Embedded tools\"],\"articleSection\":[\"Actualit\u00e9s \u00e9conomiques\"],\"inLanguage\":\"fr-FR\",\"potentialAction\":[{\"@type\":\"CommentAction\",\"name\":\"Comment\",\"target\":[\"https:\/\/www.eenewseurope.com\/fr\/bosch-cree-une-division-informatique-embarquee-comptant-17-000-employes\/#respond\"]}]},{\"@type\":\"WebPage\",\"@id\":\"https:\/\/www.eenewseurope.com\/fr\/bosch-cree-une-division-informatique-embarquee-comptant-17-000-employes\/\",\"url\":\"https:\/\/www.eenewseurope.com\/fr\/bosch-cree-une-division-informatique-embarquee-comptant-17-000-employes\/\",\"name\":\"Bosch cr\u00e9e une division informatique embarqu\u00e9e comptant 17.000 employ\u00e9s -\",\"isPartOf\":{\"@id\":\"https:\/\/www.ecinews.fr\/fr\/#website\"},\"datePublished\":\"2020-12-17T17:23:59+00:00\",\"dateModified\":\"2020-12-17T17:23:59+00:00\",\"breadcrumb\":{\"@id\":\"https:\/\/www.eenewseurope.com\/fr\/bosch-cree-une-division-informatique-embarquee-comptant-17-000-employes\/#breadcrumb\"},\"inLanguage\":\"fr-FR\",\"potentialAction\":[{\"@type\":\"ReadAction\",\"target\":[\"https:\/\/www.eenewseurope.com\/fr\/bosch-cree-une-division-informatique-embarquee-comptant-17-000-employes\/\"]}]},{\"@type\":\"BreadcrumbList\",\"@id\":\"https:\/\/www.eenewseurope.com\/fr\/bosch-cree-une-division-informatique-embarquee-comptant-17-000-employes\/#breadcrumb\",\"itemListElement\":[{\"@type\":\"ListItem\",\"position\":1,\"name\":\"Home\",\"item\":\"https:\/\/www.ecinews.fr\/fr\/\"},{\"@type\":\"ListItem\",\"position\":2,\"name\":\"Bosch cr\u00e9e une division informatique embarqu\u00e9e comptant 17.000 employ\u00e9s\"}]},{\"@type\":\"WebSite\",\"@id\":\"https:\/\/www.ecinews.fr\/fr\/#website\",\"url\":\"https:\/\/www.ecinews.fr\/fr\/\",\"name\":\"EENewsEurope\",\"description\":\"Just another WordPress site\",\"publisher\":{\"@id\":\"https:\/\/www.ecinews.fr\/fr\/#organization\"},\"potentialAction\":[{\"@type\":\"SearchAction\",\"target\":{\"@type\":\"EntryPoint\",\"urlTemplate\":\"https:\/\/www.ecinews.fr\/fr\/?s={search_term_string}\"},\"query-input\":\"required name=search_term_string\"}],\"inLanguage\":\"fr-FR\"},{\"@type\":\"Organization\",\"@id\":\"https:\/\/www.ecinews.fr\/fr\/#organization\",\"name\":\"EENewsEurope\",\"url\":\"https:\/\/www.ecinews.fr\/fr\/\",\"logo\":{\"@type\":\"ImageObject\",\"inLanguage\":\"fr-FR\",\"@id\":\"https:\/\/www.ecinews.fr\/fr\/#\/schema\/logo\/image\/\",\"url\":\"https:\/\/www.ecinews.fr\/wp-content\/uploads\/2022\/02\/logo-1.jpg\",\"contentUrl\":\"https:\/\/www.ecinews.fr\/wp-content\/uploads\/2022\/02\/logo-1.jpg\",\"width\":283,\"height\":113,\"caption\":\"EENewsEurope\"},\"image\":{\"@id\":\"https:\/\/www.ecinews.fr\/fr\/#\/schema\/logo\/image\/\"}},{\"@type\":\"Person\",\"@id\":\"https:\/\/www.ecinews.fr\/fr\/#\/schema\/person\/9d52edb517ca8d9017312e8e246b9433\",\"name\":\"Andre Rousselot\",\"image\":{\"@type\":\"ImageObject\",\"inLanguage\":\"fr-FR\",\"@id\":\"https:\/\/www.ecinews.fr\/fr\/#\/schema\/person\/image\/8046680f16f52d2ae022297dc9e36ff3\",\"url\":\"https:\/\/secure.gravatar.com\/avatar\/428720feffa09baddfe5e7cd3f84b526?s=96&d=mm&r=g\",\"contentUrl\":\"https:\/\/secure.gravatar.com\/avatar\/428720feffa09baddfe5e7cd3f84b526?s=96&d=mm&r=g\",\"caption\":\"Andre Rousselot\"}}]}<\/script>","yoast_head_json":{"title":"Bosch cr\u00e9e une division informatique embarqu\u00e9e comptant 17.00...","description":"Bosch va d\u00e9marrer  en janvier 2021sa division Cross-Domain Computing Solutions comptant 17.000 employ\u00e9s et un carnet de commandes de plus de 4 milliards...","robots":{"index":"index","follow":"follow","max-snippet":"max-snippet:-1","max-image-preview":"max-image-preview:large","max-video-preview":"max-video-preview:-1"},"canonical":"https:\/\/www.ecinews.fr\/fr\/wp-json\/wp\/v2\/posts\/38610\/","og_locale":"fr_FR","og_type":"article","og_title":"Bosch cr\u00e9e une division informatique embarqu\u00e9e comptant 17.000 employ\u00e9s","og_description":"Bosch va d\u00e9marrer en janvier 2021sa division Cross-Domain Computing Solutions comptant 17.000 employ\u00e9s et un carnet de commandes de plus de 4 milliards d'euros","og_url":"https:\/\/www.ecinews.fr\/fr\/wp-json\/wp\/v2\/posts\/38610\/","og_site_name":"EENewsEurope","article_published_time":"2020-12-17T17:23:59+00:00","og_image":[{"width":1280,"height":720,"url":"https:\/\/www.eenewseurope.com\/wp-content\/uploads\/import\/default\/files\/images\/01-picture-library\/ChristophHammerschmidt\/2020\/2020-12-December\/bosch_information_domain_computer_img_w1280.jpg","type":"image\/jpeg"}],"author":"Andre Rousselot","twitter_card":"summary_large_image","twitter_misc":{"Written by":"Andre Rousselot","Est. reading time":"3 minutes"},"schema":{"@context":"https:\/\/schema.org","@graph":[{"@type":"Article","@id":"https:\/\/www.eenewseurope.com\/fr\/bosch-cree-une-division-informatique-embarquee-comptant-17-000-employes\/#article","isPartOf":{"@id":"https:\/\/www.eenewseurope.com\/fr\/bosch-cree-une-division-informatique-embarquee-comptant-17-000-employes\/"},"author":{"name":"Andre Rousselot","@id":"https:\/\/www.ecinews.fr\/fr\/#\/schema\/person\/9d52edb517ca8d9017312e8e246b9433"},"headline":"Bosch cr\u00e9e une division informatique embarqu\u00e9e comptant 17.000 employ\u00e9s","datePublished":"2020-12-17T17:23:59+00:00","dateModified":"2020-12-17T17:23:59+00:00","mainEntityOfPage":{"@id":"https:\/\/www.eenewseurope.com\/fr\/bosch-cree-une-division-informatique-embarquee-comptant-17-000-employes\/"},"wordCount":695,"commentCount":0,"publisher":{"@id":"https:\/\/www.ecinews.fr\/fr\/#organization"},"keywords":["Automotive","DataAcquisition","DigitalSignalProcessing","Displays &amp; Interfaces","Electromechanical","Interconnect &amp; cables","MPUs\/MCUs","Sensing \/ Conditioning","Software &amp; Embedded tools"],"articleSection":["Actualit\u00e9s \u00e9conomiques"],"inLanguage":"fr-FR","potentialAction":[{"@type":"CommentAction","name":"Comment","target":["https:\/\/www.eenewseurope.com\/fr\/bosch-cree-une-division-informatique-embarquee-comptant-17-000-employes\/#respond"]}]},{"@type":"WebPage","@id":"https:\/\/www.eenewseurope.com\/fr\/bosch-cree-une-division-informatique-embarquee-comptant-17-000-employes\/","url":"https:\/\/www.eenewseurope.com\/fr\/bosch-cree-une-division-informatique-embarquee-comptant-17-000-employes\/","name":"Bosch cr\u00e9e une division informatique embarqu\u00e9e comptant 17.000 employ\u00e9s -","isPartOf":{"@id":"https:\/\/www.ecinews.fr\/fr\/#website"},"datePublished":"2020-12-17T17:23:59+00:00","dateModified":"2020-12-17T17:23:59+00:00","breadcrumb":{"@id":"https:\/\/www.eenewseurope.com\/fr\/bosch-cree-une-division-informatique-embarquee-comptant-17-000-employes\/#breadcrumb"},"inLanguage":"fr-FR","potentialAction":[{"@type":"ReadAction","target":["https:\/\/www.eenewseurope.com\/fr\/bosch-cree-une-division-informatique-embarquee-comptant-17-000-employes\/"]}]},{"@type":"BreadcrumbList","@id":"https:\/\/www.eenewseurope.com\/fr\/bosch-cree-une-division-informatique-embarquee-comptant-17-000-employes\/#breadcrumb","itemListElement":[{"@type":"ListItem","position":1,"name":"Home","item":"https:\/\/www.ecinews.fr\/fr\/"},{"@type":"ListItem","position":2,"name":"Bosch cr\u00e9e une division informatique embarqu\u00e9e comptant 17.000 employ\u00e9s"}]},{"@type":"WebSite","@id":"https:\/\/www.ecinews.fr\/fr\/#website","url":"https:\/\/www.ecinews.fr\/fr\/","name":"EENewsEurope","description":"Just another WordPress site","publisher":{"@id":"https:\/\/www.ecinews.fr\/fr\/#organization"},"potentialAction":[{"@type":"SearchAction","target":{"@type":"EntryPoint","urlTemplate":"https:\/\/www.ecinews.fr\/fr\/?s={search_term_string}"},"query-input":"required name=search_term_string"}],"inLanguage":"fr-FR"},{"@type":"Organization","@id":"https:\/\/www.ecinews.fr\/fr\/#organization","name":"EENewsEurope","url":"https:\/\/www.ecinews.fr\/fr\/","logo":{"@type":"ImageObject","inLanguage":"fr-FR","@id":"https:\/\/www.ecinews.fr\/fr\/#\/schema\/logo\/image\/","url":"https:\/\/www.ecinews.fr\/wp-content\/uploads\/2022\/02\/logo-1.jpg","contentUrl":"https:\/\/www.ecinews.fr\/wp-content\/uploads\/2022\/02\/logo-1.jpg","width":283,"height":113,"caption":"EENewsEurope"},"image":{"@id":"https:\/\/www.ecinews.fr\/fr\/#\/schema\/logo\/image\/"}},{"@type":"Person","@id":"https:\/\/www.ecinews.fr\/fr\/#\/schema\/person\/9d52edb517ca8d9017312e8e246b9433","name":"Andre Rousselot","image":{"@type":"ImageObject","inLanguage":"fr-FR","@id":"https:\/\/www.ecinews.fr\/fr\/#\/schema\/person\/image\/8046680f16f52d2ae022297dc9e36ff3","url":"https:\/\/secure.gravatar.com\/avatar\/428720feffa09baddfe5e7cd3f84b526?s=96&d=mm&r=g","contentUrl":"https:\/\/secure.gravatar.com\/avatar\/428720feffa09baddfe5e7cd3f84b526?s=96&d=mm&r=g","caption":"Andre Rousselot"}}]}},"authors":[{"term_id":1144,"user_id":12,"is_guest":0,"slug":"rousselot","display_name":"Andre Rousselot","avatar_url":"https:\/\/secure.gravatar.com\/avatar\/428720feffa09baddfe5e7cd3f84b526?s=96&d=mm&r=g","0":null,"1":"","2":"","3":"","4":"","5":"","6":"","7":"","8":""}],"_links":{"self":[{"href":"https:\/\/www.ecinews.fr\/fr\/wp-json\/wp\/v2\/posts\/38610"}],"collection":[{"href":"https:\/\/www.ecinews.fr\/fr\/wp-json\/wp\/v2\/posts"}],"about":[{"href":"https:\/\/www.ecinews.fr\/fr\/wp-json\/wp\/v2\/types\/post"}],"author":[{"embeddable":true,"href":"https:\/\/www.ecinews.fr\/fr\/wp-json\/wp\/v2\/users\/12"}],"replies":[{"embeddable":true,"href":"https:\/\/www.ecinews.fr\/fr\/wp-json\/wp\/v2\/comments?post=38610"}],"version-history":[{"count":0,"href":"https:\/\/www.ecinews.fr\/fr\/wp-json\/wp\/v2\/posts\/38610\/revisions"}],"wp:featuredmedia":[{"embeddable":true,"href":"https:\/\/www.ecinews.fr\/fr\/wp-json\/wp\/v2\/media\/163535"}],"wp:attachment":[{"href":"https:\/\/www.ecinews.fr\/fr\/wp-json\/wp\/v2\/media?parent=38610"}],"wp:term":[{"taxonomy":"category","embeddable":true,"href":"https:\/\/www.ecinews.fr\/fr\/wp-json\/wp\/v2\/categories?post=38610"},{"taxonomy":"post_tag","embeddable":true,"href":"https:\/\/www.ecinews.fr\/fr\/wp-json\/wp\/v2\/tags?post=38610"},{"taxonomy":"domains","embeddable":true,"href":"https:\/\/www.ecinews.fr\/fr\/wp-json\/wp\/v2\/domains?post=38610"},{"taxonomy":"author","embeddable":true,"href":"https:\/\/www.ecinews.fr\/fr\/wp-json\/wp\/v2\/ppma_author?post=38610"}],"curies":[{"name":"wp","href":"https:\/\/api.w.org\/{rel}","templated":true}]}}