{"id":386023,"date":"2022-06-06T08:45:10","date_gmt":"2022-06-06T06:45:10","guid":{"rendered":"https:\/\/www.eenewseurope.com\/?p=386023"},"modified":"2022-07-29T12:18:22","modified_gmt":"2022-07-29T10:18:22","slug":"nouveau-ceo-chez-agile-analog","status":"publish","type":"post","link":"https:\/\/www.ecinews.fr\/fr\/nouveau-ceo-chez-agile-analog\/","title":{"rendered":"Nouveau CEO chez Agile Analog"},"content":{"rendered":"<p><span class=\"VIiyi\" lang=\"fr\"><span class=\"JLqJ4b\" data-language-for-alternatives=\"fr\" data-language-to-translate-into=\"en\" data-phrase-index=\"0\" data-number-of-phrases=\"1\"><span class=\"Q4iAWc\">\u00a0Barry Paterson a rejoint Agile Analog en avril en tant que vice-pr\u00e9sident du marketing produit venant de chez Dialog Semiconductor (aujourd&rsquo;hui rachet\u00e9 par Renesas) \u00e0 \u00c9dimbourg. Il remplace Tim Ramsdale qui a quitt\u00e9 l&rsquo;entreprise en d\u00e9cembre 2021. <\/span><\/span><\/span><\/p>\n<p><span class=\"VIiyi\" lang=\"fr\"><span class=\"JLqJ4b\" data-language-for-alternatives=\"fr\" data-language-to-translate-into=\"en\" data-phrase-index=\"0\" data-number-of-phrases=\"1\"><span class=\"Q4iAWc\">\u00ab Agile Analog est \u00e0 un moment cl\u00e9 de sa croissance pour devenir un acteur majeur de l&rsquo;industrie des semiconducteurs \u00bb, a d\u00e9clar\u00e9 Paterson. \u00ab\u00a0Notre cycle de financement de 19 millions de dollars l&rsquo;ann\u00e9e derni\u00e8re a donn\u00e9 \u00e0 l&rsquo;entreprise les ressources n\u00e9cessaires pour r\u00e9organiser notre technologie ind\u00e9pendante des process \u00e0 partir de z\u00e9ro, et je suis impatient de mettre cette technologie entre les mains d&rsquo;un plus grand nombre de concepteurs analogiques suite \u00e0 notre campagne de recrutement pour augmenter notre effectif d&rsquo;ing\u00e9nieurs de plus de 50 % cette ann\u00e9e.<\/span><\/span><\/span><\/p>\n<h4>Related articles\u00a0<\/h4>\n<ul>\n<li><a href=\"https:\/\/www.eenewseurope.com\/en\/agile-analog-raises-19m-for-expansion\/\">Agile Analog raises $19m for expansion<\/a><\/li>\n<li><a href=\"https:\/\/www.eenewseurope.com\/en\/agile-analog-brings-analog-ip-to-risc-v-international\/\">Agile Analog brings analog IP to RISC-V International<\/a><\/li>\n<li><a href=\"https:\/\/www.eenewseurope.com\/en\/uk-government-helps-agile-analog-introduce-more-complex-ip\/\">UK government helps Agile Analog introduce more complex IP<\/a><\/li>\n<li><a href=\"https:\/\/www.eenewseurope.com\/en\/agile-analog-ships-configurable-power-ip\/\">Agile Analog ships configurable power IP<\/a><\/li>\n<\/ul>\n<p><span class=\"VIiyi\" lang=\"fr\"><span class=\"JLqJ4b\" data-language-for-alternatives=\"fr\" data-language-to-translate-into=\"en\" data-phrase-index=\"0\" data-number-of-phrases=\"1\"><span class=\"Q4iAWc\">L&rsquo;entreprise compte actuellement 45 \u00e0 50 employ\u00e9s gr\u00e2ce \u00e0 une r\u00e9cente lev\u00e9e de fonds. \u00ab\u00a0Nous avons des projections de 80 \u00e0 100 d&rsquo;ici la fin de l&rsquo;ann\u00e9e, mais trouver des talents est vraiment difficile\u00a0\u00bb, a-t-il d\u00e9clar\u00e9. \u00abNous d\u00e9m\u00e9nageons fin juin dans un nouveau b\u00e2timent au centre de Cambridge \u00e0 Radio House. Nous sommes en train de l&rsquo;am\u00e9nager pour le moment pour jusqu&rsquo;\u00e0 100 personnes, mais ce dont nous avons besoin, c&rsquo;est d&rsquo;un espace pour que les gens se r\u00e9unissent pour collaborer, pas d&rsquo;un bureau de neuf \u00e0 cinq.<\/span><\/span><\/span><\/p>\n<p><span class=\"VIiyi\" lang=\"fr\"><span class=\"JLqJ4b\" data-language-for-alternatives=\"fr\" data-language-to-translate-into=\"en\" data-phrase-index=\"0\" data-number-of-phrases=\"1\"><span class=\"Q4iAWc\">Paterson a travaill\u00e9 pour Wolfson, Maxim et Dialog, tous en \u00c9cosse. \u00abJe vais continuer \u00e0 vivre en \u00c9cosse et \u00eatre \u00e0 Cambridge toutes les deux semaines. Le projet est d&rsquo;avoir un bureau \u00e0 \u00c9dimbourg pour nous permettre de recruter des ing\u00e9nieurs et nous avons une m\u00e9thodologie de travail tr\u00e8s hybride avec des gens partout en Europe et \u00e0 Ta\u00efwan. Comme de nombreuses entreprises, nous red\u00e9finissons le monde du travail apr\u00e8s la pand\u00e9mie \u00bb, a-t-il d\u00e9clar\u00e9.<\/span><\/span><\/span><\/p>\n<p><span class=\"VIiyi\" lang=\"fr\"><span class=\"JLqJ4b\" data-language-for-alternatives=\"fr\" data-language-to-translate-into=\"en\" data-phrase-index=\"0\" data-number-of-phrases=\"1\"><span class=\"Q4iAWc\">La soci\u00e9t\u00e9 d\u00e9veloppe des IP d&rsquo;horloges analogiques bas\u00e9es sur un outil qui g\u00e9n\u00e8re automatiquement une IP analogique pour une technologie de process. L&rsquo;outil Composa utilise des circuits IP analogiques \u00e9prouv\u00e9s provenant d&rsquo;une biblioth\u00e8que qui ont \u00e9t\u00e9 largement test\u00e9s et utilis\u00e9s dans des conceptions pr\u00e9c\u00e9dentes, et sont enti\u00e8rement valid\u00e9s \u00e0 chaque fois qu&rsquo;ils sont g\u00e9n\u00e9r\u00e9s. Cela donne un niveau d&rsquo;assurance similaire \u00e0 celui du monde IP num\u00e9rique \u00ab\u00a0silicium-\u00e9prouv\u00e9\u00a0\u00bb.<\/span><\/span><\/span><\/p>\n<p><span class=\"VIiyi\" lang=\"fr\"><span class=\"JLqJ4b\" data-language-for-alternatives=\"fr\" data-language-to-translate-into=\"en\" data-phrase-index=\"0\" data-number-of-phrases=\"1\"><span class=\"Q4iAWc\">Ceci est utilis\u00e9 pour aider les entreprises \u00e0 transf\u00e9rer des conceptions \u00e0 partir de technologies de process plus anciennes telles que 130 et 180 nm qui ne sont plus disponibles vers des process 40, 22 et 16 nm o\u00f9 il y a plus de capacit\u00e9. Mais ce sont les IP qui sont le plus int\u00e9ressant pour les clients, en particulier les convertisseurs analogique-num\u00e9rique (ADC), explique Paterson. <\/span><\/span><\/span><\/p>\n<p><span class=\"VIiyi\" lang=\"fr\"><span class=\"JLqJ4b\" data-language-for-alternatives=\"fr\" data-language-to-translate-into=\"en\" data-phrase-index=\"0\" data-number-of-phrases=\"1\"><span class=\"Q4iAWc\">\u00ab\u00a0Nous avons aussi des clients qui d\u00e9placent de la capacit\u00e9 de production (avec nos technologies), mais ce n&rsquo;est pas la majorit\u00e9\u00a0\u00bb, a-t-il d\u00e9clar\u00e9. <\/span><\/span><\/span><\/p>\n<p><span class=\"VIiyi\" lang=\"fr\"><span class=\"JLqJ4b\" data-language-for-alternatives=\"fr\" data-language-to-translate-into=\"en\" data-phrase-index=\"0\" data-number-of-phrases=\"1\"><span class=\"Q4iAWc\">L&rsquo;approche automatis\u00e9e de Composa cr\u00e9e des solutions IP analogiques sur mesure et v\u00e9rifi\u00e9es, r\u00e9duisant les d\u00e9lais de mise sur le march\u00e9 et am\u00e9liorant la qualit\u00e9. Cela signifie \u00e9galement que Composa peut simplement r\u00e9g\u00e9n\u00e9rer la solution IP analogique \u00e0 l&rsquo;aide du kit de conception de processus (PDK) pour un client sur une technologie de process diff\u00e9rente en cas de besoin, par exemple lors du passage \u00e0 une autre fonderie ou de la r\u00e9duction de la taille de la puce pour l&rsquo;adapter \u00e0 un n\u0153ud plus petit. <\/span><\/span><\/span><\/p>\n<p><span class=\"VIiyi\" lang=\"fr\"><span class=\"JLqJ4b\" data-language-for-alternatives=\"fr\" data-language-to-translate-into=\"en\" data-phrase-index=\"0\" data-number-of-phrases=\"1\"><span class=\"Q4iAWc\">\u00ab\u00a0Nous avons vraiment une technologie de \u00ab\u00a0rupture\u00a0\u00bb qui modifie la conception analogique au sein de l&rsquo;industrie en permettant \u00e0 l&rsquo;IP analogique d&rsquo;\u00eatre automatiquement g\u00e9n\u00e9r\u00e9e plut\u00f4t que fabriqu\u00e9e \u00e0 la main \u00e0 chaque fois\u00a0\u00bb, a d\u00e9clar\u00e9 Paterson.<\/span><\/span><\/span><\/p>\n<p><span class=\"VIiyi\" lang=\"fr\"><span class=\"JLqJ4b\" data-language-for-alternatives=\"fr\" data-language-to-translate-into=\"en\" data-phrase-index=\"0\" data-number-of-phrases=\"1\"><span class=\"Q4iAWc\">\u00ab\u00a0Nous devons d\u00e9velopper notre portefeuille IP et d\u00e9velopper des blocs de construction fondamentaux, puis des ADC et des DAC et la conversion de puissance, des LDO, et ensuite aussi des convertisseurs buck et boost ( abaisseurs et \u00e9l\u00e9vateurs)\u00a0\u00bb, a-t-il d\u00e9clar\u00e9. <\/span><\/span><\/span><\/p>\n<p><span class=\"VIiyi\" lang=\"fr\"><span class=\"JLqJ4b\" data-language-for-alternatives=\"fr\" data-language-to-translate-into=\"en\" data-phrase-index=\"0\" data-number-of-phrases=\"1\"><span class=\"Q4iAWc\">\u00ab\u00a0En parall\u00e8le de ces c\u0153urs IP, nous voulons cr\u00e9er des sous-syst\u00e8mes IP pour l&rsquo;IoT, les appareils portables et combiner l&rsquo;IP analogique avec des capacit\u00e9s num\u00e9riques\u00a0\u00bb, a-t-il d\u00e9clar\u00e9. Il n&rsquo;exclut pas de vendre Composa en tant qu&rsquo;outil EDA. \u00ab\u00a0Nous avons la technologie de base et la propri\u00e9t\u00e9 intellectuelle et nous pouvons voir un moyen de proposer l&rsquo;utilisation de l&rsquo;outil sous licence\u00a0\u00bb, a-t-il d\u00e9clar\u00e9.<\/span><\/span><\/span><\/p>\n<p><span class=\"VIiyi\" lang=\"fr\"><span class=\"JLqJ4b\" data-language-for-alternatives=\"fr\" data-language-to-translate-into=\"en\" data-phrase-index=\"0\" data-number-of-phrases=\"1\"><span class=\"Q4iAWc\">\u00ab\u00a0Le conseil d&rsquo;administration a men\u00e9 une recherche internationale approfondie pour trouver le bon CEO afin de permettre \u00e0 Agile Analog de passer de son succ\u00e8s dans la construction de la plate-forme \u00e0 la cr\u00e9tion de \u00e0 plus d&rsquo;IP et l&rsquo;acquisition de plus de clients\u00a0\u00bb, a d\u00e9clar\u00e9 Peter Hutton, pr\u00e9sident d&rsquo;Agile Analog. \u00ab\u00a0Je suis ravi que Barry nous ait rejoint pour faire avancer l&rsquo;entreprise. Nous ne pouvions pas demander une meilleure combinaison de connaissances techniques, d&rsquo;exp\u00e9rience commerciale, de vision strat\u00e9gique, d&rsquo;expertise op\u00e9rationnelle et de passion pour mettre notre technologie entre les mains de l&rsquo;industrie des semiconducteurs au sens large.<\/span><\/span><\/span><\/p>\n<p><a href=\"http:\/\/www.agileanalog.com\">www.agileanalog.com<\/a><\/p>\n<p>&nbsp;<\/p>\n","protected":false},"excerpt":{"rendered":"<p>La startup de Cambridge, Agile Analog, a nomm\u00e9 un nouveau CEO pour d\u00e9velopper son activit\u00e9 IP analogique.<\/p>\n","protected":false},"author":34,"featured_media":385498,"comment_status":"closed","ping_status":"closed","sticky":false,"template":"","format":"standard","meta":{"_acf_changed":false,"footnotes":""},"categories":[886],"tags":[],"domains":[47],"ppma_author":[1153],"class_list":["post-386023","post","type-post","status-publish","format-standard","has-post-thumbnail","hentry","category-news-fr","domains-electronique-eci"],"acf":[],"yoast_head":"<title>Nouveau CEO chez Agile Analog ...<\/title>\n<meta name=\"description\" content=\"La startup de Cambridge, Agile Analog, a nomm\u00e9 un nouveau CEO pour d\u00e9velopper son activit\u00e9 IP analogique et trouver de nouveaux clients.\" \/>\n<meta name=\"robots\" content=\"index, follow, max-snippet:-1, max-image-preview:large, max-video-preview:-1\" \/>\n<link rel=\"canonical\" href=\"https:\/\/www.ecinews.fr\/fr\/wp-json\/wp\/v2\/posts\/386023\/\" \/>\n<meta property=\"og:locale\" content=\"fr_FR\" \/>\n<meta property=\"og:type\" content=\"article\" \/>\n<meta property=\"og:title\" content=\"Nouveau CEO chez Agile Analog\" \/>\n<meta property=\"og:description\" content=\"La startup de Cambridge, Agile Analog, a nomm\u00e9 un nouveau CEO pour d\u00e9velopper son activit\u00e9 IP analogique et trouver de nouveaux clients.\" \/>\n<meta property=\"og:url\" content=\"https:\/\/www.ecinews.fr\/fr\/wp-json\/wp\/v2\/posts\/386023\/\" \/>\n<meta property=\"og:site_name\" content=\"EENewsEurope\" \/>\n<meta property=\"article:published_time\" content=\"2022-06-06T06:45:10+00:00\" \/>\n<meta property=\"article:modified_time\" content=\"2022-07-29T10:18:22+00:00\" \/>\n<meta property=\"og:image\" content=\"https:\/\/www.ecinews.fr\/wp-content\/uploads\/2022\/05\/AA_Barry-scaled.jpg\" \/>\n\t<meta property=\"og:image:width\" content=\"1080\" \/>\n\t<meta property=\"og:image:height\" content=\"1014\" \/>\n\t<meta property=\"og:image:type\" content=\"image\/jpeg\" \/>\n<meta name=\"author\" content=\"A Delapalisse\" \/>\n<meta name=\"twitter:card\" content=\"summary_large_image\" \/>\n<meta name=\"twitter:label1\" content=\"Written by\" \/>\n\t<meta name=\"twitter:data1\" content=\"A Delapalisse\" \/>\n\t<meta name=\"twitter:label2\" content=\"Est. reading time\" \/>\n\t<meta name=\"twitter:data2\" content=\"4 minutes\" \/>\n<script type=\"application\/ld+json\" class=\"yoast-schema-graph\">{\"@context\":\"https:\/\/schema.org\",\"@graph\":[{\"@type\":\"Article\",\"@id\":\"https:\/\/www.ecinews.fr\/fr\/nouveau-ceo-chez-agile-analog\/#article\",\"isPartOf\":{\"@id\":\"https:\/\/www.ecinews.fr\/fr\/nouveau-ceo-chez-agile-analog\/\"},\"author\":{\"name\":\"A Delapalisse\",\"@id\":\"https:\/\/www.eenewseurope.com\/en\/#\/schema\/person\/0aa2cfb0bd8949724a68cbac8d8321b4\"},\"headline\":\"Nouveau CEO chez Agile Analog\",\"datePublished\":\"2022-06-06T06:45:10+00:00\",\"dateModified\":\"2022-07-29T10:18:22+00:00\",\"mainEntityOfPage\":{\"@id\":\"https:\/\/www.ecinews.fr\/fr\/nouveau-ceo-chez-agile-analog\/\"},\"wordCount\":894,\"publisher\":{\"@id\":\"https:\/\/www.eenewseurope.com\/en\/#organization\"},\"articleSection\":[\"Actualit\u00e9 g\u00e9n\u00e9rale\"],\"inLanguage\":\"fr-FR\"},{\"@type\":\"WebPage\",\"@id\":\"https:\/\/www.ecinews.fr\/fr\/nouveau-ceo-chez-agile-analog\/\",\"url\":\"https:\/\/www.ecinews.fr\/fr\/nouveau-ceo-chez-agile-analog\/\",\"name\":\"Nouveau CEO chez Agile Analog -\",\"isPartOf\":{\"@id\":\"https:\/\/www.eenewseurope.com\/en\/#website\"},\"datePublished\":\"2022-06-06T06:45:10+00:00\",\"dateModified\":\"2022-07-29T10:18:22+00:00\",\"description\":\"La startup de Cambridge, Agile Analog, a nomm\u00e9 un nouveau CEO pour d\u00e9velopper son activit\u00e9 IP analogique et trouver de nouveaux clients.\",\"breadcrumb\":{\"@id\":\"https:\/\/www.ecinews.fr\/fr\/nouveau-ceo-chez-agile-analog\/#breadcrumb\"},\"inLanguage\":\"fr-FR\",\"potentialAction\":[{\"@type\":\"ReadAction\",\"target\":[\"https:\/\/www.ecinews.fr\/fr\/nouveau-ceo-chez-agile-analog\/\"]}]},{\"@type\":\"BreadcrumbList\",\"@id\":\"https:\/\/www.ecinews.fr\/fr\/nouveau-ceo-chez-agile-analog\/#breadcrumb\",\"itemListElement\":[{\"@type\":\"ListItem\",\"position\":1,\"name\":\"Home\",\"item\":\"https:\/\/www.ecinews.fr\/fr\/\"},{\"@type\":\"ListItem\",\"position\":2,\"name\":\"Nouveau CEO chez Agile Analog\"}]},{\"@type\":\"WebSite\",\"@id\":\"https:\/\/www.eenewseurope.com\/en\/#website\",\"url\":\"https:\/\/www.eenewseurope.com\/en\/\",\"name\":\"EENewsEurope\",\"description\":\"Just another WordPress site\",\"publisher\":{\"@id\":\"https:\/\/www.eenewseurope.com\/en\/#organization\"},\"potentialAction\":[{\"@type\":\"SearchAction\",\"target\":{\"@type\":\"EntryPoint\",\"urlTemplate\":\"https:\/\/www.eenewseurope.com\/en\/?s={search_term_string}\"},\"query-input\":\"required name=search_term_string\"}],\"inLanguage\":\"fr-FR\"},{\"@type\":\"Organization\",\"@id\":\"https:\/\/www.eenewseurope.com\/en\/#organization\",\"name\":\"EENewsEurope\",\"url\":\"https:\/\/www.eenewseurope.com\/en\/\",\"logo\":{\"@type\":\"ImageObject\",\"inLanguage\":\"fr-FR\",\"@id\":\"https:\/\/www.eenewseurope.com\/en\/#\/schema\/logo\/image\/\",\"url\":\"https:\/\/www.ecinews.fr\/wp-content\/uploads\/2022\/02\/logo-1.jpg\",\"contentUrl\":\"https:\/\/www.ecinews.fr\/wp-content\/uploads\/2022\/02\/logo-1.jpg\",\"width\":283,\"height\":113,\"caption\":\"EENewsEurope\"},\"image\":{\"@id\":\"https:\/\/www.eenewseurope.com\/en\/#\/schema\/logo\/image\/\"}},{\"@type\":\"Person\",\"@id\":\"https:\/\/www.eenewseurope.com\/en\/#\/schema\/person\/0aa2cfb0bd8949724a68cbac8d8321b4\",\"name\":\"A Delapalisse\",\"image\":{\"@type\":\"ImageObject\",\"inLanguage\":\"fr-FR\",\"@id\":\"https:\/\/www.eenewseurope.com\/en\/#\/schema\/person\/image\/211ac42237c2e9683c0964086c393cb4\",\"url\":\"https:\/\/secure.gravatar.com\/avatar\/ad45a8c5da24bc9c7c4940dd1c48a695?s=96&d=mm&r=g\",\"contentUrl\":\"https:\/\/secure.gravatar.com\/avatar\/ad45a8c5da24bc9c7c4940dd1c48a695?s=96&d=mm&r=g\",\"caption\":\"A Delapalisse\"},\"sameAs\":[\"http:\/\/ECI\"]}]}<\/script>","yoast_head_json":{"title":"Nouveau CEO chez Agile Analog ...","description":"La startup de Cambridge, Agile Analog, a nomm\u00e9 un nouveau CEO pour d\u00e9velopper son activit\u00e9 IP analogique et trouver de nouveaux clients.","robots":{"index":"index","follow":"follow","max-snippet":"max-snippet:-1","max-image-preview":"max-image-preview:large","max-video-preview":"max-video-preview:-1"},"canonical":"https:\/\/www.ecinews.fr\/fr\/wp-json\/wp\/v2\/posts\/386023\/","og_locale":"fr_FR","og_type":"article","og_title":"Nouveau CEO chez Agile Analog","og_description":"La startup de Cambridge, Agile Analog, a nomm\u00e9 un nouveau CEO pour d\u00e9velopper son activit\u00e9 IP analogique et trouver de nouveaux clients.","og_url":"https:\/\/www.ecinews.fr\/fr\/wp-json\/wp\/v2\/posts\/386023\/","og_site_name":"EENewsEurope","article_published_time":"2022-06-06T06:45:10+00:00","article_modified_time":"2022-07-29T10:18:22+00:00","og_image":[{"width":1080,"height":1014,"url":"https:\/\/www.ecinews.fr\/wp-content\/uploads\/2022\/05\/AA_Barry-scaled.jpg","type":"image\/jpeg"}],"author":"A Delapalisse","twitter_card":"summary_large_image","twitter_misc":{"Written by":"A Delapalisse","Est. reading time":"4 minutes"},"schema":{"@context":"https:\/\/schema.org","@graph":[{"@type":"Article","@id":"https:\/\/www.ecinews.fr\/fr\/nouveau-ceo-chez-agile-analog\/#article","isPartOf":{"@id":"https:\/\/www.ecinews.fr\/fr\/nouveau-ceo-chez-agile-analog\/"},"author":{"name":"A Delapalisse","@id":"https:\/\/www.eenewseurope.com\/en\/#\/schema\/person\/0aa2cfb0bd8949724a68cbac8d8321b4"},"headline":"Nouveau CEO chez Agile Analog","datePublished":"2022-06-06T06:45:10+00:00","dateModified":"2022-07-29T10:18:22+00:00","mainEntityOfPage":{"@id":"https:\/\/www.ecinews.fr\/fr\/nouveau-ceo-chez-agile-analog\/"},"wordCount":894,"publisher":{"@id":"https:\/\/www.eenewseurope.com\/en\/#organization"},"articleSection":["Actualit\u00e9 g\u00e9n\u00e9rale"],"inLanguage":"fr-FR"},{"@type":"WebPage","@id":"https:\/\/www.ecinews.fr\/fr\/nouveau-ceo-chez-agile-analog\/","url":"https:\/\/www.ecinews.fr\/fr\/nouveau-ceo-chez-agile-analog\/","name":"Nouveau CEO chez Agile Analog -","isPartOf":{"@id":"https:\/\/www.eenewseurope.com\/en\/#website"},"datePublished":"2022-06-06T06:45:10+00:00","dateModified":"2022-07-29T10:18:22+00:00","description":"La startup de Cambridge, Agile Analog, a nomm\u00e9 un nouveau CEO pour d\u00e9velopper son activit\u00e9 IP analogique et trouver de nouveaux clients.","breadcrumb":{"@id":"https:\/\/www.ecinews.fr\/fr\/nouveau-ceo-chez-agile-analog\/#breadcrumb"},"inLanguage":"fr-FR","potentialAction":[{"@type":"ReadAction","target":["https:\/\/www.ecinews.fr\/fr\/nouveau-ceo-chez-agile-analog\/"]}]},{"@type":"BreadcrumbList","@id":"https:\/\/www.ecinews.fr\/fr\/nouveau-ceo-chez-agile-analog\/#breadcrumb","itemListElement":[{"@type":"ListItem","position":1,"name":"Home","item":"https:\/\/www.ecinews.fr\/fr\/"},{"@type":"ListItem","position":2,"name":"Nouveau CEO chez Agile Analog"}]},{"@type":"WebSite","@id":"https:\/\/www.eenewseurope.com\/en\/#website","url":"https:\/\/www.eenewseurope.com\/en\/","name":"EENewsEurope","description":"Just another WordPress site","publisher":{"@id":"https:\/\/www.eenewseurope.com\/en\/#organization"},"potentialAction":[{"@type":"SearchAction","target":{"@type":"EntryPoint","urlTemplate":"https:\/\/www.eenewseurope.com\/en\/?s={search_term_string}"},"query-input":"required name=search_term_string"}],"inLanguage":"fr-FR"},{"@type":"Organization","@id":"https:\/\/www.eenewseurope.com\/en\/#organization","name":"EENewsEurope","url":"https:\/\/www.eenewseurope.com\/en\/","logo":{"@type":"ImageObject","inLanguage":"fr-FR","@id":"https:\/\/www.eenewseurope.com\/en\/#\/schema\/logo\/image\/","url":"https:\/\/www.ecinews.fr\/wp-content\/uploads\/2022\/02\/logo-1.jpg","contentUrl":"https:\/\/www.ecinews.fr\/wp-content\/uploads\/2022\/02\/logo-1.jpg","width":283,"height":113,"caption":"EENewsEurope"},"image":{"@id":"https:\/\/www.eenewseurope.com\/en\/#\/schema\/logo\/image\/"}},{"@type":"Person","@id":"https:\/\/www.eenewseurope.com\/en\/#\/schema\/person\/0aa2cfb0bd8949724a68cbac8d8321b4","name":"A Delapalisse","image":{"@type":"ImageObject","inLanguage":"fr-FR","@id":"https:\/\/www.eenewseurope.com\/en\/#\/schema\/person\/image\/211ac42237c2e9683c0964086c393cb4","url":"https:\/\/secure.gravatar.com\/avatar\/ad45a8c5da24bc9c7c4940dd1c48a695?s=96&d=mm&r=g","contentUrl":"https:\/\/secure.gravatar.com\/avatar\/ad45a8c5da24bc9c7c4940dd1c48a695?s=96&d=mm&r=g","caption":"A Delapalisse"},"sameAs":["http:\/\/ECI"]}]}},"authors":[{"term_id":1153,"user_id":34,"is_guest":0,"slug":"adelapalisse","display_name":"A Delapalisse","avatar_url":"https:\/\/secure.gravatar.com\/avatar\/ad45a8c5da24bc9c7c4940dd1c48a695?s=96&d=mm&r=g","0":null,"1":"","2":"","3":"","4":"","5":"","6":"","7":"","8":""}],"_links":{"self":[{"href":"https:\/\/www.ecinews.fr\/fr\/wp-json\/wp\/v2\/posts\/386023"}],"collection":[{"href":"https:\/\/www.ecinews.fr\/fr\/wp-json\/wp\/v2\/posts"}],"about":[{"href":"https:\/\/www.ecinews.fr\/fr\/wp-json\/wp\/v2\/types\/post"}],"author":[{"embeddable":true,"href":"https:\/\/www.ecinews.fr\/fr\/wp-json\/wp\/v2\/users\/34"}],"replies":[{"embeddable":true,"href":"https:\/\/www.ecinews.fr\/fr\/wp-json\/wp\/v2\/comments?post=386023"}],"version-history":[{"count":0,"href":"https:\/\/www.ecinews.fr\/fr\/wp-json\/wp\/v2\/posts\/386023\/revisions"}],"wp:featuredmedia":[{"embeddable":true,"href":"https:\/\/www.ecinews.fr\/fr\/wp-json\/wp\/v2\/media\/385498"}],"wp:attachment":[{"href":"https:\/\/www.ecinews.fr\/fr\/wp-json\/wp\/v2\/media?parent=386023"}],"wp:term":[{"taxonomy":"category","embeddable":true,"href":"https:\/\/www.ecinews.fr\/fr\/wp-json\/wp\/v2\/categories?post=386023"},{"taxonomy":"post_tag","embeddable":true,"href":"https:\/\/www.ecinews.fr\/fr\/wp-json\/wp\/v2\/tags?post=386023"},{"taxonomy":"domains","embeddable":true,"href":"https:\/\/www.ecinews.fr\/fr\/wp-json\/wp\/v2\/domains?post=386023"},{"taxonomy":"author","embeddable":true,"href":"https:\/\/www.ecinews.fr\/fr\/wp-json\/wp\/v2\/ppma_author?post=386023"}],"curies":[{"name":"wp","href":"https:\/\/api.w.org\/{rel}","templated":true}]}}