{"id":385995,"date":"2022-06-03T18:50:27","date_gmt":"2022-06-03T16:50:27","guid":{"rendered":"https:\/\/www.eenewseurope.com\/?p=385995"},"modified":"2022-06-03T18:51:43","modified_gmt":"2022-06-03T16:51:43","slug":"incontournable-iot-world-mtom-embedded-2022","status":"publish","type":"post","link":"https:\/\/www.ecinews.fr\/fr\/incontournable-iot-world-mtom-embedded-2022\/","title":{"rendered":"Incontournable ! IoT World MtoM &amp; Embedded 2022"},"content":{"rendered":"<p><strong>Une exposition accompagn\u00e9e de<\/strong><\/p>\n<ul>\n<li>80 Keynotes.<\/li>\n<li>Tables-rondes.<\/li>\n<li>Avis d\u2019experts.<\/li>\n<li>T\u00e9moignages projets.<\/li>\n<\/ul>\n<p>200 speakers, 4 000 visiteurs et auditeurs attendus sur 2 jours qui vont b\u00e9n\u00e9ficier de cette \u00e9nergie commune&#8230; hors du commun !<\/p>\n<p>Un vaste programme conf\u00e9rences autour de 3 th\u00e8mes majeurs : le Focus 5G &amp; IoT, le colloque Asset Tracking Systems et L\u2019IoT Executive Track , un parcours exclusif 100% nouveau et utile pour les D\u00e9cideurs !<\/p>\n<p>De nombreuses animations et des \u00e9v\u00e9nements r\u00e9alis\u00e9s conjointement : remise de troph\u00e9es, villages deep-tech et start-up, un IoT Lab, Highlight your Deeptech&#8230;<\/p>\n<p>Des rendez-vous Business o\u00f9 les visiteurs porteurs de projets pourront rencontrer l\u2019ensemble des experts dans les domaines du hardware, du software, des applications, des services et trouver des solutions adapt\u00e9es pour la r\u00e9alisation de leurs projets.<\/p>\n<p><a href=\"http:\/\/www.salon-iot-mtom.com\">IoT World MtoM &amp; Embedded 2022<\/a><\/p>\n<p>&nbsp;<\/p>\n","protected":false},"excerpt":{"rendered":"<p>Les 29 et 30 juin 2022 \u00e0 Paris &#8211; Porte de Versailles se d\u00e9roulera l\u2019\u00e9v\u00e9nement incontournable IoT World &amp; MtoM &#8211; Embedded. Un lieu unique pour rencontrer les acteurs et d\u00e9cideurs engag\u00e9s des march\u00e9s de l\u2019IoT, du MtoM, de l\u2019Embarqu\u00e9, de la Data, du Cloud et de l\u2019IA.<\/p>\n","protected":false},"author":11,"featured_media":386047,"comment_status":"closed","ping_status":"closed","sticky":true,"template":"","format":"standard","meta":{"_acf_changed":false,"footnotes":""},"categories":[886],"tags":[],"domains":[47],"ppma_author":[1143],"class_list":["post-385995","post","type-post","status-publish","format-standard","has-post-thumbnail","hentry","category-news-fr","domains-electronique-eci"],"acf":[],"yoast_head":"<title>Incontournable ! IoT World MtoM &amp; Embedded 2022 ...<\/title>\n<meta name=\"description\" content=\"Les 29 et 30 juin 2022 \u00e0 Paris - Porte de Versailles se d\u00e9roulera l\u2019\u00e9v\u00e9nement incontournable IoT World &amp; MtoM - Embedded. Un lieu unique pour...\" \/>\n<meta name=\"robots\" content=\"index, follow, max-snippet:-1, max-image-preview:large, max-video-preview:-1\" \/>\n<link rel=\"canonical\" href=\"https:\/\/www.ecinews.fr\/fr\/wp-json\/wp\/v2\/posts\/385995\/\" \/>\n<meta property=\"og:locale\" content=\"fr_FR\" \/>\n<meta property=\"og:type\" content=\"article\" \/>\n<meta property=\"og:title\" content=\"Incontournable ! IoT World MtoM &amp; Embedded 2022\" \/>\n<meta property=\"og:description\" content=\"Les 29 et 30 juin 2022 \u00e0 Paris - Porte de Versailles se d\u00e9roulera l\u2019\u00e9v\u00e9nement incontournable IoT World &amp; MtoM - Embedded. Un lieu unique pour rencontrer les acteurs et d\u00e9cideurs engag\u00e9s des march\u00e9s de l\u2019IoT, du MtoM, de l\u2019Embarqu\u00e9, de la Data, du Cloud et de l\u2019IA.\" \/>\n<meta property=\"og:url\" content=\"https:\/\/www.ecinews.fr\/fr\/wp-json\/wp\/v2\/posts\/385995\/\" \/>\n<meta property=\"og:site_name\" content=\"EENewsEurope\" \/>\n<meta property=\"article:published_time\" content=\"2022-06-03T16:50:27+00:00\" \/>\n<meta property=\"article:modified_time\" content=\"2022-06-03T16:51:43+00:00\" \/>\n<meta property=\"og:image\" content=\"https:\/\/www.ecinews.fr\/wp-content\/uploads\/2022\/06\/29-30-juin-M2M-1.jpg\" \/>\n\t<meta property=\"og:image:width\" content=\"800\" \/>\n\t<meta property=\"og:image:height\" content=\"600\" \/>\n\t<meta property=\"og:image:type\" content=\"image\/jpeg\" \/>\n<meta name=\"author\" content=\"Daniel Cardon\" \/>\n<meta name=\"twitter:card\" content=\"summary_large_image\" \/>\n<meta name=\"twitter:label1\" content=\"Written by\" \/>\n\t<meta name=\"twitter:data1\" content=\"Daniel Cardon\" \/>\n\t<meta name=\"twitter:label2\" content=\"Est. reading time\" \/>\n\t<meta name=\"twitter:data2\" content=\"1 minute\" \/>\n<script type=\"application\/ld+json\" class=\"yoast-schema-graph\">{\"@context\":\"https:\/\/schema.org\",\"@graph\":[{\"@type\":\"Article\",\"@id\":\"https:\/\/www.ecinews.fr\/fr\/incontournable-iot-world-mtom-embedded-2022\/#article\",\"isPartOf\":{\"@id\":\"https:\/\/www.ecinews.fr\/fr\/incontournable-iot-world-mtom-embedded-2022\/\"},\"author\":{\"name\":\"Daniel Cardon\",\"@id\":\"https:\/\/www.eenewseurope.com\/en\/#\/schema\/person\/93c44cde463762f40a8236eaa44c1c17\"},\"headline\":\"Incontournable ! IoT World MtoM &amp; Embedded 2022\",\"datePublished\":\"2022-06-03T16:50:27+00:00\",\"dateModified\":\"2022-06-03T16:51:43+00:00\",\"mainEntityOfPage\":{\"@id\":\"https:\/\/www.ecinews.fr\/fr\/incontournable-iot-world-mtom-embedded-2022\/\"},\"wordCount\":143,\"publisher\":{\"@id\":\"https:\/\/www.eenewseurope.com\/en\/#organization\"},\"articleSection\":[\"Actualit\u00e9 g\u00e9n\u00e9rale\"],\"inLanguage\":\"fr-FR\"},{\"@type\":\"WebPage\",\"@id\":\"https:\/\/www.ecinews.fr\/fr\/incontournable-iot-world-mtom-embedded-2022\/\",\"url\":\"https:\/\/www.ecinews.fr\/fr\/incontournable-iot-world-mtom-embedded-2022\/\",\"name\":\"Incontournable ! IoT World MtoM &amp; Embedded 2022 -\",\"isPartOf\":{\"@id\":\"https:\/\/www.eenewseurope.com\/en\/#website\"},\"datePublished\":\"2022-06-03T16:50:27+00:00\",\"dateModified\":\"2022-06-03T16:51:43+00:00\",\"breadcrumb\":{\"@id\":\"https:\/\/www.ecinews.fr\/fr\/incontournable-iot-world-mtom-embedded-2022\/#breadcrumb\"},\"inLanguage\":\"fr-FR\",\"potentialAction\":[{\"@type\":\"ReadAction\",\"target\":[\"https:\/\/www.ecinews.fr\/fr\/incontournable-iot-world-mtom-embedded-2022\/\"]}]},{\"@type\":\"BreadcrumbList\",\"@id\":\"https:\/\/www.ecinews.fr\/fr\/incontournable-iot-world-mtom-embedded-2022\/#breadcrumb\",\"itemListElement\":[{\"@type\":\"ListItem\",\"position\":1,\"name\":\"Home\",\"item\":\"https:\/\/www.ecinews.fr\/fr\/\"},{\"@type\":\"ListItem\",\"position\":2,\"name\":\"Incontournable ! IoT World MtoM &amp; Embedded 2022\"}]},{\"@type\":\"WebSite\",\"@id\":\"https:\/\/www.eenewseurope.com\/en\/#website\",\"url\":\"https:\/\/www.eenewseurope.com\/en\/\",\"name\":\"EENewsEurope\",\"description\":\"Just another WordPress site\",\"publisher\":{\"@id\":\"https:\/\/www.eenewseurope.com\/en\/#organization\"},\"potentialAction\":[{\"@type\":\"SearchAction\",\"target\":{\"@type\":\"EntryPoint\",\"urlTemplate\":\"https:\/\/www.eenewseurope.com\/en\/?s={search_term_string}\"},\"query-input\":\"required name=search_term_string\"}],\"inLanguage\":\"fr-FR\"},{\"@type\":\"Organization\",\"@id\":\"https:\/\/www.eenewseurope.com\/en\/#organization\",\"name\":\"EENewsEurope\",\"url\":\"https:\/\/www.eenewseurope.com\/en\/\",\"logo\":{\"@type\":\"ImageObject\",\"inLanguage\":\"fr-FR\",\"@id\":\"https:\/\/www.eenewseurope.com\/en\/#\/schema\/logo\/image\/\",\"url\":\"https:\/\/www.ecinews.fr\/wp-content\/uploads\/2022\/02\/logo-1.jpg\",\"contentUrl\":\"https:\/\/www.ecinews.fr\/wp-content\/uploads\/2022\/02\/logo-1.jpg\",\"width\":283,\"height\":113,\"caption\":\"EENewsEurope\"},\"image\":{\"@id\":\"https:\/\/www.eenewseurope.com\/en\/#\/schema\/logo\/image\/\"}},{\"@type\":\"Person\",\"@id\":\"https:\/\/www.eenewseurope.com\/en\/#\/schema\/person\/93c44cde463762f40a8236eaa44c1c17\",\"name\":\"Daniel Cardon\",\"image\":{\"@type\":\"ImageObject\",\"inLanguage\":\"fr-FR\",\"@id\":\"https:\/\/www.eenewseurope.com\/en\/#\/schema\/person\/image\/2b243f6bcc1cff7d86aadfb2cd0bd870\",\"url\":\"https:\/\/secure.gravatar.com\/avatar\/de9edc136dfc061ad4778e04635baefa?s=96&d=mm&r=g\",\"contentUrl\":\"https:\/\/secure.gravatar.com\/avatar\/de9edc136dfc061ad4778e04635baefa?s=96&d=mm&r=g\",\"caption\":\"Daniel Cardon\"}}]}<\/script>","yoast_head_json":{"title":"Incontournable ! IoT World MtoM &amp; Embedded 2022 ...","description":"Les 29 et 30 juin 2022 \u00e0 Paris - Porte de Versailles se d\u00e9roulera l\u2019\u00e9v\u00e9nement incontournable IoT World &amp; MtoM - Embedded. Un lieu unique pour...","robots":{"index":"index","follow":"follow","max-snippet":"max-snippet:-1","max-image-preview":"max-image-preview:large","max-video-preview":"max-video-preview:-1"},"canonical":"https:\/\/www.ecinews.fr\/fr\/wp-json\/wp\/v2\/posts\/385995\/","og_locale":"fr_FR","og_type":"article","og_title":"Incontournable ! IoT World MtoM &amp; Embedded 2022","og_description":"Les 29 et 30 juin 2022 \u00e0 Paris - Porte de Versailles se d\u00e9roulera l\u2019\u00e9v\u00e9nement incontournable IoT World &amp; MtoM - Embedded. Un lieu unique pour rencontrer les acteurs et d\u00e9cideurs engag\u00e9s des march\u00e9s de l\u2019IoT, du MtoM, de l\u2019Embarqu\u00e9, de la Data, du Cloud et de l\u2019IA.","og_url":"https:\/\/www.ecinews.fr\/fr\/wp-json\/wp\/v2\/posts\/385995\/","og_site_name":"EENewsEurope","article_published_time":"2022-06-03T16:50:27+00:00","article_modified_time":"2022-06-03T16:51:43+00:00","og_image":[{"width":800,"height":600,"url":"https:\/\/www.ecinews.fr\/wp-content\/uploads\/2022\/06\/29-30-juin-M2M-1.jpg","type":"image\/jpeg"}],"author":"Daniel Cardon","twitter_card":"summary_large_image","twitter_misc":{"Written by":"Daniel Cardon","Est. reading time":"1 minute"},"schema":{"@context":"https:\/\/schema.org","@graph":[{"@type":"Article","@id":"https:\/\/www.ecinews.fr\/fr\/incontournable-iot-world-mtom-embedded-2022\/#article","isPartOf":{"@id":"https:\/\/www.ecinews.fr\/fr\/incontournable-iot-world-mtom-embedded-2022\/"},"author":{"name":"Daniel Cardon","@id":"https:\/\/www.eenewseurope.com\/en\/#\/schema\/person\/93c44cde463762f40a8236eaa44c1c17"},"headline":"Incontournable ! IoT World MtoM &amp; Embedded 2022","datePublished":"2022-06-03T16:50:27+00:00","dateModified":"2022-06-03T16:51:43+00:00","mainEntityOfPage":{"@id":"https:\/\/www.ecinews.fr\/fr\/incontournable-iot-world-mtom-embedded-2022\/"},"wordCount":143,"publisher":{"@id":"https:\/\/www.eenewseurope.com\/en\/#organization"},"articleSection":["Actualit\u00e9 g\u00e9n\u00e9rale"],"inLanguage":"fr-FR"},{"@type":"WebPage","@id":"https:\/\/www.ecinews.fr\/fr\/incontournable-iot-world-mtom-embedded-2022\/","url":"https:\/\/www.ecinews.fr\/fr\/incontournable-iot-world-mtom-embedded-2022\/","name":"Incontournable ! IoT World MtoM &amp; Embedded 2022 -","isPartOf":{"@id":"https:\/\/www.eenewseurope.com\/en\/#website"},"datePublished":"2022-06-03T16:50:27+00:00","dateModified":"2022-06-03T16:51:43+00:00","breadcrumb":{"@id":"https:\/\/www.ecinews.fr\/fr\/incontournable-iot-world-mtom-embedded-2022\/#breadcrumb"},"inLanguage":"fr-FR","potentialAction":[{"@type":"ReadAction","target":["https:\/\/www.ecinews.fr\/fr\/incontournable-iot-world-mtom-embedded-2022\/"]}]},{"@type":"BreadcrumbList","@id":"https:\/\/www.ecinews.fr\/fr\/incontournable-iot-world-mtom-embedded-2022\/#breadcrumb","itemListElement":[{"@type":"ListItem","position":1,"name":"Home","item":"https:\/\/www.ecinews.fr\/fr\/"},{"@type":"ListItem","position":2,"name":"Incontournable ! IoT World MtoM &amp; Embedded 2022"}]},{"@type":"WebSite","@id":"https:\/\/www.eenewseurope.com\/en\/#website","url":"https:\/\/www.eenewseurope.com\/en\/","name":"EENewsEurope","description":"Just another WordPress site","publisher":{"@id":"https:\/\/www.eenewseurope.com\/en\/#organization"},"potentialAction":[{"@type":"SearchAction","target":{"@type":"EntryPoint","urlTemplate":"https:\/\/www.eenewseurope.com\/en\/?s={search_term_string}"},"query-input":"required name=search_term_string"}],"inLanguage":"fr-FR"},{"@type":"Organization","@id":"https:\/\/www.eenewseurope.com\/en\/#organization","name":"EENewsEurope","url":"https:\/\/www.eenewseurope.com\/en\/","logo":{"@type":"ImageObject","inLanguage":"fr-FR","@id":"https:\/\/www.eenewseurope.com\/en\/#\/schema\/logo\/image\/","url":"https:\/\/www.ecinews.fr\/wp-content\/uploads\/2022\/02\/logo-1.jpg","contentUrl":"https:\/\/www.ecinews.fr\/wp-content\/uploads\/2022\/02\/logo-1.jpg","width":283,"height":113,"caption":"EENewsEurope"},"image":{"@id":"https:\/\/www.eenewseurope.com\/en\/#\/schema\/logo\/image\/"}},{"@type":"Person","@id":"https:\/\/www.eenewseurope.com\/en\/#\/schema\/person\/93c44cde463762f40a8236eaa44c1c17","name":"Daniel Cardon","image":{"@type":"ImageObject","inLanguage":"fr-FR","@id":"https:\/\/www.eenewseurope.com\/en\/#\/schema\/person\/image\/2b243f6bcc1cff7d86aadfb2cd0bd870","url":"https:\/\/secure.gravatar.com\/avatar\/de9edc136dfc061ad4778e04635baefa?s=96&d=mm&r=g","contentUrl":"https:\/\/secure.gravatar.com\/avatar\/de9edc136dfc061ad4778e04635baefa?s=96&d=mm&r=g","caption":"Daniel Cardon"}}]}},"authors":[{"term_id":1143,"user_id":11,"is_guest":0,"slug":"danielcardon","display_name":"Daniel Cardon","avatar_url":"https:\/\/secure.gravatar.com\/avatar\/de9edc136dfc061ad4778e04635baefa?s=96&d=mm&r=g","0":null,"1":"","2":"","3":"","4":"","5":"","6":"","7":"","8":""}],"_links":{"self":[{"href":"https:\/\/www.ecinews.fr\/fr\/wp-json\/wp\/v2\/posts\/385995"}],"collection":[{"href":"https:\/\/www.ecinews.fr\/fr\/wp-json\/wp\/v2\/posts"}],"about":[{"href":"https:\/\/www.ecinews.fr\/fr\/wp-json\/wp\/v2\/types\/post"}],"author":[{"embeddable":true,"href":"https:\/\/www.ecinews.fr\/fr\/wp-json\/wp\/v2\/users\/11"}],"replies":[{"embeddable":true,"href":"https:\/\/www.ecinews.fr\/fr\/wp-json\/wp\/v2\/comments?post=385995"}],"version-history":[{"count":0,"href":"https:\/\/www.ecinews.fr\/fr\/wp-json\/wp\/v2\/posts\/385995\/revisions"}],"wp:featuredmedia":[{"embeddable":true,"href":"https:\/\/www.ecinews.fr\/fr\/wp-json\/wp\/v2\/media\/386047"}],"wp:attachment":[{"href":"https:\/\/www.ecinews.fr\/fr\/wp-json\/wp\/v2\/media?parent=385995"}],"wp:term":[{"taxonomy":"category","embeddable":true,"href":"https:\/\/www.ecinews.fr\/fr\/wp-json\/wp\/v2\/categories?post=385995"},{"taxonomy":"post_tag","embeddable":true,"href":"https:\/\/www.ecinews.fr\/fr\/wp-json\/wp\/v2\/tags?post=385995"},{"taxonomy":"domains","embeddable":true,"href":"https:\/\/www.ecinews.fr\/fr\/wp-json\/wp\/v2\/domains?post=385995"},{"taxonomy":"author","embeddable":true,"href":"https:\/\/www.ecinews.fr\/fr\/wp-json\/wp\/v2\/ppma_author?post=385995"}],"curies":[{"name":"wp","href":"https:\/\/api.w.org\/{rel}","templated":true}]}}