{"id":385963,"date":"2022-06-03T09:15:38","date_gmt":"2022-06-03T07:15:38","guid":{"rendered":"https:\/\/www.ecinews.fr\/?p=385963"},"modified":"2022-06-03T09:15:38","modified_gmt":"2022-06-03T07:15:38","slug":"nouvelle-camera-dimagerie-thermique-portable","status":"publish","type":"post","link":"https:\/\/www.ecinews.fr\/fr\/nouvelle-camera-dimagerie-thermique-portable\/","title":{"rendered":"Nouvelle cam\u00e9ra d&rsquo;imagerie thermique portable"},"content":{"rendered":"<p>La nouvelle cam\u00e9ra E52 b\u00e9n\u00e9ficie d\u2019une r\u00e9solution thermique de qualit\u00e9 professionnelle garantissant une lecture facile des images et d\u2019une fonctionnalit\u00e9 de routage embarqu\u00e9e renfor\u00e7ant l&rsquo;efficacit\u00e9 des enqu\u00eates de terrain. Ergonomique et facile \u00e0 utiliser, l\u2019E52 reprend la m\u00eame conception conviviale pour aider les professionnels \u00e0 d\u00e9tecter les signes pr\u00e9coces de probl\u00e8mes dans les b\u00e2timents, \u00e0 identifier les points chauds, \u00e0 d\u00e9panner les syst\u00e8mes \u00e9lectriques et m\u00e9caniques et \u00e0 pr\u00e9venir les probl\u00e8mes avant qu&rsquo;ils ne causent des dommages induisant de co\u00fbteuses r\u00e9parations.<br \/>\nLa r\u00e9solution infrarouge de 43 200 pixels et le zoom num\u00e9rique 4x assurent un niveau de clart\u00e9 professionnel pour d\u00e9tecter les changements subtils de temp\u00e9rature r\u00e9v\u00e9lant l\u2019existence de d\u00e9fauts et probl\u00e8mes \u00e9mergents. L\u2019E52 fournit de meilleurs r\u00e9sultats de mesure : ainsi, les professionnels peuvent diagnostiquer en toute s\u00e9curit\u00e9 les d\u00e9fauts \u00e9lectriques ou localiser les anomalies cach\u00e9es \u00e0 des temp\u00e9ratures jusqu&rsquo;\u00e0 550\u00b0C, y compris dans les environnements de fabrication et de production s\u00e9v\u00e8res o\u00f9 les conditions sont particuli\u00e8rement difficiles, afin de contribuer \u00e0 la bonne marche du lieu de travail.<br \/>\nD\u00e9sormais propos\u00e9 en standard sur chaque cam\u00e9ra de la gamme Exx, FLIR Inspection Route\u2122 est compl\u00e9t\u00e9 par le logiciel FLIR Thermal Studio Pro avec le plug-in Route Creator, vendu s\u00e9par\u00e9ment sous forme d&rsquo;abonnement annuel. Avec l&rsquo;offre compl\u00e8te de routage, les professionnels cr\u00e9ent et exportent des itin\u00e9raires d&rsquo;inspection personnalis\u00e9s et pr\u00e9-planifi\u00e9s, parfaits pour les projets \u00e9lectriques ou m\u00e9caniques de grande envergure ou multi-localis\u00e9s.<br \/>\n\u00ab Les cam\u00e9ras thermiques avanc\u00e9es de la gamme Exx permettent aux professionnels du b\u00e2timent, aux inspecteurs, aux ing\u00e9nieurs, aux chercheurs et au personnel de maintenance des installations, d\u2019en faire plus que jamais avec une cam\u00e9ra thermique portable \u00bb, explique Rickard Lindvall, Directeur g\u00e9n\u00e9ral de l&rsquo;activit\u00e9 Solutions chez Teledyne FLIR. \u00ab B\u00e9n\u00e9ficiant d\u2019une excellente r\u00e9solution thermique et d\u2019une fonctionnalit\u00e9 de routage embarqu\u00e9e, la cam\u00e9ra d&rsquo;imagerie thermique E52 peut aider nos clients \u00e0 prendre de meilleures d\u00e9cisions, plus inform\u00e9es, pour accomplir leurs missions plus efficacement, ce au meilleur prix.<br \/>\nLa gamme compl\u00e8te de cam\u00e9ras Exx comprend l&rsquo;am\u00e9lioration d&rsquo;image MSX\u00ae permettant d&rsquo;inclure les d\u00e9tails de la cam\u00e9ra visuelle pour ajouter de la profondeur et de la perception. La cam\u00e9ra E52 est \u00e9quip\u00e9e d&rsquo;un objectif de 24\u00b0 offrant un champ de vision pratique, adapt\u00e9 \u00e0 la plupart des applications.<\/p>\n<p><a href=\"http:\/\/www.flir.com\/exx-series.\">www.flir.com\/exx-series.<\/a><\/p>\n","protected":false},"excerpt":{"rendered":"<p>Teledyne FLIR, filiale de Teledyne Technologies Incorporated, annonce l&rsquo;ajout d&rsquo;une cam\u00e9ra E52 \u00e0 sa gamme de dispositifs d&rsquo;imagerie thermique Exx. <\/p>\n","protected":false},"author":36,"featured_media":385964,"comment_status":"closed","ping_status":"closed","sticky":false,"template":"","format":"standard","meta":{"_acf_changed":false,"footnotes":""},"categories":[881],"tags":[1321],"domains":[47],"ppma_author":[1154],"class_list":["post-385963","post","type-post","status-publish","format-standard","has-post-thumbnail","hentry","category-nouveaux-produits","tag-cameras","domains-electronique-eci"],"acf":[],"yoast_head":"<title>Nouvelle cam\u00e9ra d&#039;imagerie thermique portable ...<\/title>\n<meta name=\"description\" content=\"Teledyne FLIR, filiale de Teledyne Technologies Incorporated, annonce l&#039;ajout d&#039;une cam\u00e9ra E52 \u00e0 sa gamme de dispositifs d&#039;imagerie thermique Exx.\" \/>\n<meta name=\"robots\" content=\"index, follow, max-snippet:-1, max-image-preview:large, max-video-preview:-1\" \/>\n<link rel=\"canonical\" href=\"https:\/\/www.ecinews.fr\/fr\/wp-json\/wp\/v2\/posts\/385963\/\" \/>\n<meta property=\"og:locale\" content=\"fr_FR\" \/>\n<meta property=\"og:type\" content=\"article\" \/>\n<meta property=\"og:title\" content=\"Nouvelle cam\u00e9ra d&#039;imagerie thermique portable\" \/>\n<meta property=\"og:description\" content=\"Teledyne FLIR, filiale de Teledyne Technologies Incorporated, annonce l&#039;ajout d&#039;une cam\u00e9ra E52 \u00e0 sa gamme de dispositifs d&#039;imagerie thermique Exx.\" \/>\n<meta property=\"og:url\" content=\"https:\/\/www.ecinews.fr\/fr\/wp-json\/wp\/v2\/posts\/385963\/\" \/>\n<meta property=\"og:site_name\" content=\"EENewsEurope\" \/>\n<meta property=\"article:published_time\" content=\"2022-06-03T07:15:38+00:00\" \/>\n<meta property=\"og:image\" content=\"https:\/\/www.ecinews.fr\/wp-content\/uploads\/2022\/06\/ECI1249_Flir.jpg\" \/>\n\t<meta property=\"og:image:width\" content=\"985\" \/>\n\t<meta property=\"og:image:height\" content=\"1026\" \/>\n\t<meta property=\"og:image:type\" content=\"image\/jpeg\" \/>\n<meta name=\"author\" content=\"Alain Dieul\" \/>\n<meta name=\"twitter:card\" content=\"summary_large_image\" \/>\n<meta name=\"twitter:label1\" content=\"Written by\" \/>\n\t<meta name=\"twitter:data1\" content=\"Alain Dieul\" \/>\n\t<meta name=\"twitter:label2\" content=\"Est. reading time\" \/>\n\t<meta name=\"twitter:data2\" content=\"2 minutes\" \/>\n<script type=\"application\/ld+json\" class=\"yoast-schema-graph\">{\"@context\":\"https:\/\/schema.org\",\"@graph\":[{\"@type\":\"Article\",\"@id\":\"https:\/\/www.ecinews.fr\/fr\/nouvelle-camera-dimagerie-thermique-portable\/#article\",\"isPartOf\":{\"@id\":\"https:\/\/www.ecinews.fr\/fr\/nouvelle-camera-dimagerie-thermique-portable\/\"},\"author\":{\"name\":\"Alain Dieul\",\"@id\":\"https:\/\/www.eenewseurope.com\/en\/#\/schema\/person\/e4387676ad67ce722325c7832f3c3762\"},\"headline\":\"Nouvelle cam\u00e9ra d&rsquo;imagerie thermique portable\",\"datePublished\":\"2022-06-03T07:15:38+00:00\",\"dateModified\":\"2022-06-03T07:15:38+00:00\",\"mainEntityOfPage\":{\"@id\":\"https:\/\/www.ecinews.fr\/fr\/nouvelle-camera-dimagerie-thermique-portable\/\"},\"wordCount\":450,\"publisher\":{\"@id\":\"https:\/\/www.eenewseurope.com\/en\/#organization\"},\"keywords\":[\"Cam\u00e9ras\"],\"articleSection\":[\"Nouveaux produits\"],\"inLanguage\":\"fr-FR\"},{\"@type\":\"WebPage\",\"@id\":\"https:\/\/www.ecinews.fr\/fr\/nouvelle-camera-dimagerie-thermique-portable\/\",\"url\":\"https:\/\/www.ecinews.fr\/fr\/nouvelle-camera-dimagerie-thermique-portable\/\",\"name\":\"Nouvelle cam\u00e9ra d'imagerie thermique portable -\",\"isPartOf\":{\"@id\":\"https:\/\/www.eenewseurope.com\/en\/#website\"},\"datePublished\":\"2022-06-03T07:15:38+00:00\",\"dateModified\":\"2022-06-03T07:15:38+00:00\",\"breadcrumb\":{\"@id\":\"https:\/\/www.ecinews.fr\/fr\/nouvelle-camera-dimagerie-thermique-portable\/#breadcrumb\"},\"inLanguage\":\"fr-FR\",\"potentialAction\":[{\"@type\":\"ReadAction\",\"target\":[\"https:\/\/www.ecinews.fr\/fr\/nouvelle-camera-dimagerie-thermique-portable\/\"]}]},{\"@type\":\"BreadcrumbList\",\"@id\":\"https:\/\/www.ecinews.fr\/fr\/nouvelle-camera-dimagerie-thermique-portable\/#breadcrumb\",\"itemListElement\":[{\"@type\":\"ListItem\",\"position\":1,\"name\":\"Home\",\"item\":\"https:\/\/www.ecinews.fr\/fr\/\"},{\"@type\":\"ListItem\",\"position\":2,\"name\":\"Nouvelle cam\u00e9ra d&rsquo;imagerie thermique portable\"}]},{\"@type\":\"WebSite\",\"@id\":\"https:\/\/www.eenewseurope.com\/en\/#website\",\"url\":\"https:\/\/www.eenewseurope.com\/en\/\",\"name\":\"EENewsEurope\",\"description\":\"Just another WordPress site\",\"publisher\":{\"@id\":\"https:\/\/www.eenewseurope.com\/en\/#organization\"},\"potentialAction\":[{\"@type\":\"SearchAction\",\"target\":{\"@type\":\"EntryPoint\",\"urlTemplate\":\"https:\/\/www.eenewseurope.com\/en\/?s={search_term_string}\"},\"query-input\":\"required name=search_term_string\"}],\"inLanguage\":\"fr-FR\"},{\"@type\":\"Organization\",\"@id\":\"https:\/\/www.eenewseurope.com\/en\/#organization\",\"name\":\"EENewsEurope\",\"url\":\"https:\/\/www.eenewseurope.com\/en\/\",\"logo\":{\"@type\":\"ImageObject\",\"inLanguage\":\"fr-FR\",\"@id\":\"https:\/\/www.eenewseurope.com\/en\/#\/schema\/logo\/image\/\",\"url\":\"https:\/\/www.ecinews.fr\/wp-content\/uploads\/2022\/02\/logo-1.jpg\",\"contentUrl\":\"https:\/\/www.ecinews.fr\/wp-content\/uploads\/2022\/02\/logo-1.jpg\",\"width\":283,\"height\":113,\"caption\":\"EENewsEurope\"},\"image\":{\"@id\":\"https:\/\/www.eenewseurope.com\/en\/#\/schema\/logo\/image\/\"}},{\"@type\":\"Person\",\"@id\":\"https:\/\/www.eenewseurope.com\/en\/#\/schema\/person\/e4387676ad67ce722325c7832f3c3762\",\"name\":\"Alain Dieul\",\"image\":{\"@type\":\"ImageObject\",\"inLanguage\":\"fr-FR\",\"@id\":\"https:\/\/www.eenewseurope.com\/en\/#\/schema\/person\/image\/736120675699dbbf0f0f282b9a9cfb75\",\"url\":\"https:\/\/secure.gravatar.com\/avatar\/bc93b056d07515be5b8eecd4acf49c5c?s=96&d=mm&r=g\",\"contentUrl\":\"https:\/\/secure.gravatar.com\/avatar\/bc93b056d07515be5b8eecd4acf49c5c?s=96&d=mm&r=g\",\"caption\":\"Alain Dieul\"},\"sameAs\":[\"http:\/\/ECINews\"]}]}<\/script>","yoast_head_json":{"title":"Nouvelle cam\u00e9ra d'imagerie thermique portable ...","description":"Teledyne FLIR, filiale de Teledyne Technologies Incorporated, annonce l'ajout d'une cam\u00e9ra E52 \u00e0 sa gamme de dispositifs d'imagerie thermique Exx.","robots":{"index":"index","follow":"follow","max-snippet":"max-snippet:-1","max-image-preview":"max-image-preview:large","max-video-preview":"max-video-preview:-1"},"canonical":"https:\/\/www.ecinews.fr\/fr\/wp-json\/wp\/v2\/posts\/385963\/","og_locale":"fr_FR","og_type":"article","og_title":"Nouvelle cam\u00e9ra d'imagerie thermique portable","og_description":"Teledyne FLIR, filiale de Teledyne Technologies Incorporated, annonce l'ajout d'une cam\u00e9ra E52 \u00e0 sa gamme de dispositifs d'imagerie thermique Exx.","og_url":"https:\/\/www.ecinews.fr\/fr\/wp-json\/wp\/v2\/posts\/385963\/","og_site_name":"EENewsEurope","article_published_time":"2022-06-03T07:15:38+00:00","og_image":[{"width":985,"height":1026,"url":"https:\/\/www.ecinews.fr\/wp-content\/uploads\/2022\/06\/ECI1249_Flir.jpg","type":"image\/jpeg"}],"author":"Alain Dieul","twitter_card":"summary_large_image","twitter_misc":{"Written by":"Alain Dieul","Est. reading time":"2 minutes"},"schema":{"@context":"https:\/\/schema.org","@graph":[{"@type":"Article","@id":"https:\/\/www.ecinews.fr\/fr\/nouvelle-camera-dimagerie-thermique-portable\/#article","isPartOf":{"@id":"https:\/\/www.ecinews.fr\/fr\/nouvelle-camera-dimagerie-thermique-portable\/"},"author":{"name":"Alain Dieul","@id":"https:\/\/www.eenewseurope.com\/en\/#\/schema\/person\/e4387676ad67ce722325c7832f3c3762"},"headline":"Nouvelle cam\u00e9ra d&rsquo;imagerie thermique portable","datePublished":"2022-06-03T07:15:38+00:00","dateModified":"2022-06-03T07:15:38+00:00","mainEntityOfPage":{"@id":"https:\/\/www.ecinews.fr\/fr\/nouvelle-camera-dimagerie-thermique-portable\/"},"wordCount":450,"publisher":{"@id":"https:\/\/www.eenewseurope.com\/en\/#organization"},"keywords":["Cam\u00e9ras"],"articleSection":["Nouveaux produits"],"inLanguage":"fr-FR"},{"@type":"WebPage","@id":"https:\/\/www.ecinews.fr\/fr\/nouvelle-camera-dimagerie-thermique-portable\/","url":"https:\/\/www.ecinews.fr\/fr\/nouvelle-camera-dimagerie-thermique-portable\/","name":"Nouvelle cam\u00e9ra d'imagerie thermique portable -","isPartOf":{"@id":"https:\/\/www.eenewseurope.com\/en\/#website"},"datePublished":"2022-06-03T07:15:38+00:00","dateModified":"2022-06-03T07:15:38+00:00","breadcrumb":{"@id":"https:\/\/www.ecinews.fr\/fr\/nouvelle-camera-dimagerie-thermique-portable\/#breadcrumb"},"inLanguage":"fr-FR","potentialAction":[{"@type":"ReadAction","target":["https:\/\/www.ecinews.fr\/fr\/nouvelle-camera-dimagerie-thermique-portable\/"]}]},{"@type":"BreadcrumbList","@id":"https:\/\/www.ecinews.fr\/fr\/nouvelle-camera-dimagerie-thermique-portable\/#breadcrumb","itemListElement":[{"@type":"ListItem","position":1,"name":"Home","item":"https:\/\/www.ecinews.fr\/fr\/"},{"@type":"ListItem","position":2,"name":"Nouvelle cam\u00e9ra d&rsquo;imagerie thermique portable"}]},{"@type":"WebSite","@id":"https:\/\/www.eenewseurope.com\/en\/#website","url":"https:\/\/www.eenewseurope.com\/en\/","name":"EENewsEurope","description":"Just another WordPress site","publisher":{"@id":"https:\/\/www.eenewseurope.com\/en\/#organization"},"potentialAction":[{"@type":"SearchAction","target":{"@type":"EntryPoint","urlTemplate":"https:\/\/www.eenewseurope.com\/en\/?s={search_term_string}"},"query-input":"required name=search_term_string"}],"inLanguage":"fr-FR"},{"@type":"Organization","@id":"https:\/\/www.eenewseurope.com\/en\/#organization","name":"EENewsEurope","url":"https:\/\/www.eenewseurope.com\/en\/","logo":{"@type":"ImageObject","inLanguage":"fr-FR","@id":"https:\/\/www.eenewseurope.com\/en\/#\/schema\/logo\/image\/","url":"https:\/\/www.ecinews.fr\/wp-content\/uploads\/2022\/02\/logo-1.jpg","contentUrl":"https:\/\/www.ecinews.fr\/wp-content\/uploads\/2022\/02\/logo-1.jpg","width":283,"height":113,"caption":"EENewsEurope"},"image":{"@id":"https:\/\/www.eenewseurope.com\/en\/#\/schema\/logo\/image\/"}},{"@type":"Person","@id":"https:\/\/www.eenewseurope.com\/en\/#\/schema\/person\/e4387676ad67ce722325c7832f3c3762","name":"Alain Dieul","image":{"@type":"ImageObject","inLanguage":"fr-FR","@id":"https:\/\/www.eenewseurope.com\/en\/#\/schema\/person\/image\/736120675699dbbf0f0f282b9a9cfb75","url":"https:\/\/secure.gravatar.com\/avatar\/bc93b056d07515be5b8eecd4acf49c5c?s=96&d=mm&r=g","contentUrl":"https:\/\/secure.gravatar.com\/avatar\/bc93b056d07515be5b8eecd4acf49c5c?s=96&d=mm&r=g","caption":"Alain Dieul"},"sameAs":["http:\/\/ECINews"]}]}},"authors":[{"term_id":1154,"user_id":36,"is_guest":0,"slug":"alain-dieul","display_name":"Alain Dieul","avatar_url":"https:\/\/secure.gravatar.com\/avatar\/bc93b056d07515be5b8eecd4acf49c5c?s=96&d=mm&r=g","0":null,"1":"","2":"","3":"","4":"","5":"","6":"","7":"","8":""}],"_links":{"self":[{"href":"https:\/\/www.ecinews.fr\/fr\/wp-json\/wp\/v2\/posts\/385963"}],"collection":[{"href":"https:\/\/www.ecinews.fr\/fr\/wp-json\/wp\/v2\/posts"}],"about":[{"href":"https:\/\/www.ecinews.fr\/fr\/wp-json\/wp\/v2\/types\/post"}],"author":[{"embeddable":true,"href":"https:\/\/www.ecinews.fr\/fr\/wp-json\/wp\/v2\/users\/36"}],"replies":[{"embeddable":true,"href":"https:\/\/www.ecinews.fr\/fr\/wp-json\/wp\/v2\/comments?post=385963"}],"version-history":[{"count":0,"href":"https:\/\/www.ecinews.fr\/fr\/wp-json\/wp\/v2\/posts\/385963\/revisions"}],"wp:featuredmedia":[{"embeddable":true,"href":"https:\/\/www.ecinews.fr\/fr\/wp-json\/wp\/v2\/media\/385964"}],"wp:attachment":[{"href":"https:\/\/www.ecinews.fr\/fr\/wp-json\/wp\/v2\/media?parent=385963"}],"wp:term":[{"taxonomy":"category","embeddable":true,"href":"https:\/\/www.ecinews.fr\/fr\/wp-json\/wp\/v2\/categories?post=385963"},{"taxonomy":"post_tag","embeddable":true,"href":"https:\/\/www.ecinews.fr\/fr\/wp-json\/wp\/v2\/tags?post=385963"},{"taxonomy":"domains","embeddable":true,"href":"https:\/\/www.ecinews.fr\/fr\/wp-json\/wp\/v2\/domains?post=385963"},{"taxonomy":"author","embeddable":true,"href":"https:\/\/www.ecinews.fr\/fr\/wp-json\/wp\/v2\/ppma_author?post=385963"}],"curies":[{"name":"wp","href":"https:\/\/api.w.org\/{rel}","templated":true}]}}