{"id":385802,"date":"2022-06-01T21:41:46","date_gmt":"2022-06-01T19:41:46","guid":{"rendered":"https:\/\/www.eenewseurope.com\/?p=385802"},"modified":"2022-06-01T21:41:46","modified_gmt":"2022-06-01T19:41:46","slug":"infineon-augmente-ses-investissements","status":"publish","type":"post","link":"https:\/\/www.ecinews.fr\/fr\/infineon-augmente-ses-investissements\/","title":{"rendered":"Infineon va augmenter radicalement ses investissements"},"content":{"rendered":"<p><span class=\"VIiyi\" lang=\"fr\"><span class=\"JLqJ4b\" data-language-for-alternatives=\"fr\" data-language-to-translate-into=\"en\" data-phrase-index=\"0\" data-number-of-phrases=\"1\"><span class=\"Q4iAWc\">Dans une interview accord\u00e9e au journal \u00e9conomique allemand Handelsblatt, le nouveau directeur de la production du fabricant de semiconducteurs, Rutger Wijburg, a d\u00e9clar\u00e9 que Infineon mettrait en service \u00e0 l&rsquo;avenir une nouvelle fab tous les deux \u00e0 trois ans. Auparavant, le rythme d&rsquo;ouverture de nouvelles usines \u00e9tait plut\u00f4t de quatre \u00e0 cinq ans. La situation du march\u00e9 appelle d\u00e9sormais \u00e0 une augmentation du rythme des investissements, et il est \u00e9galement possible qu&rsquo;Infineon poursuive plusieurs grands projets de construction en parall\u00e8le \u00e0 l&rsquo;avenir, a d\u00e9clar\u00e9 Wijburg.<\/span><\/span><\/span><\/p>\n<p style=\"font-weight: 400;\"><span class=\"VIiyi\" lang=\"fr\"><span class=\"JLqJ4b\" data-language-for-alternatives=\"fr\" data-language-to-translate-into=\"en\" data-phrase-index=\"0\" data-number-of-phrases=\"1\"><span class=\"Q4iAWc\">Le contexte de cette d\u00e9cision est, entre autres, l&rsquo;utilisation \u00e9lev\u00e9e des capacit\u00e9s des sous-traitants, qui n&rsquo;acceptent d\u00e9sormais que les commandes avec de longs d\u00e9lais de livraison. Une autre raison se trouve les d\u00e9lais de livraison des machines pour la production de semiconducteurs. Des d\u00e9lais de livraison de douze mois sont d\u00e9sormais normaux, a d\u00e9clar\u00e9 Wijburg au Handelsblatt, \u00ab\u00a0mais 18 mois et plus ne sont pas rares non plus\u00a0\u00bb.<\/span><\/span><\/span><\/p>\n<p style=\"font-weight: 400;\"><span class=\"VIiyi\" lang=\"fr\"><span class=\"JLqJ4b\" data-language-for-alternatives=\"fr\" data-language-to-translate-into=\"en\" data-phrase-index=\"0\" data-number-of-phrases=\"1\"><span class=\"Q4iAWc\">En outre, l&rsquo;environnement du march\u00e9 est favorable, a d\u00e9clar\u00e9 l&rsquo;expert en semiconducteurs. D&rsquo;ici la fin de la d\u00e9cennie, des observateurs du march\u00e9 tels que la soci\u00e9t\u00e9 de conseil McKinsey s&rsquo;attendent \u00e0 une croissance annuelle des ventes de 8 % dans l&rsquo;industrie des semiconducteurs. Le secteur des puces pour voitures devrait cro\u00eetre de mani\u00e8re disproportionn\u00e9e encore plus vite.<\/span><\/span><\/span><\/p>\n<p style=\"font-weight: 400;\"><span class=\"VIiyi\" lang=\"fr\"><span class=\"JLqJ4b\" data-language-for-alternatives=\"fr\" data-language-to-translate-into=\"en\" data-phrase-index=\"0\" data-number-of-phrases=\"1\"><span class=\"Q4iAWc\">Wijburg a r\u00e9cemment succ\u00e9d\u00e9 \u00e0 Jochen Hanebeck au poste de directeur de la production, qui lui m\u00eame a succ\u00e9d\u00e9 \u00e0 Reinhard Ploss au poste de PDG. Avant de rejoindre Infineon en janvier 2018, Wijburg \u00e9tait vice-pr\u00e9sident directeur et directeur g\u00e9n\u00e9ral de Globalfoundries \u00e0 Dresde.<\/span><\/span><\/span><\/p>\n<p style=\"font-weight: 400;\">\u00a0<\/p>\n<p style=\"font-weight: 400;\"><a href=\"http:\/\/www.infineon.com\/\">www.infineon.com<\/a><\/p>\n<p style=\"font-weight: 400;\">Related articles:<\/p>\n<p style=\"font-weight: 400;\"><a href=\"https:\/\/www.eenewseurope.com\/en\/record-growth-in-european-semiconductor-market-but-warnings-of-slowdown\/\">Record growth in European semiconductor market but warnings of slowdown<\/a><\/p>\n<p style=\"font-weight: 400;\"><a href=\"https:\/\/www.eenewseurope.com\/en\/semiconductor-market-heads-for-severe-downturn-says-analyst\/\">Semiconductor market heads for severe downturn says analyst<\/a><\/p>\n<p style=\"font-weight: 400;\"><a href=\"https:\/\/www.eenewsautomotive.com\/en\/electric-vehicles-double-market-share\/\">Electric vehicles double market share<\/a><\/p>\n<p style=\"font-weight: 400;\"><a href=\"https:\/\/www.eenewseurope.com\/en\/semiconductor-market-to-rise-10-8-percent-in-2022\/\">Semiconductor market to rise 10.8 percent in 2022<\/a><\/p>\n<p style=\"font-weight: 400;\"><a href=\"https:\/\/www.eenewseurope.com\/en\/the-fastest-route-out-of-the-chip-shortage\/+\">The fastest route out of the chip shortage<\/a><\/p>\n<p style=\"font-weight: 400;\">\u00a0<\/p>\n","protected":false},"excerpt":{"rendered":"<p>Afin de contrer la p\u00e9nurie de semiconducteurs dans de nombreux secteurs de l&rsquo;industrie, le fabricant de puces Infineon pr\u00e9voit d&rsquo;\u00e9tendre ses capacit\u00e9s de production \u00e0 un rythme acc\u00e9l\u00e9r\u00e9.<\/p>\n","protected":false},"author":34,"featured_media":382092,"comment_status":"closed","ping_status":"closed","sticky":false,"template":"","format":"standard","meta":{"_acf_changed":false,"footnotes":""},"categories":[18,21],"tags":[891,913],"domains":[47],"ppma_author":[1153],"class_list":["post-385802","post","type-post","status-publish","format-standard","has-post-thumbnail","hentry","category-business-news","category-market-news","tag-automotive-fr","tag-materials-processes-fr","domains-electronique-eci"],"acf":[],"yoast_head":"<title>Infineon va augmenter radicalement ses investissements ...<\/title>\n<meta name=\"description\" content=\"Afin de contrer la p\u00e9nurie de semiconducteurs Infineon pr\u00e9voit d&#039;\u00e9tendre ses capacit\u00e9s de production \u00e0 un rythme acc\u00e9l\u00e9r\u00e9 \u00e0 l&#039;avenir.\" \/>\n<meta name=\"robots\" content=\"index, follow, max-snippet:-1, max-image-preview:large, max-video-preview:-1\" \/>\n<link rel=\"canonical\" href=\"https:\/\/www.ecinews.fr\/fr\/wp-json\/wp\/v2\/posts\/385802\/\" \/>\n<meta property=\"og:locale\" content=\"fr_FR\" \/>\n<meta property=\"og:type\" content=\"article\" \/>\n<meta property=\"og:title\" content=\"Infineon va augmenter radicalement ses investissements\" \/>\n<meta property=\"og:description\" content=\"Afin de contrer la p\u00e9nurie de semiconducteurs Infineon pr\u00e9voit d&#039;\u00e9tendre ses capacit\u00e9s de production \u00e0 un rythme acc\u00e9l\u00e9r\u00e9 \u00e0 l&#039;avenir.\" \/>\n<meta property=\"og:url\" content=\"https:\/\/www.ecinews.fr\/fr\/wp-json\/wp\/v2\/posts\/385802\/\" \/>\n<meta property=\"og:site_name\" content=\"EENewsEurope\" \/>\n<meta property=\"article:published_time\" content=\"2022-06-01T19:41:46+00:00\" \/>\n<meta property=\"og:image\" content=\"https:\/\/www.eenewseurope.com\/wp-content\/uploads\/2022\/04\/ECI1170_Winbond-actu-scaled.jpg\" \/>\n\t<meta property=\"og:image:width\" content=\"1080\" \/>\n\t<meta property=\"og:image:height\" content=\"771\" \/>\n\t<meta property=\"og:image:type\" content=\"image\/jpeg\" \/>\n<meta name=\"author\" content=\"A Delapalisse\" \/>\n<meta name=\"twitter:card\" content=\"summary_large_image\" \/>\n<meta name=\"twitter:label1\" content=\"Written by\" \/>\n\t<meta name=\"twitter:data1\" content=\"A Delapalisse\" \/>\n\t<meta name=\"twitter:label2\" content=\"Est. reading time\" \/>\n\t<meta name=\"twitter:data2\" content=\"2 minutes\" \/>\n<script type=\"application\/ld+json\" class=\"yoast-schema-graph\">{\"@context\":\"https:\/\/schema.org\",\"@graph\":[{\"@type\":\"Article\",\"@id\":\"https:\/\/www.eenewseurope.com\/fr\/infineon-augmente-ses-investissements\/#article\",\"isPartOf\":{\"@id\":\"https:\/\/www.eenewseurope.com\/fr\/infineon-augmente-ses-investissements\/\"},\"author\":{\"name\":\"A Delapalisse\",\"@id\":\"https:\/\/www.eenewseurope.com\/en\/#\/schema\/person\/0aa2cfb0bd8949724a68cbac8d8321b4\"},\"headline\":\"Infineon va augmenter radicalement ses investissements\",\"datePublished\":\"2022-06-01T19:41:46+00:00\",\"dateModified\":\"2022-06-01T19:41:46+00:00\",\"mainEntityOfPage\":{\"@id\":\"https:\/\/www.eenewseurope.com\/fr\/infineon-augmente-ses-investissements\/\"},\"wordCount\":328,\"publisher\":{\"@id\":\"https:\/\/www.eenewseurope.com\/en\/#organization\"},\"keywords\":[\"Automotive\",\"Materials &amp; processes\"],\"articleSection\":[\"Business news\",\"Market news\"],\"inLanguage\":\"fr-FR\"},{\"@type\":\"WebPage\",\"@id\":\"https:\/\/www.eenewseurope.com\/fr\/infineon-augmente-ses-investissements\/\",\"url\":\"https:\/\/www.eenewseurope.com\/fr\/infineon-augmente-ses-investissements\/\",\"name\":\"Infineon va augmenter radicalement ses investissements -\",\"isPartOf\":{\"@id\":\"https:\/\/www.eenewseurope.com\/en\/#website\"},\"datePublished\":\"2022-06-01T19:41:46+00:00\",\"dateModified\":\"2022-06-01T19:41:46+00:00\",\"description\":\"Afin de contrer la p\u00e9nurie de semiconducteurs Infineon pr\u00e9voit d'\u00e9tendre ses capacit\u00e9s de production \u00e0 un rythme acc\u00e9l\u00e9r\u00e9 \u00e0 l'avenir.\",\"breadcrumb\":{\"@id\":\"https:\/\/www.eenewseurope.com\/fr\/infineon-augmente-ses-investissements\/#breadcrumb\"},\"inLanguage\":\"fr-FR\",\"potentialAction\":[{\"@type\":\"ReadAction\",\"target\":[\"https:\/\/www.eenewseurope.com\/fr\/infineon-augmente-ses-investissements\/\"]}]},{\"@type\":\"BreadcrumbList\",\"@id\":\"https:\/\/www.eenewseurope.com\/fr\/infineon-augmente-ses-investissements\/#breadcrumb\",\"itemListElement\":[{\"@type\":\"ListItem\",\"position\":1,\"name\":\"Home\",\"item\":\"https:\/\/www.ecinews.fr\/fr\/\"},{\"@type\":\"ListItem\",\"position\":2,\"name\":\"Infineon va augmenter radicalement ses investissements\"}]},{\"@type\":\"WebSite\",\"@id\":\"https:\/\/www.eenewseurope.com\/en\/#website\",\"url\":\"https:\/\/www.eenewseurope.com\/en\/\",\"name\":\"EENewsEurope\",\"description\":\"Just another WordPress site\",\"publisher\":{\"@id\":\"https:\/\/www.eenewseurope.com\/en\/#organization\"},\"potentialAction\":[{\"@type\":\"SearchAction\",\"target\":{\"@type\":\"EntryPoint\",\"urlTemplate\":\"https:\/\/www.eenewseurope.com\/en\/?s={search_term_string}\"},\"query-input\":\"required name=search_term_string\"}],\"inLanguage\":\"fr-FR\"},{\"@type\":\"Organization\",\"@id\":\"https:\/\/www.eenewseurope.com\/en\/#organization\",\"name\":\"EENewsEurope\",\"url\":\"https:\/\/www.eenewseurope.com\/en\/\",\"logo\":{\"@type\":\"ImageObject\",\"inLanguage\":\"fr-FR\",\"@id\":\"https:\/\/www.eenewseurope.com\/en\/#\/schema\/logo\/image\/\",\"url\":\"https:\/\/www.ecinews.fr\/wp-content\/uploads\/2022\/02\/logo-1.jpg\",\"contentUrl\":\"https:\/\/www.ecinews.fr\/wp-content\/uploads\/2022\/02\/logo-1.jpg\",\"width\":283,\"height\":113,\"caption\":\"EENewsEurope\"},\"image\":{\"@id\":\"https:\/\/www.eenewseurope.com\/en\/#\/schema\/logo\/image\/\"}},{\"@type\":\"Person\",\"@id\":\"https:\/\/www.eenewseurope.com\/en\/#\/schema\/person\/0aa2cfb0bd8949724a68cbac8d8321b4\",\"name\":\"A Delapalisse\",\"image\":{\"@type\":\"ImageObject\",\"inLanguage\":\"fr-FR\",\"@id\":\"https:\/\/www.eenewseurope.com\/en\/#\/schema\/person\/image\/211ac42237c2e9683c0964086c393cb4\",\"url\":\"https:\/\/secure.gravatar.com\/avatar\/ad45a8c5da24bc9c7c4940dd1c48a695?s=96&d=mm&r=g\",\"contentUrl\":\"https:\/\/secure.gravatar.com\/avatar\/ad45a8c5da24bc9c7c4940dd1c48a695?s=96&d=mm&r=g\",\"caption\":\"A Delapalisse\"},\"sameAs\":[\"http:\/\/ECI\"]}]}<\/script>","yoast_head_json":{"title":"Infineon va augmenter radicalement ses investissements ...","description":"Afin de contrer la p\u00e9nurie de semiconducteurs Infineon pr\u00e9voit d'\u00e9tendre ses capacit\u00e9s de production \u00e0 un rythme acc\u00e9l\u00e9r\u00e9 \u00e0 l'avenir.","robots":{"index":"index","follow":"follow","max-snippet":"max-snippet:-1","max-image-preview":"max-image-preview:large","max-video-preview":"max-video-preview:-1"},"canonical":"https:\/\/www.ecinews.fr\/fr\/wp-json\/wp\/v2\/posts\/385802\/","og_locale":"fr_FR","og_type":"article","og_title":"Infineon va augmenter radicalement ses investissements","og_description":"Afin de contrer la p\u00e9nurie de semiconducteurs Infineon pr\u00e9voit d'\u00e9tendre ses capacit\u00e9s de production \u00e0 un rythme acc\u00e9l\u00e9r\u00e9 \u00e0 l'avenir.","og_url":"https:\/\/www.ecinews.fr\/fr\/wp-json\/wp\/v2\/posts\/385802\/","og_site_name":"EENewsEurope","article_published_time":"2022-06-01T19:41:46+00:00","og_image":[{"width":1080,"height":771,"url":"https:\/\/www.eenewseurope.com\/wp-content\/uploads\/2022\/04\/ECI1170_Winbond-actu-scaled.jpg","type":"image\/jpeg"}],"author":"A Delapalisse","twitter_card":"summary_large_image","twitter_misc":{"Written by":"A Delapalisse","Est. reading time":"2 minutes"},"schema":{"@context":"https:\/\/schema.org","@graph":[{"@type":"Article","@id":"https:\/\/www.eenewseurope.com\/fr\/infineon-augmente-ses-investissements\/#article","isPartOf":{"@id":"https:\/\/www.eenewseurope.com\/fr\/infineon-augmente-ses-investissements\/"},"author":{"name":"A Delapalisse","@id":"https:\/\/www.eenewseurope.com\/en\/#\/schema\/person\/0aa2cfb0bd8949724a68cbac8d8321b4"},"headline":"Infineon va augmenter radicalement ses investissements","datePublished":"2022-06-01T19:41:46+00:00","dateModified":"2022-06-01T19:41:46+00:00","mainEntityOfPage":{"@id":"https:\/\/www.eenewseurope.com\/fr\/infineon-augmente-ses-investissements\/"},"wordCount":328,"publisher":{"@id":"https:\/\/www.eenewseurope.com\/en\/#organization"},"keywords":["Automotive","Materials &amp; processes"],"articleSection":["Business news","Market news"],"inLanguage":"fr-FR"},{"@type":"WebPage","@id":"https:\/\/www.eenewseurope.com\/fr\/infineon-augmente-ses-investissements\/","url":"https:\/\/www.eenewseurope.com\/fr\/infineon-augmente-ses-investissements\/","name":"Infineon va augmenter radicalement ses investissements -","isPartOf":{"@id":"https:\/\/www.eenewseurope.com\/en\/#website"},"datePublished":"2022-06-01T19:41:46+00:00","dateModified":"2022-06-01T19:41:46+00:00","description":"Afin de contrer la p\u00e9nurie de semiconducteurs Infineon pr\u00e9voit d'\u00e9tendre ses capacit\u00e9s de production \u00e0 un rythme acc\u00e9l\u00e9r\u00e9 \u00e0 l'avenir.","breadcrumb":{"@id":"https:\/\/www.eenewseurope.com\/fr\/infineon-augmente-ses-investissements\/#breadcrumb"},"inLanguage":"fr-FR","potentialAction":[{"@type":"ReadAction","target":["https:\/\/www.eenewseurope.com\/fr\/infineon-augmente-ses-investissements\/"]}]},{"@type":"BreadcrumbList","@id":"https:\/\/www.eenewseurope.com\/fr\/infineon-augmente-ses-investissements\/#breadcrumb","itemListElement":[{"@type":"ListItem","position":1,"name":"Home","item":"https:\/\/www.ecinews.fr\/fr\/"},{"@type":"ListItem","position":2,"name":"Infineon va augmenter radicalement ses investissements"}]},{"@type":"WebSite","@id":"https:\/\/www.eenewseurope.com\/en\/#website","url":"https:\/\/www.eenewseurope.com\/en\/","name":"EENewsEurope","description":"Just another WordPress site","publisher":{"@id":"https:\/\/www.eenewseurope.com\/en\/#organization"},"potentialAction":[{"@type":"SearchAction","target":{"@type":"EntryPoint","urlTemplate":"https:\/\/www.eenewseurope.com\/en\/?s={search_term_string}"},"query-input":"required name=search_term_string"}],"inLanguage":"fr-FR"},{"@type":"Organization","@id":"https:\/\/www.eenewseurope.com\/en\/#organization","name":"EENewsEurope","url":"https:\/\/www.eenewseurope.com\/en\/","logo":{"@type":"ImageObject","inLanguage":"fr-FR","@id":"https:\/\/www.eenewseurope.com\/en\/#\/schema\/logo\/image\/","url":"https:\/\/www.ecinews.fr\/wp-content\/uploads\/2022\/02\/logo-1.jpg","contentUrl":"https:\/\/www.ecinews.fr\/wp-content\/uploads\/2022\/02\/logo-1.jpg","width":283,"height":113,"caption":"EENewsEurope"},"image":{"@id":"https:\/\/www.eenewseurope.com\/en\/#\/schema\/logo\/image\/"}},{"@type":"Person","@id":"https:\/\/www.eenewseurope.com\/en\/#\/schema\/person\/0aa2cfb0bd8949724a68cbac8d8321b4","name":"A Delapalisse","image":{"@type":"ImageObject","inLanguage":"fr-FR","@id":"https:\/\/www.eenewseurope.com\/en\/#\/schema\/person\/image\/211ac42237c2e9683c0964086c393cb4","url":"https:\/\/secure.gravatar.com\/avatar\/ad45a8c5da24bc9c7c4940dd1c48a695?s=96&d=mm&r=g","contentUrl":"https:\/\/secure.gravatar.com\/avatar\/ad45a8c5da24bc9c7c4940dd1c48a695?s=96&d=mm&r=g","caption":"A Delapalisse"},"sameAs":["http:\/\/ECI"]}]}},"authors":[{"term_id":1153,"user_id":34,"is_guest":0,"slug":"adelapalisse","display_name":"A Delapalisse","avatar_url":"https:\/\/secure.gravatar.com\/avatar\/ad45a8c5da24bc9c7c4940dd1c48a695?s=96&d=mm&r=g","0":null,"1":"","2":"","3":"","4":"","5":"","6":"","7":"","8":""}],"_links":{"self":[{"href":"https:\/\/www.ecinews.fr\/fr\/wp-json\/wp\/v2\/posts\/385802"}],"collection":[{"href":"https:\/\/www.ecinews.fr\/fr\/wp-json\/wp\/v2\/posts"}],"about":[{"href":"https:\/\/www.ecinews.fr\/fr\/wp-json\/wp\/v2\/types\/post"}],"author":[{"embeddable":true,"href":"https:\/\/www.ecinews.fr\/fr\/wp-json\/wp\/v2\/users\/34"}],"replies":[{"embeddable":true,"href":"https:\/\/www.ecinews.fr\/fr\/wp-json\/wp\/v2\/comments?post=385802"}],"version-history":[{"count":0,"href":"https:\/\/www.ecinews.fr\/fr\/wp-json\/wp\/v2\/posts\/385802\/revisions"}],"wp:featuredmedia":[{"embeddable":true,"href":"https:\/\/www.ecinews.fr\/fr\/wp-json\/wp\/v2\/media\/382092"}],"wp:attachment":[{"href":"https:\/\/www.ecinews.fr\/fr\/wp-json\/wp\/v2\/media?parent=385802"}],"wp:term":[{"taxonomy":"category","embeddable":true,"href":"https:\/\/www.ecinews.fr\/fr\/wp-json\/wp\/v2\/categories?post=385802"},{"taxonomy":"post_tag","embeddable":true,"href":"https:\/\/www.ecinews.fr\/fr\/wp-json\/wp\/v2\/tags?post=385802"},{"taxonomy":"domains","embeddable":true,"href":"https:\/\/www.ecinews.fr\/fr\/wp-json\/wp\/v2\/domains?post=385802"},{"taxonomy":"author","embeddable":true,"href":"https:\/\/www.ecinews.fr\/fr\/wp-json\/wp\/v2\/ppma_author?post=385802"}],"curies":[{"name":"wp","href":"https:\/\/api.w.org\/{rel}","templated":true}]}}