{"id":385236,"date":"2022-05-30T10:32:39","date_gmt":"2022-05-30T08:32:39","guid":{"rendered":"https:\/\/www.eenewseurope.com\/?p=385236"},"modified":"2022-05-30T10:32:39","modified_gmt":"2022-05-30T08:32:39","slug":"phoenix-contact-fait-de-juin-son-mois-de-le-mobilite","status":"publish","type":"post","link":"https:\/\/www.ecinews.fr\/fr\/phoenix-contact-fait-de-juin-son-mois-de-le-mobilite\/","title":{"rendered":"Phoenix Contact fait de juin son mois de l\u2019E-mobilit\u00e9"},"content":{"rendered":"<p><strong>Les \u00e9v\u00e9nements\u00a0:<\/strong><\/p>\n<p>Un rallye en v\u00e9hicule \u00e9lectrique, un salon d\u00e9di\u00e9 au d\u00e9veloppement de la mobilit\u00e9 \u00e9lectrique, et en point d\u2019orgue, des s\u00e9minaires web consacr\u00e9s \u00e0 la pr\u00e9sentation des derni\u00e8res innovations de la soci\u00e9t\u00e9 Phoenix dans ce domaine.<\/p>\n<p>A destination des fabricants de bornes de recharge, installateurs, responsables de maintenance\u2026 la s\u00e9rie de 3 S\u00e9minaires web sera consacr\u00e9e aux composants du march\u00e9 de la mobilit\u00e9 \u00e9lectrique, avec la pr\u00e9sentation de la gamme CHARX<\/p>\n<p>L&rsquo;offre compl\u00e8te CHARX, \u00e9quipe les bornes de charge pour v\u00e9hicules \u00e9lectriques, depuis les connecteurs jusqu\u2019au logiciel de supervision en passant par les contr\u00f4leurs de charge. L\u2019ensemble coh\u00e9rent garantit des infrastructures de recharges performantes.<\/p>\n<p><strong>Les s\u00e9minaires web\u00a0:<\/strong><\/p>\n<p><strong>16 juin 2022<\/strong> \u00a0De plus en plus puissant. CHARX connect<\/p>\n<p>D\u00e9couverte de l\u2019ensemble de l\u2019offre de connecteurs CA et CC (c\u00e2bles, prises de charge c\u00f4t\u00e9 infrastructure et c\u00f4t\u00e9 v\u00e9hicule \u00e9lectrique)<\/p>\n<p><strong>21 juin 2022 <\/strong>: CHARX manage,<\/p>\n<p>Mise en r\u00e9seau et commande d\u2019un parc de charge. 1\/2 Mettre les bornes de recharge en r\u00e9seau avec des produits de communication, des protocoles standard ouverts et des interfaces \u00e9tablies, tels que p. ex. Modbus\/TCP, REST, MQTT ou OCPP (Open Charge Point Protocol). R\u00e9alisez une commande pratique et une surveillance transparente d\u2019un parc de recharge, y compris la gestion dynamique de la charge ainsi qu&rsquo;une connexion sans faille aux syst\u00e8mes de gestion des b\u00e2timents. Comprendre comment les donn\u00e9es relatives \u00e0 l&rsquo;\u00e9tat et \u00e0 l&rsquo;utilisation de la prise de charge permettent aussi de planifier les maintenances pr\u00e9ventives en fonction de l&rsquo;usure. Assurez un fonctionnement rentable et s\u00e9curis\u00e9 24 heures sur 24, 7 jours sur 7 de l\u2019infrastructure de charge.<\/p>\n<p><strong>28 juin 2022<\/strong>\u00a0: Charger sans risque. CHARX protect,.<\/p>\n<p>Prot\u00e9gez l\u2019installation de charge et le v\u00e9hicule \u00e9lectriques contre les dommages dus aux surtensions pouvant \u00eatre provoqu\u00e9es par la foudre ou les op\u00e9rations de commutation dans le r\u00e9seau. Phoenix Contact propose un concept de protection complet avec diff\u00e9rents types de parafoudres, afin que l\u2019infrastructure de charge soit toujours disponible \u2013 \u00e0 tout moment et par tous les temps.<\/p>\n<p><a href=\"https:\/\/www.phoenixcontact.com\/fr-fr\/\">Phoenix Contact<\/a><\/p>\n<p>Inscription gratuite en ligne aux <a href=\"https:\/\/www.phoenixcontact.com\/fr-fr\/char-x-technologie-de-charge-pour-l-electromobilite\">s\u00e9minaires web<\/a> \u00a0<\/p>\n<p>&nbsp;<\/p>\n","protected":false},"excerpt":{"rendered":"<p>Acteur majeur de la mobilit\u00e9 \u00e9lectrique, juste avant l\u2019\u00e9t\u00e9, Phoenix Contact fait du mois de juin le mois de l\u2019E-mobilit\u00e9, au travers d\u2019une s\u00e9rie d\u2019\u00e9v\u00e9nements\u00a0:<\/p>\n","protected":false},"author":11,"featured_media":385238,"comment_status":"closed","ping_status":"closed","sticky":true,"template":"","format":"standard","meta":{"_acf_changed":false,"footnotes":""},"categories":[886],"tags":[],"domains":[47],"ppma_author":[1143],"class_list":["post-385236","post","type-post","status-publish","format-standard","has-post-thumbnail","hentry","category-news-fr","domains-electronique-eci"],"acf":[],"yoast_head":"<title>Phoenix Contact fait de juin son mois de l\u2019E-mobilit\u00e9 ...<\/title>\n<meta name=\"description\" content=\"Acteur majeur de la mobilit\u00e9 \u00e9lectrique, juste avant l\u2019\u00e9t\u00e9, Phoenix Contact fait du mois de juin le mois de l\u2019E-mobilit\u00e9, au travers d\u2019une s\u00e9rie...\" \/>\n<meta name=\"robots\" content=\"index, follow, max-snippet:-1, max-image-preview:large, max-video-preview:-1\" \/>\n<link rel=\"canonical\" href=\"https:\/\/www.ecinews.fr\/fr\/wp-json\/wp\/v2\/posts\/385236\/\" \/>\n<meta property=\"og:locale\" content=\"fr_FR\" \/>\n<meta property=\"og:type\" content=\"article\" \/>\n<meta property=\"og:title\" content=\"Phoenix Contact fait de juin son mois de l\u2019E-mobilit\u00e9\" \/>\n<meta property=\"og:description\" content=\"Acteur majeur de la mobilit\u00e9 \u00e9lectrique, juste avant l\u2019\u00e9t\u00e9, Phoenix Contact fait du mois de juin le mois de l\u2019E-mobilit\u00e9, au travers d\u2019une s\u00e9rie d\u2019\u00e9v\u00e9nements\u00a0:\" \/>\n<meta property=\"og:url\" content=\"https:\/\/www.ecinews.fr\/fr\/wp-json\/wp\/v2\/posts\/385236\/\" \/>\n<meta property=\"og:site_name\" content=\"EENewsEurope\" \/>\n<meta property=\"article:published_time\" content=\"2022-05-30T08:32:39+00:00\" \/>\n<meta property=\"og:image\" content=\"https:\/\/www.ecinews.fr\/wp-content\/uploads\/2022\/05\/Phoenix-Charx.jpg\" \/>\n\t<meta property=\"og:image:width\" content=\"500\" \/>\n\t<meta property=\"og:image:height\" content=\"458\" \/>\n\t<meta property=\"og:image:type\" content=\"image\/jpeg\" \/>\n<meta name=\"author\" content=\"Daniel Cardon\" \/>\n<meta name=\"twitter:card\" content=\"summary_large_image\" \/>\n<meta name=\"twitter:label1\" content=\"Written by\" \/>\n\t<meta name=\"twitter:data1\" content=\"Daniel Cardon\" \/>\n\t<meta name=\"twitter:label2\" content=\"Est. reading time\" \/>\n\t<meta name=\"twitter:data2\" content=\"2 minutes\" \/>\n<script type=\"application\/ld+json\" class=\"yoast-schema-graph\">{\"@context\":\"https:\/\/schema.org\",\"@graph\":[{\"@type\":\"Article\",\"@id\":\"https:\/\/www.ecinews.fr\/fr\/phoenix-contact-fait-de-juin-son-mois-de-le-mobilite\/#article\",\"isPartOf\":{\"@id\":\"https:\/\/www.ecinews.fr\/fr\/phoenix-contact-fait-de-juin-son-mois-de-le-mobilite\/\"},\"author\":{\"name\":\"Daniel Cardon\",\"@id\":\"https:\/\/www.eenewseurope.com\/en\/#\/schema\/person\/93c44cde463762f40a8236eaa44c1c17\"},\"headline\":\"Phoenix Contact fait de juin son mois de l\u2019E-mobilit\u00e9\",\"datePublished\":\"2022-05-30T08:32:39+00:00\",\"dateModified\":\"2022-05-30T08:32:39+00:00\",\"mainEntityOfPage\":{\"@id\":\"https:\/\/www.ecinews.fr\/fr\/phoenix-contact-fait-de-juin-son-mois-de-le-mobilite\/\"},\"wordCount\":384,\"publisher\":{\"@id\":\"https:\/\/www.eenewseurope.com\/en\/#organization\"},\"articleSection\":[\"Actualit\u00e9 g\u00e9n\u00e9rale\"],\"inLanguage\":\"fr-FR\"},{\"@type\":\"WebPage\",\"@id\":\"https:\/\/www.ecinews.fr\/fr\/phoenix-contact-fait-de-juin-son-mois-de-le-mobilite\/\",\"url\":\"https:\/\/www.ecinews.fr\/fr\/phoenix-contact-fait-de-juin-son-mois-de-le-mobilite\/\",\"name\":\"Phoenix Contact fait de juin son mois de l\u2019E-mobilit\u00e9 -\",\"isPartOf\":{\"@id\":\"https:\/\/www.eenewseurope.com\/en\/#website\"},\"datePublished\":\"2022-05-30T08:32:39+00:00\",\"dateModified\":\"2022-05-30T08:32:39+00:00\",\"breadcrumb\":{\"@id\":\"https:\/\/www.ecinews.fr\/fr\/phoenix-contact-fait-de-juin-son-mois-de-le-mobilite\/#breadcrumb\"},\"inLanguage\":\"fr-FR\",\"potentialAction\":[{\"@type\":\"ReadAction\",\"target\":[\"https:\/\/www.ecinews.fr\/fr\/phoenix-contact-fait-de-juin-son-mois-de-le-mobilite\/\"]}]},{\"@type\":\"BreadcrumbList\",\"@id\":\"https:\/\/www.ecinews.fr\/fr\/phoenix-contact-fait-de-juin-son-mois-de-le-mobilite\/#breadcrumb\",\"itemListElement\":[{\"@type\":\"ListItem\",\"position\":1,\"name\":\"Home\",\"item\":\"https:\/\/www.ecinews.fr\/fr\/\"},{\"@type\":\"ListItem\",\"position\":2,\"name\":\"Phoenix Contact fait de juin son mois de l\u2019E-mobilit\u00e9\"}]},{\"@type\":\"WebSite\",\"@id\":\"https:\/\/www.eenewseurope.com\/en\/#website\",\"url\":\"https:\/\/www.eenewseurope.com\/en\/\",\"name\":\"EENewsEurope\",\"description\":\"Just another WordPress site\",\"publisher\":{\"@id\":\"https:\/\/www.eenewseurope.com\/en\/#organization\"},\"potentialAction\":[{\"@type\":\"SearchAction\",\"target\":{\"@type\":\"EntryPoint\",\"urlTemplate\":\"https:\/\/www.eenewseurope.com\/en\/?s={search_term_string}\"},\"query-input\":\"required name=search_term_string\"}],\"inLanguage\":\"fr-FR\"},{\"@type\":\"Organization\",\"@id\":\"https:\/\/www.eenewseurope.com\/en\/#organization\",\"name\":\"EENewsEurope\",\"url\":\"https:\/\/www.eenewseurope.com\/en\/\",\"logo\":{\"@type\":\"ImageObject\",\"inLanguage\":\"fr-FR\",\"@id\":\"https:\/\/www.eenewseurope.com\/en\/#\/schema\/logo\/image\/\",\"url\":\"https:\/\/www.ecinews.fr\/wp-content\/uploads\/2022\/02\/logo-1.jpg\",\"contentUrl\":\"https:\/\/www.ecinews.fr\/wp-content\/uploads\/2022\/02\/logo-1.jpg\",\"width\":283,\"height\":113,\"caption\":\"EENewsEurope\"},\"image\":{\"@id\":\"https:\/\/www.eenewseurope.com\/en\/#\/schema\/logo\/image\/\"}},{\"@type\":\"Person\",\"@id\":\"https:\/\/www.eenewseurope.com\/en\/#\/schema\/person\/93c44cde463762f40a8236eaa44c1c17\",\"name\":\"Daniel Cardon\",\"image\":{\"@type\":\"ImageObject\",\"inLanguage\":\"fr-FR\",\"@id\":\"https:\/\/www.eenewseurope.com\/en\/#\/schema\/person\/image\/2b243f6bcc1cff7d86aadfb2cd0bd870\",\"url\":\"https:\/\/secure.gravatar.com\/avatar\/de9edc136dfc061ad4778e04635baefa?s=96&d=mm&r=g\",\"contentUrl\":\"https:\/\/secure.gravatar.com\/avatar\/de9edc136dfc061ad4778e04635baefa?s=96&d=mm&r=g\",\"caption\":\"Daniel Cardon\"}}]}<\/script>","yoast_head_json":{"title":"Phoenix Contact fait de juin son mois de l\u2019E-mobilit\u00e9 ...","description":"Acteur majeur de la mobilit\u00e9 \u00e9lectrique, juste avant l\u2019\u00e9t\u00e9, Phoenix Contact fait du mois de juin le mois de l\u2019E-mobilit\u00e9, au travers d\u2019une s\u00e9rie...","robots":{"index":"index","follow":"follow","max-snippet":"max-snippet:-1","max-image-preview":"max-image-preview:large","max-video-preview":"max-video-preview:-1"},"canonical":"https:\/\/www.ecinews.fr\/fr\/wp-json\/wp\/v2\/posts\/385236\/","og_locale":"fr_FR","og_type":"article","og_title":"Phoenix Contact fait de juin son mois de l\u2019E-mobilit\u00e9","og_description":"Acteur majeur de la mobilit\u00e9 \u00e9lectrique, juste avant l\u2019\u00e9t\u00e9, Phoenix Contact fait du mois de juin le mois de l\u2019E-mobilit\u00e9, au travers d\u2019une s\u00e9rie d\u2019\u00e9v\u00e9nements\u00a0:","og_url":"https:\/\/www.ecinews.fr\/fr\/wp-json\/wp\/v2\/posts\/385236\/","og_site_name":"EENewsEurope","article_published_time":"2022-05-30T08:32:39+00:00","og_image":[{"width":500,"height":458,"url":"https:\/\/www.ecinews.fr\/wp-content\/uploads\/2022\/05\/Phoenix-Charx.jpg","type":"image\/jpeg"}],"author":"Daniel Cardon","twitter_card":"summary_large_image","twitter_misc":{"Written by":"Daniel Cardon","Est. reading time":"2 minutes"},"schema":{"@context":"https:\/\/schema.org","@graph":[{"@type":"Article","@id":"https:\/\/www.ecinews.fr\/fr\/phoenix-contact-fait-de-juin-son-mois-de-le-mobilite\/#article","isPartOf":{"@id":"https:\/\/www.ecinews.fr\/fr\/phoenix-contact-fait-de-juin-son-mois-de-le-mobilite\/"},"author":{"name":"Daniel Cardon","@id":"https:\/\/www.eenewseurope.com\/en\/#\/schema\/person\/93c44cde463762f40a8236eaa44c1c17"},"headline":"Phoenix Contact fait de juin son mois de l\u2019E-mobilit\u00e9","datePublished":"2022-05-30T08:32:39+00:00","dateModified":"2022-05-30T08:32:39+00:00","mainEntityOfPage":{"@id":"https:\/\/www.ecinews.fr\/fr\/phoenix-contact-fait-de-juin-son-mois-de-le-mobilite\/"},"wordCount":384,"publisher":{"@id":"https:\/\/www.eenewseurope.com\/en\/#organization"},"articleSection":["Actualit\u00e9 g\u00e9n\u00e9rale"],"inLanguage":"fr-FR"},{"@type":"WebPage","@id":"https:\/\/www.ecinews.fr\/fr\/phoenix-contact-fait-de-juin-son-mois-de-le-mobilite\/","url":"https:\/\/www.ecinews.fr\/fr\/phoenix-contact-fait-de-juin-son-mois-de-le-mobilite\/","name":"Phoenix Contact fait de juin son mois de l\u2019E-mobilit\u00e9 -","isPartOf":{"@id":"https:\/\/www.eenewseurope.com\/en\/#website"},"datePublished":"2022-05-30T08:32:39+00:00","dateModified":"2022-05-30T08:32:39+00:00","breadcrumb":{"@id":"https:\/\/www.ecinews.fr\/fr\/phoenix-contact-fait-de-juin-son-mois-de-le-mobilite\/#breadcrumb"},"inLanguage":"fr-FR","potentialAction":[{"@type":"ReadAction","target":["https:\/\/www.ecinews.fr\/fr\/phoenix-contact-fait-de-juin-son-mois-de-le-mobilite\/"]}]},{"@type":"BreadcrumbList","@id":"https:\/\/www.ecinews.fr\/fr\/phoenix-contact-fait-de-juin-son-mois-de-le-mobilite\/#breadcrumb","itemListElement":[{"@type":"ListItem","position":1,"name":"Home","item":"https:\/\/www.ecinews.fr\/fr\/"},{"@type":"ListItem","position":2,"name":"Phoenix Contact fait de juin son mois de l\u2019E-mobilit\u00e9"}]},{"@type":"WebSite","@id":"https:\/\/www.eenewseurope.com\/en\/#website","url":"https:\/\/www.eenewseurope.com\/en\/","name":"EENewsEurope","description":"Just another WordPress site","publisher":{"@id":"https:\/\/www.eenewseurope.com\/en\/#organization"},"potentialAction":[{"@type":"SearchAction","target":{"@type":"EntryPoint","urlTemplate":"https:\/\/www.eenewseurope.com\/en\/?s={search_term_string}"},"query-input":"required name=search_term_string"}],"inLanguage":"fr-FR"},{"@type":"Organization","@id":"https:\/\/www.eenewseurope.com\/en\/#organization","name":"EENewsEurope","url":"https:\/\/www.eenewseurope.com\/en\/","logo":{"@type":"ImageObject","inLanguage":"fr-FR","@id":"https:\/\/www.eenewseurope.com\/en\/#\/schema\/logo\/image\/","url":"https:\/\/www.ecinews.fr\/wp-content\/uploads\/2022\/02\/logo-1.jpg","contentUrl":"https:\/\/www.ecinews.fr\/wp-content\/uploads\/2022\/02\/logo-1.jpg","width":283,"height":113,"caption":"EENewsEurope"},"image":{"@id":"https:\/\/www.eenewseurope.com\/en\/#\/schema\/logo\/image\/"}},{"@type":"Person","@id":"https:\/\/www.eenewseurope.com\/en\/#\/schema\/person\/93c44cde463762f40a8236eaa44c1c17","name":"Daniel Cardon","image":{"@type":"ImageObject","inLanguage":"fr-FR","@id":"https:\/\/www.eenewseurope.com\/en\/#\/schema\/person\/image\/2b243f6bcc1cff7d86aadfb2cd0bd870","url":"https:\/\/secure.gravatar.com\/avatar\/de9edc136dfc061ad4778e04635baefa?s=96&d=mm&r=g","contentUrl":"https:\/\/secure.gravatar.com\/avatar\/de9edc136dfc061ad4778e04635baefa?s=96&d=mm&r=g","caption":"Daniel Cardon"}}]}},"authors":[{"term_id":1143,"user_id":11,"is_guest":0,"slug":"danielcardon","display_name":"Daniel Cardon","avatar_url":"https:\/\/secure.gravatar.com\/avatar\/de9edc136dfc061ad4778e04635baefa?s=96&d=mm&r=g","0":null,"1":"","2":"","3":"","4":"","5":"","6":"","7":"","8":""}],"_links":{"self":[{"href":"https:\/\/www.ecinews.fr\/fr\/wp-json\/wp\/v2\/posts\/385236"}],"collection":[{"href":"https:\/\/www.ecinews.fr\/fr\/wp-json\/wp\/v2\/posts"}],"about":[{"href":"https:\/\/www.ecinews.fr\/fr\/wp-json\/wp\/v2\/types\/post"}],"author":[{"embeddable":true,"href":"https:\/\/www.ecinews.fr\/fr\/wp-json\/wp\/v2\/users\/11"}],"replies":[{"embeddable":true,"href":"https:\/\/www.ecinews.fr\/fr\/wp-json\/wp\/v2\/comments?post=385236"}],"version-history":[{"count":0,"href":"https:\/\/www.ecinews.fr\/fr\/wp-json\/wp\/v2\/posts\/385236\/revisions"}],"wp:featuredmedia":[{"embeddable":true,"href":"https:\/\/www.ecinews.fr\/fr\/wp-json\/wp\/v2\/media\/385238"}],"wp:attachment":[{"href":"https:\/\/www.ecinews.fr\/fr\/wp-json\/wp\/v2\/media?parent=385236"}],"wp:term":[{"taxonomy":"category","embeddable":true,"href":"https:\/\/www.ecinews.fr\/fr\/wp-json\/wp\/v2\/categories?post=385236"},{"taxonomy":"post_tag","embeddable":true,"href":"https:\/\/www.ecinews.fr\/fr\/wp-json\/wp\/v2\/tags?post=385236"},{"taxonomy":"domains","embeddable":true,"href":"https:\/\/www.ecinews.fr\/fr\/wp-json\/wp\/v2\/domains?post=385236"},{"taxonomy":"author","embeddable":true,"href":"https:\/\/www.ecinews.fr\/fr\/wp-json\/wp\/v2\/ppma_author?post=385236"}],"curies":[{"name":"wp","href":"https:\/\/api.w.org\/{rel}","templated":true}]}}