{"id":385130,"date":"2022-05-27T08:44:55","date_gmt":"2022-05-27T06:44:55","guid":{"rendered":"https:\/\/www.ecinews.fr\/?p=385130"},"modified":"2022-05-27T08:44:55","modified_gmt":"2022-05-27T06:44:55","slug":"stephane-martinez-nouveau-president-de-lacsiel","status":"publish","type":"post","link":"https:\/\/www.ecinews.fr\/fr\/stephane-martinez-nouveau-president-de-lacsiel\/","title":{"rendered":"St\u00e9phane Martinez nouveau Pr\u00e9sident de l\u2019ACSIEL"},"content":{"rendered":"<p>St\u00e9phane Martinez succ\u00e8de \u00e0 Jean-Luc Estienne, Pr\u00e9sident d\u2019ACSIEL depuis 2017 qui, gr\u00e2ce \u00e0 une volont\u00e9 forte de rassemblement et de conqu\u00eate, a permis au syndicat ACSIEL de renforcer son r\u00f4le f\u00e9d\u00e9rateur de l\u2019industrie \u00e9lectronique en France, notamment en participant activement \u00e0 la cr\u00e9ation du Comit\u00e9 Strat\u00e9gique de la Fili\u00e8re \u00e9lectronique. \u00ab Notre Alliance a vocation \u00e0 \u00eatre un interlocuteur reconnu aupr\u00e8s de l\u2019ensemble des acteurs de l\u2019\u00e9cosyst\u00e8me et de la chaine de valeur (pouvoirs publics, groupements professionnels, donneurs d\u2019ordre, \u2026) pour stimuler la comp\u00e9titivit\u00e9 du secteur en termes d\u2019innovation et de d\u00e9veloppement industriel et commercial \u00bb.<\/p>\n<p>Apr\u00e8s une formation initiale en tant qu\u2019ing\u00e9nieur ENPC et un passage en d\u00e9but de carri\u00e8re au sein du GIFAS (Syndicat A\u00e9ronautique et Spatial) et en Cabinet d\u2019audit financier, St\u00e9phane Martinez travaille chez STMicroelectronics o\u00f9 il a occup\u00e9 de multiples fonctions en France, en Italie, \u00e0 Gen\u00e8ve, \u00e0 Singapour pendant 10 ans. Depuis bient\u00f4t 6 ans, il est le Directeur du site de Tours.<\/p>\n<p>St\u00e9phane Martinez a accept\u00e9 cette nouvelle Pr\u00e9sidence avec une ambition en lien avec celle de l\u2019Alliance : d\u00e9fendre, faire reconnaitre et d\u00e9velopper le secteur de l\u2019\u00e9lectronique fran\u00e7aise. \u00ab C\u2019est un honneur d\u2019avoir \u00e9t\u00e9 \u00e9lu Pr\u00e9sident d\u2019ACSIEL Alliance Electronique. Je suis convaincu de la force de notre industrie en France et je compte repr\u00e9senter au mieux les int\u00e9r\u00eats de l\u2019ensemble des membres de l\u2019Alliance. Dans un contexte \u00e0 la fois favorable au d\u00e9veloppement mais subissant l\u2019impact des crises successives, il nous faudra renforcer nos liens en Europe et savoir mettre en avant les atouts de notre industrie \u00e9lectronique fran\u00e7aise. Je tiens \u00e0 remercier Jean-Luc Estienne qui, apr\u00e8s 4 ans de service remarquable, a accept\u00e9 de rester en tant que Pr\u00e9sident d\u2019honneur d\u2019ACSIEL, assurant ainsi une continuit\u00e9 dans les actions engag\u00e9es. \u00bb<\/p>\n<p><a href=\"http:\/\/www.acsiel.fr\">www.acsiel.fr<\/a><\/p>\n<p>&nbsp;<\/p>\n<p>&nbsp;<\/p>\n<p>&nbsp;<\/p>\n","protected":false},"excerpt":{"rendered":"<p>ACSIEL Alliance Electronique, organisation professionnelle de r\u00e9f\u00e9rence regroupant l\u2019ensemble des acteurs alimentant la cha\u00eene de valeur de l\u2019\u00e9lectronique, annonce l\u2019arriv\u00e9e de St\u00e9phane Martinez en tant que nouveau Pr\u00e9sident.<\/p>\n","protected":false},"author":36,"featured_media":385131,"comment_status":"closed","ping_status":"closed","sticky":false,"template":"","format":"standard","meta":{"_acf_changed":false,"footnotes":""},"categories":[886],"tags":[],"domains":[47],"ppma_author":[1154],"class_list":["post-385130","post","type-post","status-publish","format-standard","has-post-thumbnail","hentry","category-news-fr","domains-electronique-eci"],"acf":[],"yoast_head":"<title>St\u00e9phane Martinez nouveau Pr\u00e9sident de l\u2019ACSIEL ...<\/title>\n<meta name=\"description\" content=\"ACSIEL Alliance Electronique, organisation professionnelle de r\u00e9f\u00e9rence regroupant l\u2019ensemble des acteurs alimentant la cha\u00eene de valeur de...\" \/>\n<meta name=\"robots\" content=\"index, follow, max-snippet:-1, max-image-preview:large, max-video-preview:-1\" \/>\n<link rel=\"canonical\" href=\"https:\/\/www.ecinews.fr\/fr\/wp-json\/wp\/v2\/posts\/385130\/\" \/>\n<meta property=\"og:locale\" content=\"fr_FR\" \/>\n<meta property=\"og:type\" content=\"article\" \/>\n<meta property=\"og:title\" content=\"St\u00e9phane Martinez nouveau Pr\u00e9sident de l\u2019ACSIEL\" \/>\n<meta property=\"og:description\" content=\"ACSIEL Alliance Electronique, organisation professionnelle de r\u00e9f\u00e9rence regroupant l\u2019ensemble des acteurs alimentant la cha\u00eene de valeur de l\u2019\u00e9lectronique, annonce l\u2019arriv\u00e9e de St\u00e9phane Martinez en tant que nouveau Pr\u00e9sident.\" \/>\n<meta property=\"og:url\" content=\"https:\/\/www.ecinews.fr\/fr\/wp-json\/wp\/v2\/posts\/385130\/\" \/>\n<meta property=\"og:site_name\" content=\"EENewsEurope\" \/>\n<meta property=\"article:published_time\" content=\"2022-05-27T06:44:55+00:00\" \/>\n<meta property=\"og:image\" content=\"https:\/\/www.ecinews.fr\/wp-content\/uploads\/2022\/05\/ECI1240_ACSIEL_Stephane-Martinez3-scaled.jpg\" \/>\n\t<meta property=\"og:image:width\" content=\"1080\" \/>\n\t<meta property=\"og:image:height\" content=\"938\" \/>\n\t<meta property=\"og:image:type\" content=\"image\/jpeg\" \/>\n<meta name=\"author\" content=\"Alain Dieul\" \/>\n<meta name=\"twitter:card\" content=\"summary_large_image\" \/>\n<meta name=\"twitter:label1\" content=\"Written by\" \/>\n\t<meta name=\"twitter:data1\" content=\"Alain Dieul\" \/>\n\t<meta name=\"twitter:label2\" content=\"Est. reading time\" \/>\n\t<meta name=\"twitter:data2\" content=\"2 minutes\" \/>\n<script type=\"application\/ld+json\" class=\"yoast-schema-graph\">{\"@context\":\"https:\/\/schema.org\",\"@graph\":[{\"@type\":\"Article\",\"@id\":\"https:\/\/www.ecinews.fr\/fr\/stephane-martinez-nouveau-president-de-lacsiel\/#article\",\"isPartOf\":{\"@id\":\"https:\/\/www.ecinews.fr\/fr\/stephane-martinez-nouveau-president-de-lacsiel\/\"},\"author\":{\"name\":\"Alain Dieul\",\"@id\":\"https:\/\/www.eenewseurope.com\/en\/#\/schema\/person\/e4387676ad67ce722325c7832f3c3762\"},\"headline\":\"St\u00e9phane Martinez nouveau Pr\u00e9sident de l\u2019ACSIEL\",\"datePublished\":\"2022-05-27T06:44:55+00:00\",\"dateModified\":\"2022-05-27T06:44:55+00:00\",\"mainEntityOfPage\":{\"@id\":\"https:\/\/www.ecinews.fr\/fr\/stephane-martinez-nouveau-president-de-lacsiel\/\"},\"wordCount\":341,\"publisher\":{\"@id\":\"https:\/\/www.eenewseurope.com\/en\/#organization\"},\"articleSection\":[\"Actualit\u00e9 g\u00e9n\u00e9rale\"],\"inLanguage\":\"fr-FR\"},{\"@type\":\"WebPage\",\"@id\":\"https:\/\/www.ecinews.fr\/fr\/stephane-martinez-nouveau-president-de-lacsiel\/\",\"url\":\"https:\/\/www.ecinews.fr\/fr\/stephane-martinez-nouveau-president-de-lacsiel\/\",\"name\":\"St\u00e9phane Martinez nouveau Pr\u00e9sident de l\u2019ACSIEL -\",\"isPartOf\":{\"@id\":\"https:\/\/www.eenewseurope.com\/en\/#website\"},\"datePublished\":\"2022-05-27T06:44:55+00:00\",\"dateModified\":\"2022-05-27T06:44:55+00:00\",\"breadcrumb\":{\"@id\":\"https:\/\/www.ecinews.fr\/fr\/stephane-martinez-nouveau-president-de-lacsiel\/#breadcrumb\"},\"inLanguage\":\"fr-FR\",\"potentialAction\":[{\"@type\":\"ReadAction\",\"target\":[\"https:\/\/www.ecinews.fr\/fr\/stephane-martinez-nouveau-president-de-lacsiel\/\"]}]},{\"@type\":\"BreadcrumbList\",\"@id\":\"https:\/\/www.ecinews.fr\/fr\/stephane-martinez-nouveau-president-de-lacsiel\/#breadcrumb\",\"itemListElement\":[{\"@type\":\"ListItem\",\"position\":1,\"name\":\"Home\",\"item\":\"https:\/\/www.ecinews.fr\/fr\/\"},{\"@type\":\"ListItem\",\"position\":2,\"name\":\"St\u00e9phane Martinez nouveau Pr\u00e9sident de l\u2019ACSIEL\"}]},{\"@type\":\"WebSite\",\"@id\":\"https:\/\/www.eenewseurope.com\/en\/#website\",\"url\":\"https:\/\/www.eenewseurope.com\/en\/\",\"name\":\"EENewsEurope\",\"description\":\"Just another WordPress site\",\"publisher\":{\"@id\":\"https:\/\/www.eenewseurope.com\/en\/#organization\"},\"potentialAction\":[{\"@type\":\"SearchAction\",\"target\":{\"@type\":\"EntryPoint\",\"urlTemplate\":\"https:\/\/www.eenewseurope.com\/en\/?s={search_term_string}\"},\"query-input\":\"required name=search_term_string\"}],\"inLanguage\":\"fr-FR\"},{\"@type\":\"Organization\",\"@id\":\"https:\/\/www.eenewseurope.com\/en\/#organization\",\"name\":\"EENewsEurope\",\"url\":\"https:\/\/www.eenewseurope.com\/en\/\",\"logo\":{\"@type\":\"ImageObject\",\"inLanguage\":\"fr-FR\",\"@id\":\"https:\/\/www.eenewseurope.com\/en\/#\/schema\/logo\/image\/\",\"url\":\"https:\/\/www.ecinews.fr\/wp-content\/uploads\/2022\/02\/logo-1.jpg\",\"contentUrl\":\"https:\/\/www.ecinews.fr\/wp-content\/uploads\/2022\/02\/logo-1.jpg\",\"width\":283,\"height\":113,\"caption\":\"EENewsEurope\"},\"image\":{\"@id\":\"https:\/\/www.eenewseurope.com\/en\/#\/schema\/logo\/image\/\"}},{\"@type\":\"Person\",\"@id\":\"https:\/\/www.eenewseurope.com\/en\/#\/schema\/person\/e4387676ad67ce722325c7832f3c3762\",\"name\":\"Alain Dieul\",\"image\":{\"@type\":\"ImageObject\",\"inLanguage\":\"fr-FR\",\"@id\":\"https:\/\/www.eenewseurope.com\/en\/#\/schema\/person\/image\/736120675699dbbf0f0f282b9a9cfb75\",\"url\":\"https:\/\/secure.gravatar.com\/avatar\/bc93b056d07515be5b8eecd4acf49c5c?s=96&d=mm&r=g\",\"contentUrl\":\"https:\/\/secure.gravatar.com\/avatar\/bc93b056d07515be5b8eecd4acf49c5c?s=96&d=mm&r=g\",\"caption\":\"Alain Dieul\"},\"sameAs\":[\"http:\/\/ECINews\"]}]}<\/script>","yoast_head_json":{"title":"St\u00e9phane Martinez nouveau Pr\u00e9sident de l\u2019ACSIEL ...","description":"ACSIEL Alliance Electronique, organisation professionnelle de r\u00e9f\u00e9rence regroupant l\u2019ensemble des acteurs alimentant la cha\u00eene de valeur de...","robots":{"index":"index","follow":"follow","max-snippet":"max-snippet:-1","max-image-preview":"max-image-preview:large","max-video-preview":"max-video-preview:-1"},"canonical":"https:\/\/www.ecinews.fr\/fr\/wp-json\/wp\/v2\/posts\/385130\/","og_locale":"fr_FR","og_type":"article","og_title":"St\u00e9phane Martinez nouveau Pr\u00e9sident de l\u2019ACSIEL","og_description":"ACSIEL Alliance Electronique, organisation professionnelle de r\u00e9f\u00e9rence regroupant l\u2019ensemble des acteurs alimentant la cha\u00eene de valeur de l\u2019\u00e9lectronique, annonce l\u2019arriv\u00e9e de St\u00e9phane Martinez en tant que nouveau Pr\u00e9sident.","og_url":"https:\/\/www.ecinews.fr\/fr\/wp-json\/wp\/v2\/posts\/385130\/","og_site_name":"EENewsEurope","article_published_time":"2022-05-27T06:44:55+00:00","og_image":[{"width":1080,"height":938,"url":"https:\/\/www.ecinews.fr\/wp-content\/uploads\/2022\/05\/ECI1240_ACSIEL_Stephane-Martinez3-scaled.jpg","type":"image\/jpeg"}],"author":"Alain Dieul","twitter_card":"summary_large_image","twitter_misc":{"Written by":"Alain Dieul","Est. reading time":"2 minutes"},"schema":{"@context":"https:\/\/schema.org","@graph":[{"@type":"Article","@id":"https:\/\/www.ecinews.fr\/fr\/stephane-martinez-nouveau-president-de-lacsiel\/#article","isPartOf":{"@id":"https:\/\/www.ecinews.fr\/fr\/stephane-martinez-nouveau-president-de-lacsiel\/"},"author":{"name":"Alain Dieul","@id":"https:\/\/www.eenewseurope.com\/en\/#\/schema\/person\/e4387676ad67ce722325c7832f3c3762"},"headline":"St\u00e9phane Martinez nouveau Pr\u00e9sident de l\u2019ACSIEL","datePublished":"2022-05-27T06:44:55+00:00","dateModified":"2022-05-27T06:44:55+00:00","mainEntityOfPage":{"@id":"https:\/\/www.ecinews.fr\/fr\/stephane-martinez-nouveau-president-de-lacsiel\/"},"wordCount":341,"publisher":{"@id":"https:\/\/www.eenewseurope.com\/en\/#organization"},"articleSection":["Actualit\u00e9 g\u00e9n\u00e9rale"],"inLanguage":"fr-FR"},{"@type":"WebPage","@id":"https:\/\/www.ecinews.fr\/fr\/stephane-martinez-nouveau-president-de-lacsiel\/","url":"https:\/\/www.ecinews.fr\/fr\/stephane-martinez-nouveau-president-de-lacsiel\/","name":"St\u00e9phane Martinez nouveau Pr\u00e9sident de l\u2019ACSIEL -","isPartOf":{"@id":"https:\/\/www.eenewseurope.com\/en\/#website"},"datePublished":"2022-05-27T06:44:55+00:00","dateModified":"2022-05-27T06:44:55+00:00","breadcrumb":{"@id":"https:\/\/www.ecinews.fr\/fr\/stephane-martinez-nouveau-president-de-lacsiel\/#breadcrumb"},"inLanguage":"fr-FR","potentialAction":[{"@type":"ReadAction","target":["https:\/\/www.ecinews.fr\/fr\/stephane-martinez-nouveau-president-de-lacsiel\/"]}]},{"@type":"BreadcrumbList","@id":"https:\/\/www.ecinews.fr\/fr\/stephane-martinez-nouveau-president-de-lacsiel\/#breadcrumb","itemListElement":[{"@type":"ListItem","position":1,"name":"Home","item":"https:\/\/www.ecinews.fr\/fr\/"},{"@type":"ListItem","position":2,"name":"St\u00e9phane Martinez nouveau Pr\u00e9sident de l\u2019ACSIEL"}]},{"@type":"WebSite","@id":"https:\/\/www.eenewseurope.com\/en\/#website","url":"https:\/\/www.eenewseurope.com\/en\/","name":"EENewsEurope","description":"Just another WordPress site","publisher":{"@id":"https:\/\/www.eenewseurope.com\/en\/#organization"},"potentialAction":[{"@type":"SearchAction","target":{"@type":"EntryPoint","urlTemplate":"https:\/\/www.eenewseurope.com\/en\/?s={search_term_string}"},"query-input":"required name=search_term_string"}],"inLanguage":"fr-FR"},{"@type":"Organization","@id":"https:\/\/www.eenewseurope.com\/en\/#organization","name":"EENewsEurope","url":"https:\/\/www.eenewseurope.com\/en\/","logo":{"@type":"ImageObject","inLanguage":"fr-FR","@id":"https:\/\/www.eenewseurope.com\/en\/#\/schema\/logo\/image\/","url":"https:\/\/www.ecinews.fr\/wp-content\/uploads\/2022\/02\/logo-1.jpg","contentUrl":"https:\/\/www.ecinews.fr\/wp-content\/uploads\/2022\/02\/logo-1.jpg","width":283,"height":113,"caption":"EENewsEurope"},"image":{"@id":"https:\/\/www.eenewseurope.com\/en\/#\/schema\/logo\/image\/"}},{"@type":"Person","@id":"https:\/\/www.eenewseurope.com\/en\/#\/schema\/person\/e4387676ad67ce722325c7832f3c3762","name":"Alain Dieul","image":{"@type":"ImageObject","inLanguage":"fr-FR","@id":"https:\/\/www.eenewseurope.com\/en\/#\/schema\/person\/image\/736120675699dbbf0f0f282b9a9cfb75","url":"https:\/\/secure.gravatar.com\/avatar\/bc93b056d07515be5b8eecd4acf49c5c?s=96&d=mm&r=g","contentUrl":"https:\/\/secure.gravatar.com\/avatar\/bc93b056d07515be5b8eecd4acf49c5c?s=96&d=mm&r=g","caption":"Alain Dieul"},"sameAs":["http:\/\/ECINews"]}]}},"authors":[{"term_id":1154,"user_id":36,"is_guest":0,"slug":"alain-dieul","display_name":"Alain Dieul","avatar_url":"https:\/\/secure.gravatar.com\/avatar\/bc93b056d07515be5b8eecd4acf49c5c?s=96&d=mm&r=g","0":null,"1":"","2":"","3":"","4":"","5":"","6":"","7":"","8":""}],"_links":{"self":[{"href":"https:\/\/www.ecinews.fr\/fr\/wp-json\/wp\/v2\/posts\/385130"}],"collection":[{"href":"https:\/\/www.ecinews.fr\/fr\/wp-json\/wp\/v2\/posts"}],"about":[{"href":"https:\/\/www.ecinews.fr\/fr\/wp-json\/wp\/v2\/types\/post"}],"author":[{"embeddable":true,"href":"https:\/\/www.ecinews.fr\/fr\/wp-json\/wp\/v2\/users\/36"}],"replies":[{"embeddable":true,"href":"https:\/\/www.ecinews.fr\/fr\/wp-json\/wp\/v2\/comments?post=385130"}],"version-history":[{"count":0,"href":"https:\/\/www.ecinews.fr\/fr\/wp-json\/wp\/v2\/posts\/385130\/revisions"}],"wp:featuredmedia":[{"embeddable":true,"href":"https:\/\/www.ecinews.fr\/fr\/wp-json\/wp\/v2\/media\/385131"}],"wp:attachment":[{"href":"https:\/\/www.ecinews.fr\/fr\/wp-json\/wp\/v2\/media?parent=385130"}],"wp:term":[{"taxonomy":"category","embeddable":true,"href":"https:\/\/www.ecinews.fr\/fr\/wp-json\/wp\/v2\/categories?post=385130"},{"taxonomy":"post_tag","embeddable":true,"href":"https:\/\/www.ecinews.fr\/fr\/wp-json\/wp\/v2\/tags?post=385130"},{"taxonomy":"domains","embeddable":true,"href":"https:\/\/www.ecinews.fr\/fr\/wp-json\/wp\/v2\/domains?post=385130"},{"taxonomy":"author","embeddable":true,"href":"https:\/\/www.ecinews.fr\/fr\/wp-json\/wp\/v2\/ppma_author?post=385130"}],"curies":[{"name":"wp","href":"https:\/\/api.w.org\/{rel}","templated":true}]}}