{"id":385004,"date":"2022-05-25T17:08:04","date_gmt":"2022-05-25T15:08:04","guid":{"rendered":"https:\/\/www.eenewsanalog.com\/?p=385004"},"modified":"2022-07-29T12:18:56","modified_gmt":"2022-07-29T10:18:56","slug":"lespagne-veut-developper-une-capacite-de-fabrication-de-puces-5nm","status":"publish","type":"post","link":"https:\/\/www.ecinews.fr\/fr\/lespagne-veut-developper-une-capacite-de-fabrication-de-puces-5nm\/","title":{"rendered":"L&rsquo;Espagne veut d\u00e9velopper une capacit\u00e9 de fabrication de puces 5nm"},"content":{"rendered":"<p><span class=\"VIiyi\" lang=\"fr\"><span class=\"JLqJ4b\" data-language-for-alternatives=\"fr\" data-language-to-translate-into=\"en\" data-phrase-index=\"0\" data-number-of-phrases=\"1\"><span class=\"Q4iAWc\">Le gouvernement espagnol a d\u00e9clar\u00e9 qu&rsquo;il pr\u00e9voyait de d\u00e9penser 12,25 milliards d&rsquo;euros (environ 13 milliards de dollars) dans le secteur des semiconducteurs d&rsquo;ici 2027 et de soutenir la fabrication nationale de puces \u00e0 5nm et en dessous, selon un rapport de Reuters. <\/span><\/span><\/span><\/p>\n<p><span class=\"VIiyi\" lang=\"fr\"><span class=\"JLqJ4b\" data-language-for-alternatives=\"fr\" data-language-to-translate-into=\"en\" data-phrase-index=\"0\" data-number-of-phrases=\"1\"><span class=\"Q4iAWc\">Le plan a \u00e9t\u00e9 annonc\u00e9 aujourd&rsquo;hui par la ministre espagnole de l&rsquo;Economie, Nadia Calvino, lors d&rsquo;une conf\u00e9rence de presse apr\u00e8s la r\u00e9union hebdomadaire du cabinet.<\/span><\/span><\/span><\/p>\n<p><span class=\"VIiyi\" lang=\"fr\"><span class=\"JLqJ4b\" data-language-for-alternatives=\"fr\" data-language-to-translate-into=\"en\" data-phrase-index=\"0\" data-number-of-phrases=\"1\"><span class=\"Q4iAWc\">L&rsquo;Espagne d\u00e9pensera principalement des fonds de secours de la pand\u00e9mie venant de l&rsquo;Union europ\u00e9enne avec 9,3 milliards d&rsquo;euros destin\u00e9s \u00e0 la construction d&rsquo;usines de fabrication, selon le rapport. Il a ajout\u00e9 que le gouvernement avait d\u00e9clar\u00e9 que l&rsquo;argent financerait la capacit\u00e9 de production aux n\u0153uds de processus inf\u00e9rieurs \u00e0 5 nm ainsi qu&rsquo;au-dessus de 5 nm. \u00ab\u00a0L&rsquo;objectif est de d\u00e9velopper de mani\u00e8re globale les capacit\u00e9s de conception et de production de l&rsquo;industrie espagnole de la micro\u00e9lectronique et des semiconducteurs, couvrant l&rsquo;ensemble de la cha\u00eene de valeur, de la conception \u00e0 la fabrication de puces\u00a0\u00bb, a d\u00e9clar\u00e9 Calvino, cit\u00e9 par Reuters.<\/span><\/span><\/span><\/p>\n<h3><span class=\"VIiyi\" lang=\"fr\"><span class=\"JLqJ4b\" data-language-for-alternatives=\"fr\" data-language-to-translate-into=\"en\" data-phrase-index=\"0\" data-number-of-phrases=\"1\"><span class=\"Q4iAWc\">L&rsquo;Espagne motiv\u00e9e par l&rsquo;arr\u00eat de certaines usines <\/span><\/span><\/span><\/h3>\n<p><span class=\"VIiyi\" lang=\"fr\"><span class=\"JLqJ4b\" data-language-for-alternatives=\"fr\" data-language-to-translate-into=\"en\" data-phrase-index=\"0\" data-number-of-phrases=\"1\"><span class=\"Q4iAWc\">L&rsquo;Espagne est motiv\u00e9e \u00e0 s&rsquo;impliquer dans le secteur des puces en raison de la p\u00e9nurie mondiale de composants qui a contraint les fabricants de plusieurs secteurs \u00e0 ralentir leur propre production. En Espagne, cela a eu un impact sur les constructeurs automobiles Volkswagen et Renault qui ont mis les cha\u00eenes de production de v\u00e9hicules au ralenti et mis les travailleurs au ch\u00f4mage partiel.<\/span><\/span><\/span><\/p>\n<p><span class=\"VIiyi\" lang=\"fr\"><span class=\"JLqJ4b\" data-language-for-alternatives=\"fr\" data-language-to-translate-into=\"en\" data-phrase-index=\"0\" data-number-of-phrases=\"1\"><span class=\"Q4iAWc\">Cependant, il faut noter qu&rsquo;\u00e0 l&rsquo;heure actuelle, seuls Samsung et TSMC (Taiwan Semiconductor Manufacturing Co. Ltd.) sont capables de fabriquer des puces avec des g\u00e9om\u00e9tries \u00e0 5 nm et en dessous. \u00c0 moins que l&rsquo;Espagne ne puisse attirer l&rsquo;une ou l&rsquo;autre de ces entreprises pour investir en Espagne, il semble peu probable que le pays ait suffisamment d&rsquo;argent ou de temps pour r\u00e9ussir \u00e0 cr\u00e9er une industrie des semiconducteurs \u00e0 la pointe de la technologie.<\/span><\/span><\/span><\/p>\n<p><span class=\"VIiyi\" lang=\"fr\"><span class=\"JLqJ4b\" data-language-for-alternatives=\"fr\" data-language-to-translate-into=\"en\" data-phrase-index=\"0\" data-number-of-phrases=\"1\"><span class=\"Q4iAWc\">Outre les subventions \u00e0 la fabrication, les fonds comprendront 1,1 milliard d&rsquo;euros pour soutenir la R&amp;D et 1,3 milliard d&rsquo;euros pour la conception de puces. Ces fonds serviront aussi \u00e0 soutenir les entreprises espagnoles dans des projets strat\u00e9giques d\u00e9velopp\u00e9s au niveau europ\u00e9en et cr\u00e9era un fonds de capital-risque de 200 millions d&rsquo;euros pour financer les startups et les scale-up du secteur espagnol des semiconducteurs. \u00ab\u00a0Nous voulons que l&rsquo;Espagne joue un r\u00f4le pertinent dans ce domaine technologique, le r\u00f4le qu&rsquo;elle m\u00e9rite, et les fonds europ\u00e9ens offrent une opportunit\u00e9 extraordinaire pour y arriver\u00a0\u00bb, a d\u00e9clar\u00e9 Calvino, cit\u00e9 par Reuters.<\/span><\/span><\/span><\/p>\n<p>&nbsp;<\/p>\n<p><strong>Related links and articles:<\/strong><\/p>\n<p><a href=\"https:\/\/www.eenewsanalog.com\/en\/tsmc-in-talks-with-singapore-over-manufacturing\/\">TSMC in talks with Singapore over manufacturing<\/a><\/p>\n<p><a href=\"https:\/\/www.eenewsanalog.com\/en\/tsmc-opens-wafer-fab-talks-with-german-government\/\">SMC opens wafer fab talks with German government<\/a><\/p>\n<p><a href=\"https:\/\/www.eenewsanalog.com\/en\/india-lobbies-intel-globalfoundries-tsmc-for-fabs\/\">India lobbies Intel, Globalfoundries, TSMC for fabs<\/a><\/p>\n<p><a href=\"https:\/\/www.eenewsanalog.com\/en\/report-pakistan-asks-china-to-help-with-chip-ambitions\/\">Report: Pakistan asks China to help with chip ambitions<\/a><\/p>\n<p><a href=\"https:\/\/www.eenewsanalog.com\/news\/report-india-plans-10-billion-semiconductor-subsidy\">Report: India plans $10 billion semiconductor subsidy<\/a><\/p>\n<p><a href=\"https:\/\/www.eenewsanalog.com\/news\/tata-talks-over-300-million-indian-chip-packaging-factory\">Tata in talks over $300 million Indian chip packaging factory<\/a><\/p>\n","protected":false},"excerpt":{"rendered":"<p>Le gouvernement espagnol a annonc\u00e9 son intention de d\u00e9penser 12,25 milliards d&rsquo;euros (environ 13 milliards de dollars) dans le secteur des semi-conducteurs d&rsquo;ici 2027.<\/p>\n","protected":false},"author":34,"featured_media":384909,"comment_status":"closed","ping_status":"closed","sticky":true,"template":"","format":"standard","meta":{"_acf_changed":false,"footnotes":""},"categories":[886],"tags":[],"domains":[47],"ppma_author":[1153],"class_list":["post-385004","post","type-post","status-publish","format-standard","has-post-thumbnail","hentry","category-news-fr","domains-electronique-eci"],"acf":[],"yoast_head":"<title>Spain wants to develop 5nm chip manufacturing \u2013 report ...<\/title>\n<meta name=\"description\" content=\"Le gouvernement espagnol a annonc\u00e9 son intention de d\u00e9penser 12,25 milliards d&#039;euros dans le secteur des semiconducteurs d&#039;ici 2027.\" \/>\n<meta name=\"robots\" content=\"index, follow, max-snippet:-1, max-image-preview:large, max-video-preview:-1\" \/>\n<link rel=\"canonical\" href=\"https:\/\/www.ecinews.fr\/fr\/wp-json\/wp\/v2\/posts\/385004\/\" \/>\n<meta property=\"og:locale\" content=\"fr_FR\" \/>\n<meta property=\"og:type\" content=\"article\" \/>\n<meta property=\"og:title\" content=\"L&#039;Espagne veut d\u00e9velopper une capacit\u00e9 de fabrication de puces 5nm\" \/>\n<meta property=\"og:description\" content=\"Le gouvernement espagnol a annonc\u00e9 son intention de d\u00e9penser 12,25 milliards d&#039;euros dans le secteur des semiconducteurs d&#039;ici 2027.\" \/>\n<meta property=\"og:url\" content=\"https:\/\/www.ecinews.fr\/fr\/wp-json\/wp\/v2\/posts\/385004\/\" \/>\n<meta property=\"og:site_name\" content=\"EENewsEurope\" \/>\n<meta property=\"article:published_time\" content=\"2022-05-25T15:08:04+00:00\" \/>\n<meta property=\"article:modified_time\" content=\"2022-07-29T10:18:56+00:00\" \/>\n<meta property=\"og:image\" content=\"https:\/\/www.ecinews.fr\/wp-content\/uploads\/2022\/05\/NadiaCalvino630.jpg\" \/>\n\t<meta property=\"og:image:width\" content=\"630\" \/>\n\t<meta property=\"og:image:height\" content=\"360\" \/>\n\t<meta property=\"og:image:type\" content=\"image\/jpeg\" \/>\n<meta name=\"author\" content=\"A Delapalisse\" \/>\n<meta name=\"twitter:card\" content=\"summary_large_image\" \/>\n<meta name=\"twitter:label1\" content=\"Written by\" \/>\n\t<meta name=\"twitter:data1\" content=\"A Delapalisse\" \/>\n\t<meta name=\"twitter:label2\" content=\"Est. reading time\" \/>\n\t<meta name=\"twitter:data2\" content=\"2 minutes\" \/>\n<script type=\"application\/ld+json\" class=\"yoast-schema-graph\">{\"@context\":\"https:\/\/schema.org\",\"@graph\":[{\"@type\":\"Article\",\"@id\":\"https:\/\/www.ecinews.fr\/fr\/lespagne-veut-developper-une-capacite-de-fabrication-de-puces-5nm\/#article\",\"isPartOf\":{\"@id\":\"https:\/\/www.ecinews.fr\/fr\/lespagne-veut-developper-une-capacite-de-fabrication-de-puces-5nm\/\"},\"author\":{\"name\":\"A Delapalisse\",\"@id\":\"https:\/\/www.eenewseurope.com\/en\/#\/schema\/person\/0aa2cfb0bd8949724a68cbac8d8321b4\"},\"headline\":\"L&rsquo;Espagne veut d\u00e9velopper une capacit\u00e9 de fabrication de puces 5nm\",\"datePublished\":\"2022-05-25T15:08:04+00:00\",\"dateModified\":\"2022-07-29T10:18:56+00:00\",\"mainEntityOfPage\":{\"@id\":\"https:\/\/www.ecinews.fr\/fr\/lespagne-veut-developper-une-capacite-de-fabrication-de-puces-5nm\/\"},\"wordCount\":521,\"publisher\":{\"@id\":\"https:\/\/www.eenewseurope.com\/en\/#organization\"},\"articleSection\":[\"Actualit\u00e9 g\u00e9n\u00e9rale\"],\"inLanguage\":\"fr-FR\"},{\"@type\":\"WebPage\",\"@id\":\"https:\/\/www.ecinews.fr\/fr\/lespagne-veut-developper-une-capacite-de-fabrication-de-puces-5nm\/\",\"url\":\"https:\/\/www.ecinews.fr\/fr\/lespagne-veut-developper-une-capacite-de-fabrication-de-puces-5nm\/\",\"name\":\"Spain wants to develop 5nm chip manufacturing \u2013 report\",\"isPartOf\":{\"@id\":\"https:\/\/www.eenewseurope.com\/en\/#website\"},\"datePublished\":\"2022-05-25T15:08:04+00:00\",\"dateModified\":\"2022-07-29T10:18:56+00:00\",\"description\":\"Le gouvernement espagnol a annonc\u00e9 son intention de d\u00e9penser 12,25 milliards d'euros dans le secteur des semiconducteurs d'ici 2027.\",\"breadcrumb\":{\"@id\":\"https:\/\/www.ecinews.fr\/fr\/lespagne-veut-developper-une-capacite-de-fabrication-de-puces-5nm\/#breadcrumb\"},\"inLanguage\":\"fr-FR\",\"potentialAction\":[{\"@type\":\"ReadAction\",\"target\":[\"https:\/\/www.ecinews.fr\/fr\/lespagne-veut-developper-une-capacite-de-fabrication-de-puces-5nm\/\"]}]},{\"@type\":\"BreadcrumbList\",\"@id\":\"https:\/\/www.ecinews.fr\/fr\/lespagne-veut-developper-une-capacite-de-fabrication-de-puces-5nm\/#breadcrumb\",\"itemListElement\":[{\"@type\":\"ListItem\",\"position\":1,\"name\":\"Home\",\"item\":\"https:\/\/www.ecinews.fr\/fr\/\"},{\"@type\":\"ListItem\",\"position\":2,\"name\":\"L&rsquo;Espagne veut d\u00e9velopper une capacit\u00e9 de fabrication de puces 5nm\"}]},{\"@type\":\"WebSite\",\"@id\":\"https:\/\/www.eenewseurope.com\/en\/#website\",\"url\":\"https:\/\/www.eenewseurope.com\/en\/\",\"name\":\"EENewsEurope\",\"description\":\"Just another WordPress site\",\"publisher\":{\"@id\":\"https:\/\/www.eenewseurope.com\/en\/#organization\"},\"potentialAction\":[{\"@type\":\"SearchAction\",\"target\":{\"@type\":\"EntryPoint\",\"urlTemplate\":\"https:\/\/www.eenewseurope.com\/en\/?s={search_term_string}\"},\"query-input\":\"required name=search_term_string\"}],\"inLanguage\":\"fr-FR\"},{\"@type\":\"Organization\",\"@id\":\"https:\/\/www.eenewseurope.com\/en\/#organization\",\"name\":\"EENewsEurope\",\"url\":\"https:\/\/www.eenewseurope.com\/en\/\",\"logo\":{\"@type\":\"ImageObject\",\"inLanguage\":\"fr-FR\",\"@id\":\"https:\/\/www.eenewseurope.com\/en\/#\/schema\/logo\/image\/\",\"url\":\"https:\/\/www.ecinews.fr\/wp-content\/uploads\/2022\/02\/logo-1.jpg\",\"contentUrl\":\"https:\/\/www.ecinews.fr\/wp-content\/uploads\/2022\/02\/logo-1.jpg\",\"width\":283,\"height\":113,\"caption\":\"EENewsEurope\"},\"image\":{\"@id\":\"https:\/\/www.eenewseurope.com\/en\/#\/schema\/logo\/image\/\"}},{\"@type\":\"Person\",\"@id\":\"https:\/\/www.eenewseurope.com\/en\/#\/schema\/person\/0aa2cfb0bd8949724a68cbac8d8321b4\",\"name\":\"A Delapalisse\",\"image\":{\"@type\":\"ImageObject\",\"inLanguage\":\"fr-FR\",\"@id\":\"https:\/\/www.eenewseurope.com\/en\/#\/schema\/person\/image\/211ac42237c2e9683c0964086c393cb4\",\"url\":\"https:\/\/secure.gravatar.com\/avatar\/ad45a8c5da24bc9c7c4940dd1c48a695?s=96&d=mm&r=g\",\"contentUrl\":\"https:\/\/secure.gravatar.com\/avatar\/ad45a8c5da24bc9c7c4940dd1c48a695?s=96&d=mm&r=g\",\"caption\":\"A Delapalisse\"},\"sameAs\":[\"http:\/\/ECI\"]}]}<\/script>","yoast_head_json":{"title":"Spain wants to develop 5nm chip manufacturing \u2013 report ...","description":"Le gouvernement espagnol a annonc\u00e9 son intention de d\u00e9penser 12,25 milliards d'euros dans le secteur des semiconducteurs d'ici 2027.","robots":{"index":"index","follow":"follow","max-snippet":"max-snippet:-1","max-image-preview":"max-image-preview:large","max-video-preview":"max-video-preview:-1"},"canonical":"https:\/\/www.ecinews.fr\/fr\/wp-json\/wp\/v2\/posts\/385004\/","og_locale":"fr_FR","og_type":"article","og_title":"L'Espagne veut d\u00e9velopper une capacit\u00e9 de fabrication de puces 5nm","og_description":"Le gouvernement espagnol a annonc\u00e9 son intention de d\u00e9penser 12,25 milliards d'euros dans le secteur des semiconducteurs d'ici 2027.","og_url":"https:\/\/www.ecinews.fr\/fr\/wp-json\/wp\/v2\/posts\/385004\/","og_site_name":"EENewsEurope","article_published_time":"2022-05-25T15:08:04+00:00","article_modified_time":"2022-07-29T10:18:56+00:00","og_image":[{"width":630,"height":360,"url":"https:\/\/www.ecinews.fr\/wp-content\/uploads\/2022\/05\/NadiaCalvino630.jpg","type":"image\/jpeg"}],"author":"A Delapalisse","twitter_card":"summary_large_image","twitter_misc":{"Written by":"A Delapalisse","Est. reading time":"2 minutes"},"schema":{"@context":"https:\/\/schema.org","@graph":[{"@type":"Article","@id":"https:\/\/www.ecinews.fr\/fr\/lespagne-veut-developper-une-capacite-de-fabrication-de-puces-5nm\/#article","isPartOf":{"@id":"https:\/\/www.ecinews.fr\/fr\/lespagne-veut-developper-une-capacite-de-fabrication-de-puces-5nm\/"},"author":{"name":"A Delapalisse","@id":"https:\/\/www.eenewseurope.com\/en\/#\/schema\/person\/0aa2cfb0bd8949724a68cbac8d8321b4"},"headline":"L&rsquo;Espagne veut d\u00e9velopper une capacit\u00e9 de fabrication de puces 5nm","datePublished":"2022-05-25T15:08:04+00:00","dateModified":"2022-07-29T10:18:56+00:00","mainEntityOfPage":{"@id":"https:\/\/www.ecinews.fr\/fr\/lespagne-veut-developper-une-capacite-de-fabrication-de-puces-5nm\/"},"wordCount":521,"publisher":{"@id":"https:\/\/www.eenewseurope.com\/en\/#organization"},"articleSection":["Actualit\u00e9 g\u00e9n\u00e9rale"],"inLanguage":"fr-FR"},{"@type":"WebPage","@id":"https:\/\/www.ecinews.fr\/fr\/lespagne-veut-developper-une-capacite-de-fabrication-de-puces-5nm\/","url":"https:\/\/www.ecinews.fr\/fr\/lespagne-veut-developper-une-capacite-de-fabrication-de-puces-5nm\/","name":"Spain wants to develop 5nm chip manufacturing \u2013 report","isPartOf":{"@id":"https:\/\/www.eenewseurope.com\/en\/#website"},"datePublished":"2022-05-25T15:08:04+00:00","dateModified":"2022-07-29T10:18:56+00:00","description":"Le gouvernement espagnol a annonc\u00e9 son intention de d\u00e9penser 12,25 milliards d'euros dans le secteur des semiconducteurs d'ici 2027.","breadcrumb":{"@id":"https:\/\/www.ecinews.fr\/fr\/lespagne-veut-developper-une-capacite-de-fabrication-de-puces-5nm\/#breadcrumb"},"inLanguage":"fr-FR","potentialAction":[{"@type":"ReadAction","target":["https:\/\/www.ecinews.fr\/fr\/lespagne-veut-developper-une-capacite-de-fabrication-de-puces-5nm\/"]}]},{"@type":"BreadcrumbList","@id":"https:\/\/www.ecinews.fr\/fr\/lespagne-veut-developper-une-capacite-de-fabrication-de-puces-5nm\/#breadcrumb","itemListElement":[{"@type":"ListItem","position":1,"name":"Home","item":"https:\/\/www.ecinews.fr\/fr\/"},{"@type":"ListItem","position":2,"name":"L&rsquo;Espagne veut d\u00e9velopper une capacit\u00e9 de fabrication de puces 5nm"}]},{"@type":"WebSite","@id":"https:\/\/www.eenewseurope.com\/en\/#website","url":"https:\/\/www.eenewseurope.com\/en\/","name":"EENewsEurope","description":"Just another WordPress site","publisher":{"@id":"https:\/\/www.eenewseurope.com\/en\/#organization"},"potentialAction":[{"@type":"SearchAction","target":{"@type":"EntryPoint","urlTemplate":"https:\/\/www.eenewseurope.com\/en\/?s={search_term_string}"},"query-input":"required name=search_term_string"}],"inLanguage":"fr-FR"},{"@type":"Organization","@id":"https:\/\/www.eenewseurope.com\/en\/#organization","name":"EENewsEurope","url":"https:\/\/www.eenewseurope.com\/en\/","logo":{"@type":"ImageObject","inLanguage":"fr-FR","@id":"https:\/\/www.eenewseurope.com\/en\/#\/schema\/logo\/image\/","url":"https:\/\/www.ecinews.fr\/wp-content\/uploads\/2022\/02\/logo-1.jpg","contentUrl":"https:\/\/www.ecinews.fr\/wp-content\/uploads\/2022\/02\/logo-1.jpg","width":283,"height":113,"caption":"EENewsEurope"},"image":{"@id":"https:\/\/www.eenewseurope.com\/en\/#\/schema\/logo\/image\/"}},{"@type":"Person","@id":"https:\/\/www.eenewseurope.com\/en\/#\/schema\/person\/0aa2cfb0bd8949724a68cbac8d8321b4","name":"A Delapalisse","image":{"@type":"ImageObject","inLanguage":"fr-FR","@id":"https:\/\/www.eenewseurope.com\/en\/#\/schema\/person\/image\/211ac42237c2e9683c0964086c393cb4","url":"https:\/\/secure.gravatar.com\/avatar\/ad45a8c5da24bc9c7c4940dd1c48a695?s=96&d=mm&r=g","contentUrl":"https:\/\/secure.gravatar.com\/avatar\/ad45a8c5da24bc9c7c4940dd1c48a695?s=96&d=mm&r=g","caption":"A Delapalisse"},"sameAs":["http:\/\/ECI"]}]}},"authors":[{"term_id":1153,"user_id":34,"is_guest":0,"slug":"adelapalisse","display_name":"A Delapalisse","avatar_url":"https:\/\/secure.gravatar.com\/avatar\/ad45a8c5da24bc9c7c4940dd1c48a695?s=96&d=mm&r=g","0":null,"1":"","2":"","3":"","4":"","5":"","6":"","7":"","8":""}],"_links":{"self":[{"href":"https:\/\/www.ecinews.fr\/fr\/wp-json\/wp\/v2\/posts\/385004"}],"collection":[{"href":"https:\/\/www.ecinews.fr\/fr\/wp-json\/wp\/v2\/posts"}],"about":[{"href":"https:\/\/www.ecinews.fr\/fr\/wp-json\/wp\/v2\/types\/post"}],"author":[{"embeddable":true,"href":"https:\/\/www.ecinews.fr\/fr\/wp-json\/wp\/v2\/users\/34"}],"replies":[{"embeddable":true,"href":"https:\/\/www.ecinews.fr\/fr\/wp-json\/wp\/v2\/comments?post=385004"}],"version-history":[{"count":0,"href":"https:\/\/www.ecinews.fr\/fr\/wp-json\/wp\/v2\/posts\/385004\/revisions"}],"wp:featuredmedia":[{"embeddable":true,"href":"https:\/\/www.ecinews.fr\/fr\/wp-json\/wp\/v2\/media\/384909"}],"wp:attachment":[{"href":"https:\/\/www.ecinews.fr\/fr\/wp-json\/wp\/v2\/media?parent=385004"}],"wp:term":[{"taxonomy":"category","embeddable":true,"href":"https:\/\/www.ecinews.fr\/fr\/wp-json\/wp\/v2\/categories?post=385004"},{"taxonomy":"post_tag","embeddable":true,"href":"https:\/\/www.ecinews.fr\/fr\/wp-json\/wp\/v2\/tags?post=385004"},{"taxonomy":"domains","embeddable":true,"href":"https:\/\/www.ecinews.fr\/fr\/wp-json\/wp\/v2\/domains?post=385004"},{"taxonomy":"author","embeddable":true,"href":"https:\/\/www.ecinews.fr\/fr\/wp-json\/wp\/v2\/ppma_author?post=385004"}],"curies":[{"name":"wp","href":"https:\/\/api.w.org\/{rel}","templated":true}]}}