{"id":384859,"date":"2022-05-24T14:43:45","date_gmt":"2022-05-24T12:43:45","guid":{"rendered":"https:\/\/www.ecinews.fr\/?p=384859"},"modified":"2022-05-24T14:43:45","modified_gmt":"2022-05-24T12:43:45","slug":"le-premier-silicium-fonctionnel-base-sur-le-processeur-arm-cortex-m85","status":"publish","type":"post","link":"https:\/\/www.ecinews.fr\/fr\/le-premier-silicium-fonctionnel-base-sur-le-processeur-arm-cortex-m85\/","title":{"rendered":"Le premier silicium fonctionnel bas\u00e9 sur le processeur Arm Cortex-M85"},"content":{"rendered":"<p>Renesas a lanc\u00e9 la famille RA (Renesas Advanced) de MCU bas\u00e9s sur Arm Cortex-M en octobre 2019, entrant sur le march\u00e9 Arm-Cortex-M \u00e0 usage g\u00e9n\u00e9ral avec une famille robuste et riche en fonctionnalit\u00e9s de MCU avec flash embarqu\u00e9e. En environ 30 mois, Renesas a rapidement pris une position de leader, introduisant 17 groupes MCU englobant bien plus de 200 r\u00e9f\u00e9rences individuelles. De plus, Renesas a d\u00e9velopp\u00e9 un solide \u00e9cosyst\u00e8me de partenaires offrant \u00e0 ses clients des solutions compl\u00e8tes pour l&rsquo;IoT, l&rsquo;IA\/ML, l&rsquo;automatisation industrielle, la m\u00e9decine, l&rsquo;automatisation des b\u00e2timents, l&rsquo;\u00e9lectrom\u00e9nager et de nombreuses autres applications.<\/p>\n<p>\u00ab\u00a0En tant que partenaire principal d&rsquo;Arm, nous sommes fiers d&rsquo;\u00eatre le premier \u00e0 pr\u00e9senter un microcontr\u00f4leur bas\u00e9 sur le processeur hautes performances Cortex-M85, un exemple clair de l&rsquo;\u00e9lan que nous avons cr\u00e9\u00e9 dans l&rsquo;\u00e9cosyst\u00e8me Arm\u00a0\u00bb,\u00a0a d\u00e9clar\u00e9 Roger Wendelken, Vice-pr\u00e9sident principal de l&rsquo;unit\u00e9 commerciale IoT et Infrastructure de Renesas. \u00ab\u00a0La famille RA a connu un \u00e9norme succ\u00e8s en tr\u00e8s peu de temps, d\u00e9montrant les atouts fondamentaux qui font de Renesas un puissant fournisseur de MCU, notamment l&rsquo;expertise en conception, la qualit\u00e9 l\u00e9gendaire et une collaboration \u00e9troite avec des clients et des partenaires sur tous les march\u00e9s et toutes les zones g\u00e9ographiques.\u00a0\u00bb<\/p>\n<p>\u00ab\u00a0Pour continuer \u00e0 \u00e9voluer et \u00e0 se d\u00e9velopper, la prochaine g\u00e9n\u00e9ration de solutions IoT exige des niveaux de performances, de s\u00e9curit\u00e9 et de d\u00e9veloppement simplifi\u00e9s sans cesse am\u00e9lior\u00e9s, et nous y sommes parvenus avec le nouveau Arm Cortex-M85\u00a0\u00bb,\u00a0a d\u00e9clar\u00e9 Dipti Vachani, vice-pr\u00e9sident senior et directeur g\u00e9n\u00e9ral, secteur d&rsquo;activit\u00e9 automobile et IoT chez Arm. \u00ab Cette d\u00e9monstration du premier silicium bas\u00e9 sur notre processeur Cortex-M le plus s\u00e9curis\u00e9 et le plus performant mettra en avant les nouvelles applications passionnantes qu&rsquo;il permettra et cimentera davantage notre \u00e9troite collaboration continue avec Renesas.\u00a0\u00bb<\/p>\n<p>Le processeur Arm Cortex-M85 est dot\u00e9 de la technologie Helium, l&rsquo;extension vectorielle M-Profile d&rsquo;Arm qui permet des capacit\u00e9s DSP\/ML avanc\u00e9es et aide \u00e0 acc\u00e9l\u00e9rer les applications intensives en calcul telles que l&rsquo;IA des terminaux. Fournissant plus de 6 CoreMark\/MHz, Cortex-M85 permet des cas d&rsquo;utilisation IoT exigeants qui n\u00e9cessitent les performances de calcul les plus \u00e9lev\u00e9es et la capacit\u00e9 DSP ou ML, r\u00e9alis\u00e9s sur un seul processeur Cortex-M simple \u00e0 programmer. Les caract\u00e9ristiques du Cortex-M telles que le fonctionnement d\u00e9terministe, le temps de r\u00e9ponse court aux interruptions et la prise en charge de pointe \u00e0 faible consommation d&rsquo;\u00e9nergie sont sans compromis sur le Cortex-M85.<\/p>\n<p>Renesas d\u00e9veloppe une nouvelle s\u00e9rie de microcontr\u00f4leurs RA bas\u00e9s sur le processeur Cortex-M85, dont la sortie est pr\u00e9vue en 2023. Ces nouveaux microcontr\u00f4leurs de la famille RA offriront des performances r\u00e9volutionnaires et un fonctionnement enti\u00e8rement d\u00e9terministe, \u00e0 faible latence et en temps r\u00e9el pour les besoins des applications exigeantes sur de nombreux march\u00e9s. Les nouveaux composants RA combleront le foss\u00e9 entre les MCU et les MPU, permettant des applications complexes et gourmandes en ressources de calcul avec la consommation d&rsquo;\u00e9nergie r\u00e9duite et la facilit\u00e9 d&rsquo;utilisation d&rsquo;un MCU. Cela aidera les clients \u00e0 pr\u00e9server leur investissement dans le d\u00e9veloppement de logiciels et \u00e0 r\u00e9duire les co\u00fbts de migration vers un syst\u00e8me bas\u00e9 sur MPU. Comme pour les autres microcontr\u00f4leurs RA, les nouveaux composants offriront les meilleurs p\u00e9riph\u00e9riques, la m\u00e9moire et une faible consommation d&rsquo;\u00e9nergie de leur cat\u00e9gorie.<\/p>\n<p>Le nouveau c\u0153ur Cortex-M85 bas\u00e9 sur l&rsquo;architecture Armv8-M prend en charge la technologie Arm TrustZone pour la protection des actifs s\u00e9curis\u00e9s. Combin\u00e9 \u00e0 TrustZone, le moteur cryptographique int\u00e9gr\u00e9 de Renesas, le stockage immuable, la gestion des cl\u00e9s et la protection contre les attaques par canal lat\u00e9ral DPA\/SPA fourniront une fonctionnalit\u00e9 d&rsquo;\u00e9l\u00e9ment s\u00e9curis\u00e9 compl\u00e8te et enti\u00e8rement int\u00e9gr\u00e9e. L&rsquo;architecture Armv8-M apporte \u00e9galement l&rsquo;extension de s\u00e9curit\u00e9 \u00ab\u00a0Pointer Authentication\/Branch Target Identification (PAC\/BTI)\u00a0\u00bb, une nouvelle fonctionnalit\u00e9 architecturale qui offre une meilleure r\u00e9duction des menaces d&rsquo;attaques logicielles et aide \u00e0 obtenir la certification \u00ab\u00a0PSA Certified Level 2\u00a0\u00bb.<\/p>\n<p>Les nouveaux microcontr\u00f4leurs RA bas\u00e9s sur le c\u0153ur Cortex-M85 seront pris en charge par le progiciel flexible (FSP) de Renesas. Le FSP permet un d\u00e9veloppement d&rsquo;applications plus rapide en fournissant tous les logiciels d&rsquo;infrastructure n\u00e9cessaires, y compris plusieurs RTOS, BSP, pilotes de p\u00e9riph\u00e9riques, intergiciels, connectivit\u00e9, r\u00e9seau et piles de s\u00e9curit\u00e9, ainsi que des logiciels de r\u00e9f\u00e9rence pour cr\u00e9er des solutions complexes d&rsquo;IA, de contr\u00f4le moteur et graphiques. Il permet aux clients d&rsquo;int\u00e9grer leur propre code h\u00e9rit\u00e9 et leur choix de RTOS avec FSP, offrant ainsi une flexibilit\u00e9 totale dans le d\u00e9veloppement d&rsquo;applications. L&rsquo;utilisation du FSP facilitera la migration des conceptions existantes vers les nouveaux composants RA.<\/p>\n<p><a href=\"http:\/\/www.renesas.com\/ra\">www.renesas.com\/ra<\/a>.<\/p>\n<p>&nbsp;<\/p>\n<p>&nbsp;<\/p>\n<p>&nbsp;<\/p>\n","protected":false},"excerpt":{"rendered":"<p>Renesas Electronics pr\u00e9sentera la premi\u00e8re application fonctionnelle en direct d&rsquo;un microcontr\u00f4leur bas\u00e9 sur le processeur Arm Cortex-M85 lors de l&rsquo;exposition et de la conf\u00e9rence Embedded World 2022<\/p>\n","protected":false},"author":36,"featured_media":384860,"comment_status":"closed","ping_status":"closed","sticky":false,"template":"","format":"standard","meta":{"_acf_changed":false,"footnotes":""},"categories":[881],"tags":[936,906],"domains":[47],"ppma_author":[1154],"class_list":["post-384859","post","type-post","status-publish","format-standard","has-post-thumbnail","hentry","category-nouveaux-produits","tag-circuits-integres","tag-mpus-mcus-fr","domains-electronique-eci"],"acf":[],"yoast_head":"<title>Le premier silicium fonctionnel bas\u00e9 sur le processeur Arm Cor...<\/title>\n<meta name=\"description\" content=\"Renesas Electronics pr\u00e9sentera la premi\u00e8re application fonctionnelle en direct d&#039;un microcontr\u00f4leur bas\u00e9 sur le processeur Arm Cortex-M85 lors de...\" \/>\n<meta name=\"robots\" content=\"index, follow, max-snippet:-1, max-image-preview:large, max-video-preview:-1\" \/>\n<link rel=\"canonical\" href=\"https:\/\/www.ecinews.fr\/fr\/wp-json\/wp\/v2\/posts\/384859\/\" \/>\n<meta property=\"og:locale\" content=\"fr_FR\" \/>\n<meta property=\"og:type\" content=\"article\" \/>\n<meta property=\"og:title\" content=\"Le premier silicium fonctionnel bas\u00e9 sur le processeur Arm Cortex-M85\" \/>\n<meta property=\"og:description\" content=\"Renesas Electronics pr\u00e9sentera la premi\u00e8re application fonctionnelle en direct d&#039;un microcontr\u00f4leur bas\u00e9 sur le processeur Arm Cortex-M85 lors de l&#039;exposition et de la conf\u00e9rence Embedded World 2022\" \/>\n<meta property=\"og:url\" content=\"https:\/\/www.ecinews.fr\/fr\/wp-json\/wp\/v2\/posts\/384859\/\" \/>\n<meta property=\"og:site_name\" content=\"EENewsEurope\" \/>\n<meta property=\"article:published_time\" content=\"2022-05-24T12:43:45+00:00\" \/>\n<meta property=\"og:image\" content=\"https:\/\/www.ecinews.fr\/wp-content\/uploads\/2022\/05\/ECI1236_Renesas-scaled.jpg\" \/>\n\t<meta property=\"og:image:width\" content=\"1080\" \/>\n\t<meta property=\"og:image:height\" content=\"608\" \/>\n\t<meta property=\"og:image:type\" content=\"image\/jpeg\" \/>\n<meta name=\"author\" content=\"Alain Dieul\" \/>\n<meta name=\"twitter:card\" content=\"summary_large_image\" \/>\n<meta name=\"twitter:label1\" content=\"Written by\" \/>\n\t<meta name=\"twitter:data1\" content=\"Alain Dieul\" \/>\n\t<meta name=\"twitter:label2\" content=\"Est. reading time\" \/>\n\t<meta name=\"twitter:data2\" content=\"4 minutes\" \/>\n<script type=\"application\/ld+json\" class=\"yoast-schema-graph\">{\"@context\":\"https:\/\/schema.org\",\"@graph\":[{\"@type\":\"Article\",\"@id\":\"https:\/\/www.ecinews.fr\/fr\/le-premier-silicium-fonctionnel-base-sur-le-processeur-arm-cortex-m85\/#article\",\"isPartOf\":{\"@id\":\"https:\/\/www.ecinews.fr\/fr\/le-premier-silicium-fonctionnel-base-sur-le-processeur-arm-cortex-m85\/\"},\"author\":{\"name\":\"Alain Dieul\",\"@id\":\"https:\/\/www.ecinews.fr\/fr\/#\/schema\/person\/e4387676ad67ce722325c7832f3c3762\"},\"headline\":\"Le premier silicium fonctionnel bas\u00e9 sur le processeur Arm Cortex-M85\",\"datePublished\":\"2022-05-24T12:43:45+00:00\",\"dateModified\":\"2022-05-24T12:43:45+00:00\",\"mainEntityOfPage\":{\"@id\":\"https:\/\/www.ecinews.fr\/fr\/le-premier-silicium-fonctionnel-base-sur-le-processeur-arm-cortex-m85\/\"},\"wordCount\":859,\"publisher\":{\"@id\":\"https:\/\/www.ecinews.fr\/fr\/#organization\"},\"keywords\":[\"Circuits int\u00e9gr\u00e9s\",\"MPUs\/MCUs\"],\"articleSection\":[\"Nouveaux produits\"],\"inLanguage\":\"fr-FR\"},{\"@type\":\"WebPage\",\"@id\":\"https:\/\/www.ecinews.fr\/fr\/le-premier-silicium-fonctionnel-base-sur-le-processeur-arm-cortex-m85\/\",\"url\":\"https:\/\/www.ecinews.fr\/fr\/le-premier-silicium-fonctionnel-base-sur-le-processeur-arm-cortex-m85\/\",\"name\":\"Le premier silicium fonctionnel bas\u00e9 sur le processeur Arm Cortex-M85 -\",\"isPartOf\":{\"@id\":\"https:\/\/www.ecinews.fr\/fr\/#website\"},\"datePublished\":\"2022-05-24T12:43:45+00:00\",\"dateModified\":\"2022-05-24T12:43:45+00:00\",\"breadcrumb\":{\"@id\":\"https:\/\/www.ecinews.fr\/fr\/le-premier-silicium-fonctionnel-base-sur-le-processeur-arm-cortex-m85\/#breadcrumb\"},\"inLanguage\":\"fr-FR\",\"potentialAction\":[{\"@type\":\"ReadAction\",\"target\":[\"https:\/\/www.ecinews.fr\/fr\/le-premier-silicium-fonctionnel-base-sur-le-processeur-arm-cortex-m85\/\"]}]},{\"@type\":\"BreadcrumbList\",\"@id\":\"https:\/\/www.ecinews.fr\/fr\/le-premier-silicium-fonctionnel-base-sur-le-processeur-arm-cortex-m85\/#breadcrumb\",\"itemListElement\":[{\"@type\":\"ListItem\",\"position\":1,\"name\":\"Home\",\"item\":\"https:\/\/www.ecinews.fr\/fr\/\"},{\"@type\":\"ListItem\",\"position\":2,\"name\":\"Le premier silicium fonctionnel bas\u00e9 sur le processeur Arm Cortex-M85\"}]},{\"@type\":\"WebSite\",\"@id\":\"https:\/\/www.ecinews.fr\/fr\/#website\",\"url\":\"https:\/\/www.ecinews.fr\/fr\/\",\"name\":\"EENewsEurope\",\"description\":\"Just another WordPress site\",\"publisher\":{\"@id\":\"https:\/\/www.ecinews.fr\/fr\/#organization\"},\"potentialAction\":[{\"@type\":\"SearchAction\",\"target\":{\"@type\":\"EntryPoint\",\"urlTemplate\":\"https:\/\/www.ecinews.fr\/fr\/?s={search_term_string}\"},\"query-input\":\"required name=search_term_string\"}],\"inLanguage\":\"fr-FR\"},{\"@type\":\"Organization\",\"@id\":\"https:\/\/www.ecinews.fr\/fr\/#organization\",\"name\":\"EENewsEurope\",\"url\":\"https:\/\/www.ecinews.fr\/fr\/\",\"logo\":{\"@type\":\"ImageObject\",\"inLanguage\":\"fr-FR\",\"@id\":\"https:\/\/www.ecinews.fr\/fr\/#\/schema\/logo\/image\/\",\"url\":\"https:\/\/www.ecinews.fr\/wp-content\/uploads\/2022\/02\/logo-1.jpg\",\"contentUrl\":\"https:\/\/www.ecinews.fr\/wp-content\/uploads\/2022\/02\/logo-1.jpg\",\"width\":283,\"height\":113,\"caption\":\"EENewsEurope\"},\"image\":{\"@id\":\"https:\/\/www.ecinews.fr\/fr\/#\/schema\/logo\/image\/\"}},{\"@type\":\"Person\",\"@id\":\"https:\/\/www.ecinews.fr\/fr\/#\/schema\/person\/e4387676ad67ce722325c7832f3c3762\",\"name\":\"Alain Dieul\",\"image\":{\"@type\":\"ImageObject\",\"inLanguage\":\"fr-FR\",\"@id\":\"https:\/\/www.ecinews.fr\/fr\/#\/schema\/person\/image\/736120675699dbbf0f0f282b9a9cfb75\",\"url\":\"https:\/\/secure.gravatar.com\/avatar\/bc93b056d07515be5b8eecd4acf49c5c?s=96&d=mm&r=g\",\"contentUrl\":\"https:\/\/secure.gravatar.com\/avatar\/bc93b056d07515be5b8eecd4acf49c5c?s=96&d=mm&r=g\",\"caption\":\"Alain Dieul\"},\"sameAs\":[\"http:\/\/ECINews\"]}]}<\/script>","yoast_head_json":{"title":"Le premier silicium fonctionnel bas\u00e9 sur le processeur Arm Cor...","description":"Renesas Electronics pr\u00e9sentera la premi\u00e8re application fonctionnelle en direct d'un microcontr\u00f4leur bas\u00e9 sur le processeur Arm Cortex-M85 lors de...","robots":{"index":"index","follow":"follow","max-snippet":"max-snippet:-1","max-image-preview":"max-image-preview:large","max-video-preview":"max-video-preview:-1"},"canonical":"https:\/\/www.ecinews.fr\/fr\/wp-json\/wp\/v2\/posts\/384859\/","og_locale":"fr_FR","og_type":"article","og_title":"Le premier silicium fonctionnel bas\u00e9 sur le processeur Arm Cortex-M85","og_description":"Renesas Electronics pr\u00e9sentera la premi\u00e8re application fonctionnelle en direct d'un microcontr\u00f4leur bas\u00e9 sur le processeur Arm Cortex-M85 lors de l'exposition et de la conf\u00e9rence Embedded World 2022","og_url":"https:\/\/www.ecinews.fr\/fr\/wp-json\/wp\/v2\/posts\/384859\/","og_site_name":"EENewsEurope","article_published_time":"2022-05-24T12:43:45+00:00","og_image":[{"width":1080,"height":608,"url":"https:\/\/www.ecinews.fr\/wp-content\/uploads\/2022\/05\/ECI1236_Renesas-scaled.jpg","type":"image\/jpeg"}],"author":"Alain Dieul","twitter_card":"summary_large_image","twitter_misc":{"Written by":"Alain Dieul","Est. reading time":"4 minutes"},"schema":{"@context":"https:\/\/schema.org","@graph":[{"@type":"Article","@id":"https:\/\/www.ecinews.fr\/fr\/le-premier-silicium-fonctionnel-base-sur-le-processeur-arm-cortex-m85\/#article","isPartOf":{"@id":"https:\/\/www.ecinews.fr\/fr\/le-premier-silicium-fonctionnel-base-sur-le-processeur-arm-cortex-m85\/"},"author":{"name":"Alain Dieul","@id":"https:\/\/www.ecinews.fr\/fr\/#\/schema\/person\/e4387676ad67ce722325c7832f3c3762"},"headline":"Le premier silicium fonctionnel bas\u00e9 sur le processeur Arm Cortex-M85","datePublished":"2022-05-24T12:43:45+00:00","dateModified":"2022-05-24T12:43:45+00:00","mainEntityOfPage":{"@id":"https:\/\/www.ecinews.fr\/fr\/le-premier-silicium-fonctionnel-base-sur-le-processeur-arm-cortex-m85\/"},"wordCount":859,"publisher":{"@id":"https:\/\/www.ecinews.fr\/fr\/#organization"},"keywords":["Circuits int\u00e9gr\u00e9s","MPUs\/MCUs"],"articleSection":["Nouveaux produits"],"inLanguage":"fr-FR"},{"@type":"WebPage","@id":"https:\/\/www.ecinews.fr\/fr\/le-premier-silicium-fonctionnel-base-sur-le-processeur-arm-cortex-m85\/","url":"https:\/\/www.ecinews.fr\/fr\/le-premier-silicium-fonctionnel-base-sur-le-processeur-arm-cortex-m85\/","name":"Le premier silicium fonctionnel bas\u00e9 sur le processeur Arm Cortex-M85 -","isPartOf":{"@id":"https:\/\/www.ecinews.fr\/fr\/#website"},"datePublished":"2022-05-24T12:43:45+00:00","dateModified":"2022-05-24T12:43:45+00:00","breadcrumb":{"@id":"https:\/\/www.ecinews.fr\/fr\/le-premier-silicium-fonctionnel-base-sur-le-processeur-arm-cortex-m85\/#breadcrumb"},"inLanguage":"fr-FR","potentialAction":[{"@type":"ReadAction","target":["https:\/\/www.ecinews.fr\/fr\/le-premier-silicium-fonctionnel-base-sur-le-processeur-arm-cortex-m85\/"]}]},{"@type":"BreadcrumbList","@id":"https:\/\/www.ecinews.fr\/fr\/le-premier-silicium-fonctionnel-base-sur-le-processeur-arm-cortex-m85\/#breadcrumb","itemListElement":[{"@type":"ListItem","position":1,"name":"Home","item":"https:\/\/www.ecinews.fr\/fr\/"},{"@type":"ListItem","position":2,"name":"Le premier silicium fonctionnel bas\u00e9 sur le processeur Arm Cortex-M85"}]},{"@type":"WebSite","@id":"https:\/\/www.ecinews.fr\/fr\/#website","url":"https:\/\/www.ecinews.fr\/fr\/","name":"EENewsEurope","description":"Just another WordPress site","publisher":{"@id":"https:\/\/www.ecinews.fr\/fr\/#organization"},"potentialAction":[{"@type":"SearchAction","target":{"@type":"EntryPoint","urlTemplate":"https:\/\/www.ecinews.fr\/fr\/?s={search_term_string}"},"query-input":"required name=search_term_string"}],"inLanguage":"fr-FR"},{"@type":"Organization","@id":"https:\/\/www.ecinews.fr\/fr\/#organization","name":"EENewsEurope","url":"https:\/\/www.ecinews.fr\/fr\/","logo":{"@type":"ImageObject","inLanguage":"fr-FR","@id":"https:\/\/www.ecinews.fr\/fr\/#\/schema\/logo\/image\/","url":"https:\/\/www.ecinews.fr\/wp-content\/uploads\/2022\/02\/logo-1.jpg","contentUrl":"https:\/\/www.ecinews.fr\/wp-content\/uploads\/2022\/02\/logo-1.jpg","width":283,"height":113,"caption":"EENewsEurope"},"image":{"@id":"https:\/\/www.ecinews.fr\/fr\/#\/schema\/logo\/image\/"}},{"@type":"Person","@id":"https:\/\/www.ecinews.fr\/fr\/#\/schema\/person\/e4387676ad67ce722325c7832f3c3762","name":"Alain Dieul","image":{"@type":"ImageObject","inLanguage":"fr-FR","@id":"https:\/\/www.ecinews.fr\/fr\/#\/schema\/person\/image\/736120675699dbbf0f0f282b9a9cfb75","url":"https:\/\/secure.gravatar.com\/avatar\/bc93b056d07515be5b8eecd4acf49c5c?s=96&d=mm&r=g","contentUrl":"https:\/\/secure.gravatar.com\/avatar\/bc93b056d07515be5b8eecd4acf49c5c?s=96&d=mm&r=g","caption":"Alain Dieul"},"sameAs":["http:\/\/ECINews"]}]}},"authors":[{"term_id":1154,"user_id":36,"is_guest":0,"slug":"alain-dieul","display_name":"Alain Dieul","avatar_url":"https:\/\/secure.gravatar.com\/avatar\/bc93b056d07515be5b8eecd4acf49c5c?s=96&d=mm&r=g","0":null,"1":"","2":"","3":"","4":"","5":"","6":"","7":"","8":""}],"_links":{"self":[{"href":"https:\/\/www.ecinews.fr\/fr\/wp-json\/wp\/v2\/posts\/384859"}],"collection":[{"href":"https:\/\/www.ecinews.fr\/fr\/wp-json\/wp\/v2\/posts"}],"about":[{"href":"https:\/\/www.ecinews.fr\/fr\/wp-json\/wp\/v2\/types\/post"}],"author":[{"embeddable":true,"href":"https:\/\/www.ecinews.fr\/fr\/wp-json\/wp\/v2\/users\/36"}],"replies":[{"embeddable":true,"href":"https:\/\/www.ecinews.fr\/fr\/wp-json\/wp\/v2\/comments?post=384859"}],"version-history":[{"count":0,"href":"https:\/\/www.ecinews.fr\/fr\/wp-json\/wp\/v2\/posts\/384859\/revisions"}],"wp:featuredmedia":[{"embeddable":true,"href":"https:\/\/www.ecinews.fr\/fr\/wp-json\/wp\/v2\/media\/384860"}],"wp:attachment":[{"href":"https:\/\/www.ecinews.fr\/fr\/wp-json\/wp\/v2\/media?parent=384859"}],"wp:term":[{"taxonomy":"category","embeddable":true,"href":"https:\/\/www.ecinews.fr\/fr\/wp-json\/wp\/v2\/categories?post=384859"},{"taxonomy":"post_tag","embeddable":true,"href":"https:\/\/www.ecinews.fr\/fr\/wp-json\/wp\/v2\/tags?post=384859"},{"taxonomy":"domains","embeddable":true,"href":"https:\/\/www.ecinews.fr\/fr\/wp-json\/wp\/v2\/domains?post=384859"},{"taxonomy":"author","embeddable":true,"href":"https:\/\/www.ecinews.fr\/fr\/wp-json\/wp\/v2\/ppma_author?post=384859"}],"curies":[{"name":"wp","href":"https:\/\/api.w.org\/{rel}","templated":true}]}}