{"id":383969,"date":"2022-05-18T08:45:26","date_gmt":"2022-05-18T06:45:26","guid":{"rendered":"https:\/\/www.ecinews.fr\/?p=383969"},"modified":"2022-05-18T08:45:26","modified_gmt":"2022-05-18T06:45:26","slug":"sipearl-franchit-le-cap-des-100-collaborateurs","status":"publish","type":"post","link":"https:\/\/www.ecinews.fr\/fr\/sipearl-franchit-le-cap-des-100-collaborateurs\/","title":{"rendered":"SiPearl franchit le cap des 100 collaborateurs"},"content":{"rendered":"<p>SiPearl, la soci\u00e9t\u00e9 qui con\u00e7oit le microprocesseur haute performance et basse consommation destin\u00e9 aux supercalculateurs exascale europ\u00e9ens, emploie\u00a0aujourd\u2019hui\u00a0104 sp\u00e9cialistes en micro\u00e9lectronique et logiciel, seniors comme juniors issus d\u2019\u00e9coles d\u2019ing\u00e9nieur ou d\u2019universit\u00e9s. Afin d\u2019atteindre son objectif de 1 000 collaborateurs en 2025, elle intensifie sa strat\u00e9gie de recrutement lanc\u00e9e il y a un an. Attach\u00e9e \u00e0 la diversit\u00e9 de ses \u00e9quipes, la soci\u00e9t\u00e9 privil\u00e9gie l\u2019embauche de collaborateurs aux profils, exp\u00e9riences, cultures et nationalit\u00e9s vari\u00e9s avec notamment en ligne de mire la f\u00e9minisation de ses m\u00e9tiers tout en mettant l\u2019accent sur l\u2019excellence et la passion. Pour ses diff\u00e9rentes implantations, elle propose actuellement de nombreux postes en micro-\u00e9lectronique (conception RTL et SOC, DFT, v\u00e9rification, prototypage, synth\u00e8se, impl\u00e9mentation physique) et en logiciel (conception et architecture, embarqu\u00e9, Kernel Linux, UEFI\/BIOS, Calcul Haute Performance). Sensible aux difficult\u00e9s des futurs dipl\u00f4m\u00e9s \u00e0 acqu\u00e9rir une expertise m\u00e9tier dans des technologies en plein renouveau, la soci\u00e9t\u00e9 propose \u00e9galement pour la rentr\u00e9e 2022-2023 des stages et des alternances r\u00e9pondant \u00e0 ses futurs besoins de recrutement.<\/p>\n<p>\u00ab Qu\u2019ils soient experts chevronn\u00e9s de leur secteur ou jeunes dipl\u00f4m\u00e9s en recherche d\u2019une premi\u00e8re exp\u00e9rience, nous offrons \u00e0 nos futurs collaborateurs l\u2019opportunit\u00e9 de vivre l\u2019aventure la plus excitante de la tech europ\u00e9enne ! Avec nous, ils concevront le microprocesseur haute performance et basse consommation qui permettra \u00e0 l&rsquo;Europe de r\u00e9aliser de grandes avanc\u00e9es dans les domaines strat\u00e9giques de l&rsquo;intelligence artificielle, la sant\u00e9, le climat ou la gestion de l\u2019\u00e9nergie notamment. Pour ce faire, ils utiliseront les technologies les plus avanc\u00e9es : l\u2019architecture ARM Neoverse V1, la plateforme d\u2019\u00e9mulation mat\u00e9rielle Veloce Strato de Siemens Digital Industries Software, le process de gravure 6nm de TSMC avec de l\u2019int\u00e9gration 2.5D.\u2026 \u00bb, conclut Philippe Notton, CEO et fondateur de SiPearl.<\/p>\n<p>\u00a0<a href=\"https:\/\/sipearl.com\/emploi-sipearl\">https:\/\/sipearl.com\/emploi-sipearl<\/a><\/p>\n","protected":false},"excerpt":{"rendered":"<p>Afin d\u2019atteindre son objectif de 1 000 collaborateurs en 2025, SiPearl intensifie sa strat\u00e9gie de recrutement.<\/p>\n","protected":false},"author":36,"featured_media":383970,"comment_status":"closed","ping_status":"closed","sticky":false,"template":"","format":"standard","meta":{"_acf_changed":false,"footnotes":""},"categories":[886],"tags":[936],"domains":[47],"ppma_author":[1154],"class_list":["post-383969","post","type-post","status-publish","format-standard","has-post-thumbnail","hentry","category-news-fr","tag-circuits-integres","domains-electronique-eci"],"acf":[],"yoast_head":"<title>SiPearl franchit le cap des 100 collaborateurs ...<\/title>\n<meta name=\"description\" content=\"Afin d\u2019atteindre son objectif de 1 000 collaborateurs en 2025, SiPearl intensifie sa strat\u00e9gie de recrutement.\" \/>\n<meta name=\"robots\" content=\"index, follow, max-snippet:-1, max-image-preview:large, max-video-preview:-1\" \/>\n<link rel=\"canonical\" href=\"https:\/\/www.ecinews.fr\/fr\/wp-json\/wp\/v2\/posts\/383969\/\" \/>\n<meta property=\"og:locale\" content=\"fr_FR\" \/>\n<meta property=\"og:type\" content=\"article\" \/>\n<meta property=\"og:title\" content=\"SiPearl franchit le cap des 100 collaborateurs\" \/>\n<meta property=\"og:description\" content=\"Afin d\u2019atteindre son objectif de 1 000 collaborateurs en 2025, SiPearl intensifie sa strat\u00e9gie de recrutement.\" \/>\n<meta property=\"og:url\" content=\"https:\/\/www.ecinews.fr\/fr\/wp-json\/wp\/v2\/posts\/383969\/\" \/>\n<meta property=\"og:site_name\" content=\"EENewsEurope\" \/>\n<meta property=\"article:published_time\" content=\"2022-05-18T06:45:26+00:00\" \/>\n<meta property=\"og:image\" content=\"https:\/\/www.ecinews.fr\/wp-content\/uploads\/2022\/05\/ECI1218_SiPearl.jpg\" \/>\n\t<meta property=\"og:image:width\" content=\"1057\" \/>\n\t<meta property=\"og:image:height\" content=\"635\" \/>\n\t<meta property=\"og:image:type\" content=\"image\/jpeg\" \/>\n<meta name=\"author\" content=\"Alain Dieul\" \/>\n<meta name=\"twitter:card\" content=\"summary_large_image\" \/>\n<meta name=\"twitter:label1\" content=\"Written by\" \/>\n\t<meta name=\"twitter:data1\" content=\"Alain Dieul\" \/>\n\t<meta name=\"twitter:label2\" content=\"Est. reading time\" \/>\n\t<meta name=\"twitter:data2\" content=\"2 minutes\" \/>\n<script type=\"application\/ld+json\" class=\"yoast-schema-graph\">{\"@context\":\"https:\/\/schema.org\",\"@graph\":[{\"@type\":\"Article\",\"@id\":\"https:\/\/www.ecinews.fr\/fr\/sipearl-franchit-le-cap-des-100-collaborateurs\/#article\",\"isPartOf\":{\"@id\":\"https:\/\/www.ecinews.fr\/fr\/sipearl-franchit-le-cap-des-100-collaborateurs\/\"},\"author\":{\"name\":\"Alain Dieul\",\"@id\":\"https:\/\/www.ecinews.fr\/fr\/#\/schema\/person\/e4387676ad67ce722325c7832f3c3762\"},\"headline\":\"SiPearl franchit le cap des 100 collaborateurs\",\"datePublished\":\"2022-05-18T06:45:26+00:00\",\"dateModified\":\"2022-05-18T06:45:26+00:00\",\"mainEntityOfPage\":{\"@id\":\"https:\/\/www.ecinews.fr\/fr\/sipearl-franchit-le-cap-des-100-collaborateurs\/\"},\"wordCount\":342,\"publisher\":{\"@id\":\"https:\/\/www.ecinews.fr\/fr\/#organization\"},\"keywords\":[\"Circuits int\u00e9gr\u00e9s\"],\"articleSection\":[\"Actualit\u00e9 g\u00e9n\u00e9rale\"],\"inLanguage\":\"fr-FR\"},{\"@type\":\"WebPage\",\"@id\":\"https:\/\/www.ecinews.fr\/fr\/sipearl-franchit-le-cap-des-100-collaborateurs\/\",\"url\":\"https:\/\/www.ecinews.fr\/fr\/sipearl-franchit-le-cap-des-100-collaborateurs\/\",\"name\":\"SiPearl franchit le cap des 100 collaborateurs -\",\"isPartOf\":{\"@id\":\"https:\/\/www.ecinews.fr\/fr\/#website\"},\"datePublished\":\"2022-05-18T06:45:26+00:00\",\"dateModified\":\"2022-05-18T06:45:26+00:00\",\"breadcrumb\":{\"@id\":\"https:\/\/www.ecinews.fr\/fr\/sipearl-franchit-le-cap-des-100-collaborateurs\/#breadcrumb\"},\"inLanguage\":\"fr-FR\",\"potentialAction\":[{\"@type\":\"ReadAction\",\"target\":[\"https:\/\/www.ecinews.fr\/fr\/sipearl-franchit-le-cap-des-100-collaborateurs\/\"]}]},{\"@type\":\"BreadcrumbList\",\"@id\":\"https:\/\/www.ecinews.fr\/fr\/sipearl-franchit-le-cap-des-100-collaborateurs\/#breadcrumb\",\"itemListElement\":[{\"@type\":\"ListItem\",\"position\":1,\"name\":\"Home\",\"item\":\"https:\/\/www.ecinews.fr\/fr\/\"},{\"@type\":\"ListItem\",\"position\":2,\"name\":\"SiPearl franchit le cap des 100 collaborateurs\"}]},{\"@type\":\"WebSite\",\"@id\":\"https:\/\/www.ecinews.fr\/fr\/#website\",\"url\":\"https:\/\/www.ecinews.fr\/fr\/\",\"name\":\"EENewsEurope\",\"description\":\"Just another WordPress site\",\"publisher\":{\"@id\":\"https:\/\/www.ecinews.fr\/fr\/#organization\"},\"potentialAction\":[{\"@type\":\"SearchAction\",\"target\":{\"@type\":\"EntryPoint\",\"urlTemplate\":\"https:\/\/www.ecinews.fr\/fr\/?s={search_term_string}\"},\"query-input\":\"required name=search_term_string\"}],\"inLanguage\":\"fr-FR\"},{\"@type\":\"Organization\",\"@id\":\"https:\/\/www.ecinews.fr\/fr\/#organization\",\"name\":\"EENewsEurope\",\"url\":\"https:\/\/www.ecinews.fr\/fr\/\",\"logo\":{\"@type\":\"ImageObject\",\"inLanguage\":\"fr-FR\",\"@id\":\"https:\/\/www.ecinews.fr\/fr\/#\/schema\/logo\/image\/\",\"url\":\"https:\/\/www.ecinews.fr\/wp-content\/uploads\/2022\/02\/logo-1.jpg\",\"contentUrl\":\"https:\/\/www.ecinews.fr\/wp-content\/uploads\/2022\/02\/logo-1.jpg\",\"width\":283,\"height\":113,\"caption\":\"EENewsEurope\"},\"image\":{\"@id\":\"https:\/\/www.ecinews.fr\/fr\/#\/schema\/logo\/image\/\"}},{\"@type\":\"Person\",\"@id\":\"https:\/\/www.ecinews.fr\/fr\/#\/schema\/person\/e4387676ad67ce722325c7832f3c3762\",\"name\":\"Alain Dieul\",\"image\":{\"@type\":\"ImageObject\",\"inLanguage\":\"fr-FR\",\"@id\":\"https:\/\/www.ecinews.fr\/fr\/#\/schema\/person\/image\/736120675699dbbf0f0f282b9a9cfb75\",\"url\":\"https:\/\/secure.gravatar.com\/avatar\/bc93b056d07515be5b8eecd4acf49c5c?s=96&d=mm&r=g\",\"contentUrl\":\"https:\/\/secure.gravatar.com\/avatar\/bc93b056d07515be5b8eecd4acf49c5c?s=96&d=mm&r=g\",\"caption\":\"Alain Dieul\"},\"sameAs\":[\"http:\/\/ECINews\"]}]}<\/script>","yoast_head_json":{"title":"SiPearl franchit le cap des 100 collaborateurs ...","description":"Afin d\u2019atteindre son objectif de 1 000 collaborateurs en 2025, SiPearl intensifie sa strat\u00e9gie de recrutement.","robots":{"index":"index","follow":"follow","max-snippet":"max-snippet:-1","max-image-preview":"max-image-preview:large","max-video-preview":"max-video-preview:-1"},"canonical":"https:\/\/www.ecinews.fr\/fr\/wp-json\/wp\/v2\/posts\/383969\/","og_locale":"fr_FR","og_type":"article","og_title":"SiPearl franchit le cap des 100 collaborateurs","og_description":"Afin d\u2019atteindre son objectif de 1 000 collaborateurs en 2025, SiPearl intensifie sa strat\u00e9gie de recrutement.","og_url":"https:\/\/www.ecinews.fr\/fr\/wp-json\/wp\/v2\/posts\/383969\/","og_site_name":"EENewsEurope","article_published_time":"2022-05-18T06:45:26+00:00","og_image":[{"width":1057,"height":635,"url":"https:\/\/www.ecinews.fr\/wp-content\/uploads\/2022\/05\/ECI1218_SiPearl.jpg","type":"image\/jpeg"}],"author":"Alain Dieul","twitter_card":"summary_large_image","twitter_misc":{"Written by":"Alain Dieul","Est. reading time":"2 minutes"},"schema":{"@context":"https:\/\/schema.org","@graph":[{"@type":"Article","@id":"https:\/\/www.ecinews.fr\/fr\/sipearl-franchit-le-cap-des-100-collaborateurs\/#article","isPartOf":{"@id":"https:\/\/www.ecinews.fr\/fr\/sipearl-franchit-le-cap-des-100-collaborateurs\/"},"author":{"name":"Alain Dieul","@id":"https:\/\/www.ecinews.fr\/fr\/#\/schema\/person\/e4387676ad67ce722325c7832f3c3762"},"headline":"SiPearl franchit le cap des 100 collaborateurs","datePublished":"2022-05-18T06:45:26+00:00","dateModified":"2022-05-18T06:45:26+00:00","mainEntityOfPage":{"@id":"https:\/\/www.ecinews.fr\/fr\/sipearl-franchit-le-cap-des-100-collaborateurs\/"},"wordCount":342,"publisher":{"@id":"https:\/\/www.ecinews.fr\/fr\/#organization"},"keywords":["Circuits int\u00e9gr\u00e9s"],"articleSection":["Actualit\u00e9 g\u00e9n\u00e9rale"],"inLanguage":"fr-FR"},{"@type":"WebPage","@id":"https:\/\/www.ecinews.fr\/fr\/sipearl-franchit-le-cap-des-100-collaborateurs\/","url":"https:\/\/www.ecinews.fr\/fr\/sipearl-franchit-le-cap-des-100-collaborateurs\/","name":"SiPearl franchit le cap des 100 collaborateurs -","isPartOf":{"@id":"https:\/\/www.ecinews.fr\/fr\/#website"},"datePublished":"2022-05-18T06:45:26+00:00","dateModified":"2022-05-18T06:45:26+00:00","breadcrumb":{"@id":"https:\/\/www.ecinews.fr\/fr\/sipearl-franchit-le-cap-des-100-collaborateurs\/#breadcrumb"},"inLanguage":"fr-FR","potentialAction":[{"@type":"ReadAction","target":["https:\/\/www.ecinews.fr\/fr\/sipearl-franchit-le-cap-des-100-collaborateurs\/"]}]},{"@type":"BreadcrumbList","@id":"https:\/\/www.ecinews.fr\/fr\/sipearl-franchit-le-cap-des-100-collaborateurs\/#breadcrumb","itemListElement":[{"@type":"ListItem","position":1,"name":"Home","item":"https:\/\/www.ecinews.fr\/fr\/"},{"@type":"ListItem","position":2,"name":"SiPearl franchit le cap des 100 collaborateurs"}]},{"@type":"WebSite","@id":"https:\/\/www.ecinews.fr\/fr\/#website","url":"https:\/\/www.ecinews.fr\/fr\/","name":"EENewsEurope","description":"Just another WordPress site","publisher":{"@id":"https:\/\/www.ecinews.fr\/fr\/#organization"},"potentialAction":[{"@type":"SearchAction","target":{"@type":"EntryPoint","urlTemplate":"https:\/\/www.ecinews.fr\/fr\/?s={search_term_string}"},"query-input":"required name=search_term_string"}],"inLanguage":"fr-FR"},{"@type":"Organization","@id":"https:\/\/www.ecinews.fr\/fr\/#organization","name":"EENewsEurope","url":"https:\/\/www.ecinews.fr\/fr\/","logo":{"@type":"ImageObject","inLanguage":"fr-FR","@id":"https:\/\/www.ecinews.fr\/fr\/#\/schema\/logo\/image\/","url":"https:\/\/www.ecinews.fr\/wp-content\/uploads\/2022\/02\/logo-1.jpg","contentUrl":"https:\/\/www.ecinews.fr\/wp-content\/uploads\/2022\/02\/logo-1.jpg","width":283,"height":113,"caption":"EENewsEurope"},"image":{"@id":"https:\/\/www.ecinews.fr\/fr\/#\/schema\/logo\/image\/"}},{"@type":"Person","@id":"https:\/\/www.ecinews.fr\/fr\/#\/schema\/person\/e4387676ad67ce722325c7832f3c3762","name":"Alain Dieul","image":{"@type":"ImageObject","inLanguage":"fr-FR","@id":"https:\/\/www.ecinews.fr\/fr\/#\/schema\/person\/image\/736120675699dbbf0f0f282b9a9cfb75","url":"https:\/\/secure.gravatar.com\/avatar\/bc93b056d07515be5b8eecd4acf49c5c?s=96&d=mm&r=g","contentUrl":"https:\/\/secure.gravatar.com\/avatar\/bc93b056d07515be5b8eecd4acf49c5c?s=96&d=mm&r=g","caption":"Alain Dieul"},"sameAs":["http:\/\/ECINews"]}]}},"authors":[{"term_id":1154,"user_id":36,"is_guest":0,"slug":"alain-dieul","display_name":"Alain Dieul","avatar_url":"https:\/\/secure.gravatar.com\/avatar\/bc93b056d07515be5b8eecd4acf49c5c?s=96&d=mm&r=g","0":null,"1":"","2":"","3":"","4":"","5":"","6":"","7":"","8":""}],"_links":{"self":[{"href":"https:\/\/www.ecinews.fr\/fr\/wp-json\/wp\/v2\/posts\/383969"}],"collection":[{"href":"https:\/\/www.ecinews.fr\/fr\/wp-json\/wp\/v2\/posts"}],"about":[{"href":"https:\/\/www.ecinews.fr\/fr\/wp-json\/wp\/v2\/types\/post"}],"author":[{"embeddable":true,"href":"https:\/\/www.ecinews.fr\/fr\/wp-json\/wp\/v2\/users\/36"}],"replies":[{"embeddable":true,"href":"https:\/\/www.ecinews.fr\/fr\/wp-json\/wp\/v2\/comments?post=383969"}],"version-history":[{"count":0,"href":"https:\/\/www.ecinews.fr\/fr\/wp-json\/wp\/v2\/posts\/383969\/revisions"}],"wp:featuredmedia":[{"embeddable":true,"href":"https:\/\/www.ecinews.fr\/fr\/wp-json\/wp\/v2\/media\/383970"}],"wp:attachment":[{"href":"https:\/\/www.ecinews.fr\/fr\/wp-json\/wp\/v2\/media?parent=383969"}],"wp:term":[{"taxonomy":"category","embeddable":true,"href":"https:\/\/www.ecinews.fr\/fr\/wp-json\/wp\/v2\/categories?post=383969"},{"taxonomy":"post_tag","embeddable":true,"href":"https:\/\/www.ecinews.fr\/fr\/wp-json\/wp\/v2\/tags?post=383969"},{"taxonomy":"domains","embeddable":true,"href":"https:\/\/www.ecinews.fr\/fr\/wp-json\/wp\/v2\/domains?post=383969"},{"taxonomy":"author","embeddable":true,"href":"https:\/\/www.ecinews.fr\/fr\/wp-json\/wp\/v2\/ppma_author?post=383969"}],"curies":[{"name":"wp","href":"https:\/\/api.w.org\/{rel}","templated":true}]}}