{"id":383965,"date":"2022-05-18T08:39:45","date_gmt":"2022-05-18T06:39:45","guid":{"rendered":"https:\/\/www.ecinews.fr\/?p=383965"},"modified":"2022-05-18T08:39:45","modified_gmt":"2022-05-18T06:39:45","slug":"accelerometre-mems-minimisant-la-consommation-denergie","status":"publish","type":"post","link":"https:\/\/www.ecinews.fr\/fr\/accelerometre-mems-minimisant-la-consommation-denergie\/","title":{"rendered":"Acc\u00e9l\u00e9rom\u00e8tre MEMS minimisant la consommation d\u2019\u00e9nergie"},"content":{"rendered":"<p>L\u2019acc\u00e9l\u00e9rom\u00e8tre ADXL367\u00a0r\u00e9duit\u00a0la consommation d\u2019\u00e9nergie de\u00a0moiti\u00e9\u00a0par rapport\u00a0\u00e0 l\u2019ADXL362 de\u00a0g\u00e9n\u00e9ration pr\u00e9c\u00e9dente tout en am\u00e9liorant les performances en bruit de plus de 30\u00a0%.\u00a0Par ailleurs, cette\u00a0nouvelle r\u00e9f\u00e9rence\u00a0se distingue par\u00a0un\u00a0fonctionnement\u00a0sur\u00a0site\u00a0prolong\u00e9 qui maximise l\u2019autonomie\u00a0de la batterie\u00a0tout en\u00a0r\u00e9duisant la fr\u00e9quence et les\u00a0co\u00fbts de maintenance. L\u2019acc\u00e9l\u00e9rom\u00e8tre\u00a0ADXL367 consomme seulement 0,88\u00a0\u00b5A\u00a0\u00e0 la fr\u00e9quence\u00a0de\u00a0sortie\u00a0de donn\u00e9es\u00a0de 100\u00a0Hz,\u00a0et 180\u00a0nA en mode r\u00e9veil\u00a0avec d\u00e9clenchement\u00a0par\u00a0un\u00a0mouvement. Contrairement aux acc\u00e9l\u00e9rom\u00e8tres qui\u00a0se r\u00e9veillent\u00a0de mani\u00e8re\u00a0cyclique\u00a0afin de\u00a0minimiser la\u00a0consommation d\u2019\u00e9nergie, l\u2019ADXL367\u00a0ne\u00a0souffre pas du repliement de spectre des signaux d\u2019entr\u00e9e\u00a0par\u00a0sous-\u00e9chantillonnage, mais \u00e9chantillonne la\u00a0totalit\u00e9 de la\u00a0bande passante du capteur \u00e0 toutes les\u00a0fr\u00e9quences de sortie de\u00a0donn\u00e9es.<\/p>\n<p><a title=\"www.analog.com\" href=\"http:\/\/www.analog.com\">www.analog.com<\/a><\/p>\n<p>&nbsp;<\/p>\n","protected":false},"excerpt":{"rendered":"<p>Analog Devices, Inc, annonce sous la r\u00e9f\u00e9rence ADXL367 un acc\u00e9l\u00e9rom\u00e8tre MEMS triaxial con\u00e7u pour une large gamme d\u2019applications industrielles et de sant\u00e9. <\/p>\n","protected":false},"author":36,"featured_media":383966,"comment_status":"closed","ping_status":"closed","sticky":false,"template":"","format":"standard","meta":{"_acf_changed":false,"footnotes":""},"categories":[881],"tags":[937,936],"domains":[47],"ppma_author":[1154],"class_list":["post-383965","post","type-post","status-publish","format-standard","has-post-thumbnail","hentry","category-nouveaux-produits","tag-capteur","tag-circuits-integres","domains-electronique-eci"],"acf":[],"yoast_head":"<title>Acc\u00e9l\u00e9rom\u00e8tre MEMS minimisant la consommation d\u2019\u00e9nergie ...<\/title>\n<meta name=\"description\" content=\"Analog Devices, Inc, annonce sous la r\u00e9f\u00e9rence ADXL367 un acc\u00e9l\u00e9rom\u00e8tre MEMS triaxial con\u00e7u pour une large gamme d\u2019applications industrielles et de...\" \/>\n<meta name=\"robots\" content=\"index, follow, max-snippet:-1, max-image-preview:large, max-video-preview:-1\" \/>\n<link rel=\"canonical\" href=\"https:\/\/www.ecinews.fr\/fr\/wp-json\/wp\/v2\/posts\/383965\/\" \/>\n<meta property=\"og:locale\" content=\"fr_FR\" \/>\n<meta property=\"og:type\" content=\"article\" \/>\n<meta property=\"og:title\" content=\"Acc\u00e9l\u00e9rom\u00e8tre MEMS minimisant la consommation d\u2019\u00e9nergie\" \/>\n<meta property=\"og:description\" content=\"Analog Devices, Inc, annonce sous la r\u00e9f\u00e9rence ADXL367 un acc\u00e9l\u00e9rom\u00e8tre MEMS triaxial con\u00e7u pour une large gamme d\u2019applications industrielles et de sant\u00e9.\" \/>\n<meta property=\"og:url\" content=\"https:\/\/www.ecinews.fr\/fr\/wp-json\/wp\/v2\/posts\/383965\/\" \/>\n<meta property=\"og:site_name\" content=\"EENewsEurope\" \/>\n<meta property=\"article:published_time\" content=\"2022-05-18T06:39:45+00:00\" \/>\n<meta property=\"og:image\" content=\"https:\/\/www.ecinews.fr\/wp-content\/uploads\/2022\/05\/ECI1217_ADI-scaled.jpg\" \/>\n\t<meta property=\"og:image:width\" content=\"1056\" \/>\n\t<meta property=\"og:image:height\" content=\"1080\" \/>\n\t<meta property=\"og:image:type\" content=\"image\/jpeg\" \/>\n<meta name=\"author\" content=\"Alain Dieul\" \/>\n<meta name=\"twitter:card\" content=\"summary_large_image\" \/>\n<meta name=\"twitter:label1\" content=\"Written by\" \/>\n\t<meta name=\"twitter:data1\" content=\"Alain Dieul\" \/>\n\t<meta name=\"twitter:label2\" content=\"Est. reading time\" \/>\n\t<meta name=\"twitter:data2\" content=\"1 minute\" \/>\n<script type=\"application\/ld+json\" class=\"yoast-schema-graph\">{\"@context\":\"https:\/\/schema.org\",\"@graph\":[{\"@type\":\"Article\",\"@id\":\"https:\/\/www.ecinews.fr\/fr\/accelerometre-mems-minimisant-la-consommation-denergie\/#article\",\"isPartOf\":{\"@id\":\"https:\/\/www.ecinews.fr\/fr\/accelerometre-mems-minimisant-la-consommation-denergie\/\"},\"author\":{\"name\":\"Alain Dieul\",\"@id\":\"https:\/\/www.ecinews.fr\/fr\/#\/schema\/person\/e4387676ad67ce722325c7832f3c3762\"},\"headline\":\"Acc\u00e9l\u00e9rom\u00e8tre MEMS minimisant la consommation d\u2019\u00e9nergie\",\"datePublished\":\"2022-05-18T06:39:45+00:00\",\"dateModified\":\"2022-05-18T06:39:45+00:00\",\"mainEntityOfPage\":{\"@id\":\"https:\/\/www.ecinews.fr\/fr\/accelerometre-mems-minimisant-la-consommation-denergie\/\"},\"wordCount\":173,\"publisher\":{\"@id\":\"https:\/\/www.ecinews.fr\/fr\/#organization\"},\"keywords\":[\"Capteur\",\"Circuits int\u00e9gr\u00e9s\"],\"articleSection\":[\"Nouveaux produits\"],\"inLanguage\":\"fr-FR\"},{\"@type\":\"WebPage\",\"@id\":\"https:\/\/www.ecinews.fr\/fr\/accelerometre-mems-minimisant-la-consommation-denergie\/\",\"url\":\"https:\/\/www.ecinews.fr\/fr\/accelerometre-mems-minimisant-la-consommation-denergie\/\",\"name\":\"Acc\u00e9l\u00e9rom\u00e8tre MEMS minimisant la consommation d\u2019\u00e9nergie -\",\"isPartOf\":{\"@id\":\"https:\/\/www.ecinews.fr\/fr\/#website\"},\"datePublished\":\"2022-05-18T06:39:45+00:00\",\"dateModified\":\"2022-05-18T06:39:45+00:00\",\"breadcrumb\":{\"@id\":\"https:\/\/www.ecinews.fr\/fr\/accelerometre-mems-minimisant-la-consommation-denergie\/#breadcrumb\"},\"inLanguage\":\"fr-FR\",\"potentialAction\":[{\"@type\":\"ReadAction\",\"target\":[\"https:\/\/www.ecinews.fr\/fr\/accelerometre-mems-minimisant-la-consommation-denergie\/\"]}]},{\"@type\":\"BreadcrumbList\",\"@id\":\"https:\/\/www.ecinews.fr\/fr\/accelerometre-mems-minimisant-la-consommation-denergie\/#breadcrumb\",\"itemListElement\":[{\"@type\":\"ListItem\",\"position\":1,\"name\":\"Home\",\"item\":\"https:\/\/www.ecinews.fr\/fr\/\"},{\"@type\":\"ListItem\",\"position\":2,\"name\":\"Acc\u00e9l\u00e9rom\u00e8tre MEMS minimisant la consommation d\u2019\u00e9nergie\"}]},{\"@type\":\"WebSite\",\"@id\":\"https:\/\/www.ecinews.fr\/fr\/#website\",\"url\":\"https:\/\/www.ecinews.fr\/fr\/\",\"name\":\"EENewsEurope\",\"description\":\"Just another WordPress site\",\"publisher\":{\"@id\":\"https:\/\/www.ecinews.fr\/fr\/#organization\"},\"potentialAction\":[{\"@type\":\"SearchAction\",\"target\":{\"@type\":\"EntryPoint\",\"urlTemplate\":\"https:\/\/www.ecinews.fr\/fr\/?s={search_term_string}\"},\"query-input\":\"required name=search_term_string\"}],\"inLanguage\":\"fr-FR\"},{\"@type\":\"Organization\",\"@id\":\"https:\/\/www.ecinews.fr\/fr\/#organization\",\"name\":\"EENewsEurope\",\"url\":\"https:\/\/www.ecinews.fr\/fr\/\",\"logo\":{\"@type\":\"ImageObject\",\"inLanguage\":\"fr-FR\",\"@id\":\"https:\/\/www.ecinews.fr\/fr\/#\/schema\/logo\/image\/\",\"url\":\"https:\/\/www.ecinews.fr\/wp-content\/uploads\/2022\/02\/logo-1.jpg\",\"contentUrl\":\"https:\/\/www.ecinews.fr\/wp-content\/uploads\/2022\/02\/logo-1.jpg\",\"width\":283,\"height\":113,\"caption\":\"EENewsEurope\"},\"image\":{\"@id\":\"https:\/\/www.ecinews.fr\/fr\/#\/schema\/logo\/image\/\"}},{\"@type\":\"Person\",\"@id\":\"https:\/\/www.ecinews.fr\/fr\/#\/schema\/person\/e4387676ad67ce722325c7832f3c3762\",\"name\":\"Alain Dieul\",\"image\":{\"@type\":\"ImageObject\",\"inLanguage\":\"fr-FR\",\"@id\":\"https:\/\/www.ecinews.fr\/fr\/#\/schema\/person\/image\/736120675699dbbf0f0f282b9a9cfb75\",\"url\":\"https:\/\/secure.gravatar.com\/avatar\/bc93b056d07515be5b8eecd4acf49c5c?s=96&d=mm&r=g\",\"contentUrl\":\"https:\/\/secure.gravatar.com\/avatar\/bc93b056d07515be5b8eecd4acf49c5c?s=96&d=mm&r=g\",\"caption\":\"Alain Dieul\"},\"sameAs\":[\"http:\/\/ECINews\"]}]}<\/script>","yoast_head_json":{"title":"Acc\u00e9l\u00e9rom\u00e8tre MEMS minimisant la consommation d\u2019\u00e9nergie ...","description":"Analog Devices, Inc, annonce sous la r\u00e9f\u00e9rence ADXL367 un acc\u00e9l\u00e9rom\u00e8tre MEMS triaxial con\u00e7u pour une large gamme d\u2019applications industrielles et de...","robots":{"index":"index","follow":"follow","max-snippet":"max-snippet:-1","max-image-preview":"max-image-preview:large","max-video-preview":"max-video-preview:-1"},"canonical":"https:\/\/www.ecinews.fr\/fr\/wp-json\/wp\/v2\/posts\/383965\/","og_locale":"fr_FR","og_type":"article","og_title":"Acc\u00e9l\u00e9rom\u00e8tre MEMS minimisant la consommation d\u2019\u00e9nergie","og_description":"Analog Devices, Inc, annonce sous la r\u00e9f\u00e9rence ADXL367 un acc\u00e9l\u00e9rom\u00e8tre MEMS triaxial con\u00e7u pour une large gamme d\u2019applications industrielles et de sant\u00e9.","og_url":"https:\/\/www.ecinews.fr\/fr\/wp-json\/wp\/v2\/posts\/383965\/","og_site_name":"EENewsEurope","article_published_time":"2022-05-18T06:39:45+00:00","og_image":[{"width":1056,"height":1080,"url":"https:\/\/www.ecinews.fr\/wp-content\/uploads\/2022\/05\/ECI1217_ADI-scaled.jpg","type":"image\/jpeg"}],"author":"Alain Dieul","twitter_card":"summary_large_image","twitter_misc":{"Written by":"Alain Dieul","Est. reading time":"1 minute"},"schema":{"@context":"https:\/\/schema.org","@graph":[{"@type":"Article","@id":"https:\/\/www.ecinews.fr\/fr\/accelerometre-mems-minimisant-la-consommation-denergie\/#article","isPartOf":{"@id":"https:\/\/www.ecinews.fr\/fr\/accelerometre-mems-minimisant-la-consommation-denergie\/"},"author":{"name":"Alain Dieul","@id":"https:\/\/www.ecinews.fr\/fr\/#\/schema\/person\/e4387676ad67ce722325c7832f3c3762"},"headline":"Acc\u00e9l\u00e9rom\u00e8tre MEMS minimisant la consommation d\u2019\u00e9nergie","datePublished":"2022-05-18T06:39:45+00:00","dateModified":"2022-05-18T06:39:45+00:00","mainEntityOfPage":{"@id":"https:\/\/www.ecinews.fr\/fr\/accelerometre-mems-minimisant-la-consommation-denergie\/"},"wordCount":173,"publisher":{"@id":"https:\/\/www.ecinews.fr\/fr\/#organization"},"keywords":["Capteur","Circuits int\u00e9gr\u00e9s"],"articleSection":["Nouveaux produits"],"inLanguage":"fr-FR"},{"@type":"WebPage","@id":"https:\/\/www.ecinews.fr\/fr\/accelerometre-mems-minimisant-la-consommation-denergie\/","url":"https:\/\/www.ecinews.fr\/fr\/accelerometre-mems-minimisant-la-consommation-denergie\/","name":"Acc\u00e9l\u00e9rom\u00e8tre MEMS minimisant la consommation d\u2019\u00e9nergie -","isPartOf":{"@id":"https:\/\/www.ecinews.fr\/fr\/#website"},"datePublished":"2022-05-18T06:39:45+00:00","dateModified":"2022-05-18T06:39:45+00:00","breadcrumb":{"@id":"https:\/\/www.ecinews.fr\/fr\/accelerometre-mems-minimisant-la-consommation-denergie\/#breadcrumb"},"inLanguage":"fr-FR","potentialAction":[{"@type":"ReadAction","target":["https:\/\/www.ecinews.fr\/fr\/accelerometre-mems-minimisant-la-consommation-denergie\/"]}]},{"@type":"BreadcrumbList","@id":"https:\/\/www.ecinews.fr\/fr\/accelerometre-mems-minimisant-la-consommation-denergie\/#breadcrumb","itemListElement":[{"@type":"ListItem","position":1,"name":"Home","item":"https:\/\/www.ecinews.fr\/fr\/"},{"@type":"ListItem","position":2,"name":"Acc\u00e9l\u00e9rom\u00e8tre MEMS minimisant la consommation d\u2019\u00e9nergie"}]},{"@type":"WebSite","@id":"https:\/\/www.ecinews.fr\/fr\/#website","url":"https:\/\/www.ecinews.fr\/fr\/","name":"EENewsEurope","description":"Just another WordPress site","publisher":{"@id":"https:\/\/www.ecinews.fr\/fr\/#organization"},"potentialAction":[{"@type":"SearchAction","target":{"@type":"EntryPoint","urlTemplate":"https:\/\/www.ecinews.fr\/fr\/?s={search_term_string}"},"query-input":"required name=search_term_string"}],"inLanguage":"fr-FR"},{"@type":"Organization","@id":"https:\/\/www.ecinews.fr\/fr\/#organization","name":"EENewsEurope","url":"https:\/\/www.ecinews.fr\/fr\/","logo":{"@type":"ImageObject","inLanguage":"fr-FR","@id":"https:\/\/www.ecinews.fr\/fr\/#\/schema\/logo\/image\/","url":"https:\/\/www.ecinews.fr\/wp-content\/uploads\/2022\/02\/logo-1.jpg","contentUrl":"https:\/\/www.ecinews.fr\/wp-content\/uploads\/2022\/02\/logo-1.jpg","width":283,"height":113,"caption":"EENewsEurope"},"image":{"@id":"https:\/\/www.ecinews.fr\/fr\/#\/schema\/logo\/image\/"}},{"@type":"Person","@id":"https:\/\/www.ecinews.fr\/fr\/#\/schema\/person\/e4387676ad67ce722325c7832f3c3762","name":"Alain Dieul","image":{"@type":"ImageObject","inLanguage":"fr-FR","@id":"https:\/\/www.ecinews.fr\/fr\/#\/schema\/person\/image\/736120675699dbbf0f0f282b9a9cfb75","url":"https:\/\/secure.gravatar.com\/avatar\/bc93b056d07515be5b8eecd4acf49c5c?s=96&d=mm&r=g","contentUrl":"https:\/\/secure.gravatar.com\/avatar\/bc93b056d07515be5b8eecd4acf49c5c?s=96&d=mm&r=g","caption":"Alain Dieul"},"sameAs":["http:\/\/ECINews"]}]}},"authors":[{"term_id":1154,"user_id":36,"is_guest":0,"slug":"alain-dieul","display_name":"Alain Dieul","avatar_url":"https:\/\/secure.gravatar.com\/avatar\/bc93b056d07515be5b8eecd4acf49c5c?s=96&d=mm&r=g","0":null,"1":"","2":"","3":"","4":"","5":"","6":"","7":"","8":""}],"_links":{"self":[{"href":"https:\/\/www.ecinews.fr\/fr\/wp-json\/wp\/v2\/posts\/383965"}],"collection":[{"href":"https:\/\/www.ecinews.fr\/fr\/wp-json\/wp\/v2\/posts"}],"about":[{"href":"https:\/\/www.ecinews.fr\/fr\/wp-json\/wp\/v2\/types\/post"}],"author":[{"embeddable":true,"href":"https:\/\/www.ecinews.fr\/fr\/wp-json\/wp\/v2\/users\/36"}],"replies":[{"embeddable":true,"href":"https:\/\/www.ecinews.fr\/fr\/wp-json\/wp\/v2\/comments?post=383965"}],"version-history":[{"count":0,"href":"https:\/\/www.ecinews.fr\/fr\/wp-json\/wp\/v2\/posts\/383965\/revisions"}],"wp:featuredmedia":[{"embeddable":true,"href":"https:\/\/www.ecinews.fr\/fr\/wp-json\/wp\/v2\/media\/383966"}],"wp:attachment":[{"href":"https:\/\/www.ecinews.fr\/fr\/wp-json\/wp\/v2\/media?parent=383965"}],"wp:term":[{"taxonomy":"category","embeddable":true,"href":"https:\/\/www.ecinews.fr\/fr\/wp-json\/wp\/v2\/categories?post=383965"},{"taxonomy":"post_tag","embeddable":true,"href":"https:\/\/www.ecinews.fr\/fr\/wp-json\/wp\/v2\/tags?post=383965"},{"taxonomy":"domains","embeddable":true,"href":"https:\/\/www.ecinews.fr\/fr\/wp-json\/wp\/v2\/domains?post=383965"},{"taxonomy":"author","embeddable":true,"href":"https:\/\/www.ecinews.fr\/fr\/wp-json\/wp\/v2\/ppma_author?post=383965"}],"curies":[{"name":"wp","href":"https:\/\/api.w.org\/{rel}","templated":true}]}}