{"id":38360,"date":"2021-01-04T17:17:06","date_gmt":"2021-01-04T17:17:06","guid":{"rendered":"https:\/\/\/leurope-lance-son-grand-projet-6g-hexa-x\/"},"modified":"2021-01-04T17:17:06","modified_gmt":"2021-01-04T17:17:06","slug":"leurope-lance-son-grand-projet-6g-hexa-x","status":"publish","type":"post","link":"https:\/\/www.ecinews.fr\/fr\/leurope-lance-son-grand-projet-6g-hexa-x\/","title":{"rendered":"L&rsquo;Europe lance son grand projet 6G Hexa-X"},"content":{"rendered":"<p><!-- Global site tag (gtag.js) - Google Analytics --><\/p>\n<p>\u00a0 window.dataLayer = window.dataLayer || [];<\/p>\n<p>\u00a0 function gtag(){dataLayer.push(arguments);}<\/p>\n<p>\u00a0 gtag(&lsquo;js&rsquo;, new Date());\u00a0 gtag(&lsquo;config&rsquo;, &lsquo;UA-160857065-1&rsquo;);<\/p>\n<p><span class=\"VIiyi\" lang=\"fr\"><span class=\"JLqJ4b\" data-language-for-alternatives=\"fr\" data-language-to-translate-into=\"auto\" data-phrase-index=\"0\"><span>Un projet majeur devrait d\u00e9marrer cette semaine pour d\u00e9velopper des technologies et de nouvelles strat\u00e9gies pour le sans fil 6G. Le projet Hexa-X est dirig\u00e9 par Nokia avec Ericsson en tant que responsable technique avec 23 autres membres. <\/span><\/span><\/span><\/p>\n<p><span class=\"VIiyi\" lang=\"fr\"><span class=\"JLqJ4b\" data-language-for-alternatives=\"fr\" data-language-to-translate-into=\"auto\" data-phrase-index=\"0\"><span>Le projet initial d&rsquo;une dur\u00e9e de 2,5 ans vise \u00e0 d\u00e9velopper et \u00e0 int\u00e9grer des technologies cl\u00e9s telles que l&rsquo;intelligence artificielle (IA), l&rsquo;acc\u00e8s radio au-del\u00e0 de 100 GHz, la virtualisation et la d\u00e9sagr\u00e9gation du r\u00e9seau pour la prochaine g\u00e9n\u00e9ration de r\u00e9seaux sans fil d&rsquo;ici 2030.<\/span><\/span><\/span><\/p>\n<p><span class=\"VIiyi\" lang=\"fr\"><span class=\"JLqJ4b\" data-language-for-alternatives=\"fr\" data-language-to-translate-into=\"auto\" data-phrase-index=\"0\"><span>Un d\u00e9marrage rapide d&rsquo;une \u00e9valuation de la technologie et du concept est n\u00e9cessaire, m\u00eame si certaines de ces technologies sont encore \u00e0 un niveau de maturit\u00e9 technologique (TRL) faible, pour comprendre les performances potentielles et l&rsquo;impact sur l&rsquo;architecture globale du syst\u00e8me, indique le projet. Le d\u00e9veloppement d&rsquo;une nouvelle g\u00e9n\u00e9ration de r\u00e9seau prend environ 10 ans, et pour guider la recherche et l&rsquo;innovation (R&amp;I) \u00e0 l&rsquo;\u00e9chelle mondiale vers la 6G pendant cette p\u00e9riode, Hexa-X jettera les bases du r\u00e9seau de 2030 et d\u00e9veloppera des feuilles de route strat\u00e9giques \u00e0 long terme bas\u00e9es sur le projet. ainsi que d&rsquo;autres projets 6G.<\/span><\/span><\/span><\/p>\n<p><span class=\"VIiyi\" lang=\"fr\"><span class=\"JLqJ4b\" data-language-for-alternatives=\"fr\" data-language-to-translate-into=\"auto\" data-phrase-index=\"0\"><span>Les universit\u00e9s et instituts de recherche sont au c\u0153ur du projet pour la commercialisation des derni\u00e8res technologies. Ceux-ci incluent Aalto, Chalmers, CEA, Kaiserlautern, Dresde, Madrid, Olu, Turin et Pise<\/span><\/span><\/span><\/p>\n<p><span class=\"VIiyi\" lang=\"fr\"><span class=\"JLqJ4b\" data-language-for-alternatives=\"fr\" data-language-to-translate-into=\"auto\" data-phrase-index=\"0\"><span>Les autres partenaires commerciaux incluent Siemens, Intel, Atos, bcom, Sztaki, Qacom, Nextworks et Wings ICT Solutions. Les op\u00e9rateurs du projet incluent Orange, Telefonica et TIM.<\/span><\/span><\/span><\/p>\n<p><a href=\"https:\/\/www.eenewseurope.com\/news\/6g-wireless-specification\">European group looks at next generation&nbsp;wireless specification<\/a><\/p>\n<p><span class=\"VIiyi\" lang=\"fr\"><span class=\"JLqJ4b\" data-language-for-alternatives=\"fr\" data-language-to-translate-into=\"auto\" data-phrase-index=\"0\"><span>\u00abEn tant qu&rsquo;entreprise progressiste port\u00e9e par le d\u00e9veloppement, nous n&rsquo;avons ni l&rsquo;envie ni le luxe de nous arr\u00eater. Nous, comme le monde, sommes en mouvement constant et devons regarder vers le futur et nous concentrer sur l&rsquo;avenir. Dans ce cas, \u00abL&rsquo;avenir est la 6G\u00bb, a d\u00e9clar\u00e9 Andreas Wolfgang, responsable du d\u00e9veloppement technique chez Qamcom en Su\u00e8de. \u00abQamcom sera en mesure de contribuer avec des recherches qualitatives bas\u00e9es sur une expertise de pointe et de nombreuses ann\u00e9es d&rsquo;exp\u00e9rience dans les t\u00e9l\u00e9communications et la connectivit\u00e9 sans fil.\u00bb<\/span><\/span><\/span><\/p>\n<p><span class=\"VIiyi\" lang=\"fr\"><span class=\"JLqJ4b\" data-language-for-alternatives=\"fr\" data-language-to-translate-into=\"auto\" data-phrase-index=\"0\"><span>\u00abM\u00eame s&rsquo;il y a encore beaucoup d&rsquo;innovation dans la 5G avec la publication de nouvelles normes, nous explorons d\u00e9j\u00e0 la 6G dans notre laboratoire de recherche. \u00c0 l&rsquo;\u00e8re de la 6G, nous verrons des applications qui non seulement connecteront les humains aux machines, mais \u00e9galement connecteront les humains au monde num\u00e9rique \u00bb, a d\u00e9clar\u00e9 Peter Vetter, responsable de la recherche sur l&rsquo;acc\u00e8s et les appareils chez Nokia Bell Labs. <\/span><\/span><\/span><\/p>\n<p><span class=\"VIiyi\" lang=\"fr\"><span class=\"JLqJ4b\" data-language-for-alternatives=\"fr\" data-language-to-translate-into=\"auto\" data-phrase-index=\"0\"><span>\u00e0 suivre: Six domaines pour la 6G<\/span><\/span><\/span><\/p>\n<p>&nbsp;<\/p>\n<hr \/>\n<p><span class=\"VIiyi\" lang=\"fr\"><span class=\"JLqJ4b\" data-language-for-alternatives=\"fr\" data-language-to-translate-into=\"auto\" data-phrase-index=\"0\"><span>\u00ab\u00a0Une telle connexion s\u00e9curis\u00e9e et priv\u00e9e peut \u00eatre utilis\u00e9e pour des soins de sant\u00e9 pr\u00e9ventifs ou m\u00eame pour cr\u00e9er un r\u00e9seau 6G avec un sixi\u00e8me sens qui comprend intuitivement nos intentions, rendant nos interactions avec le monde physique plus efficaces et anticipant nos besoins, am\u00e9liorant ainsi notre productivit\u00e9\u00a0\u00bb. dit Vetter.<\/span><\/span><\/span><\/p>\n<p><span class=\"VIiyi\" lang=\"fr\"><span class=\"JLqJ4b\" data-language-for-alternatives=\"fr\" data-language-to-translate-into=\"auto\" data-phrase-index=\"0\"><span>Le c\u0153ur du projet est de d\u00e9velopper un cadre ouvert, modulaire et flexible appel\u00e9 la trame x-enabler. Cela int\u00e9grera et tissera ensemble les catalyseurs techniques qui r\u00e9pondent \u00e0 six d\u00e9fis de recherche, \u00e0 la fois du projet Hexa-X lui-m\u00eame et d&rsquo;autres projets 6G. <\/span><\/span><\/span><\/p>\n<p><span class=\"VIiyi\" lang=\"fr\"><span class=\"JLqJ4b\" data-language-for-alternatives=\"fr\" data-language-to-translate-into=\"auto\" data-phrase-index=\"0\"><span>Ces six domaines couvrent:<\/span><\/span><\/span><\/p>\n<p><span class=\"VIiyi\" lang=\"fr\"><span class=\"JLqJ4b\" data-language-for-alternatives=\"fr\" data-language-to-translate-into=\"auto\" data-phrase-index=\"0\"><span>Bande passante: acc\u00e9der \u00e0 des d\u00e9bits de l&rsquo;ordre de centaines de Gbps \u00e0 quelques Tbps avec des latences extr\u00eamement faibles (imperceptibles), une capacit\u00e9 apparemment infinie et une localisation et une d\u00e9tection de pr\u00e9cision.<\/span><\/span><\/span><\/p>\n<p><span class=\"VIiyi\" lang=\"fr\"><span class=\"JLqJ4b\" data-language-for-alternatives=\"fr\" data-language-to-translate-into=\"auto\" data-phrase-index=\"0\"><span>Connecter l&rsquo;intelligence: d\u00e9ploiements \u00e0 grande \u00e9chelle de l&rsquo;intelligence dans la soci\u00e9t\u00e9 en g\u00e9n\u00e9ral gr\u00e2ce \u00e0 une gestion avanc\u00e9e des ressources, de donn\u00e9es suppl\u00e9mentaires, de fonctionnalit\u00e9s et d&rsquo;informations permettant un contr\u00f4le fiable en temps r\u00e9el &#8211; transformant les technologies d&rsquo;IA \/ d&rsquo;apprentissage automatique (ML) en un outil vital et fiable pour une am\u00e9lioration significative de l&rsquo;efficacit\u00e9 et et de l&rsquo;exp\u00e9rience de service, avec le facteur humain (\u00abl&rsquo;humain dans la boucle\u00bb) int\u00e9gr\u00e9.<\/span><\/span><\/span><\/p>\n<p><span class=\"VIiyi\" lang=\"fr\"><span class=\"JLqJ4b\" data-language-for-alternatives=\"fr\" data-language-to-translate-into=\"auto\" data-phrase-index=\"0\"><span>R\u00e9seau de r\u00e9seaux: la 6G regroupera plusieurs types de ressources, y compris la communication, les donn\u00e9es et le traitement de l&rsquo;IA, qui se connectent de mani\u00e8re optimale \u00e0 diff\u00e9rentes \u00e9chelles, allant, par exemple, de r\u00e9seaux internes, intra-machine, int\u00e9rieurs, de centres de donn\u00e9es, \u00e0 des r\u00e9seaux \u00e9tendus. Cette int\u00e9gration se traduit par un \u00e9norme \u00e9cosyst\u00e8me num\u00e9rique h\u00e9t\u00e9rog\u00e8ne qui finit par cr\u00e9er un seul r\u00e9seau de r\u00e9seaux.<\/span><\/span><\/span><\/p>\n<p><span class=\"VIiyi\" lang=\"fr\"><span class=\"JLqJ4b\" data-language-for-alternatives=\"fr\" data-language-to-translate-into=\"auto\" data-phrase-index=\"0\"><span>La Durabilit\u00e9: la 6G doit \u00eatre une infrastructure num\u00e9rique optimis\u00e9e en \u00e9nergie et cela changera l&rsquo;ensemble des cha\u00eenes de ressources des r\u00e9seaux sans fil, indique le projet. Le tissu num\u00e9rique cr\u00e9era \u00e9galement la capacit\u00e9 de ressentir et de comprendre l&rsquo;\u00e9tat du monde physique en temps r\u00e9el et, en tant que tel, stimulera la durabilit\u00e9 du point de vue environnemental, \u00e9conomique et social. Ceci est particuli\u00e8rement important apr\u00e8s la pand\u00e9mie de Covid-19, pour cr\u00e9er une \u00e9conomie circulaire et un monde durable.<\/span><\/span><\/span><\/p>\n<p><span class=\"VIiyi\" lang=\"fr\"><span class=\"JLqJ4b\" data-language-for-alternatives=\"fr\" data-language-to-translate-into=\"auto\" data-phrase-index=\"0\"><span>La confiance: la 6G doit \u00e9galement garantir la confidentialit\u00e9 et l&rsquo;int\u00e9grit\u00e9 des communications de bout en bout et garantir la confidentialit\u00e9 des donn\u00e9es, la r\u00e9silience et la s\u00e9curit\u00e9 des op\u00e9rations, en renfor\u00e7ant la confiance dans les r\u00e9seaux sans fil ainsi que de ses applications activ\u00e9es parmi les consommateurs et les entreprises.<\/span><\/span><\/span><\/p>\n<p><span class=\"VIiyi\" lang=\"fr\"><span class=\"JLqJ4b ChMk0b\" data-language-for-alternatives=\"fr\" data-language-to-translate-into=\"auto\" data-phrase-index=\"0\"><span>Le projet place \u00e9galement l&rsquo;inclusion num\u00e9rique comme l&rsquo;une des principales priorit\u00e9s de la 6G avec une couverture mondiale, reliant des endroits isol\u00e9s, par exemple dans les zones rurales, le transport au-dessus des oc\u00e9ans ou de vastes terres, permettant de nouveaux services et cr\u00e9ant de nouvelles entreprises qui favoriseront la croissance \u00e9conomique et r\u00e9duiront le<\/span><\/span> <span class=\"JLqJ4b ChMk0b\" data-language-for-alternatives=\"fr\" data-language-to-translate-into=\"auto\" data-phrase-index=\"1\"><span>fracture num\u00e9rique ainsi que l\u2019am\u00e9lioration de la s\u00e9curit\u00e9 et de l\u2019efficacit\u00e9 des op\u00e9rations dans les zones actuellement insuffisamment couvertes \/ non couvertes.<\/span><\/span><\/span><\/p>\n<p><span class=\"VIiyi\" lang=\"fr\"><span class=\"JLqJ4b ChMk0b\" data-language-for-alternatives=\"fr\" data-language-to-translate-into=\"auto\" data-phrase-index=\"3\"><span>Le passage \u00e0 la 6G conduira \u00e9galement \u00e0 une nouvelle classe de crit\u00e8res d&rsquo;\u00e9valuation, les indicateurs de valeur cl\u00e9 (KVI), bas\u00e9s sur ces six domaines.<\/span><\/span><\/span><\/p>\n<p>Lire aussi:<\/p>\n<p><a href=\"https:\/\/www.electronique-eci.com\/news\/nokia-va-diriger-le-projet-hexa-x-de-lue-sur-la-6g\">Nokia va diriger le projet Hexa-X de l&rsquo;UE sur la 6G<\/a><\/p>\n<p><a href=\"https:\/\/www.electronique-eci.com\/news\/objectif-6g-dans-la-bande-des-140-ghz-pour-le-cea-leti\">Objectif 6G dans la bande des 140 GHz pour le CEA-Leti<\/a><\/p>\n<p><a href=\"http:\/\/www.hexa-x.eu\">www.hexa-x.eu<\/a><\/p>\n<h3>Related 6G articles&nbsp;<\/h3>\n<ul>\n<li><a href=\"https:\/\/www.eenewseurope.com\/news\/imec-develop-6g-roadmap\">IMEC TO DEVELOP NEXT GENERATION ROADMAP<\/a><\/li>\n<li><a href=\"https:\/\/www.mwee.com\/news\/next-g-alliance-launches-drive-north-american-leadership-6g\">NEXT G ALLIANCE DRIVES US PROGRAMME<\/a><\/li>\n<li><a href=\"https:\/\/www.eenewseurope.com\/news\/study-finds-5g-90-percent-more-energy-efficient\">STUDY FINDS 5G IS 90 PERCENT MORE ENERGY EFFICIENT<\/a><\/li>\n<li><a href=\"https:\/\/www.eenewseurope.com\/news\/project-looks-green-5g-wireless\">PROJECT LOOKS AT GREEN 5G WIRELESS<\/a><\/li>\n<\/ul>\n<p><strong>Other articles on eeNews Europe&nbsp;<\/strong><\/p>\n<ul>\n<li><a href=\"https:\/\/www.eenewseurope.com\/news\/netherlands-creates-eu30m-hyperloop-project\">The Netherlands creates \u20ac30m hyperloop project<\/a><\/li>\n<li><a href=\"https:\/\/www.eenewseurope.com\/news\/unsupervised-memory-ai-digital\">Unsupervised in-memory AI learning goes digital<\/a><\/li>\n<li><a href=\"https:\/\/www.eenewseurope.com\/news\/long-distance-detection-copper-cable-thefts\">Long distance detection of copper cable thefts<\/a><\/li>\n<li><a href=\"https:\/\/www.eenewseurope.com\/news\/uk-broadband-internet-85-exabytes\">Broadband use in UK doubles to 85 ExaBytes<\/a><\/li>\n<\/ul>\n","protected":false},"excerpt":{"rendered":"<p>Le projet Hexa-X compte 25 membres, dirig\u00e9s par Nokia et Ericsson, pour d\u00e9velopper une technologie et des strat\u00e9gies dans six domaines cl\u00e9s pour les r\u00e9seaux 6G de prochaine g\u00e9n\u00e9ration d&rsquo;ici 2030<\/p>\n","protected":false},"author":12,"featured_media":162778,"comment_status":"open","ping_status":"closed","sticky":false,"template":"","format":"standard","meta":{"_acf_changed":false,"footnotes":""},"categories":[883],"tags":[920,919,890,916,917,915],"domains":[47],"ppma_author":[1144],"class_list":["post-38360","post","type-post","status-publish","format-standard","has-post-thumbnail","hentry","category-technologies","tag-artificialintelligence-fr","tag-iot-fr","tag-powermanagement-fr","tag-rf-transmission-fr","tag-software-embedded-tools-fr","tag-wireless-communications-fr","domains-electronique-eci"],"acf":[],"yoast_head":"<title>L&#039;Europe lance son grand projet 6G Hexa-X ...<\/title>\n<meta name=\"description\" content=\"Le projet Hexa-X compte 25 membres, dirig\u00e9s par Nokia et Ericsson, pour d\u00e9velopper une technologie et des strat\u00e9gies dans six domaines cl\u00e9s pour les...\" \/>\n<meta name=\"robots\" content=\"index, follow, max-snippet:-1, max-image-preview:large, max-video-preview:-1\" \/>\n<link rel=\"canonical\" href=\"https:\/\/www.ecinews.fr\/fr\/wp-json\/wp\/v2\/posts\/38360\/\" \/>\n<meta property=\"og:locale\" content=\"fr_FR\" \/>\n<meta property=\"og:type\" content=\"article\" \/>\n<meta property=\"og:title\" content=\"L&#039;Europe lance son grand projet 6G Hexa-X\" \/>\n<meta property=\"og:description\" content=\"Le projet Hexa-X compte 25 membres, dirig\u00e9s par Nokia et Ericsson, pour d\u00e9velopper une technologie et des strat\u00e9gies dans six domaines cl\u00e9s pour les r\u00e9seaux 6G de prochaine g\u00e9n\u00e9ration d&#039;ici 2030\" \/>\n<meta property=\"og:url\" content=\"https:\/\/www.ecinews.fr\/fr\/wp-json\/wp\/v2\/posts\/38360\/\" \/>\n<meta property=\"og:site_name\" content=\"EENewsEurope\" \/>\n<meta property=\"article:published_time\" content=\"2021-01-04T17:17:06+00:00\" \/>\n<meta property=\"og:image\" content=\"https:\/\/www.ecinews.fr\/wp-content\/uploads\/import\/default\/files\/sites\/default\/files\/images\/2021-01-04-hexa-x-digital-world.jpg\" \/>\n\t<meta property=\"og:image:width\" content=\"1600\" \/>\n\t<meta property=\"og:image:height\" content=\"1067\" \/>\n\t<meta property=\"og:image:type\" content=\"image\/jpeg\" \/>\n<meta name=\"author\" content=\"Andre Rousselot\" \/>\n<meta name=\"twitter:card\" content=\"summary_large_image\" \/>\n<meta name=\"twitter:label1\" content=\"Written by\" \/>\n\t<meta name=\"twitter:data1\" content=\"Andre Rousselot\" \/>\n\t<meta name=\"twitter:label2\" content=\"Est. reading time\" \/>\n\t<meta name=\"twitter:data2\" content=\"6 minutes\" \/>\n<script type=\"application\/ld+json\" class=\"yoast-schema-graph\">{\"@context\":\"https:\/\/schema.org\",\"@graph\":[{\"@type\":\"Article\",\"@id\":\"https:\/\/www.ecinews.fr\/fr\/leurope-lance-son-grand-projet-6g-hexa-x\/#article\",\"isPartOf\":{\"@id\":\"https:\/\/www.ecinews.fr\/fr\/leurope-lance-son-grand-projet-6g-hexa-x\/\"},\"author\":{\"name\":\"Andre Rousselot\",\"@id\":\"https:\/\/www.eenewseurope.com\/en\/#\/schema\/person\/9d52edb517ca8d9017312e8e246b9433\"},\"headline\":\"L&rsquo;Europe lance son grand projet 6G Hexa-X\",\"datePublished\":\"2021-01-04T17:17:06+00:00\",\"dateModified\":\"2021-01-04T17:17:06+00:00\",\"mainEntityOfPage\":{\"@id\":\"https:\/\/www.ecinews.fr\/fr\/leurope-lance-son-grand-projet-6g-hexa-x\/\"},\"wordCount\":1165,\"commentCount\":0,\"publisher\":{\"@id\":\"https:\/\/www.eenewseurope.com\/en\/#organization\"},\"keywords\":[\"ArtificialIntelligence\",\"IoT\",\"PowerManagement\",\"RF transmission\",\"Software &amp; Embedded tools\",\"Wireless Communications\"],\"articleSection\":[\"Technologies\"],\"inLanguage\":\"fr-FR\",\"potentialAction\":[{\"@type\":\"CommentAction\",\"name\":\"Comment\",\"target\":[\"https:\/\/www.ecinews.fr\/fr\/leurope-lance-son-grand-projet-6g-hexa-x\/#respond\"]}]},{\"@type\":\"WebPage\",\"@id\":\"https:\/\/www.ecinews.fr\/fr\/leurope-lance-son-grand-projet-6g-hexa-x\/\",\"url\":\"https:\/\/www.ecinews.fr\/fr\/leurope-lance-son-grand-projet-6g-hexa-x\/\",\"name\":\"L'Europe lance son grand projet 6G Hexa-X -\",\"isPartOf\":{\"@id\":\"https:\/\/www.eenewseurope.com\/en\/#website\"},\"datePublished\":\"2021-01-04T17:17:06+00:00\",\"dateModified\":\"2021-01-04T17:17:06+00:00\",\"breadcrumb\":{\"@id\":\"https:\/\/www.ecinews.fr\/fr\/leurope-lance-son-grand-projet-6g-hexa-x\/#breadcrumb\"},\"inLanguage\":\"fr-FR\",\"potentialAction\":[{\"@type\":\"ReadAction\",\"target\":[\"https:\/\/www.ecinews.fr\/fr\/leurope-lance-son-grand-projet-6g-hexa-x\/\"]}]},{\"@type\":\"BreadcrumbList\",\"@id\":\"https:\/\/www.ecinews.fr\/fr\/leurope-lance-son-grand-projet-6g-hexa-x\/#breadcrumb\",\"itemListElement\":[{\"@type\":\"ListItem\",\"position\":1,\"name\":\"Home\",\"item\":\"https:\/\/www.ecinews.fr\/fr\/\"},{\"@type\":\"ListItem\",\"position\":2,\"name\":\"L&rsquo;Europe lance son grand projet 6G Hexa-X\"}]},{\"@type\":\"WebSite\",\"@id\":\"https:\/\/www.eenewseurope.com\/en\/#website\",\"url\":\"https:\/\/www.eenewseurope.com\/en\/\",\"name\":\"EENewsEurope\",\"description\":\"Just another WordPress site\",\"publisher\":{\"@id\":\"https:\/\/www.eenewseurope.com\/en\/#organization\"},\"potentialAction\":[{\"@type\":\"SearchAction\",\"target\":{\"@type\":\"EntryPoint\",\"urlTemplate\":\"https:\/\/www.eenewseurope.com\/en\/?s={search_term_string}\"},\"query-input\":\"required name=search_term_string\"}],\"inLanguage\":\"fr-FR\"},{\"@type\":\"Organization\",\"@id\":\"https:\/\/www.eenewseurope.com\/en\/#organization\",\"name\":\"EENewsEurope\",\"url\":\"https:\/\/www.eenewseurope.com\/en\/\",\"logo\":{\"@type\":\"ImageObject\",\"inLanguage\":\"fr-FR\",\"@id\":\"https:\/\/www.eenewseurope.com\/en\/#\/schema\/logo\/image\/\",\"url\":\"https:\/\/www.ecinews.fr\/wp-content\/uploads\/2022\/02\/logo-1.jpg\",\"contentUrl\":\"https:\/\/www.ecinews.fr\/wp-content\/uploads\/2022\/02\/logo-1.jpg\",\"width\":283,\"height\":113,\"caption\":\"EENewsEurope\"},\"image\":{\"@id\":\"https:\/\/www.eenewseurope.com\/en\/#\/schema\/logo\/image\/\"}},{\"@type\":\"Person\",\"@id\":\"https:\/\/www.eenewseurope.com\/en\/#\/schema\/person\/9d52edb517ca8d9017312e8e246b9433\",\"name\":\"Andre Rousselot\",\"image\":{\"@type\":\"ImageObject\",\"inLanguage\":\"fr-FR\",\"@id\":\"https:\/\/www.eenewseurope.com\/en\/#\/schema\/person\/image\/8046680f16f52d2ae022297dc9e36ff3\",\"url\":\"https:\/\/secure.gravatar.com\/avatar\/428720feffa09baddfe5e7cd3f84b526?s=96&d=mm&r=g\",\"contentUrl\":\"https:\/\/secure.gravatar.com\/avatar\/428720feffa09baddfe5e7cd3f84b526?s=96&d=mm&r=g\",\"caption\":\"Andre Rousselot\"}}]}<\/script>","yoast_head_json":{"title":"L'Europe lance son grand projet 6G Hexa-X ...","description":"Le projet Hexa-X compte 25 membres, dirig\u00e9s par Nokia et Ericsson, pour d\u00e9velopper une technologie et des strat\u00e9gies dans six domaines cl\u00e9s pour les...","robots":{"index":"index","follow":"follow","max-snippet":"max-snippet:-1","max-image-preview":"max-image-preview:large","max-video-preview":"max-video-preview:-1"},"canonical":"https:\/\/www.ecinews.fr\/fr\/wp-json\/wp\/v2\/posts\/38360\/","og_locale":"fr_FR","og_type":"article","og_title":"L'Europe lance son grand projet 6G Hexa-X","og_description":"Le projet Hexa-X compte 25 membres, dirig\u00e9s par Nokia et Ericsson, pour d\u00e9velopper une technologie et des strat\u00e9gies dans six domaines cl\u00e9s pour les r\u00e9seaux 6G de prochaine g\u00e9n\u00e9ration d'ici 2030","og_url":"https:\/\/www.ecinews.fr\/fr\/wp-json\/wp\/v2\/posts\/38360\/","og_site_name":"EENewsEurope","article_published_time":"2021-01-04T17:17:06+00:00","og_image":[{"width":1600,"height":1067,"url":"https:\/\/www.ecinews.fr\/wp-content\/uploads\/import\/default\/files\/sites\/default\/files\/images\/2021-01-04-hexa-x-digital-world.jpg","type":"image\/jpeg"}],"author":"Andre Rousselot","twitter_card":"summary_large_image","twitter_misc":{"Written by":"Andre Rousselot","Est. reading time":"6 minutes"},"schema":{"@context":"https:\/\/schema.org","@graph":[{"@type":"Article","@id":"https:\/\/www.ecinews.fr\/fr\/leurope-lance-son-grand-projet-6g-hexa-x\/#article","isPartOf":{"@id":"https:\/\/www.ecinews.fr\/fr\/leurope-lance-son-grand-projet-6g-hexa-x\/"},"author":{"name":"Andre Rousselot","@id":"https:\/\/www.eenewseurope.com\/en\/#\/schema\/person\/9d52edb517ca8d9017312e8e246b9433"},"headline":"L&rsquo;Europe lance son grand projet 6G Hexa-X","datePublished":"2021-01-04T17:17:06+00:00","dateModified":"2021-01-04T17:17:06+00:00","mainEntityOfPage":{"@id":"https:\/\/www.ecinews.fr\/fr\/leurope-lance-son-grand-projet-6g-hexa-x\/"},"wordCount":1165,"commentCount":0,"publisher":{"@id":"https:\/\/www.eenewseurope.com\/en\/#organization"},"keywords":["ArtificialIntelligence","IoT","PowerManagement","RF transmission","Software &amp; Embedded tools","Wireless Communications"],"articleSection":["Technologies"],"inLanguage":"fr-FR","potentialAction":[{"@type":"CommentAction","name":"Comment","target":["https:\/\/www.ecinews.fr\/fr\/leurope-lance-son-grand-projet-6g-hexa-x\/#respond"]}]},{"@type":"WebPage","@id":"https:\/\/www.ecinews.fr\/fr\/leurope-lance-son-grand-projet-6g-hexa-x\/","url":"https:\/\/www.ecinews.fr\/fr\/leurope-lance-son-grand-projet-6g-hexa-x\/","name":"L'Europe lance son grand projet 6G Hexa-X -","isPartOf":{"@id":"https:\/\/www.eenewseurope.com\/en\/#website"},"datePublished":"2021-01-04T17:17:06+00:00","dateModified":"2021-01-04T17:17:06+00:00","breadcrumb":{"@id":"https:\/\/www.ecinews.fr\/fr\/leurope-lance-son-grand-projet-6g-hexa-x\/#breadcrumb"},"inLanguage":"fr-FR","potentialAction":[{"@type":"ReadAction","target":["https:\/\/www.ecinews.fr\/fr\/leurope-lance-son-grand-projet-6g-hexa-x\/"]}]},{"@type":"BreadcrumbList","@id":"https:\/\/www.ecinews.fr\/fr\/leurope-lance-son-grand-projet-6g-hexa-x\/#breadcrumb","itemListElement":[{"@type":"ListItem","position":1,"name":"Home","item":"https:\/\/www.ecinews.fr\/fr\/"},{"@type":"ListItem","position":2,"name":"L&rsquo;Europe lance son grand projet 6G Hexa-X"}]},{"@type":"WebSite","@id":"https:\/\/www.eenewseurope.com\/en\/#website","url":"https:\/\/www.eenewseurope.com\/en\/","name":"EENewsEurope","description":"Just another WordPress site","publisher":{"@id":"https:\/\/www.eenewseurope.com\/en\/#organization"},"potentialAction":[{"@type":"SearchAction","target":{"@type":"EntryPoint","urlTemplate":"https:\/\/www.eenewseurope.com\/en\/?s={search_term_string}"},"query-input":"required name=search_term_string"}],"inLanguage":"fr-FR"},{"@type":"Organization","@id":"https:\/\/www.eenewseurope.com\/en\/#organization","name":"EENewsEurope","url":"https:\/\/www.eenewseurope.com\/en\/","logo":{"@type":"ImageObject","inLanguage":"fr-FR","@id":"https:\/\/www.eenewseurope.com\/en\/#\/schema\/logo\/image\/","url":"https:\/\/www.ecinews.fr\/wp-content\/uploads\/2022\/02\/logo-1.jpg","contentUrl":"https:\/\/www.ecinews.fr\/wp-content\/uploads\/2022\/02\/logo-1.jpg","width":283,"height":113,"caption":"EENewsEurope"},"image":{"@id":"https:\/\/www.eenewseurope.com\/en\/#\/schema\/logo\/image\/"}},{"@type":"Person","@id":"https:\/\/www.eenewseurope.com\/en\/#\/schema\/person\/9d52edb517ca8d9017312e8e246b9433","name":"Andre Rousselot","image":{"@type":"ImageObject","inLanguage":"fr-FR","@id":"https:\/\/www.eenewseurope.com\/en\/#\/schema\/person\/image\/8046680f16f52d2ae022297dc9e36ff3","url":"https:\/\/secure.gravatar.com\/avatar\/428720feffa09baddfe5e7cd3f84b526?s=96&d=mm&r=g","contentUrl":"https:\/\/secure.gravatar.com\/avatar\/428720feffa09baddfe5e7cd3f84b526?s=96&d=mm&r=g","caption":"Andre Rousselot"}}]}},"authors":[{"term_id":1144,"user_id":12,"is_guest":0,"slug":"rousselot","display_name":"Andre Rousselot","avatar_url":"https:\/\/secure.gravatar.com\/avatar\/428720feffa09baddfe5e7cd3f84b526?s=96&d=mm&r=g","0":null,"1":"","2":"","3":"","4":"","5":"","6":"","7":"","8":""}],"_links":{"self":[{"href":"https:\/\/www.ecinews.fr\/fr\/wp-json\/wp\/v2\/posts\/38360"}],"collection":[{"href":"https:\/\/www.ecinews.fr\/fr\/wp-json\/wp\/v2\/posts"}],"about":[{"href":"https:\/\/www.ecinews.fr\/fr\/wp-json\/wp\/v2\/types\/post"}],"author":[{"embeddable":true,"href":"https:\/\/www.ecinews.fr\/fr\/wp-json\/wp\/v2\/users\/12"}],"replies":[{"embeddable":true,"href":"https:\/\/www.ecinews.fr\/fr\/wp-json\/wp\/v2\/comments?post=38360"}],"version-history":[{"count":0,"href":"https:\/\/www.ecinews.fr\/fr\/wp-json\/wp\/v2\/posts\/38360\/revisions"}],"wp:featuredmedia":[{"embeddable":true,"href":"https:\/\/www.ecinews.fr\/fr\/wp-json\/wp\/v2\/media\/162778"}],"wp:attachment":[{"href":"https:\/\/www.ecinews.fr\/fr\/wp-json\/wp\/v2\/media?parent=38360"}],"wp:term":[{"taxonomy":"category","embeddable":true,"href":"https:\/\/www.ecinews.fr\/fr\/wp-json\/wp\/v2\/categories?post=38360"},{"taxonomy":"post_tag","embeddable":true,"href":"https:\/\/www.ecinews.fr\/fr\/wp-json\/wp\/v2\/tags?post=38360"},{"taxonomy":"domains","embeddable":true,"href":"https:\/\/www.ecinews.fr\/fr\/wp-json\/wp\/v2\/domains?post=38360"},{"taxonomy":"author","embeddable":true,"href":"https:\/\/www.ecinews.fr\/fr\/wp-json\/wp\/v2\/ppma_author?post=38360"}],"curies":[{"name":"wp","href":"https:\/\/api.w.org\/{rel}","templated":true}]}}