{"id":383367,"date":"2022-05-11T09:00:17","date_gmt":"2022-05-11T07:00:17","guid":{"rendered":"https:\/\/www.ecinews.fr\/?p=383367"},"modified":"2022-05-11T09:00:17","modified_gmt":"2022-05-11T07:00:17","slug":"supply-chain-les-defis-sur-le-marche-de-lelectronique-saggravent","status":"publish","type":"post","link":"https:\/\/www.ecinews.fr\/fr\/supply-chain-les-defis-sur-le-marche-de-lelectronique-saggravent\/","title":{"rendered":"Supply chain : les d\u00e9fis sur le march\u00e9 de l&rsquo;\u00e9lectronique s&rsquo;aggravent"},"content":{"rendered":"<p><a href=\"https:\/\/supplyframe.com\/\">Supplyframe<\/a>\u00a0d\u00e9voile les r\u00e9sultats de son dernier rapport\u00a0<a href=\"https:\/\/supplyframe.com\/ciq\/\">Commodity IQ<\/a>\u00a0qui fournit un \u00e9tat des lieux du march\u00e9 (prix, d\u00e9lais, demandes, etc.) de l\u2019industrie \u00e9lectronique.\u00a0 L&rsquo;incertitude g\u00e9opolitique et les vastes r\u00e9percussions du conflit arm\u00e9 en Ukraine, ainsi que l&rsquo;inflation mondiale et les \u00e9pid\u00e9mies r\u00e9currentes de Covid-19 aggravent la situation et mettent \u00e0 rude \u00e9preuve les cha\u00eenes d&rsquo;approvisionnement de l&rsquo;industrie.<\/p>\n<p>Le deuxi\u00e8me trimestre de 2022 a commenc\u00e9 de la m\u00eame mani\u00e8re que le premier trimestre, avec pr\u00e8s de la moiti\u00e9 des tendances analys\u00e9es par Commodity IQ consid\u00e9r\u00e9es comme s&rsquo;\u00e9tant d\u00e9t\u00e9rior\u00e9es. Nous observons \u00e9galement la poursuite d&rsquo;une forte demande, d&rsquo;une production \u00e0 pleine capacit\u00e9, de d\u00e9lais de livraison prolong\u00e9s ainsi que de prix en hausse pour la plupart des composants.\u00a0<\/p>\n<p>Pour les quatre prochains trimestres, le march\u00e9 des composants actifs reste t\u00eatu et hostile. Des composants analogiques aux circuits logiques standards en passant par les ASIC et les capteurs, tous les signaux sont au rouge. La dynamique des composants passifs n&rsquo;est pas aussi contrainte que celle de leurs homologues actifs, avec des pr\u00e9visions plus nuanc\u00e9es pour la plupart des sous-familles, \u00e0 l&rsquo;exception des dispositifs de fr\u00e9quence et des r\u00e9sistances.<\/p>\n<p>Entre le quatri\u00e8me trimestre 2021 et le premier trimestre 2022, la plupart des composants ont connu une augmentation modeste de leurs chiffres en mati\u00e8re de conception et de production. Les condensateurs (-18%), les circuits logiques programmables (-13%), les capteurs (-8%), les oscillateurs (-2%) et les g\u00e9n\u00e9rateurs de signaux (-1%) sont les exceptions qui ont vu leurs niveaux d\u2019intentions d\u2019impl\u00e9mentation baisser. En revanche, la demande a continu\u00e9 \u00e0 augmenter pour la grande majorit\u00e9 des composants, les microprocesseurs et microcontr\u00f4leurs enregistrant la plus forte hausse (+11%), suivis des relais (+10%).<\/p>\n<p>Entre le premier et le deuxi\u00e8me trimestre 2022, en termes de conception et de production, la plupart des composants ont vu leur capacit\u00e9 s&rsquo;am\u00e9liorer, les circuits logiques standard enregistrant une augmentation de 12%. Les seuls composants qui font face \u00e0 une baisse de conception dans le m\u00eame laps de temps sont les connecteurs (-15%), les relais (-4%), les oscillateurs (-2%) et les dispositifs de signalisation (-1%).\u00a0<\/p>\n<p>En ce qui concerne la demande, la tendance est toujours \u00e0 la hausse sur les deux trimestres, mais de fa\u00e7on plus r\u00e9guli\u00e8re que dans les \u00e9ditions pr\u00e9c\u00e9dentes de Commodity IQ. Il convient de noter que les composants qui connaissent la plus forte augmentation de la demande entre le premier et le deuxi\u00e8me trimestre 2022 sont les dispositifs de signalisation (+30 %), les condensateurs (+15 %) et les dispositifs de protection des circuits (+15 %).\u00a0<\/p>\n<p>La situation ne s&rsquo;am\u00e9liore pas\u00a0: Commodity IQ dresse un tableau pessimiste, avec des d\u00e9fis pour la cha\u00eene d&rsquo;approvisionnement qui se poursuivront jusqu&rsquo;en 2023. La cha\u00eene d&rsquo;approvisionnement sur le march\u00e9 de l&rsquo;\u00e9lectronique peut s&rsquo;attendre \u00e0 des difficult\u00e9s croissantes l&rsquo;ann\u00e9e prochaine. Jusqu&rsquo;au premier trimestre de 2023, plus de 70 % des d\u00e9lais d&rsquo;approvisionnement devraient augmenter. Pendant cette p\u00e9riode, les prix des composants analogiques, des semi-conducteurs complexes (ASIC, MCU, MPU, PLD), des m\u00e9moires flash, des condensateurs non c\u00e9ramiques, des r\u00e9sistances et autres dispositifs logiques standard devraient augmenter (+85 %), \u00e0 quelques exceptions pr\u00e8s. La plupart de ces m\u00eames dispositifs resteront \u00e9galement \u00e0 des d\u00e9lais de livraison d\u00e9j\u00e0 \u00e9lev\u00e9s, voire les d\u00e9passeront (+83%).\u00a0<\/p>\n<p>\u00ab\u00a0Si quelqu&rsquo;un esp\u00e9rait encore que nous serions sortis du bois en 2022, malheureusement nous n&rsquo;y sommes pas encore. Les conditions g\u00e9opolitiques actuelles, ainsi que l&rsquo;inflation et les \u00e9pid\u00e9mies de Covid-19, rendent la situation encore plus tendue. La cha\u00eene d&rsquo;approvisionnement dans le secteur de l&rsquo;\u00e9lectronique est appel\u00e9e \u00e0 conna\u00eetre des mois difficiles, plusieurs indicateurs passant ou se maintenant au rouge\u00a0\u00bb\u00a0affirme\u00a0Lo\u00efc Biarez, VP Product Marketing France chez Supplyframe.\u00a0\u00ab\u00a0Par cons\u00e9quent, les entreprises doivent changer leur approche et voir comment elles peuvent g\u00e9rer et fonctionner avec ces p\u00e9nuries. Aujourd&rsquo;hui, de nouvelles formes d&rsquo;intelligence apparaissent, les organisations doivent s\u2019en saisir et les int\u00e9grer pour mieux contourner les dangers et les convertir en opportunit\u00e9s.\u00a0\u00bb<\/p>\n<p>&nbsp;<\/p>\n<p><a href=\"https:\/\/supplyframe.com\/ciq\/\">https:\/\/supplyframe.com\/ciq\/<\/a><\/p>\n<p>&nbsp;<\/p>\n<p>&nbsp;<\/p>\n<p><strong>\u00c0 propos de Supplyframe\u00a0:\u00a0<\/strong><\/p>\n<p>L&rsquo;\u00e9cosyst\u00e8me industriel in\u00e9gal\u00e9 de Supplyframe, et les solutions pionni\u00e8res de Design-to-Source Intelligence (DSI), transforment la fa\u00e7on dont les personnes et les entreprises con\u00e7oivent, s&rsquo;approvisionnent, commercialisent et vendent des produits \u00e0 travers la cha\u00eene de valeur \u00e9lectronique mondiale. Tirant parti de milliards de signaux continus d&rsquo;intention de conception, de demande, d&rsquo;offre et de facteurs de risque, la plateforme DSI de Supplyframe est la\u00a0solution\u00a0d&rsquo;intelligence la plus riche au monde pour l&rsquo;industrie \u00e9lectronique. Plus de 10 millions de professionnels de l&rsquo;ing\u00e9nierie et de la cha\u00eene d&rsquo;approvisionnement dans le monde utilisent nos solutions SaaS, nos moteurs de recherche et nos propri\u00e9t\u00e9s\u00a0m\u00e9dias\u00a0pour acc\u00e9l\u00e9rer l&rsquo;innovation et optimiser plus de 120 milliards de dollars par an d\u2019achats directs. Supplyframe a son si\u00e8ge \u00e0 Pasadena, en Californie, et poss\u00e8de des\u00a0implantations\u00a0\u00e0 Austin, Belgrade, Grenoble, Oxford, San Francisco, Shanghai et Shenzhen.<br \/>\nPour rejoindre la communaut\u00e9 Supplyframe\u00a0: \u00a0<a href=\"http:\/\/supplyframe.com\/\">http:\/\/supplyframe.com\/<\/a>\u00a0<\/p>\n","protected":false},"excerpt":{"rendered":"<p>La demande sur la supply chain continue d&rsquo;augmenter, mais de fa\u00e7on plus r\u00e9guli\u00e8re ; l\u2019offre reste \u00e0 la tra\u00eene, mais rattrape son retard.<\/p>\n","protected":false},"author":36,"featured_media":383368,"comment_status":"closed","ping_status":"closed","sticky":false,"template":"","format":"standard","meta":{"_acf_changed":false,"footnotes":""},"categories":[886],"tags":[],"domains":[47],"ppma_author":[1154],"class_list":["post-383367","post","type-post","status-publish","format-standard","has-post-thumbnail","hentry","category-news-fr","domains-electronique-eci"],"acf":[],"yoast_head":"<title>Supply chain : les d\u00e9fis sur le march\u00e9 de l&#039;\u00e9lectronique s&#039;a...<\/title>\n<meta name=\"description\" content=\"La demande sur la supply chain continue d&#039;augmenter, mais de fa\u00e7on plus r\u00e9guli\u00e8re ; l\u2019offre reste \u00e0 la tra\u00eene, mais rattrape son retard.\" \/>\n<meta name=\"robots\" content=\"index, follow, max-snippet:-1, max-image-preview:large, max-video-preview:-1\" \/>\n<link rel=\"canonical\" href=\"https:\/\/www.ecinews.fr\/fr\/wp-json\/wp\/v2\/posts\/383367\/\" \/>\n<meta property=\"og:locale\" content=\"fr_FR\" \/>\n<meta property=\"og:type\" content=\"article\" \/>\n<meta property=\"og:title\" content=\"Supply chain : les d\u00e9fis sur le march\u00e9 de l&#039;\u00e9lectronique s&#039;aggravent\" \/>\n<meta property=\"og:description\" content=\"La demande sur la supply chain continue d&#039;augmenter, mais de fa\u00e7on plus r\u00e9guli\u00e8re ; l\u2019offre reste \u00e0 la tra\u00eene, mais rattrape son retard.\" \/>\n<meta property=\"og:url\" content=\"https:\/\/www.ecinews.fr\/fr\/wp-json\/wp\/v2\/posts\/383367\/\" \/>\n<meta property=\"og:site_name\" content=\"EENewsEurope\" \/>\n<meta property=\"article:published_time\" content=\"2022-05-11T07:00:17+00:00\" \/>\n<meta property=\"og:image\" content=\"https:\/\/www.ecinews.fr\/wp-content\/uploads\/2022\/05\/ECI1202_SupplyFrame_actu.jpg\" \/>\n\t<meta property=\"og:image:width\" content=\"587\" \/>\n\t<meta property=\"og:image:height\" content=\"274\" \/>\n\t<meta property=\"og:image:type\" content=\"image\/jpeg\" \/>\n<meta name=\"author\" content=\"Alain Dieul\" \/>\n<meta name=\"twitter:card\" content=\"summary_large_image\" \/>\n<meta name=\"twitter:label1\" content=\"Written by\" \/>\n\t<meta name=\"twitter:data1\" content=\"Alain Dieul\" \/>\n\t<meta name=\"twitter:label2\" content=\"Est. reading time\" \/>\n\t<meta name=\"twitter:data2\" content=\"4 minutes\" \/>\n<script type=\"application\/ld+json\" class=\"yoast-schema-graph\">{\"@context\":\"https:\/\/schema.org\",\"@graph\":[{\"@type\":\"Article\",\"@id\":\"https:\/\/www.ecinews.fr\/fr\/supply-chain-les-defis-sur-le-marche-de-lelectronique-saggravent\/#article\",\"isPartOf\":{\"@id\":\"https:\/\/www.ecinews.fr\/fr\/supply-chain-les-defis-sur-le-marche-de-lelectronique-saggravent\/\"},\"author\":{\"name\":\"Alain Dieul\",\"@id\":\"https:\/\/www.eenewseurope.com\/en\/#\/schema\/person\/e4387676ad67ce722325c7832f3c3762\"},\"headline\":\"Supply chain : les d\u00e9fis sur le march\u00e9 de l&rsquo;\u00e9lectronique s&rsquo;aggravent\",\"datePublished\":\"2022-05-11T07:00:17+00:00\",\"dateModified\":\"2022-05-11T07:00:17+00:00\",\"mainEntityOfPage\":{\"@id\":\"https:\/\/www.ecinews.fr\/fr\/supply-chain-les-defis-sur-le-marche-de-lelectronique-saggravent\/\"},\"wordCount\":890,\"publisher\":{\"@id\":\"https:\/\/www.eenewseurope.com\/en\/#organization\"},\"articleSection\":[\"Actualit\u00e9 g\u00e9n\u00e9rale\"],\"inLanguage\":\"fr-FR\"},{\"@type\":\"WebPage\",\"@id\":\"https:\/\/www.ecinews.fr\/fr\/supply-chain-les-defis-sur-le-marche-de-lelectronique-saggravent\/\",\"url\":\"https:\/\/www.ecinews.fr\/fr\/supply-chain-les-defis-sur-le-marche-de-lelectronique-saggravent\/\",\"name\":\"Supply chain : les d\u00e9fis sur le march\u00e9 de l'\u00e9lectronique s'aggravent -\",\"isPartOf\":{\"@id\":\"https:\/\/www.eenewseurope.com\/en\/#website\"},\"datePublished\":\"2022-05-11T07:00:17+00:00\",\"dateModified\":\"2022-05-11T07:00:17+00:00\",\"breadcrumb\":{\"@id\":\"https:\/\/www.ecinews.fr\/fr\/supply-chain-les-defis-sur-le-marche-de-lelectronique-saggravent\/#breadcrumb\"},\"inLanguage\":\"fr-FR\",\"potentialAction\":[{\"@type\":\"ReadAction\",\"target\":[\"https:\/\/www.ecinews.fr\/fr\/supply-chain-les-defis-sur-le-marche-de-lelectronique-saggravent\/\"]}]},{\"@type\":\"BreadcrumbList\",\"@id\":\"https:\/\/www.ecinews.fr\/fr\/supply-chain-les-defis-sur-le-marche-de-lelectronique-saggravent\/#breadcrumb\",\"itemListElement\":[{\"@type\":\"ListItem\",\"position\":1,\"name\":\"Home\",\"item\":\"https:\/\/www.ecinews.fr\/fr\/\"},{\"@type\":\"ListItem\",\"position\":2,\"name\":\"Supply chain : les d\u00e9fis sur le march\u00e9 de l&rsquo;\u00e9lectronique s&rsquo;aggravent\"}]},{\"@type\":\"WebSite\",\"@id\":\"https:\/\/www.eenewseurope.com\/en\/#website\",\"url\":\"https:\/\/www.eenewseurope.com\/en\/\",\"name\":\"EENewsEurope\",\"description\":\"Just another WordPress site\",\"publisher\":{\"@id\":\"https:\/\/www.eenewseurope.com\/en\/#organization\"},\"potentialAction\":[{\"@type\":\"SearchAction\",\"target\":{\"@type\":\"EntryPoint\",\"urlTemplate\":\"https:\/\/www.eenewseurope.com\/en\/?s={search_term_string}\"},\"query-input\":\"required name=search_term_string\"}],\"inLanguage\":\"fr-FR\"},{\"@type\":\"Organization\",\"@id\":\"https:\/\/www.eenewseurope.com\/en\/#organization\",\"name\":\"EENewsEurope\",\"url\":\"https:\/\/www.eenewseurope.com\/en\/\",\"logo\":{\"@type\":\"ImageObject\",\"inLanguage\":\"fr-FR\",\"@id\":\"https:\/\/www.eenewseurope.com\/en\/#\/schema\/logo\/image\/\",\"url\":\"https:\/\/www.ecinews.fr\/wp-content\/uploads\/2022\/02\/logo-1.jpg\",\"contentUrl\":\"https:\/\/www.ecinews.fr\/wp-content\/uploads\/2022\/02\/logo-1.jpg\",\"width\":283,\"height\":113,\"caption\":\"EENewsEurope\"},\"image\":{\"@id\":\"https:\/\/www.eenewseurope.com\/en\/#\/schema\/logo\/image\/\"}},{\"@type\":\"Person\",\"@id\":\"https:\/\/www.eenewseurope.com\/en\/#\/schema\/person\/e4387676ad67ce722325c7832f3c3762\",\"name\":\"Alain Dieul\",\"image\":{\"@type\":\"ImageObject\",\"inLanguage\":\"fr-FR\",\"@id\":\"https:\/\/www.eenewseurope.com\/en\/#\/schema\/person\/image\/736120675699dbbf0f0f282b9a9cfb75\",\"url\":\"https:\/\/secure.gravatar.com\/avatar\/bc93b056d07515be5b8eecd4acf49c5c?s=96&d=mm&r=g\",\"contentUrl\":\"https:\/\/secure.gravatar.com\/avatar\/bc93b056d07515be5b8eecd4acf49c5c?s=96&d=mm&r=g\",\"caption\":\"Alain Dieul\"},\"sameAs\":[\"http:\/\/ECINews\"]}]}<\/script>","yoast_head_json":{"title":"Supply chain : les d\u00e9fis sur le march\u00e9 de l'\u00e9lectronique s'a...","description":"La demande sur la supply chain continue d'augmenter, mais de fa\u00e7on plus r\u00e9guli\u00e8re ; l\u2019offre reste \u00e0 la tra\u00eene, mais rattrape son retard.","robots":{"index":"index","follow":"follow","max-snippet":"max-snippet:-1","max-image-preview":"max-image-preview:large","max-video-preview":"max-video-preview:-1"},"canonical":"https:\/\/www.ecinews.fr\/fr\/wp-json\/wp\/v2\/posts\/383367\/","og_locale":"fr_FR","og_type":"article","og_title":"Supply chain : les d\u00e9fis sur le march\u00e9 de l'\u00e9lectronique s'aggravent","og_description":"La demande sur la supply chain continue d'augmenter, mais de fa\u00e7on plus r\u00e9guli\u00e8re ; l\u2019offre reste \u00e0 la tra\u00eene, mais rattrape son retard.","og_url":"https:\/\/www.ecinews.fr\/fr\/wp-json\/wp\/v2\/posts\/383367\/","og_site_name":"EENewsEurope","article_published_time":"2022-05-11T07:00:17+00:00","og_image":[{"width":587,"height":274,"url":"https:\/\/www.ecinews.fr\/wp-content\/uploads\/2022\/05\/ECI1202_SupplyFrame_actu.jpg","type":"image\/jpeg"}],"author":"Alain Dieul","twitter_card":"summary_large_image","twitter_misc":{"Written by":"Alain Dieul","Est. reading time":"4 minutes"},"schema":{"@context":"https:\/\/schema.org","@graph":[{"@type":"Article","@id":"https:\/\/www.ecinews.fr\/fr\/supply-chain-les-defis-sur-le-marche-de-lelectronique-saggravent\/#article","isPartOf":{"@id":"https:\/\/www.ecinews.fr\/fr\/supply-chain-les-defis-sur-le-marche-de-lelectronique-saggravent\/"},"author":{"name":"Alain Dieul","@id":"https:\/\/www.eenewseurope.com\/en\/#\/schema\/person\/e4387676ad67ce722325c7832f3c3762"},"headline":"Supply chain : les d\u00e9fis sur le march\u00e9 de l&rsquo;\u00e9lectronique s&rsquo;aggravent","datePublished":"2022-05-11T07:00:17+00:00","dateModified":"2022-05-11T07:00:17+00:00","mainEntityOfPage":{"@id":"https:\/\/www.ecinews.fr\/fr\/supply-chain-les-defis-sur-le-marche-de-lelectronique-saggravent\/"},"wordCount":890,"publisher":{"@id":"https:\/\/www.eenewseurope.com\/en\/#organization"},"articleSection":["Actualit\u00e9 g\u00e9n\u00e9rale"],"inLanguage":"fr-FR"},{"@type":"WebPage","@id":"https:\/\/www.ecinews.fr\/fr\/supply-chain-les-defis-sur-le-marche-de-lelectronique-saggravent\/","url":"https:\/\/www.ecinews.fr\/fr\/supply-chain-les-defis-sur-le-marche-de-lelectronique-saggravent\/","name":"Supply chain : les d\u00e9fis sur le march\u00e9 de l'\u00e9lectronique s'aggravent -","isPartOf":{"@id":"https:\/\/www.eenewseurope.com\/en\/#website"},"datePublished":"2022-05-11T07:00:17+00:00","dateModified":"2022-05-11T07:00:17+00:00","breadcrumb":{"@id":"https:\/\/www.ecinews.fr\/fr\/supply-chain-les-defis-sur-le-marche-de-lelectronique-saggravent\/#breadcrumb"},"inLanguage":"fr-FR","potentialAction":[{"@type":"ReadAction","target":["https:\/\/www.ecinews.fr\/fr\/supply-chain-les-defis-sur-le-marche-de-lelectronique-saggravent\/"]}]},{"@type":"BreadcrumbList","@id":"https:\/\/www.ecinews.fr\/fr\/supply-chain-les-defis-sur-le-marche-de-lelectronique-saggravent\/#breadcrumb","itemListElement":[{"@type":"ListItem","position":1,"name":"Home","item":"https:\/\/www.ecinews.fr\/fr\/"},{"@type":"ListItem","position":2,"name":"Supply chain : les d\u00e9fis sur le march\u00e9 de l&rsquo;\u00e9lectronique s&rsquo;aggravent"}]},{"@type":"WebSite","@id":"https:\/\/www.eenewseurope.com\/en\/#website","url":"https:\/\/www.eenewseurope.com\/en\/","name":"EENewsEurope","description":"Just another WordPress site","publisher":{"@id":"https:\/\/www.eenewseurope.com\/en\/#organization"},"potentialAction":[{"@type":"SearchAction","target":{"@type":"EntryPoint","urlTemplate":"https:\/\/www.eenewseurope.com\/en\/?s={search_term_string}"},"query-input":"required name=search_term_string"}],"inLanguage":"fr-FR"},{"@type":"Organization","@id":"https:\/\/www.eenewseurope.com\/en\/#organization","name":"EENewsEurope","url":"https:\/\/www.eenewseurope.com\/en\/","logo":{"@type":"ImageObject","inLanguage":"fr-FR","@id":"https:\/\/www.eenewseurope.com\/en\/#\/schema\/logo\/image\/","url":"https:\/\/www.ecinews.fr\/wp-content\/uploads\/2022\/02\/logo-1.jpg","contentUrl":"https:\/\/www.ecinews.fr\/wp-content\/uploads\/2022\/02\/logo-1.jpg","width":283,"height":113,"caption":"EENewsEurope"},"image":{"@id":"https:\/\/www.eenewseurope.com\/en\/#\/schema\/logo\/image\/"}},{"@type":"Person","@id":"https:\/\/www.eenewseurope.com\/en\/#\/schema\/person\/e4387676ad67ce722325c7832f3c3762","name":"Alain Dieul","image":{"@type":"ImageObject","inLanguage":"fr-FR","@id":"https:\/\/www.eenewseurope.com\/en\/#\/schema\/person\/image\/736120675699dbbf0f0f282b9a9cfb75","url":"https:\/\/secure.gravatar.com\/avatar\/bc93b056d07515be5b8eecd4acf49c5c?s=96&d=mm&r=g","contentUrl":"https:\/\/secure.gravatar.com\/avatar\/bc93b056d07515be5b8eecd4acf49c5c?s=96&d=mm&r=g","caption":"Alain Dieul"},"sameAs":["http:\/\/ECINews"]}]}},"authors":[{"term_id":1154,"user_id":36,"is_guest":0,"slug":"alain-dieul","display_name":"Alain Dieul","avatar_url":"https:\/\/secure.gravatar.com\/avatar\/bc93b056d07515be5b8eecd4acf49c5c?s=96&d=mm&r=g","0":null,"1":"","2":"","3":"","4":"","5":"","6":"","7":"","8":""}],"_links":{"self":[{"href":"https:\/\/www.ecinews.fr\/fr\/wp-json\/wp\/v2\/posts\/383367"}],"collection":[{"href":"https:\/\/www.ecinews.fr\/fr\/wp-json\/wp\/v2\/posts"}],"about":[{"href":"https:\/\/www.ecinews.fr\/fr\/wp-json\/wp\/v2\/types\/post"}],"author":[{"embeddable":true,"href":"https:\/\/www.ecinews.fr\/fr\/wp-json\/wp\/v2\/users\/36"}],"replies":[{"embeddable":true,"href":"https:\/\/www.ecinews.fr\/fr\/wp-json\/wp\/v2\/comments?post=383367"}],"version-history":[{"count":0,"href":"https:\/\/www.ecinews.fr\/fr\/wp-json\/wp\/v2\/posts\/383367\/revisions"}],"wp:featuredmedia":[{"embeddable":true,"href":"https:\/\/www.ecinews.fr\/fr\/wp-json\/wp\/v2\/media\/383368"}],"wp:attachment":[{"href":"https:\/\/www.ecinews.fr\/fr\/wp-json\/wp\/v2\/media?parent=383367"}],"wp:term":[{"taxonomy":"category","embeddable":true,"href":"https:\/\/www.ecinews.fr\/fr\/wp-json\/wp\/v2\/categories?post=383367"},{"taxonomy":"post_tag","embeddable":true,"href":"https:\/\/www.ecinews.fr\/fr\/wp-json\/wp\/v2\/tags?post=383367"},{"taxonomy":"domains","embeddable":true,"href":"https:\/\/www.ecinews.fr\/fr\/wp-json\/wp\/v2\/domains?post=383367"},{"taxonomy":"author","embeddable":true,"href":"https:\/\/www.ecinews.fr\/fr\/wp-json\/wp\/v2\/ppma_author?post=383367"}],"curies":[{"name":"wp","href":"https:\/\/api.w.org\/{rel}","templated":true}]}}