{"id":383190,"date":"2022-05-09T19:15:11","date_gmt":"2022-05-09T17:15:11","guid":{"rendered":"https:\/\/www.eenewseurope.com\/?p=383190"},"modified":"2022-05-09T19:15:11","modified_gmt":"2022-05-09T17:15:11","slug":"infineon-augmente-ses-previsions-de-revenus-pour-2022","status":"publish","type":"post","link":"https:\/\/www.ecinews.fr\/fr\/infineon-augmente-ses-previsions-de-revenus-pour-2022\/","title":{"rendered":"Infineon augmente ses pr\u00e9visions de revenus pour 2022"},"content":{"rendered":"<p><span class=\"VIiyi\" lang=\"fr\"><span class=\"JLqJ4b\" data-language-for-alternatives=\"fr\" data-language-to-translate-into=\"en\" data-phrase-index=\"0\" data-number-of-phrases=\"1\"><span class=\"Q4iAWc\">Infineon Technologies a augment\u00e9 ses pr\u00e9visions de revenus pour 2022, mais pr\u00e9voit des difficult\u00e9s li\u00e9es \u00e0 la guerre en Ukraine et la poursuite de confinements Covid-19. <\/span><\/span><\/span><\/p>\n<p><span class=\"VIiyi\" lang=\"fr\"><span class=\"JLqJ4b\" data-language-for-alternatives=\"fr\" data-language-to-translate-into=\"en\" data-phrase-index=\"0\" data-number-of-phrases=\"1\"><span class=\"Q4iAWc\">Le chiffre d&rsquo;affaires du deuxi\u00e8me trimestre 2022 s&rsquo;est \u00e9lev\u00e9 \u00e0 3,298 milliards d&rsquo;euros, en hausse de 4% par rapport au trimestre pr\u00e9c\u00e9dent et de 22% en glissement annuel. La soci\u00e9t\u00e9 pr\u00e9voit un chiffre d&rsquo;affaires compris entre 13 et 14 milliards d&rsquo;euros, en hausse de 22 % par rapport aux 11,06 milliards d&rsquo;euros en 2021. Ce chiffre \u00e9tait en hausse de 29 % par rapport \u00e0 2020.<\/span><\/span><\/span><\/p>\n<p><span class=\"VIiyi\" lang=\"fr\"><span class=\"JLqJ4b\" data-language-for-alternatives=\"fr\" data-language-to-translate-into=\"en\" data-phrase-index=\"0\" data-number-of-phrases=\"1\"><span class=\"Q4iAWc\">La soci\u00e9t\u00e9 pr\u00e9voit toujours d&rsquo;investir 2,4 milliards d&rsquo;euros dans ses capacit\u00e9s, notamment en d\u00e9veloppant sa capacit\u00e9 de fabrication de composants SiC ( carbure de silicium) et sa capacit\u00e9 de packaging en Indon\u00e9sie. L&rsquo;activit\u00e9 automobile, particuli\u00e8rement touch\u00e9e par les probl\u00e8mes de cha\u00eene d&rsquo;approvisionnement, repr\u00e9sente 45% des ventes de l&rsquo;entreprise et a connu une croissance de 24% par rapport au trimestre pr\u00e9c\u00e9dent.<\/span><\/span><\/span><\/p>\n<h4>Related articles<\/h4>\n<ul>\n<li>\n<p class=\"title\"><a href=\"https:\/\/www.ecinews.fr\/fr\/nouveau-ceo-chez-infineon-en-mars-2022\/\" target=\"_blank\" rel=\"noopener\">Nouveau CEO chez Infineon en mars 2022<\/a><\/p>\n<\/li>\n<li><a href=\"https:\/\/www.ecinews.fr\/news\/infineon-booste-par-les-composants-de-puissance\" target=\"_blank\" rel=\"noopener\">Infineon boost\u00e9 par les composants de puissance<\/a><\/li>\n<li>\n<p class=\"title\"><a href=\"https:\/\/www.ecinews.fr\/fr\/infineon-inaugure-sa-fab-300mm-de-composants-de-puissance-a-villach\/\" target=\"_blank\" rel=\"noopener\">Infineon inaugure sa Fab 300mm de composants de puissance \u00e0 Villach<\/a><\/p>\n<\/li>\n<li><a href=\"https:\/\/www.eenewseurope.com\/en\/infineon-in-e2bn-silicon-carbide-move\/\">Infineon in \u20ac2bn silicon carbide move<\/a><\/li>\n<li><a href=\"https:\/\/www.eenewseurope.com\/en\/infineon-doubles-packaging-capacity-in-indonesia\/\">Infineon doubles packaging capacity in Indonesia<\/a><\/li>\n<\/ul>\n<p><span class=\"VIiyi\" lang=\"fr\"><span class=\"JLqJ4b\" data-language-for-alternatives=\"fr\" data-language-to-translate-into=\"en\" data-phrase-index=\"0\" data-number-of-phrases=\"1\"><span class=\"Q4iAWc\">\u00ab Infineon continue de bien performer dans un environnement de plus en plus difficile. Le chiffre d&rsquo;affaires et le r\u00e9sultat par segment ont de nouveau augment\u00e9 au deuxi\u00e8me trimestre. Les incertitudes mondiales, en particulier la guerre en Ukraine et la poursuite de la pand\u00e9mie de coronavirus, exercent une pression sur les cha\u00eenes d&rsquo;approvisionnement. Dans le m\u00eame temps, la demande pour nos produits et solutions continue de d\u00e9passer consid\u00e9rablement l&rsquo;offre \u00bb, a d\u00e9clar\u00e9 Jochen Hanebeck, PDG d&rsquo;Infineon. Hanebeck a remplac\u00e9 le PDG de longue date Reinhard Ploss en mars. <\/span><\/span><\/span><\/p>\n<p><span class=\"VIiyi\" lang=\"fr\"><span class=\"JLqJ4b\" data-language-for-alternatives=\"fr\" data-language-to-translate-into=\"en\" data-phrase-index=\"0\" data-number-of-phrases=\"1\"><span class=\"Q4iAWc\">\u00ab\u00a0La d\u00e9carbonisation et la digitalisation vont profond\u00e9ment changer le monde dans lequel nous vivons au cours de la prochaine d\u00e9cennie. Nous sommes activement associ\u00e9s \u00e0 ce changement, tout en saisissant ces opportunit\u00e9s pour g\u00e9n\u00e9rer une croissance rentable. Nous suivons de pr\u00e8s le march\u00e9 et l&rsquo;approvisionnement \u00e0 court et moyen terme conditions afin de pouvoir r\u00e9pondre en cas de besoin \u00bb, a-t-il d\u00e9clar\u00e9.<\/span><\/span><\/span><\/p>\n<h4>Other articles on eeNews Europe<\/h4>\n<ul>\n<li><a href=\"https:\/\/www.eenewseurope.com\/en\/crolles-outage-shenzhen-shutdown-fail-to-hold-back-st-on-path-to-15bn\/\">Crolles outage, Shenzhen shutdown fail to hold back ST on path to $15bn<\/a><\/li>\n<li><a href=\"https:\/\/www.eenewseurope.com\/en\/nexperia-aims-for-10bn-after-record-year\/\">Nexperia aims for $10bn after record year<\/a><\/li>\n<li><a href=\"https:\/\/www.eenewseurope.com\/en\/espressif-moves-exclusively-to-risc-v\/\">Espressif moves exclusively to RISC-V<\/a><\/li>\n<li><a href=\"https:\/\/www.eenewseurope.com\/en\/european-project-for-brain-like-ai\/\">European project for \u2018brain-like\u2019 AI<\/a><\/li>\n<li><a href=\"https:\/\/www.eenewseurope.com\/en\/apple-sues-risc-v-startup-rivos-for-theft-of-trade-secrets\/\">Apple sues RISC-V startup Rivos for theft of trade secrets<\/a><\/li>\n<\/ul>\n<p>&nbsp;<\/p>\n<p>&nbsp;<\/p>\n<p>&nbsp;<\/p>\n","protected":false},"excerpt":{"rendered":"<p>Infineon Technologies a augment\u00e9 ses pr\u00e9visions de revenus pour 2022, mais pr\u00e9voit des difficult\u00e9s li\u00e9es \u00e0 la guerre en Ukraine et la poursuite de confinements Covid-19. Le chiffre d&rsquo;affaires du deuxi\u00e8me trimestre 2022 s&rsquo;est \u00e9lev\u00e9 \u00e0 3,298 milliards d&rsquo;euros, en hausse de 4% par rapport au trimestre pr\u00e9c\u00e9dent et de 22% en glissement annuel. La [&hellip;]<\/p>\n","protected":false},"author":6,"featured_media":383037,"comment_status":"closed","ping_status":"closed","sticky":true,"template":"","format":"standard","meta":{"_acf_changed":false,"footnotes":""},"categories":[880],"tags":[891,890],"domains":[47],"ppma_author":[1138,1153],"class_list":["post-383190","post","type-post","status-publish","format-standard","has-post-thumbnail","hentry","category-actualites-economiques","tag-automotive-fr","tag-powermanagement-fr","domains-electronique-eci"],"acf":[],"yoast_head":"<title>Infineon augmente ses pr\u00e9visions de revenus pour 2022 ...<\/title>\n<meta name=\"description\" content=\"Infineon Technologies has increased its forecast for 2022 revenues to \u20ac13.5bn with challenges from the war in Ukraine and Covid-19 shutdowns.\" \/>\n<meta name=\"robots\" content=\"index, follow, max-snippet:-1, max-image-preview:large, max-video-preview:-1\" \/>\n<link rel=\"canonical\" href=\"https:\/\/www.ecinews.fr\/fr\/wp-json\/wp\/v2\/posts\/383190\/\" \/>\n<meta property=\"og:locale\" content=\"fr_FR\" \/>\n<meta property=\"og:type\" content=\"article\" \/>\n<meta property=\"og:title\" content=\"Infineon augmente ses pr\u00e9visions de revenus pour 2022\" \/>\n<meta property=\"og:description\" content=\"Infineon Technologies has increased its forecast for 2022 revenues to \u20ac13.5bn with challenges from the war in Ukraine and Covid-19 shutdowns.\" \/>\n<meta property=\"og:url\" content=\"https:\/\/www.ecinews.fr\/fr\/wp-json\/wp\/v2\/posts\/383190\/\" \/>\n<meta property=\"og:site_name\" content=\"EENewsEurope\" \/>\n<meta property=\"article:published_time\" content=\"2022-05-09T17:15:11+00:00\" \/>\n<meta property=\"og:image\" content=\"https:\/\/www.ecinews.fr\/wp-content\/uploads\/2022\/05\/Jochen_Hanebeck_01_10-2021-scaled.jpg\" \/>\n\t<meta property=\"og:image:width\" content=\"1080\" \/>\n\t<meta property=\"og:image:height\" content=\"720\" \/>\n\t<meta property=\"og:image:type\" content=\"image\/jpeg\" \/>\n<meta name=\"author\" content=\"Nick Flaherty, A Delapalisse\" \/>\n<meta name=\"twitter:card\" content=\"summary_large_image\" \/>\n<meta name=\"twitter:label1\" content=\"Written by\" \/>\n\t<meta name=\"twitter:data1\" content=\"Nick Flaherty\" \/>\n\t<meta name=\"twitter:label2\" content=\"Est. reading time\" \/>\n\t<meta name=\"twitter:data2\" content=\"2 minutes\" \/>\n<script type=\"application\/ld+json\" class=\"yoast-schema-graph\">{\"@context\":\"https:\/\/schema.org\",\"@graph\":[{\"@type\":\"Article\",\"@id\":\"https:\/\/www.ecinews.fr\/fr\/infineon-augmente-ses-previsions-de-revenus-pour-2022\/#article\",\"isPartOf\":{\"@id\":\"https:\/\/www.ecinews.fr\/fr\/infineon-augmente-ses-previsions-de-revenus-pour-2022\/\"},\"author\":{\"name\":\"Nick Flaherty\",\"@id\":\"https:\/\/www.ecinews.fr\/fr\/#\/schema\/person\/e0ece0e066c16515540002c31cc7a3ff\"},\"headline\":\"Infineon augmente ses pr\u00e9visions de revenus pour 2022\",\"datePublished\":\"2022-05-09T17:15:11+00:00\",\"dateModified\":\"2022-05-09T17:15:11+00:00\",\"mainEntityOfPage\":{\"@id\":\"https:\/\/www.ecinews.fr\/fr\/infineon-augmente-ses-previsions-de-revenus-pour-2022\/\"},\"wordCount\":424,\"publisher\":{\"@id\":\"https:\/\/www.ecinews.fr\/fr\/#organization\"},\"keywords\":[\"Automotive\",\"PowerManagement\"],\"articleSection\":[\"Actualit\u00e9s \u00e9conomiques\"],\"inLanguage\":\"fr-FR\"},{\"@type\":\"WebPage\",\"@id\":\"https:\/\/www.ecinews.fr\/fr\/infineon-augmente-ses-previsions-de-revenus-pour-2022\/\",\"url\":\"https:\/\/www.ecinews.fr\/fr\/infineon-augmente-ses-previsions-de-revenus-pour-2022\/\",\"name\":\"Infineon augmente ses pr\u00e9visions de revenus pour 2022 -\",\"isPartOf\":{\"@id\":\"https:\/\/www.ecinews.fr\/fr\/#website\"},\"datePublished\":\"2022-05-09T17:15:11+00:00\",\"dateModified\":\"2022-05-09T17:15:11+00:00\",\"description\":\"Infineon Technologies has increased its forecast for 2022 revenues to \u20ac13.5bn with challenges from the war in Ukraine and Covid-19 shutdowns.\",\"breadcrumb\":{\"@id\":\"https:\/\/www.ecinews.fr\/fr\/infineon-augmente-ses-previsions-de-revenus-pour-2022\/#breadcrumb\"},\"inLanguage\":\"fr-FR\",\"potentialAction\":[{\"@type\":\"ReadAction\",\"target\":[\"https:\/\/www.ecinews.fr\/fr\/infineon-augmente-ses-previsions-de-revenus-pour-2022\/\"]}]},{\"@type\":\"BreadcrumbList\",\"@id\":\"https:\/\/www.ecinews.fr\/fr\/infineon-augmente-ses-previsions-de-revenus-pour-2022\/#breadcrumb\",\"itemListElement\":[{\"@type\":\"ListItem\",\"position\":1,\"name\":\"Home\",\"item\":\"https:\/\/www.ecinews.fr\/fr\/\"},{\"@type\":\"ListItem\",\"position\":2,\"name\":\"Infineon augmente ses pr\u00e9visions de revenus pour 2022\"}]},{\"@type\":\"WebSite\",\"@id\":\"https:\/\/www.ecinews.fr\/fr\/#website\",\"url\":\"https:\/\/www.ecinews.fr\/fr\/\",\"name\":\"EENewsEurope\",\"description\":\"Just another WordPress site\",\"publisher\":{\"@id\":\"https:\/\/www.ecinews.fr\/fr\/#organization\"},\"potentialAction\":[{\"@type\":\"SearchAction\",\"target\":{\"@type\":\"EntryPoint\",\"urlTemplate\":\"https:\/\/www.ecinews.fr\/fr\/?s={search_term_string}\"},\"query-input\":\"required name=search_term_string\"}],\"inLanguage\":\"fr-FR\"},{\"@type\":\"Organization\",\"@id\":\"https:\/\/www.ecinews.fr\/fr\/#organization\",\"name\":\"EENewsEurope\",\"url\":\"https:\/\/www.ecinews.fr\/fr\/\",\"logo\":{\"@type\":\"ImageObject\",\"inLanguage\":\"fr-FR\",\"@id\":\"https:\/\/www.ecinews.fr\/fr\/#\/schema\/logo\/image\/\",\"url\":\"https:\/\/www.ecinews.fr\/wp-content\/uploads\/2022\/02\/logo-1.jpg\",\"contentUrl\":\"https:\/\/www.ecinews.fr\/wp-content\/uploads\/2022\/02\/logo-1.jpg\",\"width\":283,\"height\":113,\"caption\":\"EENewsEurope\"},\"image\":{\"@id\":\"https:\/\/www.ecinews.fr\/fr\/#\/schema\/logo\/image\/\"}},{\"@type\":\"Person\",\"@id\":\"https:\/\/www.ecinews.fr\/fr\/#\/schema\/person\/e0ece0e066c16515540002c31cc7a3ff\",\"name\":\"Nick Flaherty\",\"image\":{\"@type\":\"ImageObject\",\"inLanguage\":\"fr-FR\",\"@id\":\"https:\/\/www.ecinews.fr\/fr\/#\/schema\/person\/image\/48b22ad20cb8c78130781b5e1f225c7b\",\"url\":\"https:\/\/secure.gravatar.com\/avatar\/49bd04ef46c3ee89575adaf950e76b64?s=96&d=mm&r=g\",\"contentUrl\":\"https:\/\/secure.gravatar.com\/avatar\/49bd04ef46c3ee89575adaf950e76b64?s=96&d=mm&r=g\",\"caption\":\"Nick Flaherty\"}}]}<\/script>","yoast_head_json":{"title":"Infineon augmente ses pr\u00e9visions de revenus pour 2022 ...","description":"Infineon Technologies has increased its forecast for 2022 revenues to \u20ac13.5bn with challenges from the war in Ukraine and Covid-19 shutdowns.","robots":{"index":"index","follow":"follow","max-snippet":"max-snippet:-1","max-image-preview":"max-image-preview:large","max-video-preview":"max-video-preview:-1"},"canonical":"https:\/\/www.ecinews.fr\/fr\/wp-json\/wp\/v2\/posts\/383190\/","og_locale":"fr_FR","og_type":"article","og_title":"Infineon augmente ses pr\u00e9visions de revenus pour 2022","og_description":"Infineon Technologies has increased its forecast for 2022 revenues to \u20ac13.5bn with challenges from the war in Ukraine and Covid-19 shutdowns.","og_url":"https:\/\/www.ecinews.fr\/fr\/wp-json\/wp\/v2\/posts\/383190\/","og_site_name":"EENewsEurope","article_published_time":"2022-05-09T17:15:11+00:00","og_image":[{"width":1080,"height":720,"url":"https:\/\/www.ecinews.fr\/wp-content\/uploads\/2022\/05\/Jochen_Hanebeck_01_10-2021-scaled.jpg","type":"image\/jpeg"}],"author":"Nick Flaherty, A Delapalisse","twitter_card":"summary_large_image","twitter_misc":{"Written by":"Nick Flaherty","Est. reading time":"2 minutes"},"schema":{"@context":"https:\/\/schema.org","@graph":[{"@type":"Article","@id":"https:\/\/www.ecinews.fr\/fr\/infineon-augmente-ses-previsions-de-revenus-pour-2022\/#article","isPartOf":{"@id":"https:\/\/www.ecinews.fr\/fr\/infineon-augmente-ses-previsions-de-revenus-pour-2022\/"},"author":{"name":"Nick Flaherty","@id":"https:\/\/www.ecinews.fr\/fr\/#\/schema\/person\/e0ece0e066c16515540002c31cc7a3ff"},"headline":"Infineon augmente ses pr\u00e9visions de revenus pour 2022","datePublished":"2022-05-09T17:15:11+00:00","dateModified":"2022-05-09T17:15:11+00:00","mainEntityOfPage":{"@id":"https:\/\/www.ecinews.fr\/fr\/infineon-augmente-ses-previsions-de-revenus-pour-2022\/"},"wordCount":424,"publisher":{"@id":"https:\/\/www.ecinews.fr\/fr\/#organization"},"keywords":["Automotive","PowerManagement"],"articleSection":["Actualit\u00e9s \u00e9conomiques"],"inLanguage":"fr-FR"},{"@type":"WebPage","@id":"https:\/\/www.ecinews.fr\/fr\/infineon-augmente-ses-previsions-de-revenus-pour-2022\/","url":"https:\/\/www.ecinews.fr\/fr\/infineon-augmente-ses-previsions-de-revenus-pour-2022\/","name":"Infineon augmente ses pr\u00e9visions de revenus pour 2022 -","isPartOf":{"@id":"https:\/\/www.ecinews.fr\/fr\/#website"},"datePublished":"2022-05-09T17:15:11+00:00","dateModified":"2022-05-09T17:15:11+00:00","description":"Infineon Technologies has increased its forecast for 2022 revenues to \u20ac13.5bn with challenges from the war in Ukraine and Covid-19 shutdowns.","breadcrumb":{"@id":"https:\/\/www.ecinews.fr\/fr\/infineon-augmente-ses-previsions-de-revenus-pour-2022\/#breadcrumb"},"inLanguage":"fr-FR","potentialAction":[{"@type":"ReadAction","target":["https:\/\/www.ecinews.fr\/fr\/infineon-augmente-ses-previsions-de-revenus-pour-2022\/"]}]},{"@type":"BreadcrumbList","@id":"https:\/\/www.ecinews.fr\/fr\/infineon-augmente-ses-previsions-de-revenus-pour-2022\/#breadcrumb","itemListElement":[{"@type":"ListItem","position":1,"name":"Home","item":"https:\/\/www.ecinews.fr\/fr\/"},{"@type":"ListItem","position":2,"name":"Infineon augmente ses pr\u00e9visions de revenus pour 2022"}]},{"@type":"WebSite","@id":"https:\/\/www.ecinews.fr\/fr\/#website","url":"https:\/\/www.ecinews.fr\/fr\/","name":"EENewsEurope","description":"Just another WordPress site","publisher":{"@id":"https:\/\/www.ecinews.fr\/fr\/#organization"},"potentialAction":[{"@type":"SearchAction","target":{"@type":"EntryPoint","urlTemplate":"https:\/\/www.ecinews.fr\/fr\/?s={search_term_string}"},"query-input":"required name=search_term_string"}],"inLanguage":"fr-FR"},{"@type":"Organization","@id":"https:\/\/www.ecinews.fr\/fr\/#organization","name":"EENewsEurope","url":"https:\/\/www.ecinews.fr\/fr\/","logo":{"@type":"ImageObject","inLanguage":"fr-FR","@id":"https:\/\/www.ecinews.fr\/fr\/#\/schema\/logo\/image\/","url":"https:\/\/www.ecinews.fr\/wp-content\/uploads\/2022\/02\/logo-1.jpg","contentUrl":"https:\/\/www.ecinews.fr\/wp-content\/uploads\/2022\/02\/logo-1.jpg","width":283,"height":113,"caption":"EENewsEurope"},"image":{"@id":"https:\/\/www.ecinews.fr\/fr\/#\/schema\/logo\/image\/"}},{"@type":"Person","@id":"https:\/\/www.ecinews.fr\/fr\/#\/schema\/person\/e0ece0e066c16515540002c31cc7a3ff","name":"Nick Flaherty","image":{"@type":"ImageObject","inLanguage":"fr-FR","@id":"https:\/\/www.ecinews.fr\/fr\/#\/schema\/person\/image\/48b22ad20cb8c78130781b5e1f225c7b","url":"https:\/\/secure.gravatar.com\/avatar\/49bd04ef46c3ee89575adaf950e76b64?s=96&d=mm&r=g","contentUrl":"https:\/\/secure.gravatar.com\/avatar\/49bd04ef46c3ee89575adaf950e76b64?s=96&d=mm&r=g","caption":"Nick Flaherty"}}]}},"authors":[{"term_id":1138,"user_id":6,"is_guest":0,"slug":"flaherty","display_name":"Nick Flaherty","avatar_url":"https:\/\/secure.gravatar.com\/avatar\/49bd04ef46c3ee89575adaf950e76b64?s=96&d=mm&r=g","0":null,"1":"","2":"","3":"","4":"","5":"","6":"","7":"","8":""},{"term_id":1153,"user_id":34,"is_guest":0,"slug":"adelapalisse","display_name":"A Delapalisse","avatar_url":"https:\/\/secure.gravatar.com\/avatar\/ad45a8c5da24bc9c7c4940dd1c48a695?s=96&d=mm&r=g","0":null,"1":"","2":"","3":"","4":"","5":"","6":"","7":"","8":""}],"_links":{"self":[{"href":"https:\/\/www.ecinews.fr\/fr\/wp-json\/wp\/v2\/posts\/383190"}],"collection":[{"href":"https:\/\/www.ecinews.fr\/fr\/wp-json\/wp\/v2\/posts"}],"about":[{"href":"https:\/\/www.ecinews.fr\/fr\/wp-json\/wp\/v2\/types\/post"}],"author":[{"embeddable":true,"href":"https:\/\/www.ecinews.fr\/fr\/wp-json\/wp\/v2\/users\/6"}],"replies":[{"embeddable":true,"href":"https:\/\/www.ecinews.fr\/fr\/wp-json\/wp\/v2\/comments?post=383190"}],"version-history":[{"count":0,"href":"https:\/\/www.ecinews.fr\/fr\/wp-json\/wp\/v2\/posts\/383190\/revisions"}],"wp:featuredmedia":[{"embeddable":true,"href":"https:\/\/www.ecinews.fr\/fr\/wp-json\/wp\/v2\/media\/383037"}],"wp:attachment":[{"href":"https:\/\/www.ecinews.fr\/fr\/wp-json\/wp\/v2\/media?parent=383190"}],"wp:term":[{"taxonomy":"category","embeddable":true,"href":"https:\/\/www.ecinews.fr\/fr\/wp-json\/wp\/v2\/categories?post=383190"},{"taxonomy":"post_tag","embeddable":true,"href":"https:\/\/www.ecinews.fr\/fr\/wp-json\/wp\/v2\/tags?post=383190"},{"taxonomy":"domains","embeddable":true,"href":"https:\/\/www.ecinews.fr\/fr\/wp-json\/wp\/v2\/domains?post=383190"},{"taxonomy":"author","embeddable":true,"href":"https:\/\/www.ecinews.fr\/fr\/wp-json\/wp\/v2\/ppma_author?post=383190"}],"curies":[{"name":"wp","href":"https:\/\/api.w.org\/{rel}","templated":true}]}}