{"id":382928,"date":"2022-05-08T15:00:42","date_gmt":"2022-05-08T13:00:42","guid":{"rendered":"https:\/\/www.eenewsanalog.com\/?p=382928"},"modified":"2022-05-08T15:00:42","modified_gmt":"2022-05-08T13:00:42","slug":"lallemagne-a-14-milliards-deuros-pour-les-fabricants-de-puces","status":"publish","type":"post","link":"https:\/\/www.ecinews.fr\/fr\/lallemagne-a-14-milliards-deuros-pour-les-fabricants-de-puces\/","title":{"rendered":"14 milliards d&rsquo;Euros pour les fabricants de puces allemands"},"content":{"rendered":"<p><span class=\"VIiyi\" lang=\"fr\"><span class=\"JLqJ4b\" data-language-for-alternatives=\"fr\" data-language-to-translate-into=\"en\" data-phrase-index=\"0\" data-number-of-phrases=\"1\"><span class=\"Q4iAWc\">Habeck a ajout\u00e9 qu&rsquo;il y aurait d&rsquo;autres exemples \u00e0 venir comme Intel s&rsquo;installant \u00e0 Magdebourg. Le fabricant de puces Intel Corp. leader des microprocessurs, a accept\u00e9 de construire deux usines pour un co\u00fbt de 17 milliards d&rsquo;euros \u00e0 Magdebourg, dans l&rsquo;est de l&rsquo;Allemagne, avec le soutien de l&rsquo;\u00c9tat (voir l&rsquo;Allemagne pr\u00e9voit de payer 5 milliards d&rsquo;euros pour les usines de Magdebourg <a href=\"https:\/\/www.eenewsanalog.com\/en\/germany-plans-to-pay-e5-billion-towards-magdeburg-fabs\/\">Germany plans to pay \u20ac5 billion towards Magdeburg fabs<\/a>).<\/span><\/span><\/span><\/p>\n<p class=\"title\"><a href=\"https:\/\/www.ecinews.fr\/fr\/intel-confirme-80-milliards-e-dinvestissements-en-europe\/\" target=\"_blank\" rel=\"noopener\">Intel confirme 80 milliards \u20ac d\u2019investissements en Europe<\/a><\/p>\n<p><span class=\"VIiyi\" lang=\"fr\"><span class=\"JLqJ4b\" data-language-for-alternatives=\"fr\" data-language-to-translate-into=\"en\" data-phrase-index=\"0\" data-number-of-phrases=\"1\"><span class=\"Q4iAWc\">Attirer davantage de fabricants de puces est important car une p\u00e9nurie mondiale et de longue date d&rsquo;approvisionnement en puces, affectant tout, des smartphones aux automobiles, est devenue un probl\u00e8me majeur pour l&rsquo;\u00e9conomie allemande, a d\u00e9clar\u00e9 Habeck, cit\u00e9 par Reuters, lors d&rsquo;un forum d&rsquo;entreprises familiales (non c\u00f4t\u00e9es) \u00e0 Hanovre. <\/span><\/span><\/span><\/p>\n<h2><span class=\"VIiyi\" lang=\"fr\"><span class=\"JLqJ4b\" data-language-for-alternatives=\"fr\" data-language-to-translate-into=\"en\" data-phrase-index=\"0\" data-number-of-phrases=\"1\"><span class=\"Q4iAWc\">Qui d&rsquo;autre?<\/span><\/span><\/span><\/h2>\n<p><span class=\"VIiyi\" lang=\"fr\"><span class=\"JLqJ4b\" data-language-for-alternatives=\"fr\" data-language-to-translate-into=\"en\" data-phrase-index=\"0\" data-number-of-phrases=\"1\"><span class=\"Q4iAWc\">Il n&rsquo;est pas clair si les 14 milliards d&rsquo;euros s&rsquo;ajoutent \u00e0 l&rsquo;argent d\u00e9j\u00e0 promis \u00e0 Intel. M\u00eame s&rsquo;il est suppl\u00e9mentaire, Intel souhaiterait probablement \u00e9galement puiser dans cet argent. <\/span><\/span><\/span><\/p>\n<p><span class=\"VIiyi\" lang=\"fr\"><span class=\"JLqJ4b\" data-language-for-alternatives=\"fr\" data-language-to-translate-into=\"en\" data-phrase-index=\"0\" data-number-of-phrases=\"1\"><span class=\"Q4iAWc\">Tout en annon\u00e7ant le projet de construire deux Fabs \u00e0 Magdebourg, Pat Gelsinger, PDG d&rsquo;Intel, a d\u00e9clar\u00e9 que davantage d&rsquo;argent \u00e9tait n\u00e9cessaire pour rendre le \u00ab\u00a0projet comp\u00e9titif\u00a0\u00bb. Auparavant, Intel avait indiqu\u00e9 qu&rsquo;il recherchait un package de support de 10 milliards d&rsquo;euros (voir Intel demande une subvention de 10 milliards de dollars pour \u00ab\u00a0EuroFab\u00a0\u00bb<a href=\"https:\/\/www.eenewsanalog.com\/en\/intel-seeks-10-billion-subsidy-for-eurofab\/\">Intel seeks $10 billion subsidy for \u2018EuroFab\u2019<\/a>).<\/span><\/span><\/span><\/p>\n<p><span class=\"VIiyi\" lang=\"fr\"><span class=\"JLqJ4b\" data-language-for-alternatives=\"fr\" data-language-to-translate-into=\"en\" data-phrase-index=\"0\" data-number-of-phrases=\"1\"><span class=\"Q4iAWc\">Entre-temps, la Commission europ\u00e9enne a \u00e9labor\u00e9 des plans pour encourager la fabrication de puces en Europe dans le cadre d&rsquo;un plan strat\u00e9gique visant \u00e0 augmenter la part de l&rsquo;Europe sur le march\u00e9 mondial des puces (voir la loi europ\u00e9enne sur les puces pourrait inclure des pouvoirs de contr\u00f4le de l&rsquo;UE <a href=\"https:\/\/www.eenewsanalog.com\/en\/european-chips-act-could-include-powers-for-eu-control\/\">European Chips Act could include powers for EU control<\/a>). <\/span><\/span><\/span><\/p>\n<p><span class=\"VIiyi\" lang=\"fr\"><span class=\"JLqJ4b\" data-language-for-alternatives=\"fr\" data-language-to-translate-into=\"en\" data-phrase-index=\"0\" data-number-of-phrases=\"1\"><span class=\"Q4iAWc\">Habeck a dit qu&rsquo;il y aurait d&rsquo;autres exemples comme Magdebourg, sans entrer dans les d\u00e9tails. <\/span><\/span><\/span><\/p>\n<p><span class=\"VIiyi\" lang=\"fr\"><span class=\"JLqJ4b\" data-language-for-alternatives=\"fr\" data-language-to-translate-into=\"en\" data-phrase-index=\"0\" data-number-of-phrases=\"1\"><span class=\"Q4iAWc\">On s&rsquo;attend \u00e0 ce que Globalfoundries et Bosch \u2013 d\u00e9j\u00e0 pr\u00e9sents \u00e0 Dresde, en Allemagne \u2013 soient soutenus dans l&rsquo;expansion de leurs op\u00e9rations. Cependant, ces entreprises ne sont pas \u00e0 la pointe en mati\u00e8re de miniaturisation. La Commission europ\u00e9enne aurait courtis\u00e9 les deux principales fonderies mondiales Samsung et TSMC pour des investissements directs en Europe mais sans succ\u00e8s jusqu&rsquo;\u00e0 pr\u00e9sent.<\/span><\/span><\/span><\/p>\n<p><strong>Related links and articles: <\/strong><\/p>\n<p class=\"title\"><a href=\"https:\/\/www.ecinews.fr\/fr\/intel-augmente-sa-capacite-de-fonderie-avec-lachat-de-tower-pour-54-milliards-de-dollars\/\" target=\"_blank\" rel=\"noopener\">Intel augmente sa capacit\u00e9 de fonderie avec l\u2019achat de Tower pour 5,4 milliards de dollars<\/a><\/p>\n<p>&nbsp;<\/p>\n<p><a href=\"https:\/\/www.eenewsanalog.com\/en\/european-chips-act-could-include-powers-for-eu-control\/\">European Chips Act could include powers for EU control<\/a><\/p>\n<p><a href=\"https:\/\/www.eenewsanalog.com\/en\/report-intel-selects-magdeburg-for-german-wafer-fab\/\">Report: Intel selects Magdeburg for German wafer fab<\/a><\/p>\n<p><a href=\"https:\/\/www.eenewsanalog.com\/en\/intel-set-to-buy-foundry-tower-for-5-4-billion\/\">Intel set to buy foundry Tower for $5.4 billion<\/a><\/p>\n<p><a href=\"https:\/\/www.eenewsanalog.com\/en\/st-tower-to-share-300mm-agrate-fab\/\">ST, Tower to share 300mm Agrate fab<\/a><\/p>\n<p><a href=\"https:\/\/www.eenewsanalog.com\/en\/italy-poland-woo-intel-for-chiplet-packaging-plant\/\">Italy, Poland woo Intel for \u2018chiplet\u2019 packaging plant<\/a><\/p>\n<p>&nbsp;<\/p>\n","protected":false},"excerpt":{"rendered":"<p>Selon l&rsquo;agence Reuters, le ministre allemand de l&rsquo;Economie, Robert Habeck, a d\u00e9clar\u00e9 que son pays disposait de 14 milliards d&rsquo;euros (environ 14,8 milliards de dollars) pour soutenir les fabricants de puces.<\/p>\n","protected":false},"author":34,"featured_media":382923,"comment_status":"closed","ping_status":"closed","sticky":false,"template":"","format":"standard","meta":{"_acf_changed":false,"footnotes":""},"categories":[880],"tags":[889,920,891,913],"domains":[47],"ppma_author":[1153,1136],"class_list":["post-382928","post","type-post","status-publish","format-standard","has-post-thumbnail","hentry","category-actualites-economiques","tag-analog-fr","tag-artificialintelligence-fr","tag-automotive-fr","tag-materials-processes-fr","domains-electronique-eci"],"acf":[],"yoast_head":"<title>L&#039;Allemagne a 14 milliards d&#039;Euro pour les fabricants de puces ...<\/title>\n<meta name=\"description\" content=\"Le ministre allemand de l&#039;Economie, Robert Habeck, a d\u00e9clar\u00e9 que son pays disposait de 14 milliards \u20ac pour soutenir les fabricants de puces.\" \/>\n<meta name=\"robots\" content=\"index, follow, max-snippet:-1, max-image-preview:large, max-video-preview:-1\" \/>\n<link rel=\"canonical\" href=\"https:\/\/www.ecinews.fr\/fr\/wp-json\/wp\/v2\/posts\/382928\/\" \/>\n<meta property=\"og:locale\" content=\"fr_FR\" \/>\n<meta property=\"og:type\" content=\"article\" \/>\n<meta property=\"og:title\" content=\"14 milliards d&#039;Euros pour les fabricants de puces allemands\" \/>\n<meta property=\"og:description\" content=\"Le ministre allemand de l&#039;Economie, Robert Habeck, a d\u00e9clar\u00e9 que son pays disposait de 14 milliards \u20ac pour soutenir les fabricants de puces.\" \/>\n<meta property=\"og:url\" content=\"https:\/\/www.ecinews.fr\/fr\/wp-json\/wp\/v2\/posts\/382928\/\" \/>\n<meta property=\"og:site_name\" content=\"EENewsEurope\" \/>\n<meta property=\"article:published_time\" content=\"2022-05-08T13:00:42+00:00\" \/>\n<meta property=\"og:image\" content=\"https:\/\/www.eenewseurope.com\/wp-content\/uploads\/2022\/05\/RobertHabeck630.jpg\" \/>\n\t<meta property=\"og:image:width\" content=\"630\" \/>\n\t<meta property=\"og:image:height\" content=\"417\" \/>\n\t<meta property=\"og:image:type\" content=\"image\/jpeg\" \/>\n<meta name=\"author\" content=\"A Delapalisse, Peter Clarke\" \/>\n<meta name=\"twitter:card\" content=\"summary_large_image\" \/>\n<meta name=\"twitter:label1\" content=\"Written by\" \/>\n\t<meta name=\"twitter:data1\" content=\"A Delapalisse\" \/>\n\t<meta name=\"twitter:label2\" content=\"Est. reading time\" \/>\n\t<meta name=\"twitter:data2\" content=\"2 minutes\" \/>\n<script type=\"application\/ld+json\" class=\"yoast-schema-graph\">{\"@context\":\"https:\/\/schema.org\",\"@graph\":[{\"@type\":\"Article\",\"@id\":\"https:\/\/www.eenewseurope.com\/fr\/lallemagne-a-14-milliards-deuros-pour-les-fabricants-de-puces\/#article\",\"isPartOf\":{\"@id\":\"https:\/\/www.eenewseurope.com\/fr\/lallemagne-a-14-milliards-deuros-pour-les-fabricants-de-puces\/\"},\"author\":{\"name\":\"A Delapalisse\",\"@id\":\"https:\/\/www.eenewseurope.com\/en\/#\/schema\/person\/0aa2cfb0bd8949724a68cbac8d8321b4\"},\"headline\":\"14 milliards d&rsquo;Euros pour les fabricants de puces allemands\",\"datePublished\":\"2022-05-08T13:00:42+00:00\",\"dateModified\":\"2022-05-08T13:00:42+00:00\",\"mainEntityOfPage\":{\"@id\":\"https:\/\/www.eenewseurope.com\/fr\/lallemagne-a-14-milliards-deuros-pour-les-fabricants-de-puces\/\"},\"wordCount\":455,\"publisher\":{\"@id\":\"https:\/\/www.eenewseurope.com\/en\/#organization\"},\"keywords\":[\"Analog\",\"ArtificialIntelligence\",\"Automotive\",\"Materials &amp; processes\"],\"articleSection\":[\"Actualit\u00e9s \u00e9conomiques\"],\"inLanguage\":\"fr-FR\"},{\"@type\":\"WebPage\",\"@id\":\"https:\/\/www.eenewseurope.com\/fr\/lallemagne-a-14-milliards-deuros-pour-les-fabricants-de-puces\/\",\"url\":\"https:\/\/www.eenewseurope.com\/fr\/lallemagne-a-14-milliards-deuros-pour-les-fabricants-de-puces\/\",\"name\":\"L'Allemagne a 14 milliards d'Euro pour les fabricants de puces\",\"isPartOf\":{\"@id\":\"https:\/\/www.eenewseurope.com\/en\/#website\"},\"datePublished\":\"2022-05-08T13:00:42+00:00\",\"dateModified\":\"2022-05-08T13:00:42+00:00\",\"description\":\"Le ministre allemand de l'Economie, Robert Habeck, a d\u00e9clar\u00e9 que son pays disposait de 14 milliards \u20ac pour soutenir les fabricants de puces.\",\"breadcrumb\":{\"@id\":\"https:\/\/www.eenewseurope.com\/fr\/lallemagne-a-14-milliards-deuros-pour-les-fabricants-de-puces\/#breadcrumb\"},\"inLanguage\":\"fr-FR\",\"potentialAction\":[{\"@type\":\"ReadAction\",\"target\":[\"https:\/\/www.eenewseurope.com\/fr\/lallemagne-a-14-milliards-deuros-pour-les-fabricants-de-puces\/\"]}]},{\"@type\":\"BreadcrumbList\",\"@id\":\"https:\/\/www.eenewseurope.com\/fr\/lallemagne-a-14-milliards-deuros-pour-les-fabricants-de-puces\/#breadcrumb\",\"itemListElement\":[{\"@type\":\"ListItem\",\"position\":1,\"name\":\"Home\",\"item\":\"https:\/\/www.ecinews.fr\/fr\/\"},{\"@type\":\"ListItem\",\"position\":2,\"name\":\"14 milliards d&rsquo;Euros pour les fabricants de puces allemands\"}]},{\"@type\":\"WebSite\",\"@id\":\"https:\/\/www.eenewseurope.com\/en\/#website\",\"url\":\"https:\/\/www.eenewseurope.com\/en\/\",\"name\":\"EENewsEurope\",\"description\":\"Just another WordPress site\",\"publisher\":{\"@id\":\"https:\/\/www.eenewseurope.com\/en\/#organization\"},\"potentialAction\":[{\"@type\":\"SearchAction\",\"target\":{\"@type\":\"EntryPoint\",\"urlTemplate\":\"https:\/\/www.eenewseurope.com\/en\/?s={search_term_string}\"},\"query-input\":\"required name=search_term_string\"}],\"inLanguage\":\"fr-FR\"},{\"@type\":\"Organization\",\"@id\":\"https:\/\/www.eenewseurope.com\/en\/#organization\",\"name\":\"EENewsEurope\",\"url\":\"https:\/\/www.eenewseurope.com\/en\/\",\"logo\":{\"@type\":\"ImageObject\",\"inLanguage\":\"fr-FR\",\"@id\":\"https:\/\/www.eenewseurope.com\/en\/#\/schema\/logo\/image\/\",\"url\":\"https:\/\/www.ecinews.fr\/wp-content\/uploads\/2022\/02\/logo-1.jpg\",\"contentUrl\":\"https:\/\/www.ecinews.fr\/wp-content\/uploads\/2022\/02\/logo-1.jpg\",\"width\":283,\"height\":113,\"caption\":\"EENewsEurope\"},\"image\":{\"@id\":\"https:\/\/www.eenewseurope.com\/en\/#\/schema\/logo\/image\/\"}},{\"@type\":\"Person\",\"@id\":\"https:\/\/www.eenewseurope.com\/en\/#\/schema\/person\/0aa2cfb0bd8949724a68cbac8d8321b4\",\"name\":\"A Delapalisse\",\"image\":{\"@type\":\"ImageObject\",\"inLanguage\":\"fr-FR\",\"@id\":\"https:\/\/www.eenewseurope.com\/en\/#\/schema\/person\/image\/211ac42237c2e9683c0964086c393cb4\",\"url\":\"https:\/\/secure.gravatar.com\/avatar\/ad45a8c5da24bc9c7c4940dd1c48a695?s=96&d=mm&r=g\",\"contentUrl\":\"https:\/\/secure.gravatar.com\/avatar\/ad45a8c5da24bc9c7c4940dd1c48a695?s=96&d=mm&r=g\",\"caption\":\"A Delapalisse\"},\"sameAs\":[\"http:\/\/ECI\"]}]}<\/script>","yoast_head_json":{"title":"L'Allemagne a 14 milliards d'Euro pour les fabricants de puces ...","description":"Le ministre allemand de l'Economie, Robert Habeck, a d\u00e9clar\u00e9 que son pays disposait de 14 milliards \u20ac pour soutenir les fabricants de puces.","robots":{"index":"index","follow":"follow","max-snippet":"max-snippet:-1","max-image-preview":"max-image-preview:large","max-video-preview":"max-video-preview:-1"},"canonical":"https:\/\/www.ecinews.fr\/fr\/wp-json\/wp\/v2\/posts\/382928\/","og_locale":"fr_FR","og_type":"article","og_title":"14 milliards d'Euros pour les fabricants de puces allemands","og_description":"Le ministre allemand de l'Economie, Robert Habeck, a d\u00e9clar\u00e9 que son pays disposait de 14 milliards \u20ac pour soutenir les fabricants de puces.","og_url":"https:\/\/www.ecinews.fr\/fr\/wp-json\/wp\/v2\/posts\/382928\/","og_site_name":"EENewsEurope","article_published_time":"2022-05-08T13:00:42+00:00","og_image":[{"width":630,"height":417,"url":"https:\/\/www.eenewseurope.com\/wp-content\/uploads\/2022\/05\/RobertHabeck630.jpg","type":"image\/jpeg"}],"author":"A Delapalisse, Peter Clarke","twitter_card":"summary_large_image","twitter_misc":{"Written by":"A Delapalisse","Est. reading time":"2 minutes"},"schema":{"@context":"https:\/\/schema.org","@graph":[{"@type":"Article","@id":"https:\/\/www.eenewseurope.com\/fr\/lallemagne-a-14-milliards-deuros-pour-les-fabricants-de-puces\/#article","isPartOf":{"@id":"https:\/\/www.eenewseurope.com\/fr\/lallemagne-a-14-milliards-deuros-pour-les-fabricants-de-puces\/"},"author":{"name":"A Delapalisse","@id":"https:\/\/www.eenewseurope.com\/en\/#\/schema\/person\/0aa2cfb0bd8949724a68cbac8d8321b4"},"headline":"14 milliards d&rsquo;Euros pour les fabricants de puces allemands","datePublished":"2022-05-08T13:00:42+00:00","dateModified":"2022-05-08T13:00:42+00:00","mainEntityOfPage":{"@id":"https:\/\/www.eenewseurope.com\/fr\/lallemagne-a-14-milliards-deuros-pour-les-fabricants-de-puces\/"},"wordCount":455,"publisher":{"@id":"https:\/\/www.eenewseurope.com\/en\/#organization"},"keywords":["Analog","ArtificialIntelligence","Automotive","Materials &amp; processes"],"articleSection":["Actualit\u00e9s \u00e9conomiques"],"inLanguage":"fr-FR"},{"@type":"WebPage","@id":"https:\/\/www.eenewseurope.com\/fr\/lallemagne-a-14-milliards-deuros-pour-les-fabricants-de-puces\/","url":"https:\/\/www.eenewseurope.com\/fr\/lallemagne-a-14-milliards-deuros-pour-les-fabricants-de-puces\/","name":"L'Allemagne a 14 milliards d'Euro pour les fabricants de puces","isPartOf":{"@id":"https:\/\/www.eenewseurope.com\/en\/#website"},"datePublished":"2022-05-08T13:00:42+00:00","dateModified":"2022-05-08T13:00:42+00:00","description":"Le ministre allemand de l'Economie, Robert Habeck, a d\u00e9clar\u00e9 que son pays disposait de 14 milliards \u20ac pour soutenir les fabricants de puces.","breadcrumb":{"@id":"https:\/\/www.eenewseurope.com\/fr\/lallemagne-a-14-milliards-deuros-pour-les-fabricants-de-puces\/#breadcrumb"},"inLanguage":"fr-FR","potentialAction":[{"@type":"ReadAction","target":["https:\/\/www.eenewseurope.com\/fr\/lallemagne-a-14-milliards-deuros-pour-les-fabricants-de-puces\/"]}]},{"@type":"BreadcrumbList","@id":"https:\/\/www.eenewseurope.com\/fr\/lallemagne-a-14-milliards-deuros-pour-les-fabricants-de-puces\/#breadcrumb","itemListElement":[{"@type":"ListItem","position":1,"name":"Home","item":"https:\/\/www.ecinews.fr\/fr\/"},{"@type":"ListItem","position":2,"name":"14 milliards d&rsquo;Euros pour les fabricants de puces allemands"}]},{"@type":"WebSite","@id":"https:\/\/www.eenewseurope.com\/en\/#website","url":"https:\/\/www.eenewseurope.com\/en\/","name":"EENewsEurope","description":"Just another WordPress site","publisher":{"@id":"https:\/\/www.eenewseurope.com\/en\/#organization"},"potentialAction":[{"@type":"SearchAction","target":{"@type":"EntryPoint","urlTemplate":"https:\/\/www.eenewseurope.com\/en\/?s={search_term_string}"},"query-input":"required name=search_term_string"}],"inLanguage":"fr-FR"},{"@type":"Organization","@id":"https:\/\/www.eenewseurope.com\/en\/#organization","name":"EENewsEurope","url":"https:\/\/www.eenewseurope.com\/en\/","logo":{"@type":"ImageObject","inLanguage":"fr-FR","@id":"https:\/\/www.eenewseurope.com\/en\/#\/schema\/logo\/image\/","url":"https:\/\/www.ecinews.fr\/wp-content\/uploads\/2022\/02\/logo-1.jpg","contentUrl":"https:\/\/www.ecinews.fr\/wp-content\/uploads\/2022\/02\/logo-1.jpg","width":283,"height":113,"caption":"EENewsEurope"},"image":{"@id":"https:\/\/www.eenewseurope.com\/en\/#\/schema\/logo\/image\/"}},{"@type":"Person","@id":"https:\/\/www.eenewseurope.com\/en\/#\/schema\/person\/0aa2cfb0bd8949724a68cbac8d8321b4","name":"A Delapalisse","image":{"@type":"ImageObject","inLanguage":"fr-FR","@id":"https:\/\/www.eenewseurope.com\/en\/#\/schema\/person\/image\/211ac42237c2e9683c0964086c393cb4","url":"https:\/\/secure.gravatar.com\/avatar\/ad45a8c5da24bc9c7c4940dd1c48a695?s=96&d=mm&r=g","contentUrl":"https:\/\/secure.gravatar.com\/avatar\/ad45a8c5da24bc9c7c4940dd1c48a695?s=96&d=mm&r=g","caption":"A Delapalisse"},"sameAs":["http:\/\/ECI"]}]}},"authors":[{"term_id":1153,"user_id":34,"is_guest":0,"slug":"adelapalisse","display_name":"A Delapalisse","avatar_url":"https:\/\/secure.gravatar.com\/avatar\/ad45a8c5da24bc9c7c4940dd1c48a695?s=96&d=mm&r=g","0":null,"1":"","2":"","3":"","4":"","5":"","6":"","7":"","8":""},{"term_id":1136,"user_id":4,"is_guest":0,"slug":"clarke","display_name":"Peter Clarke","avatar_url":"https:\/\/secure.gravatar.com\/avatar\/d567d206cb92a682963201f296594da4?s=96&d=mm&r=g","0":null,"1":"","2":"","3":"","4":"","5":"","6":"","7":"","8":""}],"_links":{"self":[{"href":"https:\/\/www.ecinews.fr\/fr\/wp-json\/wp\/v2\/posts\/382928"}],"collection":[{"href":"https:\/\/www.ecinews.fr\/fr\/wp-json\/wp\/v2\/posts"}],"about":[{"href":"https:\/\/www.ecinews.fr\/fr\/wp-json\/wp\/v2\/types\/post"}],"author":[{"embeddable":true,"href":"https:\/\/www.ecinews.fr\/fr\/wp-json\/wp\/v2\/users\/34"}],"replies":[{"embeddable":true,"href":"https:\/\/www.ecinews.fr\/fr\/wp-json\/wp\/v2\/comments?post=382928"}],"version-history":[{"count":0,"href":"https:\/\/www.ecinews.fr\/fr\/wp-json\/wp\/v2\/posts\/382928\/revisions"}],"wp:featuredmedia":[{"embeddable":true,"href":"https:\/\/www.ecinews.fr\/fr\/wp-json\/wp\/v2\/media\/382923"}],"wp:attachment":[{"href":"https:\/\/www.ecinews.fr\/fr\/wp-json\/wp\/v2\/media?parent=382928"}],"wp:term":[{"taxonomy":"category","embeddable":true,"href":"https:\/\/www.ecinews.fr\/fr\/wp-json\/wp\/v2\/categories?post=382928"},{"taxonomy":"post_tag","embeddable":true,"href":"https:\/\/www.ecinews.fr\/fr\/wp-json\/wp\/v2\/tags?post=382928"},{"taxonomy":"domains","embeddable":true,"href":"https:\/\/www.ecinews.fr\/fr\/wp-json\/wp\/v2\/domains?post=382928"},{"taxonomy":"author","embeddable":true,"href":"https:\/\/www.ecinews.fr\/fr\/wp-json\/wp\/v2\/ppma_author?post=382928"}],"curies":[{"name":"wp","href":"https:\/\/api.w.org\/{rel}","templated":true}]}}