{"id":382738,"date":"2022-05-05T09:29:57","date_gmt":"2022-05-05T07:29:57","guid":{"rendered":"https:\/\/www.ecinews.fr\/?p=382738"},"modified":"2022-05-05T09:29:57","modified_gmt":"2022-05-05T07:29:57","slug":"hackathon-sur-lintelligence-artificielle-a-lisep","status":"publish","type":"post","link":"https:\/\/www.ecinews.fr\/fr\/hackathon-sur-lintelligence-artificielle-a-lisep\/","title":{"rendered":"Hackathon sur l&rsquo;Intelligence Artificielle \u00e0 l&rsquo;ISEP"},"content":{"rendered":"<p>L\u2019intelligence artificielle est aujourd\u2019hui au c\u0153ur des pr\u00e9occupations citoyennes. Ses cons\u00e9quences sur notre soci\u00e9t\u00e9 sont immenses et la rendent incontournable. Forts de leur volont\u00e9 de contribuer \u00e0 l\u2019innovation et \u00e0 sa d\u00e9mocratisation, la <strong>Gendarmerie Nationale (DGGN)<\/strong>, l\u2019<strong>Agence Fran\u00e7aise de D\u00e9veloppement (AFD<\/strong>), le <strong>Programme des Nations Unies pour l\u2019Environnement (PNUE)<\/strong>, et <strong>3DS OUTSCALE<\/strong> (Fournisseur de Cloud), <strong>Garage ISEP<\/strong> et l\u2019<strong>Isep<\/strong> proposent un hackathon.<\/p>\n<p>Pendant 2,5 jours les participants, \u00e9tudiants ou professionnels, accompagn\u00e9s par un groupe d\u2019experts-mentors vont pouvoir approfondir leurs connaissances techniques en IA en travaillant sur des probl\u00e9matiques concr\u00e8tes de s\u00e9curit\u00e9 et de d\u00e9veloppement durable.<\/p>\n<p>Cet \u00e9v\u00e9nement sera l\u2019opportunit\u00e9 de se former sur des architectures de natural language processing et de deep-learning\u00a0: Tensorflow, Keras, PyTarch, BERT, SMITH, etc. Pour l\u2019occasion, 3DS OUTSCALE ouvre ses services et son infrastructure Cloud de confiance et s\u00e9curis\u00e9e pour permettre aux \u00e9quipes en comp\u00e9tition de mettre en place leurs mod\u00e8les.<\/p>\n<p><strong>Deux challenges au choix\u00a0:<\/strong><\/p>\n<p>Lors de l\u2019inscription, les participants peuvent choisir entre deux sujets\u00a0:<\/p>\n<ol>\n<li>Comment l\u2019IA peut am\u00e9liorer le speech-to-text dans un contexte de s\u00e9curit\u00e9\u00a0? (propos\u00e9 par la Gendarmerie Nationale)<\/li>\n<li>Comment l\u2019IA peut contribuer \u00e0 identifier les Objectifs de d\u00e9veloppement durable de mani\u00e8re pr\u00e9cise dans un document\u00a0? (propos\u00e9 par l\u2019AFD et le PNUE)<\/li>\n<\/ol>\n<p>Conf\u00e9rences et networking<\/p>\n<p>En ouverture de ce hackathon, des conf\u00e9rences auront lieu le vendredi 13 mai 2022 et seront suivies d\u2019un cocktail afin que les participants puissent \u00e9changer entre eux.<\/p>\n<ul>\n<li>17h10\u00a0: \u00ab\u00a0Conf\u00e9rence\u00a0: Strat\u00e9gie IA en France\u00a0\u00bb par<\/li>\n<\/ul>\n<p>Renaud V\u00e9del, Pr\u00e9fet, Coordinateur national pour l\u2019IA<\/p>\n<ul>\n<li>17h45\u00a0: Table ronde\u00a0\u00ab\u00a0Les d\u00e9fis de l\u2019IA pour la s\u00e9curit\u00e9 et le d\u00e9veloppement durable\u00a0\u00bb avec\u00a0:<\/li>\n<\/ul>\n<p>G\u00e9n\u00e9ral Patrick Perrot, Coordinateur national pour l\u2019IA \u00e0 la Gendarmerie Nationale<\/p>\n<p>Thomas M\u00e9lonio, directeur ex\u00e9cutif innovation, recherche et savoirs de l\u2019AFD<\/p>\n<p>Mark Radka, Directeur de la branche Energie du PNUE<\/p>\n<p>David Chassan, Directeur de la strat\u00e9gie, 3DS OUTSCALE et Secr\u00e9taire G\u00e9n\u00e9ral d&rsquo;Hexatrust<\/p>\n<ul>\n<li>19h Pr\u00e9sentation des challenges et du d\u00e9roulement du hackathon<\/li>\n<\/ul>\n<p><strong>\u00a0<\/strong><\/p>\n<p><strong>Un \u00e9v\u00e9nement ouvert \u00e0 tous<\/strong><\/p>\n<p>Ce hackathon est un \u00e9v\u00e9nement gratuit, ouvert \u00e0 tous et \u00e0 tout niveau. Il est possible de s\u2019inscrire seul ou en \u00e9quipe, que ce soit pour d\u00e9couvrir le domaine ou mettre \u00e0 l\u2019\u00e9preuve ses comp\u00e9tences.Il se d\u00e9roulera sur le campus de l\u2019Isep d\u2019Issy-les-Moulineaux.<\/p>\n<p>Pour d\u00e9couvrir le programme et s\u2019inscrire, rendez-vous sur le site\u00a0: <a href=\"https:\/\/www.eventbrite.fr\/e\/316536187257\">https:\/\/www.eventbrite.fr\/e\/316536187257<\/a><\/p>\n<p><a title=\"www.isep.fr\" href=\"http:\/\/www.isep.fr\">www.isep.fr<\/a><\/p>\n<p>&nbsp;<\/p>\n<p><strong>\u00a0<\/strong><\/p>\n<p>&nbsp;<\/p>\n","protected":false},"excerpt":{"rendered":"<p>Les 13, 14 et 15 mai prochains se d\u00e9roulera \u00e0 l\u2019Institut Sup\u00e9rieur d\u2019\u00c9lectronique de Paris le Hackathon Intelligence Artificielle avec pour mission de r\u00e9pondre aux enjeux de s\u00e9curit\u00e9 et de d\u00e9veloppement durable en s\u2019appuyant sur les technologies d\u2019IA.<\/p>\n","protected":false},"author":36,"featured_media":382739,"comment_status":"closed","ping_status":"closed","sticky":false,"template":"","format":"standard","meta":{"_acf_changed":false,"footnotes":""},"categories":[886],"tags":[],"domains":[47],"ppma_author":[1154],"class_list":["post-382738","post","type-post","status-publish","format-standard","has-post-thumbnail","hentry","category-news-fr","domains-electronique-eci"],"acf":[],"yoast_head":"<title>Hackathon sur l&#039;Intelligence Artificielle \u00e0 l&#039;ISEP ...<\/title>\n<meta name=\"description\" content=\"Les 13, 14 et 15 mai prochains se d\u00e9roulera \u00e0 l\u2019Institut Sup\u00e9rieur d\u2019\u00c9lectronique de Paris le Hackathon Intelligence Artificielle avec pour mission...\" \/>\n<meta name=\"robots\" content=\"index, follow, max-snippet:-1, max-image-preview:large, max-video-preview:-1\" \/>\n<link rel=\"canonical\" href=\"https:\/\/www.ecinews.fr\/fr\/wp-json\/wp\/v2\/posts\/382738\/\" \/>\n<meta property=\"og:locale\" content=\"fr_FR\" \/>\n<meta property=\"og:type\" content=\"article\" \/>\n<meta property=\"og:title\" content=\"Hackathon sur l&#039;Intelligence Artificielle \u00e0 l&#039;ISEP\" \/>\n<meta property=\"og:description\" content=\"Les 13, 14 et 15 mai prochains se d\u00e9roulera \u00e0 l\u2019Institut Sup\u00e9rieur d\u2019\u00c9lectronique de Paris le Hackathon Intelligence Artificielle avec pour mission de r\u00e9pondre aux enjeux de s\u00e9curit\u00e9 et de d\u00e9veloppement durable en s\u2019appuyant sur les technologies d\u2019IA.\" \/>\n<meta property=\"og:url\" content=\"https:\/\/www.ecinews.fr\/fr\/wp-json\/wp\/v2\/posts\/382738\/\" \/>\n<meta property=\"og:site_name\" content=\"EENewsEurope\" \/>\n<meta property=\"article:published_time\" content=\"2022-05-05T07:29:57+00:00\" \/>\n<meta property=\"og:image\" content=\"https:\/\/www.ecinews.fr\/wp-content\/uploads\/2022\/05\/ECI1193_ISEP.jpg\" \/>\n\t<meta property=\"og:image:width\" content=\"363\" \/>\n\t<meta property=\"og:image:height\" content=\"307\" \/>\n\t<meta property=\"og:image:type\" content=\"image\/jpeg\" \/>\n<meta name=\"author\" content=\"Alain Dieul\" \/>\n<meta name=\"twitter:card\" content=\"summary_large_image\" \/>\n<meta name=\"twitter:label1\" content=\"Written by\" \/>\n\t<meta name=\"twitter:data1\" content=\"Alain Dieul\" \/>\n\t<meta name=\"twitter:label2\" content=\"Est. reading time\" \/>\n\t<meta name=\"twitter:data2\" content=\"2 minutes\" \/>\n<script type=\"application\/ld+json\" class=\"yoast-schema-graph\">{\"@context\":\"https:\/\/schema.org\",\"@graph\":[{\"@type\":\"Article\",\"@id\":\"https:\/\/www.ecinews.fr\/fr\/hackathon-sur-lintelligence-artificielle-a-lisep\/#article\",\"isPartOf\":{\"@id\":\"https:\/\/www.ecinews.fr\/fr\/hackathon-sur-lintelligence-artificielle-a-lisep\/\"},\"author\":{\"name\":\"Alain Dieul\",\"@id\":\"https:\/\/www.eenewseurope.com\/en\/#\/schema\/person\/e4387676ad67ce722325c7832f3c3762\"},\"headline\":\"Hackathon sur l&rsquo;Intelligence Artificielle \u00e0 l&rsquo;ISEP\",\"datePublished\":\"2022-05-05T07:29:57+00:00\",\"dateModified\":\"2022-05-05T07:29:57+00:00\",\"mainEntityOfPage\":{\"@id\":\"https:\/\/www.ecinews.fr\/fr\/hackathon-sur-lintelligence-artificielle-a-lisep\/\"},\"wordCount\":444,\"publisher\":{\"@id\":\"https:\/\/www.eenewseurope.com\/en\/#organization\"},\"articleSection\":[\"Actualit\u00e9 g\u00e9n\u00e9rale\"],\"inLanguage\":\"fr-FR\"},{\"@type\":\"WebPage\",\"@id\":\"https:\/\/www.ecinews.fr\/fr\/hackathon-sur-lintelligence-artificielle-a-lisep\/\",\"url\":\"https:\/\/www.ecinews.fr\/fr\/hackathon-sur-lintelligence-artificielle-a-lisep\/\",\"name\":\"Hackathon sur l'Intelligence Artificielle \u00e0 l'ISEP -\",\"isPartOf\":{\"@id\":\"https:\/\/www.eenewseurope.com\/en\/#website\"},\"datePublished\":\"2022-05-05T07:29:57+00:00\",\"dateModified\":\"2022-05-05T07:29:57+00:00\",\"breadcrumb\":{\"@id\":\"https:\/\/www.ecinews.fr\/fr\/hackathon-sur-lintelligence-artificielle-a-lisep\/#breadcrumb\"},\"inLanguage\":\"fr-FR\",\"potentialAction\":[{\"@type\":\"ReadAction\",\"target\":[\"https:\/\/www.ecinews.fr\/fr\/hackathon-sur-lintelligence-artificielle-a-lisep\/\"]}]},{\"@type\":\"BreadcrumbList\",\"@id\":\"https:\/\/www.ecinews.fr\/fr\/hackathon-sur-lintelligence-artificielle-a-lisep\/#breadcrumb\",\"itemListElement\":[{\"@type\":\"ListItem\",\"position\":1,\"name\":\"Home\",\"item\":\"https:\/\/www.ecinews.fr\/fr\/\"},{\"@type\":\"ListItem\",\"position\":2,\"name\":\"Hackathon sur l&rsquo;Intelligence Artificielle \u00e0 l&rsquo;ISEP\"}]},{\"@type\":\"WebSite\",\"@id\":\"https:\/\/www.eenewseurope.com\/en\/#website\",\"url\":\"https:\/\/www.eenewseurope.com\/en\/\",\"name\":\"EENewsEurope\",\"description\":\"Just another WordPress site\",\"publisher\":{\"@id\":\"https:\/\/www.eenewseurope.com\/en\/#organization\"},\"potentialAction\":[{\"@type\":\"SearchAction\",\"target\":{\"@type\":\"EntryPoint\",\"urlTemplate\":\"https:\/\/www.eenewseurope.com\/en\/?s={search_term_string}\"},\"query-input\":\"required name=search_term_string\"}],\"inLanguage\":\"fr-FR\"},{\"@type\":\"Organization\",\"@id\":\"https:\/\/www.eenewseurope.com\/en\/#organization\",\"name\":\"EENewsEurope\",\"url\":\"https:\/\/www.eenewseurope.com\/en\/\",\"logo\":{\"@type\":\"ImageObject\",\"inLanguage\":\"fr-FR\",\"@id\":\"https:\/\/www.eenewseurope.com\/en\/#\/schema\/logo\/image\/\",\"url\":\"https:\/\/www.ecinews.fr\/wp-content\/uploads\/2022\/02\/logo-1.jpg\",\"contentUrl\":\"https:\/\/www.ecinews.fr\/wp-content\/uploads\/2022\/02\/logo-1.jpg\",\"width\":283,\"height\":113,\"caption\":\"EENewsEurope\"},\"image\":{\"@id\":\"https:\/\/www.eenewseurope.com\/en\/#\/schema\/logo\/image\/\"}},{\"@type\":\"Person\",\"@id\":\"https:\/\/www.eenewseurope.com\/en\/#\/schema\/person\/e4387676ad67ce722325c7832f3c3762\",\"name\":\"Alain Dieul\",\"image\":{\"@type\":\"ImageObject\",\"inLanguage\":\"fr-FR\",\"@id\":\"https:\/\/www.eenewseurope.com\/en\/#\/schema\/person\/image\/736120675699dbbf0f0f282b9a9cfb75\",\"url\":\"https:\/\/secure.gravatar.com\/avatar\/bc93b056d07515be5b8eecd4acf49c5c?s=96&d=mm&r=g\",\"contentUrl\":\"https:\/\/secure.gravatar.com\/avatar\/bc93b056d07515be5b8eecd4acf49c5c?s=96&d=mm&r=g\",\"caption\":\"Alain Dieul\"},\"sameAs\":[\"http:\/\/ECINews\"]}]}<\/script>","yoast_head_json":{"title":"Hackathon sur l'Intelligence Artificielle \u00e0 l'ISEP ...","description":"Les 13, 14 et 15 mai prochains se d\u00e9roulera \u00e0 l\u2019Institut Sup\u00e9rieur d\u2019\u00c9lectronique de Paris le Hackathon Intelligence Artificielle avec pour mission...","robots":{"index":"index","follow":"follow","max-snippet":"max-snippet:-1","max-image-preview":"max-image-preview:large","max-video-preview":"max-video-preview:-1"},"canonical":"https:\/\/www.ecinews.fr\/fr\/wp-json\/wp\/v2\/posts\/382738\/","og_locale":"fr_FR","og_type":"article","og_title":"Hackathon sur l'Intelligence Artificielle \u00e0 l'ISEP","og_description":"Les 13, 14 et 15 mai prochains se d\u00e9roulera \u00e0 l\u2019Institut Sup\u00e9rieur d\u2019\u00c9lectronique de Paris le Hackathon Intelligence Artificielle avec pour mission de r\u00e9pondre aux enjeux de s\u00e9curit\u00e9 et de d\u00e9veloppement durable en s\u2019appuyant sur les technologies d\u2019IA.","og_url":"https:\/\/www.ecinews.fr\/fr\/wp-json\/wp\/v2\/posts\/382738\/","og_site_name":"EENewsEurope","article_published_time":"2022-05-05T07:29:57+00:00","og_image":[{"width":363,"height":307,"url":"https:\/\/www.ecinews.fr\/wp-content\/uploads\/2022\/05\/ECI1193_ISEP.jpg","type":"image\/jpeg"}],"author":"Alain Dieul","twitter_card":"summary_large_image","twitter_misc":{"Written by":"Alain Dieul","Est. reading time":"2 minutes"},"schema":{"@context":"https:\/\/schema.org","@graph":[{"@type":"Article","@id":"https:\/\/www.ecinews.fr\/fr\/hackathon-sur-lintelligence-artificielle-a-lisep\/#article","isPartOf":{"@id":"https:\/\/www.ecinews.fr\/fr\/hackathon-sur-lintelligence-artificielle-a-lisep\/"},"author":{"name":"Alain Dieul","@id":"https:\/\/www.eenewseurope.com\/en\/#\/schema\/person\/e4387676ad67ce722325c7832f3c3762"},"headline":"Hackathon sur l&rsquo;Intelligence Artificielle \u00e0 l&rsquo;ISEP","datePublished":"2022-05-05T07:29:57+00:00","dateModified":"2022-05-05T07:29:57+00:00","mainEntityOfPage":{"@id":"https:\/\/www.ecinews.fr\/fr\/hackathon-sur-lintelligence-artificielle-a-lisep\/"},"wordCount":444,"publisher":{"@id":"https:\/\/www.eenewseurope.com\/en\/#organization"},"articleSection":["Actualit\u00e9 g\u00e9n\u00e9rale"],"inLanguage":"fr-FR"},{"@type":"WebPage","@id":"https:\/\/www.ecinews.fr\/fr\/hackathon-sur-lintelligence-artificielle-a-lisep\/","url":"https:\/\/www.ecinews.fr\/fr\/hackathon-sur-lintelligence-artificielle-a-lisep\/","name":"Hackathon sur l'Intelligence Artificielle \u00e0 l'ISEP -","isPartOf":{"@id":"https:\/\/www.eenewseurope.com\/en\/#website"},"datePublished":"2022-05-05T07:29:57+00:00","dateModified":"2022-05-05T07:29:57+00:00","breadcrumb":{"@id":"https:\/\/www.ecinews.fr\/fr\/hackathon-sur-lintelligence-artificielle-a-lisep\/#breadcrumb"},"inLanguage":"fr-FR","potentialAction":[{"@type":"ReadAction","target":["https:\/\/www.ecinews.fr\/fr\/hackathon-sur-lintelligence-artificielle-a-lisep\/"]}]},{"@type":"BreadcrumbList","@id":"https:\/\/www.ecinews.fr\/fr\/hackathon-sur-lintelligence-artificielle-a-lisep\/#breadcrumb","itemListElement":[{"@type":"ListItem","position":1,"name":"Home","item":"https:\/\/www.ecinews.fr\/fr\/"},{"@type":"ListItem","position":2,"name":"Hackathon sur l&rsquo;Intelligence Artificielle \u00e0 l&rsquo;ISEP"}]},{"@type":"WebSite","@id":"https:\/\/www.eenewseurope.com\/en\/#website","url":"https:\/\/www.eenewseurope.com\/en\/","name":"EENewsEurope","description":"Just another WordPress site","publisher":{"@id":"https:\/\/www.eenewseurope.com\/en\/#organization"},"potentialAction":[{"@type":"SearchAction","target":{"@type":"EntryPoint","urlTemplate":"https:\/\/www.eenewseurope.com\/en\/?s={search_term_string}"},"query-input":"required name=search_term_string"}],"inLanguage":"fr-FR"},{"@type":"Organization","@id":"https:\/\/www.eenewseurope.com\/en\/#organization","name":"EENewsEurope","url":"https:\/\/www.eenewseurope.com\/en\/","logo":{"@type":"ImageObject","inLanguage":"fr-FR","@id":"https:\/\/www.eenewseurope.com\/en\/#\/schema\/logo\/image\/","url":"https:\/\/www.ecinews.fr\/wp-content\/uploads\/2022\/02\/logo-1.jpg","contentUrl":"https:\/\/www.ecinews.fr\/wp-content\/uploads\/2022\/02\/logo-1.jpg","width":283,"height":113,"caption":"EENewsEurope"},"image":{"@id":"https:\/\/www.eenewseurope.com\/en\/#\/schema\/logo\/image\/"}},{"@type":"Person","@id":"https:\/\/www.eenewseurope.com\/en\/#\/schema\/person\/e4387676ad67ce722325c7832f3c3762","name":"Alain Dieul","image":{"@type":"ImageObject","inLanguage":"fr-FR","@id":"https:\/\/www.eenewseurope.com\/en\/#\/schema\/person\/image\/736120675699dbbf0f0f282b9a9cfb75","url":"https:\/\/secure.gravatar.com\/avatar\/bc93b056d07515be5b8eecd4acf49c5c?s=96&d=mm&r=g","contentUrl":"https:\/\/secure.gravatar.com\/avatar\/bc93b056d07515be5b8eecd4acf49c5c?s=96&d=mm&r=g","caption":"Alain Dieul"},"sameAs":["http:\/\/ECINews"]}]}},"authors":[{"term_id":1154,"user_id":36,"is_guest":0,"slug":"alain-dieul","display_name":"Alain Dieul","avatar_url":"https:\/\/secure.gravatar.com\/avatar\/bc93b056d07515be5b8eecd4acf49c5c?s=96&d=mm&r=g","0":null,"1":"","2":"","3":"","4":"","5":"","6":"","7":"","8":""}],"_links":{"self":[{"href":"https:\/\/www.ecinews.fr\/fr\/wp-json\/wp\/v2\/posts\/382738"}],"collection":[{"href":"https:\/\/www.ecinews.fr\/fr\/wp-json\/wp\/v2\/posts"}],"about":[{"href":"https:\/\/www.ecinews.fr\/fr\/wp-json\/wp\/v2\/types\/post"}],"author":[{"embeddable":true,"href":"https:\/\/www.ecinews.fr\/fr\/wp-json\/wp\/v2\/users\/36"}],"replies":[{"embeddable":true,"href":"https:\/\/www.ecinews.fr\/fr\/wp-json\/wp\/v2\/comments?post=382738"}],"version-history":[{"count":0,"href":"https:\/\/www.ecinews.fr\/fr\/wp-json\/wp\/v2\/posts\/382738\/revisions"}],"wp:featuredmedia":[{"embeddable":true,"href":"https:\/\/www.ecinews.fr\/fr\/wp-json\/wp\/v2\/media\/382739"}],"wp:attachment":[{"href":"https:\/\/www.ecinews.fr\/fr\/wp-json\/wp\/v2\/media?parent=382738"}],"wp:term":[{"taxonomy":"category","embeddable":true,"href":"https:\/\/www.ecinews.fr\/fr\/wp-json\/wp\/v2\/categories?post=382738"},{"taxonomy":"post_tag","embeddable":true,"href":"https:\/\/www.ecinews.fr\/fr\/wp-json\/wp\/v2\/tags?post=382738"},{"taxonomy":"domains","embeddable":true,"href":"https:\/\/www.ecinews.fr\/fr\/wp-json\/wp\/v2\/domains?post=382738"},{"taxonomy":"author","embeddable":true,"href":"https:\/\/www.ecinews.fr\/fr\/wp-json\/wp\/v2\/ppma_author?post=382738"}],"curies":[{"name":"wp","href":"https:\/\/api.w.org\/{rel}","templated":true}]}}