{"id":382616,"date":"2022-05-03T19:06:40","date_gmt":"2022-05-03T17:06:40","guid":{"rendered":"https:\/\/www.eenewseurope.com\/?p=382616"},"modified":"2022-05-03T19:06:40","modified_gmt":"2022-05-03T17:06:40","slug":"st-micro-sur-la-voie-des-15-milliards-malgre-une-panne-a-crolles","status":"publish","type":"post","link":"https:\/\/www.ecinews.fr\/fr\/st-micro-sur-la-voie-des-15-milliards-malgre-une-panne-a-crolles\/","title":{"rendered":"ST Micro sur la voie des $15 milliards malgr\u00e9 une panne \u00e0 Crolles"},"content":{"rendered":"<p><span class=\"VIiyi\" lang=\"fr\"><span class=\"JLqJ4b\" data-language-for-alternatives=\"fr\" data-language-to-translate-into=\"en\" data-phrase-index=\"0\" data-number-of-phrases=\"1\"><span class=\"Q4iAWc\"> Les deux \u00e9v\u00e9nements ont co\u00fbt\u00e9 \u00ab\u00a0quelques dizaines de millions de dollars\u00a0\u00bb, pr\u00e9cise l&rsquo;entreprise, avec un carnet de production d&rsquo;au moins 18 mois. <\/span><\/span><\/span><\/p>\n<p><span class=\"VIiyi\" lang=\"fr\"><span class=\"JLqJ4b\" data-language-for-alternatives=\"fr\" data-language-to-translate-into=\"en\" data-phrase-index=\"0\" data-number-of-phrases=\"1\"><span class=\"Q4iAWc\">\u00ab\u00a0Shenzhen repr\u00e9sentait en gros l&rsquo;\u00e9quivalent de deux semaines de pertes de production\u00a0\u00bb, a d\u00e9clar\u00e9 Jean-Marc Chery, PDG de STMicroelectronics. \u00abNous sommes confront\u00e9s \u00e0 l&rsquo;impact du confinement de Shanghai d\u00e9j\u00e0 au premier trimestre sur la logistique principalement. Il est clair qu&rsquo;au deuxi\u00e8me trimestre, nous avons \u00e9galement des implications li\u00e9es au sous-traitant d&rsquo;assemblage et de test ou \u00e0 un fournisseur de mat\u00e9riel d&rsquo;assemblage, mais cela est inclus dans nos orientations \u00bb, a-t-il d\u00e9clar\u00e9.<\/span><\/span><\/span><\/p>\n<p><span class=\"VIiyi\" lang=\"fr\"><span class=\"JLqJ4b\" data-language-for-alternatives=\"fr\" data-language-to-translate-into=\"en\" data-phrase-index=\"0\" data-number-of-phrases=\"1\"><span class=\"Q4iAWc\">Dans le m\u00eame temps, toute la capacit\u00e9 de fabrication de l&rsquo;entreprise est vendue pour 2022. Elle a un carnet de commandes d&rsquo;au moins 18 mois, mais elle pr\u00e9voit toujours une croissance des revenus jusqu&rsquo;\u00e0 20 %\u00a0 en 2022 pour atteindre les 15 milliards de dollars annuels plus t\u00f4t que pr\u00e9vu.<\/span><\/span><\/span><\/p>\n<ul>\n<li>\n<p class=\"title\"><a href=\"https:\/\/www.ecinews.fr\/fr\/stmicro-sur-la-voie-des-15-milliards-double-ses-investissements\/\" target=\"_blank\" rel=\"noopener\">STMicro sur la voie des $15 milliards double ses investissements<\/a><\/p>\n<\/li>\n<li>\n<p class=\"title\"><a href=\"https:\/\/www.ecinews.fr\/fr\/stmicro-construit-un-jumeau-numerique-de-sa-fab-de-crolles\/\" target=\"_blank\" rel=\"noopener\">STMicro construit un jumeau num\u00e9rique de sa Fab de Crolles<\/a><\/p>\n<\/li>\n<li><a href=\"https:\/\/www.eenewseurope.com\/en\/st-looks-to-integrate-azurertos-with-microcontroller-ip\/\">ST looks to integrate AzureRTOS with microcontroller IP<\/a><\/li>\n<\/ul>\n<p><span class=\"VIiyi\" lang=\"fr\"><span class=\"JLqJ4b\" data-language-for-alternatives=\"fr\" data-language-to-translate-into=\"en\" data-phrase-index=\"0\" data-number-of-phrases=\"1\"><span class=\"Q4iAWc\">\u00ab Les revenus nets du premier trimestre de 3,55 milliards de dollars et la marge brute de 46,7 % se situent au-dessus du point m\u00e9dian de notre fourchette de perspectives commerciales. Cette performance des revenus tir\u00e9e par une forte demande de microcontr\u00f4leurs a \u00e9t\u00e9 partiellement compens\u00e9e par des op\u00e9rations temporairement r\u00e9duites dans notre usine de fabrication de Shenzhen, en Chine, en raison de la pand\u00e9mie, qui a eu un impact sp\u00e9cifique sur nos revenus ADG [automobile et discrets] \u00bb, a d\u00e9clar\u00e9 Chery.<\/span><\/span><\/span><\/p>\n<p><span class=\"VIiyi\" lang=\"fr\"><span class=\"JLqJ4b\" data-language-for-alternatives=\"fr\" data-language-to-translate-into=\"en\" data-phrase-index=\"0\" data-number-of-phrases=\"1\"><span class=\"Q4iAWc\">Il souligne \u00e9galement la panne de courant dans l&rsquo;usine de 200 mm de ST \u00e0 Crolles, en France, d\u00e9but avril et l&rsquo;augmentation des co\u00fbts des mat\u00e9riaux qui fait grimper les prix, bien que les marges augmentent \u00e9galement. <\/span><\/span><\/span><\/p>\n<p><span class=\"VIiyi\" lang=\"fr\"><span class=\"JLqJ4b\" data-language-for-alternatives=\"fr\" data-language-to-translate-into=\"en\" data-phrase-index=\"0\" data-number-of-phrases=\"1\"><span class=\"Q4iAWc\">\u00ab En plus de cela, nos fournisseurs d&rsquo;\u00e9quipements, de mat\u00e9riaux, de gaz industrieks et de produits chimiques sont tous confront\u00e9s \u00e0 une logistique complexe et \u00e0 des p\u00e9nuries. Toute la cha\u00eene d&rsquo;approvisionnement est donc sous tension \u00bb, a-t-il d\u00e9clar\u00e9. <\/span><\/span><\/span><\/p>\n<p><span class=\"VIiyi\" lang=\"fr\"><span class=\"JLqJ4b\" data-language-for-alternatives=\"fr\" data-language-to-translate-into=\"en\" data-phrase-index=\"0\" data-number-of-phrases=\"1\"><span class=\"Q4iAWc\">\u00ab\u00a0La croissance des revenus s&rsquo;est accompagn\u00e9e d&rsquo;une am\u00e9lioration de la marge brute de rentabilit\u00e9 \u00e0 46,7\u00a0%, contre 39\u00a0%, et d&rsquo;une marge op\u00e9rationnelle de 24,7\u00a0%, contre 14,6\u00a0%. Le b\u00e9n\u00e9fice net a plus que doubl\u00e9 pour atteindre 747 millions de dollars \u00bb, a-t-il d\u00e9clar\u00e9.<\/span><\/span><\/span><\/p>\n<p><span class=\"VIiyi\" lang=\"fr\"><span class=\"JLqJ4b\" data-language-for-alternatives=\"fr\" data-language-to-translate-into=\"en\" data-phrase-index=\"0\" data-number-of-phrases=\"1\"><span class=\"Q4iAWc\">La demande continue d&rsquo;avoir un impact sur la p\u00e9nurie de puces, m\u00eame avec moins de voitures fabriqu\u00e9es. \u00ab\u00a0La demande continue d&rsquo;\u00eatre forte\u00a0\u00bb, a d\u00e9clar\u00e9 Chery. \u00ab\u00a0En commen\u00e7ant par le march\u00e9 automobile, nous continuons \u00e0 voir une forte demande au premier trimestre avec un nombre de v\u00e9hicules produits dans le monde inf\u00e9rieur par rapport aux attentes initiales. La forte demande refl\u00e8te l&rsquo;effet combin\u00e9 de la reconstitution des stocks dans toute la cha\u00eene d&rsquo;approvisionnement automobile et de la transformation en cours de l&rsquo;\u00e9lectrification et de la num\u00e9risation de l&rsquo;industrie.<\/span><\/span><\/span><\/p>\n<p><span class=\"VIiyi\" lang=\"fr\"><span class=\"JLqJ4b\" data-language-for-alternatives=\"fr\" data-language-to-translate-into=\"en\" data-phrase-index=\"0\" data-number-of-phrases=\"1\"><span class=\"Q4iAWc\">Les microcontr\u00f4leurs pour l&rsquo;automobile, l&rsquo;industrie et le grand public ont \u00e9t\u00e9 un \u00e9l\u00e9ment cl\u00e9 de la croissance, dit-il. \u00ab\u00a0Je suis heureux d&rsquo;annoncer qu&rsquo;en 2021, nous avons \u00e9t\u00e9 class\u00e9s num\u00e9ro un mondial des microcontr\u00f4leurs \u00e0 usage g\u00e9n\u00e9ral. Nous continuons d&rsquo;investir pour renforcer davantage notre famille STM32, offrant un \u00e9cosyst\u00e8me avec un accent particulier sur la connectivit\u00e9 sans fil, la s\u00e9curit\u00e9 et l&rsquo;intelligence artificielle.<\/span><\/span><\/span><\/p>\n<p><span class=\"VIiyi\" lang=\"fr\"><span class=\"JLqJ4b\" data-language-for-alternatives=\"fr\" data-language-to-translate-into=\"en\" data-phrase-index=\"0\" data-number-of-phrases=\"1\"><span class=\"Q4iAWc\">\u00ab\u00a0La visibilit\u00e9 du carnet de commandes est toujours sup\u00e9rieure \u00e0 18 mois et bien sup\u00e9rieure \u00e0 notre capacit\u00e9 de fabrication actuelle et pr\u00e9vue pour 2022\u00a0\u00bb, a-t-il d\u00e9clar\u00e9. \u00ab Le carnet de commandes que nous avons est essentiellement bien sup\u00e9rieur \u00e0 30 % \u00e0 40 % de notre capacit\u00e9 de fabrication. Et nous avons d\u00e9j\u00e0 un carnet de commandes couvrant notre capacit\u00e9 pr\u00e9vue pour l&rsquo;ann\u00e9e prochaine proche de 100 %.<\/span><\/span><\/span><\/p>\n<p><span class=\"VIiyi\" lang=\"fr\"><span class=\"JLqJ4b\" data-language-for-alternatives=\"fr\" data-language-to-translate-into=\"en\" data-phrase-index=\"0\" data-number-of-phrases=\"1\"><span class=\"Q4iAWc\">\u00ab Pour le deuxi\u00e8me trimestre, nous pr\u00e9voyons que les revenus nets seront d&rsquo;environ 3,75 milliards de dollars, ce qui repr\u00e9sente une croissance d&rsquo;une ann\u00e9e sur l&rsquo;autre de 25,3 % et une augmentation s\u00e9quentielle de 5,8 %. La marge brute au deuxi\u00e8me trimestre devrait \u00eatre d&rsquo;environ 46 %. Nos pr\u00e9visions incluent l&rsquo;impact des op\u00e9rations temporairement r\u00e9duites \u00e0 Crolles, en France, caus\u00e9es par la panne de courant sur tout notre site qui s&rsquo;est produite d\u00e9but avril.<\/span><\/span><\/span><\/p>\n<p><span class=\"VIiyi\" lang=\"fr\"><span class=\"JLqJ4b\" data-language-for-alternatives=\"fr\" data-language-to-translate-into=\"en\" data-phrase-index=\"0\" data-number-of-phrases=\"1\"><span class=\"Q4iAWc\">\u00ab Pour l&rsquo;ensemble de l&rsquo;ann\u00e9e 2022, nous confirmons notre plan d&rsquo;investissement d&rsquo;environ 3,4 \u00e0 3,6 milliards de dollars en CapEx pour augmenter encore notre capacit\u00e9 de production et soutenir nos initiatives strat\u00e9giques, qui comprennent la premi\u00e8re ligne d&rsquo;industrialisation de notre nouvelle Fab de 300 mm \u00e0 Agrate, en Italie. .\u201d <\/span><\/span><\/span><\/p>\n<p><span class=\"VIiyi\" lang=\"fr\"><span class=\"JLqJ4b\" data-language-for-alternatives=\"fr\" data-language-to-translate-into=\"en\" data-phrase-index=\"0\" data-number-of-phrases=\"1\"><span class=\"Q4iAWc\">\u00ab\u00a0Nous continuons \u00e0 piloter l&rsquo;entreprise sur la base d&rsquo;un plan de revenus 2022 compris entre 14,8 milliards de dollars et 15,3 milliards de dollars, ce qui repr\u00e9sente une croissance d&rsquo;environ 16% \u00e0 20%.\u00a0\u00bb<\/span><\/span><\/span><\/p>\n<p><a href=\"http:\/\/www.st.com\">www.st.com<\/a><\/p>\n<h4>Autres articles ST<\/h4>\n<ul>\n<li><a href=\"https:\/\/www.ecinews.fr\/news\/stmicroelectronics-va-partager-sa-nouvelle-fab-300mm-avec-tower\" target=\"notSet\" rel=\"noopener\">STMicroelectronics va partager sa nouvelle Fab 300mm avec Tower<\/a><\/li>\n<li><a href=\"https:\/\/www.eenewseurope.com\/en\/st-deal-boosts-long-term-device-availability\/\">ST deal boosts long term device availability<\/a><\/li>\n<li><a href=\"https:\/\/www.eenewseurope.com\/en\/mentor-st-team-on-chip-process-characterisation\/\">Mentor, ST team on chip process characterisation\u00a0<\/a><\/li>\n<li><a href=\"https:\/\/www.eenewseurope.com\/en\/st-looks-to-combine-gan-power-with-microcontrollers\/\">ST looks to combine GaN power with microcontrollers<\/a><\/li>\n<\/ul>\n<p>&nbsp;<\/p>\n<p>&nbsp;<\/p>\n<p>&nbsp;<\/p>\n","protected":false},"excerpt":{"rendered":"<p>Une panne de courant dans son usine de Crolles et la fermeture de Shanghai, en Chine, n&rsquo;ont pas r\u00e9ussi \u00e0 ralentir la croissance de STMicroelectronics, qui pr\u00e9voit un chiffre d&rsquo;affaires de 15 milliards de dollars cette ann\u00e9e.<\/p>\n","protected":false},"author":34,"featured_media":382468,"comment_status":"closed","ping_status":"closed","sticky":false,"template":"","format":"standard","meta":{"_acf_changed":false,"footnotes":""},"categories":[880],"tags":[913,906],"domains":[47],"ppma_author":[1153],"class_list":["post-382616","post","type-post","status-publish","format-standard","has-post-thumbnail","hentry","category-actualites-economiques","tag-materials-processes-fr","tag-mpus-mcus-fr","domains-electronique-eci"],"acf":[],"yoast_head":"<title>ST Micro sur la voie des $15 milliards malgr\u00e9 une panne \u00e0 Cro...<\/title>\n<meta name=\"description\" content=\"Une panne de courant \u00e0 Crolles et la fermeture de Shanghai, n&#039;ont pas ralenti la croissance de ST qui pr\u00e9voit $15 milliards en 2022.\" \/>\n<meta name=\"robots\" content=\"index, follow, max-snippet:-1, max-image-preview:large, max-video-preview:-1\" \/>\n<link rel=\"canonical\" href=\"https:\/\/www.ecinews.fr\/fr\/wp-json\/wp\/v2\/posts\/382616\/\" \/>\n<meta property=\"og:locale\" content=\"fr_FR\" \/>\n<meta property=\"og:type\" content=\"article\" \/>\n<meta property=\"og:title\" content=\"ST Micro sur la voie des $15 milliards malgr\u00e9 une panne \u00e0 Crolles\" \/>\n<meta property=\"og:description\" content=\"Une panne de courant \u00e0 Crolles et la fermeture de Shanghai, n&#039;ont pas ralenti la croissance de ST qui pr\u00e9voit $15 milliards en 2022.\" \/>\n<meta property=\"og:url\" content=\"https:\/\/www.ecinews.fr\/fr\/wp-json\/wp\/v2\/posts\/382616\/\" \/>\n<meta property=\"og:site_name\" content=\"EENewsEurope\" \/>\n<meta property=\"article:published_time\" content=\"2022-05-03T17:06:40+00:00\" \/>\n<meta property=\"og:image\" content=\"https:\/\/www.eenewseurope.com\/wp-content\/uploads\/2022\/05\/ST-Fab-200mm-Crolles.jpg\" \/>\n\t<meta property=\"og:image:width\" content=\"810\" \/>\n\t<meta property=\"og:image:height\" content=\"435\" \/>\n\t<meta property=\"og:image:type\" content=\"image\/jpeg\" \/>\n<meta name=\"author\" content=\"A Delapalisse\" \/>\n<meta name=\"twitter:card\" content=\"summary_large_image\" \/>\n<meta name=\"twitter:label1\" content=\"Written by\" \/>\n\t<meta name=\"twitter:data1\" content=\"A Delapalisse\" \/>\n\t<meta name=\"twitter:label2\" content=\"Est. reading time\" \/>\n\t<meta name=\"twitter:data2\" content=\"4 minutes\" \/>\n<script type=\"application\/ld+json\" class=\"yoast-schema-graph\">{\"@context\":\"https:\/\/schema.org\",\"@graph\":[{\"@type\":\"Article\",\"@id\":\"https:\/\/www.eenewseurope.com\/fr\/st-micro-sur-la-voie-des-15-milliards-malgre-une-panne-a-crolles\/#article\",\"isPartOf\":{\"@id\":\"https:\/\/www.eenewseurope.com\/fr\/st-micro-sur-la-voie-des-15-milliards-malgre-une-panne-a-crolles\/\"},\"author\":{\"name\":\"A Delapalisse\",\"@id\":\"https:\/\/www.eenewseurope.com\/en\/#\/schema\/person\/0aa2cfb0bd8949724a68cbac8d8321b4\"},\"headline\":\"ST Micro sur la voie des $15 milliards malgr\u00e9 une panne \u00e0 Crolles\",\"datePublished\":\"2022-05-03T17:06:40+00:00\",\"dateModified\":\"2022-05-03T17:06:40+00:00\",\"mainEntityOfPage\":{\"@id\":\"https:\/\/www.eenewseurope.com\/fr\/st-micro-sur-la-voie-des-15-milliards-malgre-une-panne-a-crolles\/\"},\"wordCount\":852,\"publisher\":{\"@id\":\"https:\/\/www.eenewseurope.com\/en\/#organization\"},\"keywords\":[\"Materials &amp; processes\",\"MPUs\/MCUs\"],\"articleSection\":[\"Actualit\u00e9s \u00e9conomiques\"],\"inLanguage\":\"fr-FR\"},{\"@type\":\"WebPage\",\"@id\":\"https:\/\/www.eenewseurope.com\/fr\/st-micro-sur-la-voie-des-15-milliards-malgre-une-panne-a-crolles\/\",\"url\":\"https:\/\/www.eenewseurope.com\/fr\/st-micro-sur-la-voie-des-15-milliards-malgre-une-panne-a-crolles\/\",\"name\":\"ST Micro sur la voie des $15 milliards malgr\u00e9 une panne \u00e0 Crolles -\",\"isPartOf\":{\"@id\":\"https:\/\/www.eenewseurope.com\/en\/#website\"},\"datePublished\":\"2022-05-03T17:06:40+00:00\",\"dateModified\":\"2022-05-03T17:06:40+00:00\",\"description\":\"Une panne de courant \u00e0 Crolles et la fermeture de Shanghai, n'ont pas ralenti la croissance de ST qui pr\u00e9voit $15 milliards en 2022.\",\"breadcrumb\":{\"@id\":\"https:\/\/www.eenewseurope.com\/fr\/st-micro-sur-la-voie-des-15-milliards-malgre-une-panne-a-crolles\/#breadcrumb\"},\"inLanguage\":\"fr-FR\",\"potentialAction\":[{\"@type\":\"ReadAction\",\"target\":[\"https:\/\/www.eenewseurope.com\/fr\/st-micro-sur-la-voie-des-15-milliards-malgre-une-panne-a-crolles\/\"]}]},{\"@type\":\"BreadcrumbList\",\"@id\":\"https:\/\/www.eenewseurope.com\/fr\/st-micro-sur-la-voie-des-15-milliards-malgre-une-panne-a-crolles\/#breadcrumb\",\"itemListElement\":[{\"@type\":\"ListItem\",\"position\":1,\"name\":\"Home\",\"item\":\"https:\/\/www.ecinews.fr\/fr\/\"},{\"@type\":\"ListItem\",\"position\":2,\"name\":\"ST Micro sur la voie des $15 milliards malgr\u00e9 une panne \u00e0 Crolles\"}]},{\"@type\":\"WebSite\",\"@id\":\"https:\/\/www.eenewseurope.com\/en\/#website\",\"url\":\"https:\/\/www.eenewseurope.com\/en\/\",\"name\":\"EENewsEurope\",\"description\":\"Just another WordPress site\",\"publisher\":{\"@id\":\"https:\/\/www.eenewseurope.com\/en\/#organization\"},\"potentialAction\":[{\"@type\":\"SearchAction\",\"target\":{\"@type\":\"EntryPoint\",\"urlTemplate\":\"https:\/\/www.eenewseurope.com\/en\/?s={search_term_string}\"},\"query-input\":\"required name=search_term_string\"}],\"inLanguage\":\"fr-FR\"},{\"@type\":\"Organization\",\"@id\":\"https:\/\/www.eenewseurope.com\/en\/#organization\",\"name\":\"EENewsEurope\",\"url\":\"https:\/\/www.eenewseurope.com\/en\/\",\"logo\":{\"@type\":\"ImageObject\",\"inLanguage\":\"fr-FR\",\"@id\":\"https:\/\/www.eenewseurope.com\/en\/#\/schema\/logo\/image\/\",\"url\":\"https:\/\/www.ecinews.fr\/wp-content\/uploads\/2022\/02\/logo-1.jpg\",\"contentUrl\":\"https:\/\/www.ecinews.fr\/wp-content\/uploads\/2022\/02\/logo-1.jpg\",\"width\":283,\"height\":113,\"caption\":\"EENewsEurope\"},\"image\":{\"@id\":\"https:\/\/www.eenewseurope.com\/en\/#\/schema\/logo\/image\/\"}},{\"@type\":\"Person\",\"@id\":\"https:\/\/www.eenewseurope.com\/en\/#\/schema\/person\/0aa2cfb0bd8949724a68cbac8d8321b4\",\"name\":\"A Delapalisse\",\"image\":{\"@type\":\"ImageObject\",\"inLanguage\":\"fr-FR\",\"@id\":\"https:\/\/www.eenewseurope.com\/en\/#\/schema\/person\/image\/211ac42237c2e9683c0964086c393cb4\",\"url\":\"https:\/\/secure.gravatar.com\/avatar\/ad45a8c5da24bc9c7c4940dd1c48a695?s=96&d=mm&r=g\",\"contentUrl\":\"https:\/\/secure.gravatar.com\/avatar\/ad45a8c5da24bc9c7c4940dd1c48a695?s=96&d=mm&r=g\",\"caption\":\"A Delapalisse\"},\"sameAs\":[\"http:\/\/ECI\"]}]}<\/script>","yoast_head_json":{"title":"ST Micro sur la voie des $15 milliards malgr\u00e9 une panne \u00e0 Cro...","description":"Une panne de courant \u00e0 Crolles et la fermeture de Shanghai, n'ont pas ralenti la croissance de ST qui pr\u00e9voit $15 milliards en 2022.","robots":{"index":"index","follow":"follow","max-snippet":"max-snippet:-1","max-image-preview":"max-image-preview:large","max-video-preview":"max-video-preview:-1"},"canonical":"https:\/\/www.ecinews.fr\/fr\/wp-json\/wp\/v2\/posts\/382616\/","og_locale":"fr_FR","og_type":"article","og_title":"ST Micro sur la voie des $15 milliards malgr\u00e9 une panne \u00e0 Crolles","og_description":"Une panne de courant \u00e0 Crolles et la fermeture de Shanghai, n'ont pas ralenti la croissance de ST qui pr\u00e9voit $15 milliards en 2022.","og_url":"https:\/\/www.ecinews.fr\/fr\/wp-json\/wp\/v2\/posts\/382616\/","og_site_name":"EENewsEurope","article_published_time":"2022-05-03T17:06:40+00:00","og_image":[{"width":810,"height":435,"url":"https:\/\/www.eenewseurope.com\/wp-content\/uploads\/2022\/05\/ST-Fab-200mm-Crolles.jpg","type":"image\/jpeg"}],"author":"A Delapalisse","twitter_card":"summary_large_image","twitter_misc":{"Written by":"A Delapalisse","Est. reading time":"4 minutes"},"schema":{"@context":"https:\/\/schema.org","@graph":[{"@type":"Article","@id":"https:\/\/www.eenewseurope.com\/fr\/st-micro-sur-la-voie-des-15-milliards-malgre-une-panne-a-crolles\/#article","isPartOf":{"@id":"https:\/\/www.eenewseurope.com\/fr\/st-micro-sur-la-voie-des-15-milliards-malgre-une-panne-a-crolles\/"},"author":{"name":"A Delapalisse","@id":"https:\/\/www.eenewseurope.com\/en\/#\/schema\/person\/0aa2cfb0bd8949724a68cbac8d8321b4"},"headline":"ST Micro sur la voie des $15 milliards malgr\u00e9 une panne \u00e0 Crolles","datePublished":"2022-05-03T17:06:40+00:00","dateModified":"2022-05-03T17:06:40+00:00","mainEntityOfPage":{"@id":"https:\/\/www.eenewseurope.com\/fr\/st-micro-sur-la-voie-des-15-milliards-malgre-une-panne-a-crolles\/"},"wordCount":852,"publisher":{"@id":"https:\/\/www.eenewseurope.com\/en\/#organization"},"keywords":["Materials &amp; processes","MPUs\/MCUs"],"articleSection":["Actualit\u00e9s \u00e9conomiques"],"inLanguage":"fr-FR"},{"@type":"WebPage","@id":"https:\/\/www.eenewseurope.com\/fr\/st-micro-sur-la-voie-des-15-milliards-malgre-une-panne-a-crolles\/","url":"https:\/\/www.eenewseurope.com\/fr\/st-micro-sur-la-voie-des-15-milliards-malgre-une-panne-a-crolles\/","name":"ST Micro sur la voie des $15 milliards malgr\u00e9 une panne \u00e0 Crolles -","isPartOf":{"@id":"https:\/\/www.eenewseurope.com\/en\/#website"},"datePublished":"2022-05-03T17:06:40+00:00","dateModified":"2022-05-03T17:06:40+00:00","description":"Une panne de courant \u00e0 Crolles et la fermeture de Shanghai, n'ont pas ralenti la croissance de ST qui pr\u00e9voit $15 milliards en 2022.","breadcrumb":{"@id":"https:\/\/www.eenewseurope.com\/fr\/st-micro-sur-la-voie-des-15-milliards-malgre-une-panne-a-crolles\/#breadcrumb"},"inLanguage":"fr-FR","potentialAction":[{"@type":"ReadAction","target":["https:\/\/www.eenewseurope.com\/fr\/st-micro-sur-la-voie-des-15-milliards-malgre-une-panne-a-crolles\/"]}]},{"@type":"BreadcrumbList","@id":"https:\/\/www.eenewseurope.com\/fr\/st-micro-sur-la-voie-des-15-milliards-malgre-une-panne-a-crolles\/#breadcrumb","itemListElement":[{"@type":"ListItem","position":1,"name":"Home","item":"https:\/\/www.ecinews.fr\/fr\/"},{"@type":"ListItem","position":2,"name":"ST Micro sur la voie des $15 milliards malgr\u00e9 une panne \u00e0 Crolles"}]},{"@type":"WebSite","@id":"https:\/\/www.eenewseurope.com\/en\/#website","url":"https:\/\/www.eenewseurope.com\/en\/","name":"EENewsEurope","description":"Just another WordPress site","publisher":{"@id":"https:\/\/www.eenewseurope.com\/en\/#organization"},"potentialAction":[{"@type":"SearchAction","target":{"@type":"EntryPoint","urlTemplate":"https:\/\/www.eenewseurope.com\/en\/?s={search_term_string}"},"query-input":"required name=search_term_string"}],"inLanguage":"fr-FR"},{"@type":"Organization","@id":"https:\/\/www.eenewseurope.com\/en\/#organization","name":"EENewsEurope","url":"https:\/\/www.eenewseurope.com\/en\/","logo":{"@type":"ImageObject","inLanguage":"fr-FR","@id":"https:\/\/www.eenewseurope.com\/en\/#\/schema\/logo\/image\/","url":"https:\/\/www.ecinews.fr\/wp-content\/uploads\/2022\/02\/logo-1.jpg","contentUrl":"https:\/\/www.ecinews.fr\/wp-content\/uploads\/2022\/02\/logo-1.jpg","width":283,"height":113,"caption":"EENewsEurope"},"image":{"@id":"https:\/\/www.eenewseurope.com\/en\/#\/schema\/logo\/image\/"}},{"@type":"Person","@id":"https:\/\/www.eenewseurope.com\/en\/#\/schema\/person\/0aa2cfb0bd8949724a68cbac8d8321b4","name":"A Delapalisse","image":{"@type":"ImageObject","inLanguage":"fr-FR","@id":"https:\/\/www.eenewseurope.com\/en\/#\/schema\/person\/image\/211ac42237c2e9683c0964086c393cb4","url":"https:\/\/secure.gravatar.com\/avatar\/ad45a8c5da24bc9c7c4940dd1c48a695?s=96&d=mm&r=g","contentUrl":"https:\/\/secure.gravatar.com\/avatar\/ad45a8c5da24bc9c7c4940dd1c48a695?s=96&d=mm&r=g","caption":"A Delapalisse"},"sameAs":["http:\/\/ECI"]}]}},"authors":[{"term_id":1153,"user_id":34,"is_guest":0,"slug":"adelapalisse","display_name":"A Delapalisse","avatar_url":"https:\/\/secure.gravatar.com\/avatar\/ad45a8c5da24bc9c7c4940dd1c48a695?s=96&d=mm&r=g","0":null,"1":"","2":"","3":"","4":"","5":"","6":"","7":"","8":""}],"_links":{"self":[{"href":"https:\/\/www.ecinews.fr\/fr\/wp-json\/wp\/v2\/posts\/382616"}],"collection":[{"href":"https:\/\/www.ecinews.fr\/fr\/wp-json\/wp\/v2\/posts"}],"about":[{"href":"https:\/\/www.ecinews.fr\/fr\/wp-json\/wp\/v2\/types\/post"}],"author":[{"embeddable":true,"href":"https:\/\/www.ecinews.fr\/fr\/wp-json\/wp\/v2\/users\/34"}],"replies":[{"embeddable":true,"href":"https:\/\/www.ecinews.fr\/fr\/wp-json\/wp\/v2\/comments?post=382616"}],"version-history":[{"count":0,"href":"https:\/\/www.ecinews.fr\/fr\/wp-json\/wp\/v2\/posts\/382616\/revisions"}],"wp:featuredmedia":[{"embeddable":true,"href":"https:\/\/www.ecinews.fr\/fr\/wp-json\/wp\/v2\/media\/382468"}],"wp:attachment":[{"href":"https:\/\/www.ecinews.fr\/fr\/wp-json\/wp\/v2\/media?parent=382616"}],"wp:term":[{"taxonomy":"category","embeddable":true,"href":"https:\/\/www.ecinews.fr\/fr\/wp-json\/wp\/v2\/categories?post=382616"},{"taxonomy":"post_tag","embeddable":true,"href":"https:\/\/www.ecinews.fr\/fr\/wp-json\/wp\/v2\/tags?post=382616"},{"taxonomy":"domains","embeddable":true,"href":"https:\/\/www.ecinews.fr\/fr\/wp-json\/wp\/v2\/domains?post=382616"},{"taxonomy":"author","embeddable":true,"href":"https:\/\/www.ecinews.fr\/fr\/wp-json\/wp\/v2\/ppma_author?post=382616"}],"curies":[{"name":"wp","href":"https:\/\/api.w.org\/{rel}","templated":true}]}}