{"id":382413,"date":"2022-05-02T00:05:05","date_gmt":"2022-05-01T22:05:05","guid":{"rendered":"https:\/\/www.ecinews.fr\/?p=382413"},"modified":"2022-05-02T00:05:05","modified_gmt":"2022-05-01T22:05:05","slug":"capteur-combine-suivant-jusqua-20-parametres-de-qualite-de-lair","status":"publish","type":"post","link":"https:\/\/www.ecinews.fr\/fr\/capteur-combine-suivant-jusqua-20-parametres-de-qualite-de-lair\/","title":{"rendered":"Capteur combin\u00e9 suivant jusqu&rsquo;\u00e0 20 param\u00e8tres de qualit\u00e9 de l&rsquo;air"},"content":{"rendered":"<p>Propos\u00e9 par ScioSense, le nouveau APC1 est le plus petit capteur combin\u00e9 tout-en-un qui suit avec pr\u00e9cision jusqu&rsquo;\u00e0 20 param\u00e8tres de qualit\u00e9 de l&rsquo;air, mais d\u00e9tecte \u00e9galement les particules (PM1,0, PM2,5 et PM10) d\u00e8s 0,3 microns. Il mesure ainsi avec pr\u00e9cision les particules et les a\u00e9rosols, les compos\u00e9s organiques volatils, la temp\u00e9rature et l&rsquo;humidit\u00e9. Il exploite la technologie de capteur la plus avanc\u00e9e pour fournir une solution pr\u00e9cise, enti\u00e8rement calibr\u00e9e et sans entretien pour la surveillance de la qualit\u00e9 de l&rsquo;air. Toute cette puissance dans un format compact en forme de bo\u00eete.<\/p>\n<p>Propos\u00e9 en format 50 x 38 x 21 mm, ce capteur simplifie la conception des applications de d\u00e9tection environnementale sans faire de compromis sur la qualit\u00e9. Il int\u00e8gre des algorithmes de compensation de temp\u00e9rature pour simplifier l&rsquo;int\u00e9gration au niveau du syst\u00e8me et dispose d\u2019une interface s\u00e9rie pour suivre jusqu&rsquo;\u00e0 20 param\u00e8tres de signal environnemental via les interfaces UART et I2C. Ce capteur permet notamment d&rsquo;automatiser la ventilation professionnelle \u00e0 la demande ainsi que les appareils grand public tels que les \u00e9purateurs\/purificateurs d&rsquo;air, les compteurs intelligents de l&rsquo;Internet des Objets et les thermostats.<\/p>\n<p><strong>Conception personnalis\u00e9e<\/strong><\/p>\n<p>Les capacit\u00e9s internes et de partenariat de recherche de ScioSense permettent de personnaliser ou cr\u00e9er des solutions pour r\u00e9pondre \u00e0 des exigences sp\u00e9cifiques avec un co\u00fbt ou un d\u00e9lai suppl\u00e9mentaire relativement peu important, acc\u00e9l\u00e9rant ainsi le d\u00e9lai de mise sur le march\u00e9, minimisant les co\u00fbts globaux de nomenclature et aidant \u00e0 diff\u00e9rencier le client de la concurrence.<\/p>\n<p>&nbsp;<\/p>\n<p><a title=\"www.sciosense.com\" href=\"http:\/\/www.sciosense.com\">www.sciosense.com<\/a><\/p>\n<p>&nbsp;<\/p>\n","protected":false},"excerpt":{"rendered":"<p>Le APC1 mesure avec pr\u00e9cision les particules et les a\u00e9rosols, les compos\u00e9s organiques volatils, la temp\u00e9rature et l&rsquo;humidit\u00e9.<\/p>\n","protected":false},"author":36,"featured_media":382414,"comment_status":"closed","ping_status":"closed","sticky":false,"template":"","format":"standard","meta":{"_acf_changed":false,"footnotes":""},"categories":[881],"tags":[937],"domains":[47],"ppma_author":[1154],"class_list":["post-382413","post","type-post","status-publish","format-standard","has-post-thumbnail","hentry","category-nouveaux-produits","tag-capteur","domains-electronique-eci"],"acf":[],"yoast_head":"<title>Capteur combin\u00e9 suivant jusqu&#039;\u00e0 20 param\u00e8tres de qualit\u00e9 de...<\/title>\n<meta name=\"description\" content=\"Le APC1 mesure avec pr\u00e9cision les particules et les a\u00e9rosols, les compos\u00e9s organiques volatils, la temp\u00e9rature et l&#039;humidit\u00e9.\" \/>\n<meta name=\"robots\" content=\"index, follow, max-snippet:-1, max-image-preview:large, max-video-preview:-1\" \/>\n<link rel=\"canonical\" href=\"https:\/\/www.ecinews.fr\/fr\/wp-json\/wp\/v2\/posts\/382413\/\" \/>\n<meta property=\"og:locale\" content=\"fr_FR\" \/>\n<meta property=\"og:type\" content=\"article\" \/>\n<meta property=\"og:title\" content=\"Capteur combin\u00e9 suivant jusqu&#039;\u00e0 20 param\u00e8tres de qualit\u00e9 de l&#039;air\" \/>\n<meta property=\"og:description\" content=\"Le APC1 mesure avec pr\u00e9cision les particules et les a\u00e9rosols, les compos\u00e9s organiques volatils, la temp\u00e9rature et l&#039;humidit\u00e9.\" \/>\n<meta property=\"og:url\" content=\"https:\/\/www.ecinews.fr\/fr\/wp-json\/wp\/v2\/posts\/382413\/\" \/>\n<meta property=\"og:site_name\" content=\"EENewsEurope\" \/>\n<meta property=\"article:published_time\" content=\"2022-05-01T22:05:05+00:00\" \/>\n<meta property=\"og:image\" content=\"https:\/\/www.ecinews.fr\/wp-content\/uploads\/2022\/05\/ECI1181_ScioSence-scaled.jpg\" \/>\n\t<meta property=\"og:image:width\" content=\"1080\" \/>\n\t<meta property=\"og:image:height\" content=\"911\" \/>\n\t<meta property=\"og:image:type\" content=\"image\/jpeg\" \/>\n<meta name=\"author\" content=\"Alain Dieul\" \/>\n<meta name=\"twitter:card\" content=\"summary_large_image\" \/>\n<meta name=\"twitter:label1\" content=\"Written by\" \/>\n\t<meta name=\"twitter:data1\" content=\"Alain Dieul\" \/>\n\t<meta name=\"twitter:label2\" content=\"Est. reading time\" \/>\n\t<meta name=\"twitter:data2\" content=\"2 minutes\" \/>\n<script type=\"application\/ld+json\" class=\"yoast-schema-graph\">{\"@context\":\"https:\/\/schema.org\",\"@graph\":[{\"@type\":\"Article\",\"@id\":\"https:\/\/www.ecinews.fr\/fr\/capteur-combine-suivant-jusqua-20-parametres-de-qualite-de-lair\/#article\",\"isPartOf\":{\"@id\":\"https:\/\/www.ecinews.fr\/fr\/capteur-combine-suivant-jusqua-20-parametres-de-qualite-de-lair\/\"},\"author\":{\"name\":\"Alain Dieul\",\"@id\":\"https:\/\/www.ecinews.fr\/fr\/#\/schema\/person\/e4387676ad67ce722325c7832f3c3762\"},\"headline\":\"Capteur combin\u00e9 suivant jusqu&rsquo;\u00e0 20 param\u00e8tres de qualit\u00e9 de l&rsquo;air\",\"datePublished\":\"2022-05-01T22:05:05+00:00\",\"dateModified\":\"2022-05-01T22:05:05+00:00\",\"mainEntityOfPage\":{\"@id\":\"https:\/\/www.ecinews.fr\/fr\/capteur-combine-suivant-jusqua-20-parametres-de-qualite-de-lair\/\"},\"wordCount\":293,\"publisher\":{\"@id\":\"https:\/\/www.ecinews.fr\/fr\/#organization\"},\"keywords\":[\"Capteur\"],\"articleSection\":[\"Nouveaux produits\"],\"inLanguage\":\"fr-FR\"},{\"@type\":\"WebPage\",\"@id\":\"https:\/\/www.ecinews.fr\/fr\/capteur-combine-suivant-jusqua-20-parametres-de-qualite-de-lair\/\",\"url\":\"https:\/\/www.ecinews.fr\/fr\/capteur-combine-suivant-jusqua-20-parametres-de-qualite-de-lair\/\",\"name\":\"Capteur combin\u00e9 suivant jusqu'\u00e0 20 param\u00e8tres de qualit\u00e9 de l'air -\",\"isPartOf\":{\"@id\":\"https:\/\/www.ecinews.fr\/fr\/#website\"},\"datePublished\":\"2022-05-01T22:05:05+00:00\",\"dateModified\":\"2022-05-01T22:05:05+00:00\",\"breadcrumb\":{\"@id\":\"https:\/\/www.ecinews.fr\/fr\/capteur-combine-suivant-jusqua-20-parametres-de-qualite-de-lair\/#breadcrumb\"},\"inLanguage\":\"fr-FR\",\"potentialAction\":[{\"@type\":\"ReadAction\",\"target\":[\"https:\/\/www.ecinews.fr\/fr\/capteur-combine-suivant-jusqua-20-parametres-de-qualite-de-lair\/\"]}]},{\"@type\":\"BreadcrumbList\",\"@id\":\"https:\/\/www.ecinews.fr\/fr\/capteur-combine-suivant-jusqua-20-parametres-de-qualite-de-lair\/#breadcrumb\",\"itemListElement\":[{\"@type\":\"ListItem\",\"position\":1,\"name\":\"Home\",\"item\":\"https:\/\/www.ecinews.fr\/fr\/\"},{\"@type\":\"ListItem\",\"position\":2,\"name\":\"Capteur combin\u00e9 suivant jusqu&rsquo;\u00e0 20 param\u00e8tres de qualit\u00e9 de l&rsquo;air\"}]},{\"@type\":\"WebSite\",\"@id\":\"https:\/\/www.ecinews.fr\/fr\/#website\",\"url\":\"https:\/\/www.ecinews.fr\/fr\/\",\"name\":\"EENewsEurope\",\"description\":\"Just another WordPress site\",\"publisher\":{\"@id\":\"https:\/\/www.ecinews.fr\/fr\/#organization\"},\"potentialAction\":[{\"@type\":\"SearchAction\",\"target\":{\"@type\":\"EntryPoint\",\"urlTemplate\":\"https:\/\/www.ecinews.fr\/fr\/?s={search_term_string}\"},\"query-input\":\"required name=search_term_string\"}],\"inLanguage\":\"fr-FR\"},{\"@type\":\"Organization\",\"@id\":\"https:\/\/www.ecinews.fr\/fr\/#organization\",\"name\":\"EENewsEurope\",\"url\":\"https:\/\/www.ecinews.fr\/fr\/\",\"logo\":{\"@type\":\"ImageObject\",\"inLanguage\":\"fr-FR\",\"@id\":\"https:\/\/www.ecinews.fr\/fr\/#\/schema\/logo\/image\/\",\"url\":\"https:\/\/www.ecinews.fr\/wp-content\/uploads\/2022\/02\/logo-1.jpg\",\"contentUrl\":\"https:\/\/www.ecinews.fr\/wp-content\/uploads\/2022\/02\/logo-1.jpg\",\"width\":283,\"height\":113,\"caption\":\"EENewsEurope\"},\"image\":{\"@id\":\"https:\/\/www.ecinews.fr\/fr\/#\/schema\/logo\/image\/\"}},{\"@type\":\"Person\",\"@id\":\"https:\/\/www.ecinews.fr\/fr\/#\/schema\/person\/e4387676ad67ce722325c7832f3c3762\",\"name\":\"Alain Dieul\",\"image\":{\"@type\":\"ImageObject\",\"inLanguage\":\"fr-FR\",\"@id\":\"https:\/\/www.ecinews.fr\/fr\/#\/schema\/person\/image\/736120675699dbbf0f0f282b9a9cfb75\",\"url\":\"https:\/\/secure.gravatar.com\/avatar\/bc93b056d07515be5b8eecd4acf49c5c?s=96&d=mm&r=g\",\"contentUrl\":\"https:\/\/secure.gravatar.com\/avatar\/bc93b056d07515be5b8eecd4acf49c5c?s=96&d=mm&r=g\",\"caption\":\"Alain Dieul\"},\"sameAs\":[\"http:\/\/ECINews\"]}]}<\/script>","yoast_head_json":{"title":"Capteur combin\u00e9 suivant jusqu'\u00e0 20 param\u00e8tres de qualit\u00e9 de...","description":"Le APC1 mesure avec pr\u00e9cision les particules et les a\u00e9rosols, les compos\u00e9s organiques volatils, la temp\u00e9rature et l'humidit\u00e9.","robots":{"index":"index","follow":"follow","max-snippet":"max-snippet:-1","max-image-preview":"max-image-preview:large","max-video-preview":"max-video-preview:-1"},"canonical":"https:\/\/www.ecinews.fr\/fr\/wp-json\/wp\/v2\/posts\/382413\/","og_locale":"fr_FR","og_type":"article","og_title":"Capteur combin\u00e9 suivant jusqu'\u00e0 20 param\u00e8tres de qualit\u00e9 de l'air","og_description":"Le APC1 mesure avec pr\u00e9cision les particules et les a\u00e9rosols, les compos\u00e9s organiques volatils, la temp\u00e9rature et l'humidit\u00e9.","og_url":"https:\/\/www.ecinews.fr\/fr\/wp-json\/wp\/v2\/posts\/382413\/","og_site_name":"EENewsEurope","article_published_time":"2022-05-01T22:05:05+00:00","og_image":[{"width":1080,"height":911,"url":"https:\/\/www.ecinews.fr\/wp-content\/uploads\/2022\/05\/ECI1181_ScioSence-scaled.jpg","type":"image\/jpeg"}],"author":"Alain Dieul","twitter_card":"summary_large_image","twitter_misc":{"Written by":"Alain Dieul","Est. reading time":"2 minutes"},"schema":{"@context":"https:\/\/schema.org","@graph":[{"@type":"Article","@id":"https:\/\/www.ecinews.fr\/fr\/capteur-combine-suivant-jusqua-20-parametres-de-qualite-de-lair\/#article","isPartOf":{"@id":"https:\/\/www.ecinews.fr\/fr\/capteur-combine-suivant-jusqua-20-parametres-de-qualite-de-lair\/"},"author":{"name":"Alain Dieul","@id":"https:\/\/www.ecinews.fr\/fr\/#\/schema\/person\/e4387676ad67ce722325c7832f3c3762"},"headline":"Capteur combin\u00e9 suivant jusqu&rsquo;\u00e0 20 param\u00e8tres de qualit\u00e9 de l&rsquo;air","datePublished":"2022-05-01T22:05:05+00:00","dateModified":"2022-05-01T22:05:05+00:00","mainEntityOfPage":{"@id":"https:\/\/www.ecinews.fr\/fr\/capteur-combine-suivant-jusqua-20-parametres-de-qualite-de-lair\/"},"wordCount":293,"publisher":{"@id":"https:\/\/www.ecinews.fr\/fr\/#organization"},"keywords":["Capteur"],"articleSection":["Nouveaux produits"],"inLanguage":"fr-FR"},{"@type":"WebPage","@id":"https:\/\/www.ecinews.fr\/fr\/capteur-combine-suivant-jusqua-20-parametres-de-qualite-de-lair\/","url":"https:\/\/www.ecinews.fr\/fr\/capteur-combine-suivant-jusqua-20-parametres-de-qualite-de-lair\/","name":"Capteur combin\u00e9 suivant jusqu'\u00e0 20 param\u00e8tres de qualit\u00e9 de l'air -","isPartOf":{"@id":"https:\/\/www.ecinews.fr\/fr\/#website"},"datePublished":"2022-05-01T22:05:05+00:00","dateModified":"2022-05-01T22:05:05+00:00","breadcrumb":{"@id":"https:\/\/www.ecinews.fr\/fr\/capteur-combine-suivant-jusqua-20-parametres-de-qualite-de-lair\/#breadcrumb"},"inLanguage":"fr-FR","potentialAction":[{"@type":"ReadAction","target":["https:\/\/www.ecinews.fr\/fr\/capteur-combine-suivant-jusqua-20-parametres-de-qualite-de-lair\/"]}]},{"@type":"BreadcrumbList","@id":"https:\/\/www.ecinews.fr\/fr\/capteur-combine-suivant-jusqua-20-parametres-de-qualite-de-lair\/#breadcrumb","itemListElement":[{"@type":"ListItem","position":1,"name":"Home","item":"https:\/\/www.ecinews.fr\/fr\/"},{"@type":"ListItem","position":2,"name":"Capteur combin\u00e9 suivant jusqu&rsquo;\u00e0 20 param\u00e8tres de qualit\u00e9 de l&rsquo;air"}]},{"@type":"WebSite","@id":"https:\/\/www.ecinews.fr\/fr\/#website","url":"https:\/\/www.ecinews.fr\/fr\/","name":"EENewsEurope","description":"Just another WordPress site","publisher":{"@id":"https:\/\/www.ecinews.fr\/fr\/#organization"},"potentialAction":[{"@type":"SearchAction","target":{"@type":"EntryPoint","urlTemplate":"https:\/\/www.ecinews.fr\/fr\/?s={search_term_string}"},"query-input":"required name=search_term_string"}],"inLanguage":"fr-FR"},{"@type":"Organization","@id":"https:\/\/www.ecinews.fr\/fr\/#organization","name":"EENewsEurope","url":"https:\/\/www.ecinews.fr\/fr\/","logo":{"@type":"ImageObject","inLanguage":"fr-FR","@id":"https:\/\/www.ecinews.fr\/fr\/#\/schema\/logo\/image\/","url":"https:\/\/www.ecinews.fr\/wp-content\/uploads\/2022\/02\/logo-1.jpg","contentUrl":"https:\/\/www.ecinews.fr\/wp-content\/uploads\/2022\/02\/logo-1.jpg","width":283,"height":113,"caption":"EENewsEurope"},"image":{"@id":"https:\/\/www.ecinews.fr\/fr\/#\/schema\/logo\/image\/"}},{"@type":"Person","@id":"https:\/\/www.ecinews.fr\/fr\/#\/schema\/person\/e4387676ad67ce722325c7832f3c3762","name":"Alain Dieul","image":{"@type":"ImageObject","inLanguage":"fr-FR","@id":"https:\/\/www.ecinews.fr\/fr\/#\/schema\/person\/image\/736120675699dbbf0f0f282b9a9cfb75","url":"https:\/\/secure.gravatar.com\/avatar\/bc93b056d07515be5b8eecd4acf49c5c?s=96&d=mm&r=g","contentUrl":"https:\/\/secure.gravatar.com\/avatar\/bc93b056d07515be5b8eecd4acf49c5c?s=96&d=mm&r=g","caption":"Alain Dieul"},"sameAs":["http:\/\/ECINews"]}]}},"authors":[{"term_id":1154,"user_id":36,"is_guest":0,"slug":"alain-dieul","display_name":"Alain Dieul","avatar_url":"https:\/\/secure.gravatar.com\/avatar\/bc93b056d07515be5b8eecd4acf49c5c?s=96&d=mm&r=g","0":null,"1":"","2":"","3":"","4":"","5":"","6":"","7":"","8":""}],"_links":{"self":[{"href":"https:\/\/www.ecinews.fr\/fr\/wp-json\/wp\/v2\/posts\/382413"}],"collection":[{"href":"https:\/\/www.ecinews.fr\/fr\/wp-json\/wp\/v2\/posts"}],"about":[{"href":"https:\/\/www.ecinews.fr\/fr\/wp-json\/wp\/v2\/types\/post"}],"author":[{"embeddable":true,"href":"https:\/\/www.ecinews.fr\/fr\/wp-json\/wp\/v2\/users\/36"}],"replies":[{"embeddable":true,"href":"https:\/\/www.ecinews.fr\/fr\/wp-json\/wp\/v2\/comments?post=382413"}],"version-history":[{"count":0,"href":"https:\/\/www.ecinews.fr\/fr\/wp-json\/wp\/v2\/posts\/382413\/revisions"}],"wp:featuredmedia":[{"embeddable":true,"href":"https:\/\/www.ecinews.fr\/fr\/wp-json\/wp\/v2\/media\/382414"}],"wp:attachment":[{"href":"https:\/\/www.ecinews.fr\/fr\/wp-json\/wp\/v2\/media?parent=382413"}],"wp:term":[{"taxonomy":"category","embeddable":true,"href":"https:\/\/www.ecinews.fr\/fr\/wp-json\/wp\/v2\/categories?post=382413"},{"taxonomy":"post_tag","embeddable":true,"href":"https:\/\/www.ecinews.fr\/fr\/wp-json\/wp\/v2\/tags?post=382413"},{"taxonomy":"domains","embeddable":true,"href":"https:\/\/www.ecinews.fr\/fr\/wp-json\/wp\/v2\/domains?post=382413"},{"taxonomy":"author","embeddable":true,"href":"https:\/\/www.ecinews.fr\/fr\/wp-json\/wp\/v2\/ppma_author?post=382413"}],"curies":[{"name":"wp","href":"https:\/\/api.w.org\/{rel}","templated":true}]}}