{"id":381882,"date":"2022-04-25T21:08:20","date_gmt":"2022-04-25T19:08:20","guid":{"rendered":"https:\/\/www.eenewseurope.com\/?p=381882"},"modified":"2022-04-25T21:08:20","modified_gmt":"2022-04-25T19:08:20","slug":"les-equipements-de-lithographie-en-penurie-jusquen-2023-selon-asml","status":"publish","type":"post","link":"https:\/\/www.ecinews.fr\/fr\/les-equipements-de-lithographie-en-penurie-jusquen-2023-selon-asml\/","title":{"rendered":"Les \u00e9quipements de lithographie en p\u00e9nurie jusqu&rsquo;en 2023 selon ASML"},"content":{"rendered":"<p><span class=\"VIiyi\" lang=\"fr\"><span class=\"JLqJ4b\" data-language-for-alternatives=\"fr\" data-language-to-translate-into=\"en\" data-phrase-index=\"0\" data-number-of-phrases=\"1\"><span class=\"Q4iAWc\">L&rsquo;industrie des semiconducteurs \u00e9tant en proie \u00e0 une p\u00e9nurie de composants, il existe une forte demande pour construire des usines suppl\u00e9mentaires et le fournisseur n\u00e9erlandais d&rsquo;\u00e9quipements de fabrication de puces ASML en profite. \u00ab\u00a0Nous fonctionnons \u00e0 pleine capacit\u00e9 et nous nous attendons \u00e0 ce que la demande d\u00e9passe l&rsquo;offre jusqu&rsquo;\u00e0 l&rsquo;ann\u00e9e prochaine\u00a0\u00bb, a d\u00e9clar\u00e9 Peter Winnick, PDG d&rsquo;ASML.<\/span><\/span><\/span><\/p>\n<p><span class=\"VIiyi\" lang=\"fr\"><span class=\"JLqJ4b\" data-language-for-alternatives=\"fr\" data-language-to-translate-into=\"en\" data-phrase-index=\"0\" data-number-of-phrases=\"1\"><span class=\"Q4iAWc\">\u00ab\u00a0Nous continuons de voir une demande client sans pr\u00e9c\u00e9dent dans tous les segments de march\u00e9, \u00e0 la fois sur des n\u0153uds avanc\u00e9s et des n\u0153uds matures, stimulant la demande dans l&rsquo;ensemble de notre portefeuille de produits\u00a0\u00bb, a-t-il d\u00e9clar\u00e9 lors d&rsquo;une conf\u00e9rence t\u00e9l\u00e9phonique avec des analystes pour discuter des r\u00e9sultats financiers d&rsquo;ASML au 1T22. <\/span><\/span><\/span><\/p>\n<ul>\n<li class=\"title\"><a href=\"https:\/\/www.ecinews.fr\/fr\/la-visite-de-von-der-leyen-chez-asml-va-booster-le-european-chips-act\/\" target=\"_blank\" rel=\"noopener\">La visite de von der Leyen chez ASML va booster le European CHIPS Act<\/a><\/li>\n<li><a href=\"https:\/\/www.eenewseurope.com\/en\/learning-to-live-with-supply-chain-stress\/\">Learning to live with supply chain stress<\/a><\/li>\n<\/ul>\n<p>&nbsp;<\/p>\n<p><span class=\"VIiyi\" lang=\"fr\"><span class=\"JLqJ4b\" data-language-for-alternatives=\"fr\" data-language-to-translate-into=\"en\" data-phrase-index=\"0\" data-number-of-phrases=\"1\"><span class=\"Q4iAWc\">ASML n&rsquo;a pas modifi\u00e9 ses pr\u00e9visions annuelles de croissance annuelle en 2022 de 20% par rapport \u00e0 2021. Winnick a d\u00e9clar\u00e9 qu&rsquo;ASML pr\u00e9voyait de r\u00e9organiser et d&rsquo;\u00e9tendre la fabrication et que cela pourrait avoir un impact en 2025 et au-del\u00e0. <\/span><\/span><\/span><\/p>\n<p><span class=\"VIiyi\" lang=\"fr\"><span class=\"JLqJ4b\" data-language-for-alternatives=\"fr\" data-language-to-translate-into=\"en\" data-phrase-index=\"0\" data-number-of-phrases=\"1\"><span class=\"Q4iAWc\">Le PDG de TSMC, CC Wei, a \u00e9galement soulign\u00e9 la relation cl\u00e9 avec les fabricants d&rsquo;outils de production : <a href=\"https:\/\/www.eenewseurope.com\/en\/tsmc-looks-to-2nm-in-2024\/\">TSMC looks to 2nm in 2024<\/a><\/span><\/span><\/span><\/p>\n<p><span class=\"VIiyi\" lang=\"fr\"><span class=\"JLqJ4b\" data-language-for-alternatives=\"fr\" data-language-to-translate-into=\"en\" data-phrase-index=\"0\" data-number-of-phrases=\"1\"><span class=\"Q4iAWc\">Au 1T22, ASML a r\u00e9alis\u00e9 un b\u00e9n\u00e9fice net de 695 millions d&rsquo;euros (environ 750 millions de dollars US) sur des ventes nettes de 3,5 milliards d&rsquo;euros (environ 3,8 milliards de dollars US). La soci\u00e9t\u00e9 a enregistr\u00e9 des commandes nettes de 7,0 milliards d&rsquo;euros (environ 7,6 milliards de dollars) et a d\u00e9clar\u00e9 qu&rsquo;elle s&rsquo;attend \u00e0 des ventes au 2T22 comprises entre 5,1 et 5,3 milliards d&rsquo;euros. <\/span><\/span><\/span><\/p>\n<p><span class=\"VIiyi\" lang=\"fr\"><span class=\"JLqJ4b\" data-language-for-alternatives=\"fr\" data-language-to-translate-into=\"en\" data-phrase-index=\"0\" data-number-of-phrases=\"1\"><span class=\"Q4iAWc\">Les commandes comprenaient 2,5 milliards d&rsquo;euros de syst\u00e8mes de lithographie ultraviolette extr\u00eame 0,33 NA et 0,55 NA ainsi que de d&rsquo;importantes commandes de machines ultraviolettes profondes, refl\u00e9tant une demande toujours \u00e9lev\u00e9e de n\u0153uds avanc\u00e9s et matures, a indiqu\u00e9 la soci\u00e9t\u00e9. <\/span><\/span><\/span><\/p>\n<p><span class=\"VIiyi\" lang=\"fr\"><span class=\"JLqJ4b\" data-language-for-alternatives=\"fr\" data-language-to-translate-into=\"en\" data-phrase-index=\"0\" data-number-of-phrases=\"1\"><span class=\"Q4iAWc\">Winnick a d\u00e9clar\u00e9 qu&rsquo;ASML avait re\u00e7u plusieurs commandes pour les syst\u00e8mes EXE:5200 \u00e0 haute NA (0,55 NA) de la part de clients fabriquant des composants logiques et des m\u00e9moires.<\/span><\/span><\/span><\/p>\n<p><a href=\"http:\/\/www.asml.com\">www.asml.com<\/a><\/p>\n<p><strong>Related articles<\/strong><\/p>\n<ul>\n<li><a href=\"https:\/\/www.eenewsanalog.com\/en\/asml-ships-euv-scanner-to-irish-fab\/\">ASML ships EUV scanner to Irish fab<\/a><\/li>\n<li><a href=\"https:\/\/www.eenewsanalog.com\/en\/applied-set-to-replace-asml-as-top-chip-manufacturing-equipment-vendor\/\">Applied set to replace ASML as top chip manufacturing equipment vendor<\/a><\/li>\n<li><a href=\"https:\/\/www.eenewsanalog.com\/en\/asml-fire-hits-euv-lithography-production\/\">Berlin fire hits ASML&rsquo;s EUV lithography production<\/a><\/li>\n<\/ul>\n","protected":false},"excerpt":{"rendered":"<p>L&rsquo;industrie des semiconducteurs \u00e9tant en proie \u00e0 une p\u00e9nurie de composants, il existe une forte demande pour construire des usines suppl\u00e9mentaires et le fournisseur n\u00e9erlandais d&rsquo;\u00e9quipements de fabrication de puces ASML en profite. \u00ab\u00a0Nous fonctionnons \u00e0 pleine capacit\u00e9 et nous nous attendons \u00e0 ce que la demande d\u00e9passe l&rsquo;offre jusqu&rsquo;\u00e0 l&rsquo;ann\u00e9e prochaine\u00a0\u00bb, a d\u00e9clar\u00e9 Peter [&hellip;]<\/p>\n","protected":false},"author":34,"featured_media":381679,"comment_status":"closed","ping_status":"closed","sticky":true,"template":"","format":"standard","meta":{"_acf_changed":false,"footnotes":""},"categories":[880],"tags":[913],"domains":[47],"ppma_author":[1153],"class_list":["post-381882","post","type-post","status-publish","format-standard","has-post-thumbnail","hentry","category-actualites-economiques","tag-materials-processes-fr","domains-electronique-eci"],"acf":[],"yoast_head":"<title>Les equipements de lithographie en p\u00e9nurie jusqu&#039;en 2023 selon...<\/title>\n<meta name=\"description\" content=\"Avec une p\u00e9nurie de composants de puces, il existe une forte demande de Fabs et ASML en profite.\" \/>\n<meta name=\"robots\" content=\"index, follow, max-snippet:-1, max-image-preview:large, max-video-preview:-1\" \/>\n<link rel=\"canonical\" href=\"https:\/\/www.ecinews.fr\/fr\/wp-json\/wp\/v2\/posts\/381882\/\" \/>\n<meta property=\"og:locale\" content=\"fr_FR\" \/>\n<meta property=\"og:type\" content=\"article\" \/>\n<meta property=\"og:title\" content=\"Les \u00e9quipements de lithographie en p\u00e9nurie jusqu&#039;en 2023 selon ASML\" \/>\n<meta property=\"og:description\" content=\"Avec une p\u00e9nurie de composants de puces, il existe une forte demande de Fabs et ASML en profite.\" \/>\n<meta property=\"og:url\" content=\"https:\/\/www.ecinews.fr\/fr\/wp-json\/wp\/v2\/posts\/381882\/\" \/>\n<meta property=\"og:site_name\" content=\"EENewsEurope\" \/>\n<meta property=\"article:published_time\" content=\"2022-04-25T19:08:20+00:00\" \/>\n<meta property=\"og:image\" content=\"https:\/\/www.eenewseurope.com\/wp-content\/uploads\/2022\/04\/ASML_nxe3400_simplified_front_semiclosed-scaled.webp\" \/>\n\t<meta property=\"og:image:width\" content=\"1080\" \/>\n\t<meta property=\"og:image:height\" content=\"608\" \/>\n\t<meta property=\"og:image:type\" content=\"image\/webp\" \/>\n<meta name=\"author\" content=\"A Delapalisse\" \/>\n<meta name=\"twitter:card\" content=\"summary_large_image\" \/>\n<meta name=\"twitter:label1\" content=\"Written by\" \/>\n\t<meta name=\"twitter:data1\" content=\"A Delapalisse\" \/>\n\t<meta name=\"twitter:label2\" content=\"Est. reading time\" \/>\n\t<meta name=\"twitter:data2\" content=\"2 minutes\" \/>\n<script type=\"application\/ld+json\" class=\"yoast-schema-graph\">{\"@context\":\"https:\/\/schema.org\",\"@graph\":[{\"@type\":\"Article\",\"@id\":\"https:\/\/www.eenewseurope.com\/fr\/les-equipements-de-lithographie-en-penurie-jusquen-2023-selon-asml\/#article\",\"isPartOf\":{\"@id\":\"https:\/\/www.eenewseurope.com\/fr\/les-equipements-de-lithographie-en-penurie-jusquen-2023-selon-asml\/\"},\"author\":{\"name\":\"A Delapalisse\",\"@id\":\"https:\/\/www.ecinews.fr\/fr\/#\/schema\/person\/0aa2cfb0bd8949724a68cbac8d8321b4\"},\"headline\":\"Les \u00e9quipements de lithographie en p\u00e9nurie jusqu&rsquo;en 2023 selon ASML\",\"datePublished\":\"2022-04-25T19:08:20+00:00\",\"dateModified\":\"2022-04-25T19:08:20+00:00\",\"mainEntityOfPage\":{\"@id\":\"https:\/\/www.eenewseurope.com\/fr\/les-equipements-de-lithographie-en-penurie-jusquen-2023-selon-asml\/\"},\"wordCount\":406,\"publisher\":{\"@id\":\"https:\/\/www.ecinews.fr\/fr\/#organization\"},\"keywords\":[\"Materials &amp; processes\"],\"articleSection\":[\"Actualit\u00e9s \u00e9conomiques\"],\"inLanguage\":\"fr-FR\"},{\"@type\":\"WebPage\",\"@id\":\"https:\/\/www.eenewseurope.com\/fr\/les-equipements-de-lithographie-en-penurie-jusquen-2023-selon-asml\/\",\"url\":\"https:\/\/www.eenewseurope.com\/fr\/les-equipements-de-lithographie-en-penurie-jusquen-2023-selon-asml\/\",\"name\":\"Les equipements de lithographie en p\u00e9nurie jusqu'en 2023 selon ASML\",\"isPartOf\":{\"@id\":\"https:\/\/www.ecinews.fr\/fr\/#website\"},\"datePublished\":\"2022-04-25T19:08:20+00:00\",\"dateModified\":\"2022-04-25T19:08:20+00:00\",\"description\":\"Avec une p\u00e9nurie de composants de puces, il existe une forte demande de Fabs et ASML en profite.\",\"breadcrumb\":{\"@id\":\"https:\/\/www.eenewseurope.com\/fr\/les-equipements-de-lithographie-en-penurie-jusquen-2023-selon-asml\/#breadcrumb\"},\"inLanguage\":\"fr-FR\",\"potentialAction\":[{\"@type\":\"ReadAction\",\"target\":[\"https:\/\/www.eenewseurope.com\/fr\/les-equipements-de-lithographie-en-penurie-jusquen-2023-selon-asml\/\"]}]},{\"@type\":\"BreadcrumbList\",\"@id\":\"https:\/\/www.eenewseurope.com\/fr\/les-equipements-de-lithographie-en-penurie-jusquen-2023-selon-asml\/#breadcrumb\",\"itemListElement\":[{\"@type\":\"ListItem\",\"position\":1,\"name\":\"Home\",\"item\":\"https:\/\/www.ecinews.fr\/fr\/\"},{\"@type\":\"ListItem\",\"position\":2,\"name\":\"Les \u00e9quipements de lithographie en p\u00e9nurie jusqu&rsquo;en 2023 selon ASML\"}]},{\"@type\":\"WebSite\",\"@id\":\"https:\/\/www.ecinews.fr\/fr\/#website\",\"url\":\"https:\/\/www.ecinews.fr\/fr\/\",\"name\":\"EENewsEurope\",\"description\":\"Just another WordPress site\",\"publisher\":{\"@id\":\"https:\/\/www.ecinews.fr\/fr\/#organization\"},\"potentialAction\":[{\"@type\":\"SearchAction\",\"target\":{\"@type\":\"EntryPoint\",\"urlTemplate\":\"https:\/\/www.ecinews.fr\/fr\/?s={search_term_string}\"},\"query-input\":\"required name=search_term_string\"}],\"inLanguage\":\"fr-FR\"},{\"@type\":\"Organization\",\"@id\":\"https:\/\/www.ecinews.fr\/fr\/#organization\",\"name\":\"EENewsEurope\",\"url\":\"https:\/\/www.ecinews.fr\/fr\/\",\"logo\":{\"@type\":\"ImageObject\",\"inLanguage\":\"fr-FR\",\"@id\":\"https:\/\/www.ecinews.fr\/fr\/#\/schema\/logo\/image\/\",\"url\":\"https:\/\/www.ecinews.fr\/wp-content\/uploads\/2022\/02\/logo-1.jpg\",\"contentUrl\":\"https:\/\/www.ecinews.fr\/wp-content\/uploads\/2022\/02\/logo-1.jpg\",\"width\":283,\"height\":113,\"caption\":\"EENewsEurope\"},\"image\":{\"@id\":\"https:\/\/www.ecinews.fr\/fr\/#\/schema\/logo\/image\/\"}},{\"@type\":\"Person\",\"@id\":\"https:\/\/www.ecinews.fr\/fr\/#\/schema\/person\/0aa2cfb0bd8949724a68cbac8d8321b4\",\"name\":\"A Delapalisse\",\"image\":{\"@type\":\"ImageObject\",\"inLanguage\":\"fr-FR\",\"@id\":\"https:\/\/www.ecinews.fr\/fr\/#\/schema\/person\/image\/211ac42237c2e9683c0964086c393cb4\",\"url\":\"https:\/\/secure.gravatar.com\/avatar\/ad45a8c5da24bc9c7c4940dd1c48a695?s=96&d=mm&r=g\",\"contentUrl\":\"https:\/\/secure.gravatar.com\/avatar\/ad45a8c5da24bc9c7c4940dd1c48a695?s=96&d=mm&r=g\",\"caption\":\"A Delapalisse\"},\"sameAs\":[\"http:\/\/ECI\"]}]}<\/script>","yoast_head_json":{"title":"Les equipements de lithographie en p\u00e9nurie jusqu'en 2023 selon...","description":"Avec une p\u00e9nurie de composants de puces, il existe une forte demande de Fabs et ASML en profite.","robots":{"index":"index","follow":"follow","max-snippet":"max-snippet:-1","max-image-preview":"max-image-preview:large","max-video-preview":"max-video-preview:-1"},"canonical":"https:\/\/www.ecinews.fr\/fr\/wp-json\/wp\/v2\/posts\/381882\/","og_locale":"fr_FR","og_type":"article","og_title":"Les \u00e9quipements de lithographie en p\u00e9nurie jusqu'en 2023 selon ASML","og_description":"Avec une p\u00e9nurie de composants de puces, il existe une forte demande de Fabs et ASML en profite.","og_url":"https:\/\/www.ecinews.fr\/fr\/wp-json\/wp\/v2\/posts\/381882\/","og_site_name":"EENewsEurope","article_published_time":"2022-04-25T19:08:20+00:00","og_image":[{"width":1080,"height":608,"url":"https:\/\/www.eenewseurope.com\/wp-content\/uploads\/2022\/04\/ASML_nxe3400_simplified_front_semiclosed-scaled.webp","type":"image\/webp"}],"author":"A Delapalisse","twitter_card":"summary_large_image","twitter_misc":{"Written by":"A Delapalisse","Est. reading time":"2 minutes"},"schema":{"@context":"https:\/\/schema.org","@graph":[{"@type":"Article","@id":"https:\/\/www.eenewseurope.com\/fr\/les-equipements-de-lithographie-en-penurie-jusquen-2023-selon-asml\/#article","isPartOf":{"@id":"https:\/\/www.eenewseurope.com\/fr\/les-equipements-de-lithographie-en-penurie-jusquen-2023-selon-asml\/"},"author":{"name":"A Delapalisse","@id":"https:\/\/www.ecinews.fr\/fr\/#\/schema\/person\/0aa2cfb0bd8949724a68cbac8d8321b4"},"headline":"Les \u00e9quipements de lithographie en p\u00e9nurie jusqu&rsquo;en 2023 selon ASML","datePublished":"2022-04-25T19:08:20+00:00","dateModified":"2022-04-25T19:08:20+00:00","mainEntityOfPage":{"@id":"https:\/\/www.eenewseurope.com\/fr\/les-equipements-de-lithographie-en-penurie-jusquen-2023-selon-asml\/"},"wordCount":406,"publisher":{"@id":"https:\/\/www.ecinews.fr\/fr\/#organization"},"keywords":["Materials &amp; processes"],"articleSection":["Actualit\u00e9s \u00e9conomiques"],"inLanguage":"fr-FR"},{"@type":"WebPage","@id":"https:\/\/www.eenewseurope.com\/fr\/les-equipements-de-lithographie-en-penurie-jusquen-2023-selon-asml\/","url":"https:\/\/www.eenewseurope.com\/fr\/les-equipements-de-lithographie-en-penurie-jusquen-2023-selon-asml\/","name":"Les equipements de lithographie en p\u00e9nurie jusqu'en 2023 selon ASML","isPartOf":{"@id":"https:\/\/www.ecinews.fr\/fr\/#website"},"datePublished":"2022-04-25T19:08:20+00:00","dateModified":"2022-04-25T19:08:20+00:00","description":"Avec une p\u00e9nurie de composants de puces, il existe une forte demande de Fabs et ASML en profite.","breadcrumb":{"@id":"https:\/\/www.eenewseurope.com\/fr\/les-equipements-de-lithographie-en-penurie-jusquen-2023-selon-asml\/#breadcrumb"},"inLanguage":"fr-FR","potentialAction":[{"@type":"ReadAction","target":["https:\/\/www.eenewseurope.com\/fr\/les-equipements-de-lithographie-en-penurie-jusquen-2023-selon-asml\/"]}]},{"@type":"BreadcrumbList","@id":"https:\/\/www.eenewseurope.com\/fr\/les-equipements-de-lithographie-en-penurie-jusquen-2023-selon-asml\/#breadcrumb","itemListElement":[{"@type":"ListItem","position":1,"name":"Home","item":"https:\/\/www.ecinews.fr\/fr\/"},{"@type":"ListItem","position":2,"name":"Les \u00e9quipements de lithographie en p\u00e9nurie jusqu&rsquo;en 2023 selon ASML"}]},{"@type":"WebSite","@id":"https:\/\/www.ecinews.fr\/fr\/#website","url":"https:\/\/www.ecinews.fr\/fr\/","name":"EENewsEurope","description":"Just another WordPress site","publisher":{"@id":"https:\/\/www.ecinews.fr\/fr\/#organization"},"potentialAction":[{"@type":"SearchAction","target":{"@type":"EntryPoint","urlTemplate":"https:\/\/www.ecinews.fr\/fr\/?s={search_term_string}"},"query-input":"required name=search_term_string"}],"inLanguage":"fr-FR"},{"@type":"Organization","@id":"https:\/\/www.ecinews.fr\/fr\/#organization","name":"EENewsEurope","url":"https:\/\/www.ecinews.fr\/fr\/","logo":{"@type":"ImageObject","inLanguage":"fr-FR","@id":"https:\/\/www.ecinews.fr\/fr\/#\/schema\/logo\/image\/","url":"https:\/\/www.ecinews.fr\/wp-content\/uploads\/2022\/02\/logo-1.jpg","contentUrl":"https:\/\/www.ecinews.fr\/wp-content\/uploads\/2022\/02\/logo-1.jpg","width":283,"height":113,"caption":"EENewsEurope"},"image":{"@id":"https:\/\/www.ecinews.fr\/fr\/#\/schema\/logo\/image\/"}},{"@type":"Person","@id":"https:\/\/www.ecinews.fr\/fr\/#\/schema\/person\/0aa2cfb0bd8949724a68cbac8d8321b4","name":"A Delapalisse","image":{"@type":"ImageObject","inLanguage":"fr-FR","@id":"https:\/\/www.ecinews.fr\/fr\/#\/schema\/person\/image\/211ac42237c2e9683c0964086c393cb4","url":"https:\/\/secure.gravatar.com\/avatar\/ad45a8c5da24bc9c7c4940dd1c48a695?s=96&d=mm&r=g","contentUrl":"https:\/\/secure.gravatar.com\/avatar\/ad45a8c5da24bc9c7c4940dd1c48a695?s=96&d=mm&r=g","caption":"A Delapalisse"},"sameAs":["http:\/\/ECI"]}]}},"authors":[{"term_id":1153,"user_id":34,"is_guest":0,"slug":"adelapalisse","display_name":"A Delapalisse","avatar_url":"https:\/\/secure.gravatar.com\/avatar\/ad45a8c5da24bc9c7c4940dd1c48a695?s=96&d=mm&r=g","0":null,"1":"","2":"","3":"","4":"","5":"","6":"","7":"","8":""}],"_links":{"self":[{"href":"https:\/\/www.ecinews.fr\/fr\/wp-json\/wp\/v2\/posts\/381882"}],"collection":[{"href":"https:\/\/www.ecinews.fr\/fr\/wp-json\/wp\/v2\/posts"}],"about":[{"href":"https:\/\/www.ecinews.fr\/fr\/wp-json\/wp\/v2\/types\/post"}],"author":[{"embeddable":true,"href":"https:\/\/www.ecinews.fr\/fr\/wp-json\/wp\/v2\/users\/34"}],"replies":[{"embeddable":true,"href":"https:\/\/www.ecinews.fr\/fr\/wp-json\/wp\/v2\/comments?post=381882"}],"version-history":[{"count":0,"href":"https:\/\/www.ecinews.fr\/fr\/wp-json\/wp\/v2\/posts\/381882\/revisions"}],"wp:featuredmedia":[{"embeddable":true,"href":"https:\/\/www.ecinews.fr\/fr\/wp-json\/wp\/v2\/media\/381679"}],"wp:attachment":[{"href":"https:\/\/www.ecinews.fr\/fr\/wp-json\/wp\/v2\/media?parent=381882"}],"wp:term":[{"taxonomy":"category","embeddable":true,"href":"https:\/\/www.ecinews.fr\/fr\/wp-json\/wp\/v2\/categories?post=381882"},{"taxonomy":"post_tag","embeddable":true,"href":"https:\/\/www.ecinews.fr\/fr\/wp-json\/wp\/v2\/tags?post=381882"},{"taxonomy":"domains","embeddable":true,"href":"https:\/\/www.ecinews.fr\/fr\/wp-json\/wp\/v2\/domains?post=381882"},{"taxonomy":"author","embeddable":true,"href":"https:\/\/www.ecinews.fr\/fr\/wp-json\/wp\/v2\/ppma_author?post=381882"}],"curies":[{"name":"wp","href":"https:\/\/api.w.org\/{rel}","templated":true}]}}