{"id":381437,"date":"2022-04-20T10:05:14","date_gmt":"2022-04-20T08:05:14","guid":{"rendered":"https:\/\/www.ecinews.fr\/?p=381437"},"modified":"2022-04-20T10:05:14","modified_gmt":"2022-04-20T08:05:14","slug":"adaptateur-de-montage-reglable-pour-un-positionnement-ideal-du-capteur","status":"publish","type":"post","link":"https:\/\/www.ecinews.fr\/fr\/adaptateur-de-montage-reglable-pour-un-positionnement-ideal-du-capteur\/","title":{"rendered":"Adaptateur de montage r\u00e9glable pour un positionnement id\u00e9al du capteur"},"content":{"rendered":"<p>L&rsquo;adaptateur de montage propos\u00e9 par Micro-Epsilon offre quatre avantages principaux : la compensation des d\u00e9salignements de l&rsquo;objet \u00e0 mesurer, la correction ult\u00e9rieure et rapide de la position du capteur, une pr\u00e9cision de mesure maximale et la r\u00e9duction \u00e0 un cycle de montage.<\/p>\n<p>Si les capteurs optiques sont parfaitement align\u00e9s orthogonalement, ils offrent une pr\u00e9cision de mesure maximale. Micro-Epsilon propose donc un adaptateur de montage r\u00e9glable pour les capteurs confocaux de la s\u00e9rie confocalDT et pour la s\u00e9rie interferoMETER. L&rsquo;adaptateur de montage JMA-xx permet le positionnement id\u00e9al et rapide des capteurs dans toutes les directions. De plus, il permet une correction de position ult\u00e9rieure, en toute simplicit\u00e9. La pr\u00e9cision de mesure augmente et le temps n\u00e9cessaire au montage est consid\u00e9rablement r\u00e9duit.<\/p>\n<p>Le m\u00e9canisme de r\u00e9glage des vis est actionn\u00e9 par une vis \u00e0 six pans creux, ce qui \u00e9vite un accident de r\u00e9glage comme c&rsquo;est souvent le cas avec les vis molet\u00e9es. La disposition oppos\u00e9e de deux adaptateurs de montage r\u00e9glables signifie que les capteurs peuvent \u00eatre align\u00e9s de mani\u00e8re optimale l&rsquo;un avec l&rsquo;autre, m\u00eame lors des mesures d&rsquo;\u00e9paisseur des deux c\u00f4t\u00e9s.<\/p>\n<p><a title=\"www.micro-epsilon.fr\" href=\"http:\/\/www.micro-epsilon.fr\">www.micro-epsilon.fr<\/a><\/p>\n<p>&nbsp;<\/p>\n","protected":false},"excerpt":{"rendered":"<p>Avec l&rsquo;adaptateur de montage r\u00e9glable pour les capteurs confocaux et les interf\u00e9rom\u00e8tres, Micro-Epsilon facilit\u00e9 le positionnement optimal des capteurs. <\/p>\n","protected":false},"author":36,"featured_media":381439,"comment_status":"closed","ping_status":"closed","sticky":false,"template":"","format":"standard","meta":{"_acf_changed":false,"footnotes":""},"categories":[881],"tags":[937],"domains":[47],"ppma_author":[1154],"class_list":["post-381437","post","type-post","status-publish","format-standard","has-post-thumbnail","hentry","category-nouveaux-produits","tag-capteur","domains-electronique-eci"],"acf":[],"yoast_head":"<title>Adaptateur de montage r\u00e9glable pour un positionnement id\u00e9al d...<\/title>\n<meta name=\"description\" content=\"Avec l&#039;adaptateur de montage r\u00e9glable pour les capteurs confocaux et les interf\u00e9rom\u00e8tres, Micro-Epsilon facilit\u00e9 le positionnement optimal des capteurs.\" \/>\n<meta name=\"robots\" content=\"index, follow, max-snippet:-1, max-image-preview:large, max-video-preview:-1\" \/>\n<link rel=\"canonical\" href=\"https:\/\/www.ecinews.fr\/fr\/wp-json\/wp\/v2\/posts\/381437\/\" \/>\n<meta property=\"og:locale\" content=\"fr_FR\" \/>\n<meta property=\"og:type\" content=\"article\" \/>\n<meta property=\"og:title\" content=\"Adaptateur de montage r\u00e9glable pour un positionnement id\u00e9al du capteur\" \/>\n<meta property=\"og:description\" content=\"Avec l&#039;adaptateur de montage r\u00e9glable pour les capteurs confocaux et les interf\u00e9rom\u00e8tres, Micro-Epsilon facilit\u00e9 le positionnement optimal des capteurs.\" \/>\n<meta property=\"og:url\" content=\"https:\/\/www.ecinews.fr\/fr\/wp-json\/wp\/v2\/posts\/381437\/\" \/>\n<meta property=\"og:site_name\" content=\"EENewsEurope\" \/>\n<meta property=\"article:published_time\" content=\"2022-04-20T08:05:14+00:00\" \/>\n<meta property=\"og:image\" content=\"https:\/\/www.ecinews.fr\/wp-content\/uploads\/2022\/04\/ECI1155_Micro_Epsilon-scaled.jpg\" \/>\n\t<meta property=\"og:image:width\" content=\"1080\" \/>\n\t<meta property=\"og:image:height\" content=\"780\" \/>\n\t<meta property=\"og:image:type\" content=\"image\/jpeg\" \/>\n<meta name=\"author\" content=\"Alain Dieul\" \/>\n<meta name=\"twitter:card\" content=\"summary_large_image\" \/>\n<meta name=\"twitter:label1\" content=\"Written by\" \/>\n\t<meta name=\"twitter:data1\" content=\"Alain Dieul\" \/>\n\t<meta name=\"twitter:label2\" content=\"Est. reading time\" \/>\n\t<meta name=\"twitter:data2\" content=\"1 minute\" \/>\n<script type=\"application\/ld+json\" class=\"yoast-schema-graph\">{\"@context\":\"https:\/\/schema.org\",\"@graph\":[{\"@type\":\"Article\",\"@id\":\"https:\/\/www.ecinews.fr\/fr\/adaptateur-de-montage-reglable-pour-un-positionnement-ideal-du-capteur\/#article\",\"isPartOf\":{\"@id\":\"https:\/\/www.ecinews.fr\/fr\/adaptateur-de-montage-reglable-pour-un-positionnement-ideal-du-capteur\/\"},\"author\":{\"name\":\"Alain Dieul\",\"@id\":\"https:\/\/www.ecinews.fr\/fr\/#\/schema\/person\/e4387676ad67ce722325c7832f3c3762\"},\"headline\":\"Adaptateur de montage r\u00e9glable pour un positionnement id\u00e9al du capteur\",\"datePublished\":\"2022-04-20T08:05:14+00:00\",\"dateModified\":\"2022-04-20T08:05:14+00:00\",\"mainEntityOfPage\":{\"@id\":\"https:\/\/www.ecinews.fr\/fr\/adaptateur-de-montage-reglable-pour-un-positionnement-ideal-du-capteur\/\"},\"wordCount\":226,\"publisher\":{\"@id\":\"https:\/\/www.ecinews.fr\/fr\/#organization\"},\"keywords\":[\"Capteur\"],\"articleSection\":[\"Nouveaux produits\"],\"inLanguage\":\"fr-FR\"},{\"@type\":\"WebPage\",\"@id\":\"https:\/\/www.ecinews.fr\/fr\/adaptateur-de-montage-reglable-pour-un-positionnement-ideal-du-capteur\/\",\"url\":\"https:\/\/www.ecinews.fr\/fr\/adaptateur-de-montage-reglable-pour-un-positionnement-ideal-du-capteur\/\",\"name\":\"Adaptateur de montage r\u00e9glable pour un positionnement id\u00e9al du capteur -\",\"isPartOf\":{\"@id\":\"https:\/\/www.ecinews.fr\/fr\/#website\"},\"datePublished\":\"2022-04-20T08:05:14+00:00\",\"dateModified\":\"2022-04-20T08:05:14+00:00\",\"breadcrumb\":{\"@id\":\"https:\/\/www.ecinews.fr\/fr\/adaptateur-de-montage-reglable-pour-un-positionnement-ideal-du-capteur\/#breadcrumb\"},\"inLanguage\":\"fr-FR\",\"potentialAction\":[{\"@type\":\"ReadAction\",\"target\":[\"https:\/\/www.ecinews.fr\/fr\/adaptateur-de-montage-reglable-pour-un-positionnement-ideal-du-capteur\/\"]}]},{\"@type\":\"BreadcrumbList\",\"@id\":\"https:\/\/www.ecinews.fr\/fr\/adaptateur-de-montage-reglable-pour-un-positionnement-ideal-du-capteur\/#breadcrumb\",\"itemListElement\":[{\"@type\":\"ListItem\",\"position\":1,\"name\":\"Home\",\"item\":\"https:\/\/www.ecinews.fr\/fr\/\"},{\"@type\":\"ListItem\",\"position\":2,\"name\":\"Adaptateur de montage r\u00e9glable pour un positionnement id\u00e9al du capteur\"}]},{\"@type\":\"WebSite\",\"@id\":\"https:\/\/www.ecinews.fr\/fr\/#website\",\"url\":\"https:\/\/www.ecinews.fr\/fr\/\",\"name\":\"EENewsEurope\",\"description\":\"Just another WordPress site\",\"publisher\":{\"@id\":\"https:\/\/www.ecinews.fr\/fr\/#organization\"},\"potentialAction\":[{\"@type\":\"SearchAction\",\"target\":{\"@type\":\"EntryPoint\",\"urlTemplate\":\"https:\/\/www.ecinews.fr\/fr\/?s={search_term_string}\"},\"query-input\":\"required name=search_term_string\"}],\"inLanguage\":\"fr-FR\"},{\"@type\":\"Organization\",\"@id\":\"https:\/\/www.ecinews.fr\/fr\/#organization\",\"name\":\"EENewsEurope\",\"url\":\"https:\/\/www.ecinews.fr\/fr\/\",\"logo\":{\"@type\":\"ImageObject\",\"inLanguage\":\"fr-FR\",\"@id\":\"https:\/\/www.ecinews.fr\/fr\/#\/schema\/logo\/image\/\",\"url\":\"https:\/\/www.ecinews.fr\/wp-content\/uploads\/2022\/02\/logo-1.jpg\",\"contentUrl\":\"https:\/\/www.ecinews.fr\/wp-content\/uploads\/2022\/02\/logo-1.jpg\",\"width\":283,\"height\":113,\"caption\":\"EENewsEurope\"},\"image\":{\"@id\":\"https:\/\/www.ecinews.fr\/fr\/#\/schema\/logo\/image\/\"}},{\"@type\":\"Person\",\"@id\":\"https:\/\/www.ecinews.fr\/fr\/#\/schema\/person\/e4387676ad67ce722325c7832f3c3762\",\"name\":\"Alain Dieul\",\"image\":{\"@type\":\"ImageObject\",\"inLanguage\":\"fr-FR\",\"@id\":\"https:\/\/www.ecinews.fr\/fr\/#\/schema\/person\/image\/736120675699dbbf0f0f282b9a9cfb75\",\"url\":\"https:\/\/secure.gravatar.com\/avatar\/bc93b056d07515be5b8eecd4acf49c5c?s=96&d=mm&r=g\",\"contentUrl\":\"https:\/\/secure.gravatar.com\/avatar\/bc93b056d07515be5b8eecd4acf49c5c?s=96&d=mm&r=g\",\"caption\":\"Alain Dieul\"},\"sameAs\":[\"http:\/\/ECINews\"]}]}<\/script>","yoast_head_json":{"title":"Adaptateur de montage r\u00e9glable pour un positionnement id\u00e9al d...","description":"Avec l'adaptateur de montage r\u00e9glable pour les capteurs confocaux et les interf\u00e9rom\u00e8tres, Micro-Epsilon facilit\u00e9 le positionnement optimal des capteurs.","robots":{"index":"index","follow":"follow","max-snippet":"max-snippet:-1","max-image-preview":"max-image-preview:large","max-video-preview":"max-video-preview:-1"},"canonical":"https:\/\/www.ecinews.fr\/fr\/wp-json\/wp\/v2\/posts\/381437\/","og_locale":"fr_FR","og_type":"article","og_title":"Adaptateur de montage r\u00e9glable pour un positionnement id\u00e9al du capteur","og_description":"Avec l'adaptateur de montage r\u00e9glable pour les capteurs confocaux et les interf\u00e9rom\u00e8tres, Micro-Epsilon facilit\u00e9 le positionnement optimal des capteurs.","og_url":"https:\/\/www.ecinews.fr\/fr\/wp-json\/wp\/v2\/posts\/381437\/","og_site_name":"EENewsEurope","article_published_time":"2022-04-20T08:05:14+00:00","og_image":[{"width":1080,"height":780,"url":"https:\/\/www.ecinews.fr\/wp-content\/uploads\/2022\/04\/ECI1155_Micro_Epsilon-scaled.jpg","type":"image\/jpeg"}],"author":"Alain Dieul","twitter_card":"summary_large_image","twitter_misc":{"Written by":"Alain Dieul","Est. reading time":"1 minute"},"schema":{"@context":"https:\/\/schema.org","@graph":[{"@type":"Article","@id":"https:\/\/www.ecinews.fr\/fr\/adaptateur-de-montage-reglable-pour-un-positionnement-ideal-du-capteur\/#article","isPartOf":{"@id":"https:\/\/www.ecinews.fr\/fr\/adaptateur-de-montage-reglable-pour-un-positionnement-ideal-du-capteur\/"},"author":{"name":"Alain Dieul","@id":"https:\/\/www.ecinews.fr\/fr\/#\/schema\/person\/e4387676ad67ce722325c7832f3c3762"},"headline":"Adaptateur de montage r\u00e9glable pour un positionnement id\u00e9al du capteur","datePublished":"2022-04-20T08:05:14+00:00","dateModified":"2022-04-20T08:05:14+00:00","mainEntityOfPage":{"@id":"https:\/\/www.ecinews.fr\/fr\/adaptateur-de-montage-reglable-pour-un-positionnement-ideal-du-capteur\/"},"wordCount":226,"publisher":{"@id":"https:\/\/www.ecinews.fr\/fr\/#organization"},"keywords":["Capteur"],"articleSection":["Nouveaux produits"],"inLanguage":"fr-FR"},{"@type":"WebPage","@id":"https:\/\/www.ecinews.fr\/fr\/adaptateur-de-montage-reglable-pour-un-positionnement-ideal-du-capteur\/","url":"https:\/\/www.ecinews.fr\/fr\/adaptateur-de-montage-reglable-pour-un-positionnement-ideal-du-capteur\/","name":"Adaptateur de montage r\u00e9glable pour un positionnement id\u00e9al du capteur -","isPartOf":{"@id":"https:\/\/www.ecinews.fr\/fr\/#website"},"datePublished":"2022-04-20T08:05:14+00:00","dateModified":"2022-04-20T08:05:14+00:00","breadcrumb":{"@id":"https:\/\/www.ecinews.fr\/fr\/adaptateur-de-montage-reglable-pour-un-positionnement-ideal-du-capteur\/#breadcrumb"},"inLanguage":"fr-FR","potentialAction":[{"@type":"ReadAction","target":["https:\/\/www.ecinews.fr\/fr\/adaptateur-de-montage-reglable-pour-un-positionnement-ideal-du-capteur\/"]}]},{"@type":"BreadcrumbList","@id":"https:\/\/www.ecinews.fr\/fr\/adaptateur-de-montage-reglable-pour-un-positionnement-ideal-du-capteur\/#breadcrumb","itemListElement":[{"@type":"ListItem","position":1,"name":"Home","item":"https:\/\/www.ecinews.fr\/fr\/"},{"@type":"ListItem","position":2,"name":"Adaptateur de montage r\u00e9glable pour un positionnement id\u00e9al du capteur"}]},{"@type":"WebSite","@id":"https:\/\/www.ecinews.fr\/fr\/#website","url":"https:\/\/www.ecinews.fr\/fr\/","name":"EENewsEurope","description":"Just another WordPress site","publisher":{"@id":"https:\/\/www.ecinews.fr\/fr\/#organization"},"potentialAction":[{"@type":"SearchAction","target":{"@type":"EntryPoint","urlTemplate":"https:\/\/www.ecinews.fr\/fr\/?s={search_term_string}"},"query-input":"required name=search_term_string"}],"inLanguage":"fr-FR"},{"@type":"Organization","@id":"https:\/\/www.ecinews.fr\/fr\/#organization","name":"EENewsEurope","url":"https:\/\/www.ecinews.fr\/fr\/","logo":{"@type":"ImageObject","inLanguage":"fr-FR","@id":"https:\/\/www.ecinews.fr\/fr\/#\/schema\/logo\/image\/","url":"https:\/\/www.ecinews.fr\/wp-content\/uploads\/2022\/02\/logo-1.jpg","contentUrl":"https:\/\/www.ecinews.fr\/wp-content\/uploads\/2022\/02\/logo-1.jpg","width":283,"height":113,"caption":"EENewsEurope"},"image":{"@id":"https:\/\/www.ecinews.fr\/fr\/#\/schema\/logo\/image\/"}},{"@type":"Person","@id":"https:\/\/www.ecinews.fr\/fr\/#\/schema\/person\/e4387676ad67ce722325c7832f3c3762","name":"Alain Dieul","image":{"@type":"ImageObject","inLanguage":"fr-FR","@id":"https:\/\/www.ecinews.fr\/fr\/#\/schema\/person\/image\/736120675699dbbf0f0f282b9a9cfb75","url":"https:\/\/secure.gravatar.com\/avatar\/bc93b056d07515be5b8eecd4acf49c5c?s=96&d=mm&r=g","contentUrl":"https:\/\/secure.gravatar.com\/avatar\/bc93b056d07515be5b8eecd4acf49c5c?s=96&d=mm&r=g","caption":"Alain Dieul"},"sameAs":["http:\/\/ECINews"]}]}},"authors":[{"term_id":1154,"user_id":36,"is_guest":0,"slug":"alain-dieul","display_name":"Alain Dieul","avatar_url":"https:\/\/secure.gravatar.com\/avatar\/bc93b056d07515be5b8eecd4acf49c5c?s=96&d=mm&r=g","0":null,"1":"","2":"","3":"","4":"","5":"","6":"","7":"","8":""}],"_links":{"self":[{"href":"https:\/\/www.ecinews.fr\/fr\/wp-json\/wp\/v2\/posts\/381437"}],"collection":[{"href":"https:\/\/www.ecinews.fr\/fr\/wp-json\/wp\/v2\/posts"}],"about":[{"href":"https:\/\/www.ecinews.fr\/fr\/wp-json\/wp\/v2\/types\/post"}],"author":[{"embeddable":true,"href":"https:\/\/www.ecinews.fr\/fr\/wp-json\/wp\/v2\/users\/36"}],"replies":[{"embeddable":true,"href":"https:\/\/www.ecinews.fr\/fr\/wp-json\/wp\/v2\/comments?post=381437"}],"version-history":[{"count":0,"href":"https:\/\/www.ecinews.fr\/fr\/wp-json\/wp\/v2\/posts\/381437\/revisions"}],"wp:featuredmedia":[{"embeddable":true,"href":"https:\/\/www.ecinews.fr\/fr\/wp-json\/wp\/v2\/media\/381439"}],"wp:attachment":[{"href":"https:\/\/www.ecinews.fr\/fr\/wp-json\/wp\/v2\/media?parent=381437"}],"wp:term":[{"taxonomy":"category","embeddable":true,"href":"https:\/\/www.ecinews.fr\/fr\/wp-json\/wp\/v2\/categories?post=381437"},{"taxonomy":"post_tag","embeddable":true,"href":"https:\/\/www.ecinews.fr\/fr\/wp-json\/wp\/v2\/tags?post=381437"},{"taxonomy":"domains","embeddable":true,"href":"https:\/\/www.ecinews.fr\/fr\/wp-json\/wp\/v2\/domains?post=381437"},{"taxonomy":"author","embeddable":true,"href":"https:\/\/www.ecinews.fr\/fr\/wp-json\/wp\/v2\/ppma_author?post=381437"}],"curies":[{"name":"wp","href":"https:\/\/api.w.org\/{rel}","templated":true}]}}