{"id":381123,"date":"2022-04-19T09:25:55","date_gmt":"2022-04-19T07:25:55","guid":{"rendered":"https:\/\/www.eenewsembedded.com\/?p=381123"},"modified":"2022-04-19T09:25:55","modified_gmt":"2022-04-19T07:25:55","slug":"aleia-paris-leve-8-million-e-pour-sa-plateforme-ia-collaborative","status":"publish","type":"post","link":"https:\/\/www.ecinews.fr\/fr\/aleia-paris-leve-8-million-e-pour-sa-plateforme-ia-collaborative\/","title":{"rendered":"ALEIA l\u00e8ve 8 millions \u20ac pour sa plateforme IA collaborative"},"content":{"rendered":"<p><span class=\"VIiyi\" lang=\"fr\"><span class=\"JLqJ4b\" data-language-for-alternatives=\"fr\" data-language-to-translate-into=\"en\" data-phrase-index=\"0\" data-number-of-phrases=\"1\"><span class=\"Q4iAWc\">ALEIA a lev\u00e9 8 millions d&rsquo;euros &#8211; 2 millions d&rsquo;euros en fonds propres et 6 millions d&rsquo;euros non dilutifs &#8211; lors d&rsquo;un tour de table en 2021 men\u00e9 par des investisseurs technologiques europ\u00e9ens tels que Charles Beigbeder, Rapha\u00ebl Auphan, Ludovic Bodin, AI Fund d&rsquo;Allemagne et Bpifrance. L&rsquo;objectif de leur plateforme d&rsquo;IA SaaS (Software as a Service) est de proposer des applications cl\u00e9 en main, r\u00e9pondant \u00e0 des probl\u00e9matiques industrielles sp\u00e9cifiques, dans un environnement europ\u00e9en non soumis au US Data Act comme la plupart des fournisseurs de cloud et des plateformes d&rsquo;IA.<\/span><\/span><\/span><\/p>\n<p><span class=\"VIiyi\" lang=\"fr\"><span class=\"JLqJ4b\" data-language-for-alternatives=\"fr\" data-language-to-translate-into=\"en\" data-phrase-index=\"0\" data-number-of-phrases=\"1\"><span class=\"Q4iAWc\">Fond\u00e9e en 2020 par Antoine Couret et Fran\u00e7ois Lain\u00e9e, ALEIA se positionne comme le point de rencontre entre les offres des \u00e9diteurs et les besoins commerciaux des secteurs industriels en mati\u00e8re d&rsquo;intelligence artificielle. Pour construire leur plate-forme de pointe, ALEIA peut compter sur une \u00e9quipe de 30 employ\u00e9s \u00e0 temps plein et recrute 60 autres cette ann\u00e9e \u00e0 la fois \u00e0 Paris, en France, et \u00e0 distance dans toute l&rsquo;Europe.<\/span><\/span><\/span><\/p>\n<p><span class=\"VIiyi\" lang=\"fr\"><span class=\"JLqJ4b\" data-language-for-alternatives=\"fr\" data-language-to-translate-into=\"en\" data-phrase-index=\"0\" data-number-of-phrases=\"1\"><span class=\"Q4iAWc\">Le march\u00e9 de l&rsquo;IA va se d\u00e9velopper dans les ann\u00e9es \u00e0 venir. Pourtant, selon une \u00e9tude d&rsquo;Eurostat, seules 7 % des entreprises europ\u00e9ennes ont lanc\u00e9 activement leur transition industrielle avec l&rsquo;IA, tandis que plus de 80 % souhaitent utiliser l&rsquo;IA en production. Trois raisons expliquent cet \u00e9cart entre les attentes et la r\u00e9alit\u00e9 : le manque de qualit\u00e9 et de quantit\u00e9 de donn\u00e9es, le manque de comp\u00e9tences et le manque de s\u00e9curit\u00e9 r\u00e9\u00e9l des donn\u00e9es dans un environnement souverain.<\/span><\/span><\/span><\/p>\n<p><span class=\"VIiyi\" lang=\"fr\"><span class=\"JLqJ4b\" data-language-for-alternatives=\"fr\" data-language-to-translate-into=\"en\" data-phrase-index=\"0\" data-number-of-phrases=\"1\"><span class=\"Q4iAWc\">Pour r\u00e9pondre \u00e0 ces enjeux, la plateforme ALEIA facilite le travail collaboratif des Data Scientists, Data Engineers et AIOps et permet de partager les donn\u00e9es tout en permettant \u00e0 chacun d&rsquo;en garder le contr\u00f4le, de la R&amp;D \u00e0 la production. Cela permet aux organisations, priv\u00e9es et publiques, de cr\u00e9er des ensembles de donn\u00e9es de taille suffisante pour former des algorithmes de haute qualit\u00e9 et en tirer le meilleur parti dans leurs applications. <\/span><\/span><\/span><\/p>\n<p><span class=\"VIiyi\" lang=\"fr\"><span class=\"JLqJ4b\" data-language-for-alternatives=\"fr\" data-language-to-translate-into=\"en\" data-phrase-index=\"0\" data-number-of-phrases=\"1\"><span class=\"Q4iAWc\">La plateforme ALEIA fournit \u00e9galement, pafin d&rsquo;extraire plus rapidement de la valeur de l&rsquo;IA, un acc\u00e8s \u00e0 des ensembles de donn\u00e9es riches et \u00e0 des algorithmes de pointe pr\u00e9-entra\u00een\u00e9s via sa place de march\u00e9 et combine la capacit\u00e9 de d\u00e9velopper, s\u00e9curiser et d\u00e9ployer des projets d&rsquo;IA sur une infrastructure souveraine h\u00e9berg\u00e9e par des fournisseurs de cloud europ\u00e9ens.<\/span><\/span><\/span><\/p>\n<p><span class=\"VIiyi\" lang=\"fr\"><span class=\"JLqJ4b\" data-language-for-alternatives=\"fr\" data-language-to-translate-into=\"en\" data-phrase-index=\"0\" data-number-of-phrases=\"1\"><span class=\"Q4iAWc\">A ce titre, ALEIA est l&rsquo;une des premi\u00e8res plateformes SaaS IA op\u00e9rationnelles en Europe, permettant \u00e0 ses clients de r\u00e9duire le temps de d\u00e9ploiement de leurs projets IA de plusieurs mois \u00e0 quelques semaines, de la R&amp;D \u00e0 la production. ALEIA collabore au sein d&rsquo;un \u00e9cosyst\u00e8me et offre une plateforme pour r\u00e9unir les meilleurs prestataires fran\u00e7ais et europ\u00e9ens. ALEIA a d\u00e9j\u00e0 int\u00e9gr\u00e9 une douzaine de partenaires d&rsquo;IA sur sa plate-forme, tels que Cosmian, XXII, Qwam, LeVoiceLab, ITrust, Cliris, Linkurious, AG &#8211; et d&rsquo;autres partenaires les rejoignent \u00e0 travers l&rsquo;Europe. <\/span><\/span><\/span><\/p>\n<p><span class=\"VIiyi\" lang=\"fr\"><span class=\"JLqJ4b\" data-language-for-alternatives=\"fr\" data-language-to-translate-into=\"en\" data-phrase-index=\"0\" data-number-of-phrases=\"1\"><span class=\"Q4iAWc\">\u00ab ALEIA compte d\u00e9j\u00e0 un nombre croissant de clients issus des secteurs priv\u00e9 et public, tels que le minist\u00e8re de l&rsquo;\u00c9ducation et des Sports en France, Renault, un acteur mondial de l&rsquo;industrie du tourisme, la r\u00e9gion Paris et Val de Loire, et une liste d&rsquo;attente croissante \u00bb, d\u00e9clare Antoine Couret, PDG et fondateur d&rsquo;ALEIA.<\/span><\/span><\/span><\/p>\n<p><a href=\"https:\/\/aleia.com\">https:\/\/aleia.com<\/a><\/p>\n","protected":false},"excerpt":{"rendered":"<p>ALEIA l\u00e8ve 8M\u20ac lors d&rsquo;un tour de table pour acc\u00e9l\u00e9rer le d\u00e9veloppement de sa plateforme d&rsquo;IA collaborative, non soumise au Data Act am\u00e9ricain.<\/p>\n","protected":false},"author":34,"featured_media":381075,"comment_status":"closed","ping_status":"closed","sticky":true,"template":"","format":"standard","meta":{"_acf_changed":false,"footnotes":""},"categories":[883],"tags":[],"domains":[47],"ppma_author":[1153],"class_list":["post-381123","post","type-post","status-publish","format-standard","has-post-thumbnail","hentry","category-technologies","domains-electronique-eci"],"acf":[],"yoast_head":"<title>ALEIA l\u00e8ve 8 millions \u20ac pour sa plateforme IA collaborative ...<\/title>\n<meta name=\"description\" content=\"ALEIA l\u00e8ve 8M\u20ac lors d&#039;un tour de table pour acc\u00e9l\u00e9rer le d\u00e9veloppement de sa plateforme d&#039;IA collaborative, non soumise au Data Act US\" \/>\n<meta name=\"robots\" content=\"index, follow, max-snippet:-1, max-image-preview:large, max-video-preview:-1\" \/>\n<link rel=\"canonical\" href=\"https:\/\/www.ecinews.fr\/fr\/wp-json\/wp\/v2\/posts\/381123\/\" \/>\n<meta property=\"og:locale\" content=\"fr_FR\" \/>\n<meta property=\"og:type\" content=\"article\" \/>\n<meta property=\"og:title\" content=\"ALEIA l\u00e8ve 8 millions \u20ac pour sa plateforme IA collaborative\" \/>\n<meta property=\"og:description\" content=\"ALEIA l\u00e8ve 8M\u20ac lors d&#039;un tour de table pour acc\u00e9l\u00e9rer le d\u00e9veloppement de sa plateforme d&#039;IA collaborative, non soumise au Data Act US\" \/>\n<meta property=\"og:url\" content=\"https:\/\/www.ecinews.fr\/fr\/wp-json\/wp\/v2\/posts\/381123\/\" \/>\n<meta property=\"og:site_name\" content=\"EENewsEurope\" \/>\n<meta property=\"article:published_time\" content=\"2022-04-19T07:25:55+00:00\" \/>\n<meta property=\"og:image\" content=\"https:\/\/www.ecinews.fr\/wp-content\/uploads\/2022\/04\/2022-04-18-Aleia-AI-European-AI-Platform-scaled.jpg\" \/>\n\t<meta property=\"og:image:width\" content=\"1080\" \/>\n\t<meta property=\"og:image:height\" content=\"614\" \/>\n\t<meta property=\"og:image:type\" content=\"image\/jpeg\" \/>\n<meta name=\"author\" content=\"A Delapalisse\" \/>\n<meta name=\"twitter:card\" content=\"summary_large_image\" \/>\n<meta name=\"twitter:label1\" content=\"Written by\" \/>\n\t<meta name=\"twitter:data1\" content=\"A Delapalisse\" \/>\n\t<meta name=\"twitter:label2\" content=\"Est. reading time\" \/>\n\t<meta name=\"twitter:data2\" content=\"3 minutes\" \/>\n<script type=\"application\/ld+json\" class=\"yoast-schema-graph\">{\"@context\":\"https:\/\/schema.org\",\"@graph\":[{\"@type\":\"Article\",\"@id\":\"https:\/\/www.ecinews.fr\/fr\/aleia-paris-leve-8-million-e-pour-sa-plateforme-ia-collaborative\/#article\",\"isPartOf\":{\"@id\":\"https:\/\/www.ecinews.fr\/fr\/aleia-paris-leve-8-million-e-pour-sa-plateforme-ia-collaborative\/\"},\"author\":{\"name\":\"A Delapalisse\",\"@id\":\"https:\/\/www.eenewseurope.com\/en\/#\/schema\/person\/0aa2cfb0bd8949724a68cbac8d8321b4\"},\"headline\":\"ALEIA l\u00e8ve 8 millions \u20ac pour sa plateforme IA collaborative\",\"datePublished\":\"2022-04-19T07:25:55+00:00\",\"dateModified\":\"2022-04-19T07:25:55+00:00\",\"mainEntityOfPage\":{\"@id\":\"https:\/\/www.ecinews.fr\/fr\/aleia-paris-leve-8-million-e-pour-sa-plateforme-ia-collaborative\/\"},\"wordCount\":578,\"publisher\":{\"@id\":\"https:\/\/www.eenewseurope.com\/en\/#organization\"},\"articleSection\":[\"Technologies\"],\"inLanguage\":\"fr-FR\"},{\"@type\":\"WebPage\",\"@id\":\"https:\/\/www.ecinews.fr\/fr\/aleia-paris-leve-8-million-e-pour-sa-plateforme-ia-collaborative\/\",\"url\":\"https:\/\/www.ecinews.fr\/fr\/aleia-paris-leve-8-million-e-pour-sa-plateforme-ia-collaborative\/\",\"name\":\"ALEIA l\u00e8ve 8 millions \u20ac pour sa plateforme IA collaborative -\",\"isPartOf\":{\"@id\":\"https:\/\/www.eenewseurope.com\/en\/#website\"},\"datePublished\":\"2022-04-19T07:25:55+00:00\",\"dateModified\":\"2022-04-19T07:25:55+00:00\",\"description\":\"ALEIA l\u00e8ve 8M\u20ac lors d'un tour de table pour acc\u00e9l\u00e9rer le d\u00e9veloppement de sa plateforme d'IA collaborative, non soumise au Data Act US\",\"breadcrumb\":{\"@id\":\"https:\/\/www.ecinews.fr\/fr\/aleia-paris-leve-8-million-e-pour-sa-plateforme-ia-collaborative\/#breadcrumb\"},\"inLanguage\":\"fr-FR\",\"potentialAction\":[{\"@type\":\"ReadAction\",\"target\":[\"https:\/\/www.ecinews.fr\/fr\/aleia-paris-leve-8-million-e-pour-sa-plateforme-ia-collaborative\/\"]}]},{\"@type\":\"BreadcrumbList\",\"@id\":\"https:\/\/www.ecinews.fr\/fr\/aleia-paris-leve-8-million-e-pour-sa-plateforme-ia-collaborative\/#breadcrumb\",\"itemListElement\":[{\"@type\":\"ListItem\",\"position\":1,\"name\":\"Home\",\"item\":\"https:\/\/www.ecinews.fr\/fr\/\"},{\"@type\":\"ListItem\",\"position\":2,\"name\":\"ALEIA l\u00e8ve 8 millions \u20ac pour sa plateforme IA collaborative\"}]},{\"@type\":\"WebSite\",\"@id\":\"https:\/\/www.eenewseurope.com\/en\/#website\",\"url\":\"https:\/\/www.eenewseurope.com\/en\/\",\"name\":\"EENewsEurope\",\"description\":\"Just another WordPress site\",\"publisher\":{\"@id\":\"https:\/\/www.eenewseurope.com\/en\/#organization\"},\"potentialAction\":[{\"@type\":\"SearchAction\",\"target\":{\"@type\":\"EntryPoint\",\"urlTemplate\":\"https:\/\/www.eenewseurope.com\/en\/?s={search_term_string}\"},\"query-input\":\"required name=search_term_string\"}],\"inLanguage\":\"fr-FR\"},{\"@type\":\"Organization\",\"@id\":\"https:\/\/www.eenewseurope.com\/en\/#organization\",\"name\":\"EENewsEurope\",\"url\":\"https:\/\/www.eenewseurope.com\/en\/\",\"logo\":{\"@type\":\"ImageObject\",\"inLanguage\":\"fr-FR\",\"@id\":\"https:\/\/www.eenewseurope.com\/en\/#\/schema\/logo\/image\/\",\"url\":\"https:\/\/www.ecinews.fr\/wp-content\/uploads\/2022\/02\/logo-1.jpg\",\"contentUrl\":\"https:\/\/www.ecinews.fr\/wp-content\/uploads\/2022\/02\/logo-1.jpg\",\"width\":283,\"height\":113,\"caption\":\"EENewsEurope\"},\"image\":{\"@id\":\"https:\/\/www.eenewseurope.com\/en\/#\/schema\/logo\/image\/\"}},{\"@type\":\"Person\",\"@id\":\"https:\/\/www.eenewseurope.com\/en\/#\/schema\/person\/0aa2cfb0bd8949724a68cbac8d8321b4\",\"name\":\"A Delapalisse\",\"image\":{\"@type\":\"ImageObject\",\"inLanguage\":\"fr-FR\",\"@id\":\"https:\/\/www.eenewseurope.com\/en\/#\/schema\/person\/image\/211ac42237c2e9683c0964086c393cb4\",\"url\":\"https:\/\/secure.gravatar.com\/avatar\/ad45a8c5da24bc9c7c4940dd1c48a695?s=96&d=mm&r=g\",\"contentUrl\":\"https:\/\/secure.gravatar.com\/avatar\/ad45a8c5da24bc9c7c4940dd1c48a695?s=96&d=mm&r=g\",\"caption\":\"A Delapalisse\"},\"sameAs\":[\"http:\/\/ECI\"]}]}<\/script>","yoast_head_json":{"title":"ALEIA l\u00e8ve 8 millions \u20ac pour sa plateforme IA collaborative ...","description":"ALEIA l\u00e8ve 8M\u20ac lors d'un tour de table pour acc\u00e9l\u00e9rer le d\u00e9veloppement de sa plateforme d'IA collaborative, non soumise au Data Act US","robots":{"index":"index","follow":"follow","max-snippet":"max-snippet:-1","max-image-preview":"max-image-preview:large","max-video-preview":"max-video-preview:-1"},"canonical":"https:\/\/www.ecinews.fr\/fr\/wp-json\/wp\/v2\/posts\/381123\/","og_locale":"fr_FR","og_type":"article","og_title":"ALEIA l\u00e8ve 8 millions \u20ac pour sa plateforme IA collaborative","og_description":"ALEIA l\u00e8ve 8M\u20ac lors d'un tour de table pour acc\u00e9l\u00e9rer le d\u00e9veloppement de sa plateforme d'IA collaborative, non soumise au Data Act US","og_url":"https:\/\/www.ecinews.fr\/fr\/wp-json\/wp\/v2\/posts\/381123\/","og_site_name":"EENewsEurope","article_published_time":"2022-04-19T07:25:55+00:00","og_image":[{"width":1080,"height":614,"url":"https:\/\/www.ecinews.fr\/wp-content\/uploads\/2022\/04\/2022-04-18-Aleia-AI-European-AI-Platform-scaled.jpg","type":"image\/jpeg"}],"author":"A Delapalisse","twitter_card":"summary_large_image","twitter_misc":{"Written by":"A Delapalisse","Est. reading time":"3 minutes"},"schema":{"@context":"https:\/\/schema.org","@graph":[{"@type":"Article","@id":"https:\/\/www.ecinews.fr\/fr\/aleia-paris-leve-8-million-e-pour-sa-plateforme-ia-collaborative\/#article","isPartOf":{"@id":"https:\/\/www.ecinews.fr\/fr\/aleia-paris-leve-8-million-e-pour-sa-plateforme-ia-collaborative\/"},"author":{"name":"A Delapalisse","@id":"https:\/\/www.eenewseurope.com\/en\/#\/schema\/person\/0aa2cfb0bd8949724a68cbac8d8321b4"},"headline":"ALEIA l\u00e8ve 8 millions \u20ac pour sa plateforme IA collaborative","datePublished":"2022-04-19T07:25:55+00:00","dateModified":"2022-04-19T07:25:55+00:00","mainEntityOfPage":{"@id":"https:\/\/www.ecinews.fr\/fr\/aleia-paris-leve-8-million-e-pour-sa-plateforme-ia-collaborative\/"},"wordCount":578,"publisher":{"@id":"https:\/\/www.eenewseurope.com\/en\/#organization"},"articleSection":["Technologies"],"inLanguage":"fr-FR"},{"@type":"WebPage","@id":"https:\/\/www.ecinews.fr\/fr\/aleia-paris-leve-8-million-e-pour-sa-plateforme-ia-collaborative\/","url":"https:\/\/www.ecinews.fr\/fr\/aleia-paris-leve-8-million-e-pour-sa-plateforme-ia-collaborative\/","name":"ALEIA l\u00e8ve 8 millions \u20ac pour sa plateforme IA collaborative -","isPartOf":{"@id":"https:\/\/www.eenewseurope.com\/en\/#website"},"datePublished":"2022-04-19T07:25:55+00:00","dateModified":"2022-04-19T07:25:55+00:00","description":"ALEIA l\u00e8ve 8M\u20ac lors d'un tour de table pour acc\u00e9l\u00e9rer le d\u00e9veloppement de sa plateforme d'IA collaborative, non soumise au Data Act US","breadcrumb":{"@id":"https:\/\/www.ecinews.fr\/fr\/aleia-paris-leve-8-million-e-pour-sa-plateforme-ia-collaborative\/#breadcrumb"},"inLanguage":"fr-FR","potentialAction":[{"@type":"ReadAction","target":["https:\/\/www.ecinews.fr\/fr\/aleia-paris-leve-8-million-e-pour-sa-plateforme-ia-collaborative\/"]}]},{"@type":"BreadcrumbList","@id":"https:\/\/www.ecinews.fr\/fr\/aleia-paris-leve-8-million-e-pour-sa-plateforme-ia-collaborative\/#breadcrumb","itemListElement":[{"@type":"ListItem","position":1,"name":"Home","item":"https:\/\/www.ecinews.fr\/fr\/"},{"@type":"ListItem","position":2,"name":"ALEIA l\u00e8ve 8 millions \u20ac pour sa plateforme IA collaborative"}]},{"@type":"WebSite","@id":"https:\/\/www.eenewseurope.com\/en\/#website","url":"https:\/\/www.eenewseurope.com\/en\/","name":"EENewsEurope","description":"Just another WordPress site","publisher":{"@id":"https:\/\/www.eenewseurope.com\/en\/#organization"},"potentialAction":[{"@type":"SearchAction","target":{"@type":"EntryPoint","urlTemplate":"https:\/\/www.eenewseurope.com\/en\/?s={search_term_string}"},"query-input":"required name=search_term_string"}],"inLanguage":"fr-FR"},{"@type":"Organization","@id":"https:\/\/www.eenewseurope.com\/en\/#organization","name":"EENewsEurope","url":"https:\/\/www.eenewseurope.com\/en\/","logo":{"@type":"ImageObject","inLanguage":"fr-FR","@id":"https:\/\/www.eenewseurope.com\/en\/#\/schema\/logo\/image\/","url":"https:\/\/www.ecinews.fr\/wp-content\/uploads\/2022\/02\/logo-1.jpg","contentUrl":"https:\/\/www.ecinews.fr\/wp-content\/uploads\/2022\/02\/logo-1.jpg","width":283,"height":113,"caption":"EENewsEurope"},"image":{"@id":"https:\/\/www.eenewseurope.com\/en\/#\/schema\/logo\/image\/"}},{"@type":"Person","@id":"https:\/\/www.eenewseurope.com\/en\/#\/schema\/person\/0aa2cfb0bd8949724a68cbac8d8321b4","name":"A Delapalisse","image":{"@type":"ImageObject","inLanguage":"fr-FR","@id":"https:\/\/www.eenewseurope.com\/en\/#\/schema\/person\/image\/211ac42237c2e9683c0964086c393cb4","url":"https:\/\/secure.gravatar.com\/avatar\/ad45a8c5da24bc9c7c4940dd1c48a695?s=96&d=mm&r=g","contentUrl":"https:\/\/secure.gravatar.com\/avatar\/ad45a8c5da24bc9c7c4940dd1c48a695?s=96&d=mm&r=g","caption":"A Delapalisse"},"sameAs":["http:\/\/ECI"]}]}},"authors":[{"term_id":1153,"user_id":34,"is_guest":0,"slug":"adelapalisse","display_name":"A Delapalisse","avatar_url":"https:\/\/secure.gravatar.com\/avatar\/ad45a8c5da24bc9c7c4940dd1c48a695?s=96&d=mm&r=g","0":null,"1":"","2":"","3":"","4":"","5":"","6":"","7":"","8":""}],"_links":{"self":[{"href":"https:\/\/www.ecinews.fr\/fr\/wp-json\/wp\/v2\/posts\/381123"}],"collection":[{"href":"https:\/\/www.ecinews.fr\/fr\/wp-json\/wp\/v2\/posts"}],"about":[{"href":"https:\/\/www.ecinews.fr\/fr\/wp-json\/wp\/v2\/types\/post"}],"author":[{"embeddable":true,"href":"https:\/\/www.ecinews.fr\/fr\/wp-json\/wp\/v2\/users\/34"}],"replies":[{"embeddable":true,"href":"https:\/\/www.ecinews.fr\/fr\/wp-json\/wp\/v2\/comments?post=381123"}],"version-history":[{"count":0,"href":"https:\/\/www.ecinews.fr\/fr\/wp-json\/wp\/v2\/posts\/381123\/revisions"}],"wp:featuredmedia":[{"embeddable":true,"href":"https:\/\/www.ecinews.fr\/fr\/wp-json\/wp\/v2\/media\/381075"}],"wp:attachment":[{"href":"https:\/\/www.ecinews.fr\/fr\/wp-json\/wp\/v2\/media?parent=381123"}],"wp:term":[{"taxonomy":"category","embeddable":true,"href":"https:\/\/www.ecinews.fr\/fr\/wp-json\/wp\/v2\/categories?post=381123"},{"taxonomy":"post_tag","embeddable":true,"href":"https:\/\/www.ecinews.fr\/fr\/wp-json\/wp\/v2\/tags?post=381123"},{"taxonomy":"domains","embeddable":true,"href":"https:\/\/www.ecinews.fr\/fr\/wp-json\/wp\/v2\/domains?post=381123"},{"taxonomy":"author","embeddable":true,"href":"https:\/\/www.ecinews.fr\/fr\/wp-json\/wp\/v2\/ppma_author?post=381123"}],"curies":[{"name":"wp","href":"https:\/\/api.w.org\/{rel}","templated":true}]}}