{"id":381027,"date":"2022-04-15T20:25:22","date_gmt":"2022-04-15T18:25:22","guid":{"rendered":"https:\/\/www.eenewseurope.com\/?p=381027"},"modified":"2022-04-15T20:25:22","modified_gmt":"2022-04-15T18:25:22","slug":"thales-integre-le-campus-cyber-a-paris-la-defense","status":"publish","type":"post","link":"https:\/\/www.ecinews.fr\/fr\/thales-integre-le-campus-cyber-a-paris-la-defense\/","title":{"rendered":"Thales int\u00e8gre le Campus Cyber \u00e0 Paris la D\u00e9fense"},"content":{"rendered":"<p>Les \u00e9quipes de Thales seront rejointes prochainement par les \u00e9quipes issues de structures publiques et priv\u00e9es sp\u00e9cialis\u00e9es dans ce domaine. Thales met \u00e0 disposition des adh\u00e9rents du Campus Cyber sa plateforme collaborative Cybels Hub dans le cloud, la premi\u00e8re homologu\u00e9e \u201cDiffusion Restreinte\u201d,comprenant Cryptobox (gestion et partage documentaire) et Citadel Team (partage d\u2019\u00e9cran).<\/p>\n<p>Ce projet, initi\u00e9 par l\u2019Etat, s\u2019inscrit en coh\u00e9rence avec les programmes structurants du CSF Industries de s\u00e9curit\u00e9 d\u00e9di\u00e9s \u00e0 la cybers\u00e9curit\u00e9 et \u00e0 la s\u00e9curit\u00e9 de l\u2019IoT, \u0153uvrant pour la confiance num\u00e9rique. Ce secteur est port\u00e9 par une forte dynamique d\u2019innovation mobilisant les comp\u00e9tences en intelligence artificielle en cryptographie et des comp\u00e9tences issues de secteurs divers comme l\u2019informatique, les t\u00e9l\u00e9coms ou la d\u00e9fense.<\/p>\n<p>La concr\u00e9tisation de ce projet intervient au moment m\u00eame o\u00f9 l\u2019on constate une recrudescence des cyberattaques dans le monde, \u00e0 la faveur de l\u2019acc\u00e9l\u00e9ration de la digitalisation des soci\u00e9t\u00e9s op\u00e9r\u00e9e pendant la crise sanitaire. Administrations, entreprises de toute taille et op\u00e9rateurs d\u2019importance vitale font face \u00e0 une explosion du nombre d\u2019attaques qui, entre 2019 et 2020, ont \u00e9t\u00e9 multipli\u00e9es par quatre. Parmi elles, le ran\u00e7ongiciel fait partie des proc\u00e9d\u00e9s r\u00e9currents auxquels s\u2019ajoute le cyberespionnage. La professionnalisation des cybercriminels associ\u00e9e \u00e0 leur imp\u00e9ratif de rentabilit\u00e9 doit aujourd\u2019hui alerter et mobiliser les acteurs de la s\u00e9curit\u00e9 pour contribuer \u00e0 une meilleure formation des futurs talents et \u00e0 la constitution d\u2019un \u00e9cosyst\u00e8me robuste permettant de lutter contre ces menaces.<\/p>\n<p>Le Groupe supervise la cybers\u00e9curit\u00e9 des syst\u00e8mes d\u2019information critiques de plus de 130 grands clients, notamment gr\u00e2ce \u00e0 ses six centres op\u00e9rationnels de cybers\u00e9curit\u00e9, r\u00e9partis dans le monde (Canada, France, Hong-Kong, Pays-Bas, Royaume-Uni, Maroc) et garantissant une d\u00e9tection, une analyse des attaques et leur r\u00e9ponse 24h sur 24, 7 jours sur 7.<\/p>\n<p><a href=\"https:\/\/www.thalesgroup.com\/fr\">Thales<\/a><\/p>\n","protected":false},"excerpt":{"rendered":"<p>Thales est le premier groupe \u00e0 int\u00e9grer le Campus Cyber \u00e0 Paris La D\u00e9fense, et \u00e0 mettre son expertise au service de ce nouvel \u00e9cosyst\u00e8me, avec Une soixantaine de collaborateurs de Thales, ing\u00e9nieurs, consultants et chefs de projet en cybers\u00e9curit\u00e9, A l\u2019occasion de leur arriv\u00e9e, Patrice Caine a soulign\u00e9 son r\u00f4le de catalyseur de l\u2019excellence cyber \u00e0 l\u2019international dans un contexte de mondialisation et de forte augmentation des menaces.<\/p>\n","protected":false},"author":11,"featured_media":381029,"comment_status":"closed","ping_status":"closed","sticky":false,"template":"","format":"standard","meta":{"_acf_changed":false,"footnotes":""},"categories":[886],"tags":[],"domains":[47],"ppma_author":[1143],"class_list":["post-381027","post","type-post","status-publish","format-standard","has-post-thumbnail","hentry","category-news-fr","domains-electronique-eci"],"acf":[],"yoast_head":"<title>Thales int\u00e8gre le Campus Cyber \u00e0 Paris la D\u00e9fense ...<\/title>\n<meta name=\"description\" content=\"Thales est le premier groupe \u00e0 int\u00e9grer le Campus Cyber \u00e0 Paris La D\u00e9fense, et \u00e0 mettre son expertise au service de ce nouvel \u00e9cosyst\u00e8me, avec Une...\" \/>\n<meta name=\"robots\" content=\"index, follow, max-snippet:-1, max-image-preview:large, max-video-preview:-1\" \/>\n<link rel=\"canonical\" href=\"https:\/\/www.ecinews.fr\/fr\/wp-json\/wp\/v2\/posts\/381027\/\" \/>\n<meta property=\"og:locale\" content=\"fr_FR\" \/>\n<meta property=\"og:type\" content=\"article\" \/>\n<meta property=\"og:title\" content=\"Thales int\u00e8gre le Campus Cyber \u00e0 Paris la D\u00e9fense\" \/>\n<meta property=\"og:description\" content=\"Thales est le premier groupe \u00e0 int\u00e9grer le Campus Cyber \u00e0 Paris La D\u00e9fense, et \u00e0 mettre son expertise au service de ce nouvel \u00e9cosyst\u00e8me, avec Une soixantaine de collaborateurs de Thales, ing\u00e9nieurs, consultants et chefs de projet en cybers\u00e9curit\u00e9, A l\u2019occasion de leur arriv\u00e9e, Patrice Caine a soulign\u00e9 son r\u00f4le de catalyseur de l\u2019excellence cyber \u00e0 l\u2019international dans un contexte de mondialisation et de forte augmentation des menaces.\" \/>\n<meta property=\"og:url\" content=\"https:\/\/www.ecinews.fr\/fr\/wp-json\/wp\/v2\/posts\/381027\/\" \/>\n<meta property=\"og:site_name\" content=\"EENewsEurope\" \/>\n<meta property=\"article:published_time\" content=\"2022-04-15T18:25:22+00:00\" \/>\n<meta property=\"og:image\" content=\"https:\/\/www.ecinews.fr\/wp-content\/uploads\/2022\/04\/Thales-cyber.jpg\" \/>\n\t<meta property=\"og:image:width\" content=\"1079\" \/>\n\t<meta property=\"og:image:height\" content=\"512\" \/>\n\t<meta property=\"og:image:type\" content=\"image\/jpeg\" \/>\n<meta name=\"author\" content=\"Daniel Cardon\" \/>\n<meta name=\"twitter:card\" content=\"summary_large_image\" \/>\n<meta name=\"twitter:label1\" content=\"Written by\" \/>\n\t<meta name=\"twitter:data1\" content=\"Daniel Cardon\" \/>\n\t<meta name=\"twitter:label2\" content=\"Est. reading time\" \/>\n\t<meta name=\"twitter:data2\" content=\"2 minutes\" \/>\n<script type=\"application\/ld+json\" class=\"yoast-schema-graph\">{\"@context\":\"https:\/\/schema.org\",\"@graph\":[{\"@type\":\"Article\",\"@id\":\"https:\/\/www.ecinews.fr\/fr\/thales-integre-le-campus-cyber-a-paris-la-defense\/#article\",\"isPartOf\":{\"@id\":\"https:\/\/www.ecinews.fr\/fr\/thales-integre-le-campus-cyber-a-paris-la-defense\/\"},\"author\":{\"name\":\"Daniel Cardon\",\"@id\":\"https:\/\/www.eenewseurope.com\/en\/#\/schema\/person\/93c44cde463762f40a8236eaa44c1c17\"},\"headline\":\"Thales int\u00e8gre le Campus Cyber \u00e0 Paris la D\u00e9fense\",\"datePublished\":\"2022-04-15T18:25:22+00:00\",\"dateModified\":\"2022-04-15T18:25:22+00:00\",\"mainEntityOfPage\":{\"@id\":\"https:\/\/www.ecinews.fr\/fr\/thales-integre-le-campus-cyber-a-paris-la-defense\/\"},\"wordCount\":338,\"publisher\":{\"@id\":\"https:\/\/www.eenewseurope.com\/en\/#organization\"},\"articleSection\":[\"Actualit\u00e9 g\u00e9n\u00e9rale\"],\"inLanguage\":\"fr-FR\"},{\"@type\":\"WebPage\",\"@id\":\"https:\/\/www.ecinews.fr\/fr\/thales-integre-le-campus-cyber-a-paris-la-defense\/\",\"url\":\"https:\/\/www.ecinews.fr\/fr\/thales-integre-le-campus-cyber-a-paris-la-defense\/\",\"name\":\"Thales int\u00e8gre le Campus Cyber \u00e0 Paris la D\u00e9fense -\",\"isPartOf\":{\"@id\":\"https:\/\/www.eenewseurope.com\/en\/#website\"},\"datePublished\":\"2022-04-15T18:25:22+00:00\",\"dateModified\":\"2022-04-15T18:25:22+00:00\",\"breadcrumb\":{\"@id\":\"https:\/\/www.ecinews.fr\/fr\/thales-integre-le-campus-cyber-a-paris-la-defense\/#breadcrumb\"},\"inLanguage\":\"fr-FR\",\"potentialAction\":[{\"@type\":\"ReadAction\",\"target\":[\"https:\/\/www.ecinews.fr\/fr\/thales-integre-le-campus-cyber-a-paris-la-defense\/\"]}]},{\"@type\":\"BreadcrumbList\",\"@id\":\"https:\/\/www.ecinews.fr\/fr\/thales-integre-le-campus-cyber-a-paris-la-defense\/#breadcrumb\",\"itemListElement\":[{\"@type\":\"ListItem\",\"position\":1,\"name\":\"Home\",\"item\":\"https:\/\/www.ecinews.fr\/fr\/\"},{\"@type\":\"ListItem\",\"position\":2,\"name\":\"Thales int\u00e8gre le Campus Cyber \u00e0 Paris la D\u00e9fense\"}]},{\"@type\":\"WebSite\",\"@id\":\"https:\/\/www.eenewseurope.com\/en\/#website\",\"url\":\"https:\/\/www.eenewseurope.com\/en\/\",\"name\":\"EENewsEurope\",\"description\":\"Just another WordPress site\",\"publisher\":{\"@id\":\"https:\/\/www.eenewseurope.com\/en\/#organization\"},\"potentialAction\":[{\"@type\":\"SearchAction\",\"target\":{\"@type\":\"EntryPoint\",\"urlTemplate\":\"https:\/\/www.eenewseurope.com\/en\/?s={search_term_string}\"},\"query-input\":\"required name=search_term_string\"}],\"inLanguage\":\"fr-FR\"},{\"@type\":\"Organization\",\"@id\":\"https:\/\/www.eenewseurope.com\/en\/#organization\",\"name\":\"EENewsEurope\",\"url\":\"https:\/\/www.eenewseurope.com\/en\/\",\"logo\":{\"@type\":\"ImageObject\",\"inLanguage\":\"fr-FR\",\"@id\":\"https:\/\/www.eenewseurope.com\/en\/#\/schema\/logo\/image\/\",\"url\":\"https:\/\/www.ecinews.fr\/wp-content\/uploads\/2022\/02\/logo-1.jpg\",\"contentUrl\":\"https:\/\/www.ecinews.fr\/wp-content\/uploads\/2022\/02\/logo-1.jpg\",\"width\":283,\"height\":113,\"caption\":\"EENewsEurope\"},\"image\":{\"@id\":\"https:\/\/www.eenewseurope.com\/en\/#\/schema\/logo\/image\/\"}},{\"@type\":\"Person\",\"@id\":\"https:\/\/www.eenewseurope.com\/en\/#\/schema\/person\/93c44cde463762f40a8236eaa44c1c17\",\"name\":\"Daniel Cardon\",\"image\":{\"@type\":\"ImageObject\",\"inLanguage\":\"fr-FR\",\"@id\":\"https:\/\/www.eenewseurope.com\/en\/#\/schema\/person\/image\/2b243f6bcc1cff7d86aadfb2cd0bd870\",\"url\":\"https:\/\/secure.gravatar.com\/avatar\/de9edc136dfc061ad4778e04635baefa?s=96&d=mm&r=g\",\"contentUrl\":\"https:\/\/secure.gravatar.com\/avatar\/de9edc136dfc061ad4778e04635baefa?s=96&d=mm&r=g\",\"caption\":\"Daniel Cardon\"}}]}<\/script>","yoast_head_json":{"title":"Thales int\u00e8gre le Campus Cyber \u00e0 Paris la D\u00e9fense ...","description":"Thales est le premier groupe \u00e0 int\u00e9grer le Campus Cyber \u00e0 Paris La D\u00e9fense, et \u00e0 mettre son expertise au service de ce nouvel \u00e9cosyst\u00e8me, avec Une...","robots":{"index":"index","follow":"follow","max-snippet":"max-snippet:-1","max-image-preview":"max-image-preview:large","max-video-preview":"max-video-preview:-1"},"canonical":"https:\/\/www.ecinews.fr\/fr\/wp-json\/wp\/v2\/posts\/381027\/","og_locale":"fr_FR","og_type":"article","og_title":"Thales int\u00e8gre le Campus Cyber \u00e0 Paris la D\u00e9fense","og_description":"Thales est le premier groupe \u00e0 int\u00e9grer le Campus Cyber \u00e0 Paris La D\u00e9fense, et \u00e0 mettre son expertise au service de ce nouvel \u00e9cosyst\u00e8me, avec Une soixantaine de collaborateurs de Thales, ing\u00e9nieurs, consultants et chefs de projet en cybers\u00e9curit\u00e9, A l\u2019occasion de leur arriv\u00e9e, Patrice Caine a soulign\u00e9 son r\u00f4le de catalyseur de l\u2019excellence cyber \u00e0 l\u2019international dans un contexte de mondialisation et de forte augmentation des menaces.","og_url":"https:\/\/www.ecinews.fr\/fr\/wp-json\/wp\/v2\/posts\/381027\/","og_site_name":"EENewsEurope","article_published_time":"2022-04-15T18:25:22+00:00","og_image":[{"width":1079,"height":512,"url":"https:\/\/www.ecinews.fr\/wp-content\/uploads\/2022\/04\/Thales-cyber.jpg","type":"image\/jpeg"}],"author":"Daniel Cardon","twitter_card":"summary_large_image","twitter_misc":{"Written by":"Daniel Cardon","Est. reading time":"2 minutes"},"schema":{"@context":"https:\/\/schema.org","@graph":[{"@type":"Article","@id":"https:\/\/www.ecinews.fr\/fr\/thales-integre-le-campus-cyber-a-paris-la-defense\/#article","isPartOf":{"@id":"https:\/\/www.ecinews.fr\/fr\/thales-integre-le-campus-cyber-a-paris-la-defense\/"},"author":{"name":"Daniel Cardon","@id":"https:\/\/www.eenewseurope.com\/en\/#\/schema\/person\/93c44cde463762f40a8236eaa44c1c17"},"headline":"Thales int\u00e8gre le Campus Cyber \u00e0 Paris la D\u00e9fense","datePublished":"2022-04-15T18:25:22+00:00","dateModified":"2022-04-15T18:25:22+00:00","mainEntityOfPage":{"@id":"https:\/\/www.ecinews.fr\/fr\/thales-integre-le-campus-cyber-a-paris-la-defense\/"},"wordCount":338,"publisher":{"@id":"https:\/\/www.eenewseurope.com\/en\/#organization"},"articleSection":["Actualit\u00e9 g\u00e9n\u00e9rale"],"inLanguage":"fr-FR"},{"@type":"WebPage","@id":"https:\/\/www.ecinews.fr\/fr\/thales-integre-le-campus-cyber-a-paris-la-defense\/","url":"https:\/\/www.ecinews.fr\/fr\/thales-integre-le-campus-cyber-a-paris-la-defense\/","name":"Thales int\u00e8gre le Campus Cyber \u00e0 Paris la D\u00e9fense -","isPartOf":{"@id":"https:\/\/www.eenewseurope.com\/en\/#website"},"datePublished":"2022-04-15T18:25:22+00:00","dateModified":"2022-04-15T18:25:22+00:00","breadcrumb":{"@id":"https:\/\/www.ecinews.fr\/fr\/thales-integre-le-campus-cyber-a-paris-la-defense\/#breadcrumb"},"inLanguage":"fr-FR","potentialAction":[{"@type":"ReadAction","target":["https:\/\/www.ecinews.fr\/fr\/thales-integre-le-campus-cyber-a-paris-la-defense\/"]}]},{"@type":"BreadcrumbList","@id":"https:\/\/www.ecinews.fr\/fr\/thales-integre-le-campus-cyber-a-paris-la-defense\/#breadcrumb","itemListElement":[{"@type":"ListItem","position":1,"name":"Home","item":"https:\/\/www.ecinews.fr\/fr\/"},{"@type":"ListItem","position":2,"name":"Thales int\u00e8gre le Campus Cyber \u00e0 Paris la D\u00e9fense"}]},{"@type":"WebSite","@id":"https:\/\/www.eenewseurope.com\/en\/#website","url":"https:\/\/www.eenewseurope.com\/en\/","name":"EENewsEurope","description":"Just another WordPress site","publisher":{"@id":"https:\/\/www.eenewseurope.com\/en\/#organization"},"potentialAction":[{"@type":"SearchAction","target":{"@type":"EntryPoint","urlTemplate":"https:\/\/www.eenewseurope.com\/en\/?s={search_term_string}"},"query-input":"required name=search_term_string"}],"inLanguage":"fr-FR"},{"@type":"Organization","@id":"https:\/\/www.eenewseurope.com\/en\/#organization","name":"EENewsEurope","url":"https:\/\/www.eenewseurope.com\/en\/","logo":{"@type":"ImageObject","inLanguage":"fr-FR","@id":"https:\/\/www.eenewseurope.com\/en\/#\/schema\/logo\/image\/","url":"https:\/\/www.ecinews.fr\/wp-content\/uploads\/2022\/02\/logo-1.jpg","contentUrl":"https:\/\/www.ecinews.fr\/wp-content\/uploads\/2022\/02\/logo-1.jpg","width":283,"height":113,"caption":"EENewsEurope"},"image":{"@id":"https:\/\/www.eenewseurope.com\/en\/#\/schema\/logo\/image\/"}},{"@type":"Person","@id":"https:\/\/www.eenewseurope.com\/en\/#\/schema\/person\/93c44cde463762f40a8236eaa44c1c17","name":"Daniel Cardon","image":{"@type":"ImageObject","inLanguage":"fr-FR","@id":"https:\/\/www.eenewseurope.com\/en\/#\/schema\/person\/image\/2b243f6bcc1cff7d86aadfb2cd0bd870","url":"https:\/\/secure.gravatar.com\/avatar\/de9edc136dfc061ad4778e04635baefa?s=96&d=mm&r=g","contentUrl":"https:\/\/secure.gravatar.com\/avatar\/de9edc136dfc061ad4778e04635baefa?s=96&d=mm&r=g","caption":"Daniel Cardon"}}]}},"authors":[{"term_id":1143,"user_id":11,"is_guest":0,"slug":"danielcardon","display_name":"Daniel Cardon","avatar_url":"https:\/\/secure.gravatar.com\/avatar\/de9edc136dfc061ad4778e04635baefa?s=96&d=mm&r=g","0":null,"1":"","2":"","3":"","4":"","5":"","6":"","7":"","8":""}],"_links":{"self":[{"href":"https:\/\/www.ecinews.fr\/fr\/wp-json\/wp\/v2\/posts\/381027"}],"collection":[{"href":"https:\/\/www.ecinews.fr\/fr\/wp-json\/wp\/v2\/posts"}],"about":[{"href":"https:\/\/www.ecinews.fr\/fr\/wp-json\/wp\/v2\/types\/post"}],"author":[{"embeddable":true,"href":"https:\/\/www.ecinews.fr\/fr\/wp-json\/wp\/v2\/users\/11"}],"replies":[{"embeddable":true,"href":"https:\/\/www.ecinews.fr\/fr\/wp-json\/wp\/v2\/comments?post=381027"}],"version-history":[{"count":0,"href":"https:\/\/www.ecinews.fr\/fr\/wp-json\/wp\/v2\/posts\/381027\/revisions"}],"wp:featuredmedia":[{"embeddable":true,"href":"https:\/\/www.ecinews.fr\/fr\/wp-json\/wp\/v2\/media\/381029"}],"wp:attachment":[{"href":"https:\/\/www.ecinews.fr\/fr\/wp-json\/wp\/v2\/media?parent=381027"}],"wp:term":[{"taxonomy":"category","embeddable":true,"href":"https:\/\/www.ecinews.fr\/fr\/wp-json\/wp\/v2\/categories?post=381027"},{"taxonomy":"post_tag","embeddable":true,"href":"https:\/\/www.ecinews.fr\/fr\/wp-json\/wp\/v2\/tags?post=381027"},{"taxonomy":"domains","embeddable":true,"href":"https:\/\/www.ecinews.fr\/fr\/wp-json\/wp\/v2\/domains?post=381027"},{"taxonomy":"author","embeddable":true,"href":"https:\/\/www.ecinews.fr\/fr\/wp-json\/wp\/v2\/ppma_author?post=381027"}],"curies":[{"name":"wp","href":"https:\/\/api.w.org\/{rel}","templated":true}]}}