{"id":380975,"date":"2022-04-15T10:19:21","date_gmt":"2022-04-15T08:19:21","guid":{"rendered":"https:\/\/www.ecinews.fr\/?p=380975"},"modified":"2022-04-15T10:19:21","modified_gmt":"2022-04-15T08:19:21","slug":"1-hydrogene-vert-10-milliards-deuros-de-retombees-en-france-pour-les-fabricants-de-materiel-electrique","status":"publish","type":"post","link":"https:\/\/www.ecinews.fr\/fr\/1-hydrogene-vert-10-milliards-deuros-de-retombees-en-france-pour-les-fabricants-de-materiel-electrique\/","title":{"rendered":"Hydrog\u00e8ne vert : 10 milliards d\u2019euros de retomb\u00e9es en France pour les fabricants de mat\u00e9riel \u00e9lectrique"},"content":{"rendered":"<p>L\u2019hydrog\u00e8ne vert, produit \u00e0 partir de l\u2019\u00e9lectrolyse de l\u2019eau, a le vent en poupe. Vecteur d\u2019\u00e9nergie d\u00e9carbon\u00e9e n\u00e9cessaire pour atteindre l\u2019objectif de neutralit\u00e9 carbone 2050, il offre la perspective de se lib\u00e9rer de la d\u00e9pendance de la France aux \u00e9nergies fossiles dont nous observons aujourd\u2019hui les cons\u00e9quences g\u00e9opolitiques.<\/p>\n<p>Avec l\u2019\u00e9tude de march\u00e9 du GIMELEC, le syndicat professionnel de la fili\u00e8re \u00e9lectronum\u00e9rique, publi\u00e9e aujourd\u2019hui, nous savons maintenant que l\u2019hydrog\u00e8ne d\u00e9carbon\u00e9 repr\u00e9sente un potentiel \u00e9conomique colossal en France, \u00e9valu\u00e9 jusqu\u2019\u00e0 10 milliards d\u2019euros cumul\u00e9s d\u2019ici 2030 pour les fabricants de mat\u00e9riel \u00e9lectrique et d\u2019automatismes, dont une grande partie de PME et d\u2019ETI.<\/p>\n<p>\u00ab\u00a0L\u2019hydrog\u00e8ne est d\u00e9j\u00e0 massivement utilis\u00e9 dans l\u2019industrie sous sa forme dite grise, c\u2019est-\u00e0-dire produite \u00e0 partir d\u2019\u00e9nergies fossiles. Il y a aujourd\u2019hui un v\u00e9ritable regain d\u2019int\u00e9r\u00eat pour le substituer par sa forme verte, ou d\u00e9carbon\u00e9e, cons\u00e9quence collat\u00e9rale de l\u2019explosion du prix du gaz li\u00e9e \u00e0 la guerre en Ukraine. On entend beaucoup parler de l\u2019hydrog\u00e8ne pour son usage dans les transports, des voitures aux trains en passant par l\u2019aviation l\u00e9g\u00e8re. L\u2019\u00e9tude du GIMELEC montre quant \u00e0 elle que la performance environnementale et \u00e9nerg\u00e9tique de l\u2019hydrog\u00e8ne se joue surtout et d\u2019abord dans l\u2019industrie. C\u2019est l\u00e0, \u00e0 court terme, dans les usines sid\u00e9rurgiques, chimiques et de raffinage qu\u2019il permet le plus fort gain en termes de d\u00e9carbonation. On parle de 11 millions de tonnes de CO2\u00a0pouvant \u00eatre\u00a0\u00e9vit\u00e9es\u00a0chaque ann\u00e9e\u00a0soit 15% des \u00e9missions de l\u2019industrie.\u00a0\u00bb souligne Rodolphe de BEAUFORT, D\u00e9l\u00e9gu\u00e9 g\u00e9n\u00e9ral adjoint du GIMELEC.<\/p>\n<p>Plusieurs Gigafactories d\u2019\u00e9lectrolyseurs s\u2019appr\u00eatent \u00e0 sortir de terre en France\u00a0: Aspach (2022), B\u00e9ziers (2023), Belfort (2024), et Vend\u00f4me (2025). Elles devront r\u00e9pondre aux besoins qui vont exploser d\u2019ici 2030. L\u2019\u00e9tude du GIMELEC confirme le potentiel d\u2019environ 6,5 GW d\u2019\u00e9lectrolyseurs \u00e0 installer d\u2019ici 2030 en France, puis 18 GW sur la d\u00e9cennie suivante. Ces potentiels, ventil\u00e9s sur les sept\u00a0principales\u00a0r\u00e9gions industrielles du pays, font ressortir le d\u00e9fi de construction des infrastructures n\u00e9cessaires. Ce potentiel devrait \u00eatre repris dans la prochaine Strat\u00e9gie Nationale Bas Carbone afin que la France se mobilise pour la d\u00e9carbonation de son industrie puis la promotion des alternatives de mobilit\u00e9 propre, en compl\u00e9ment de l\u2019\u00e9lectrification directe. La r\u00e9ussite de la strat\u00e9gie hydrog\u00e8ne de la France d\u00e9pendra en grande partie de la mobilisation des acteurs industriels, constructeurs de mat\u00e9riel \u00e9lectrique et d\u2019infrastructures, pour coordonner leurs efforts et r\u00e9pondre ainsi \u00e0 la croissance exponentielle de ce march\u00e9. Cela est d\u2019autant plus n\u00e9cessaire que la concurrence internationale se met en place, notamment dans les pays asiatiques.<\/p>\n<p>\u00ab\u00a0Oui, nous identifions un potentiel en forte croissance atteignant, d\u00e8s 2030, 3 milliards d\u2019euros par an de retomb\u00e9es \u00e9conomiques pour les fabricants de mat\u00e9riel \u00e9lectrique\u00a0en France. Oui, il y aura des recrutements massifs, en particulier dans les territoires o\u00f9 se concentreront les efforts de d\u00e9veloppement de l\u2019hydrog\u00e8ne, en M\u00e9diterran\u00e9e et dans la Vall\u00e9e de la Seine, mais aussi partout sur le territoire national et europ\u00e9en, notamment dans les usines de composants \u00e9lectrotechniques qui sont \u00e0 la base de ces nouvelles infrastructures \u00e9nerg\u00e9tiques. Mais il faut pour cela que tout l\u2019\u00e9cosyst\u00e8me industriel travaille de concert. C\u2019est tout l\u2019objet du groupe hydrog\u00e8ne constitu\u00e9 par le GIMELEC \u00e0 l\u2019issue de son \u00e9tude : f\u00e9d\u00e9rer les offreurs de technologies au service du d\u00e9veloppement des capacit\u00e9s industrielles et de la comp\u00e9titivit\u00e9 de ce secteur.\u00a0\u00bb ajoute Rodolphe de BEAUFORT.<\/p>\n<p>&nbsp;<\/p>\n<p><a title=\"https:\/\/gimelec.fr\/wp-content\/uploads\/2022\/04\/GIMELEC-Etude-H2-Version-publique.pdf\" href=\"https:\/\/gimelec.fr\/wp-content\/uploads\/2022\/04\/GIMELEC-Etude-H2-Version-publique.pdf\">https:\/\/gimelec.fr\/wp-content\/uploads\/2022\/04\/GIMELEC-Etude-H2-Version-publique.pdf<\/a><\/p>\n<p>&nbsp;<\/p>\n<p>&nbsp;<\/p>\n<p>&nbsp;<\/p>\n","protected":false},"excerpt":{"rendered":"<p>Selon la r\u00e9cente \u00e9tude de march\u00e9 du GIMELEC, l\u2019hydrog\u00e8ne d\u00e9carbon\u00e9 repr\u00e9sente un potentiel \u00e9conomique en France \u00e9valu\u00e9 jusqu\u2019\u00e0 10 milliards d\u2019euros cumul\u00e9s d\u2019ici 2030 pour les fabricants de mat\u00e9riel \u00e9lectrique et d\u2019automatismes, dont une grande partie de PME et d\u2019ETI.<\/p>\n","protected":false},"author":36,"featured_media":380976,"comment_status":"closed","ping_status":"closed","sticky":true,"template":"","format":"standard","meta":{"_acf_changed":false,"footnotes":""},"categories":[886],"tags":[1323],"domains":[47],"ppma_author":[1154],"class_list":["post-380975","post","type-post","status-publish","format-standard","has-post-thumbnail","hentry","category-news-fr","tag-hydrogene","domains-electronique-eci"],"acf":[],"yoast_head":"<title>Hydrog\u00e8ne vert : 10 milliards d\u2019euros de retomb\u00e9es en Franc...<\/title>\n<meta name=\"description\" content=\"Selon la r\u00e9cente \u00e9tude de march\u00e9 du GIMELEC, l\u2019hydrog\u00e8ne d\u00e9carbon\u00e9 repr\u00e9sente un potentiel \u00e9conomique en France \u00e9valu\u00e9 jusqu\u2019\u00e0 10 milliards...\" \/>\n<meta name=\"robots\" content=\"index, follow, max-snippet:-1, max-image-preview:large, max-video-preview:-1\" \/>\n<link rel=\"canonical\" href=\"https:\/\/www.ecinews.fr\/fr\/wp-json\/wp\/v2\/posts\/380975\/\" \/>\n<meta property=\"og:locale\" content=\"fr_FR\" \/>\n<meta property=\"og:type\" content=\"article\" \/>\n<meta property=\"og:title\" content=\"Hydrog\u00e8ne vert : 10 milliards d\u2019euros de retomb\u00e9es en France pour les fabricants de mat\u00e9riel \u00e9lectrique\" \/>\n<meta property=\"og:description\" content=\"Selon la r\u00e9cente \u00e9tude de march\u00e9 du GIMELEC, l\u2019hydrog\u00e8ne d\u00e9carbon\u00e9 repr\u00e9sente un potentiel \u00e9conomique en France \u00e9valu\u00e9 jusqu\u2019\u00e0 10 milliards d\u2019euros cumul\u00e9s d\u2019ici 2030 pour les fabricants de mat\u00e9riel \u00e9lectrique et d\u2019automatismes, dont une grande partie de PME et d\u2019ETI.\" \/>\n<meta property=\"og:url\" content=\"https:\/\/www.ecinews.fr\/fr\/wp-json\/wp\/v2\/posts\/380975\/\" \/>\n<meta property=\"og:site_name\" content=\"EENewsEurope\" \/>\n<meta property=\"article:published_time\" content=\"2022-04-15T08:19:21+00:00\" \/>\n<meta property=\"og:image\" content=\"https:\/\/www.ecinews.fr\/wp-content\/uploads\/2022\/04\/ECI1154_Gimelec_actu.jpg\" \/>\n\t<meta property=\"og:image:width\" content=\"586\" \/>\n\t<meta property=\"og:image:height\" content=\"520\" \/>\n\t<meta property=\"og:image:type\" content=\"image\/jpeg\" \/>\n<meta name=\"author\" content=\"Alain Dieul\" \/>\n<meta name=\"twitter:card\" content=\"summary_large_image\" \/>\n<meta name=\"twitter:label1\" content=\"Written by\" \/>\n\t<meta name=\"twitter:data1\" content=\"Alain Dieul\" \/>\n\t<meta name=\"twitter:label2\" content=\"Est. reading time\" \/>\n\t<meta name=\"twitter:data2\" content=\"3 minutes\" \/>\n<script type=\"application\/ld+json\" class=\"yoast-schema-graph\">{\"@context\":\"https:\/\/schema.org\",\"@graph\":[{\"@type\":\"Article\",\"@id\":\"https:\/\/www.ecinews.fr\/fr\/1-hydrogene-vert-10-milliards-deuros-de-retombees-en-france-pour-les-fabricants-de-materiel-electrique\/#article\",\"isPartOf\":{\"@id\":\"https:\/\/www.ecinews.fr\/fr\/1-hydrogene-vert-10-milliards-deuros-de-retombees-en-france-pour-les-fabricants-de-materiel-electrique\/\"},\"author\":{\"name\":\"Alain Dieul\",\"@id\":\"https:\/\/www.eenewseurope.com\/en\/#\/schema\/person\/e4387676ad67ce722325c7832f3c3762\"},\"headline\":\"Hydrog\u00e8ne vert : 10 milliards d\u2019euros de retomb\u00e9es en France pour les fabricants de mat\u00e9riel \u00e9lectrique\",\"datePublished\":\"2022-04-15T08:19:21+00:00\",\"dateModified\":\"2022-04-15T08:19:21+00:00\",\"mainEntityOfPage\":{\"@id\":\"https:\/\/www.ecinews.fr\/fr\/1-hydrogene-vert-10-milliards-deuros-de-retombees-en-france-pour-les-fabricants-de-materiel-electrique\/\"},\"wordCount\":669,\"publisher\":{\"@id\":\"https:\/\/www.eenewseurope.com\/en\/#organization\"},\"keywords\":[\"Hydrog\u00e8ne\"],\"articleSection\":[\"Actualit\u00e9 g\u00e9n\u00e9rale\"],\"inLanguage\":\"fr-FR\"},{\"@type\":\"WebPage\",\"@id\":\"https:\/\/www.ecinews.fr\/fr\/1-hydrogene-vert-10-milliards-deuros-de-retombees-en-france-pour-les-fabricants-de-materiel-electrique\/\",\"url\":\"https:\/\/www.ecinews.fr\/fr\/1-hydrogene-vert-10-milliards-deuros-de-retombees-en-france-pour-les-fabricants-de-materiel-electrique\/\",\"name\":\"Hydrog\u00e8ne vert : 10 milliards d\u2019euros de retomb\u00e9es en France pour les fabricants de mat\u00e9riel \u00e9lectrique -\",\"isPartOf\":{\"@id\":\"https:\/\/www.eenewseurope.com\/en\/#website\"},\"datePublished\":\"2022-04-15T08:19:21+00:00\",\"dateModified\":\"2022-04-15T08:19:21+00:00\",\"breadcrumb\":{\"@id\":\"https:\/\/www.ecinews.fr\/fr\/1-hydrogene-vert-10-milliards-deuros-de-retombees-en-france-pour-les-fabricants-de-materiel-electrique\/#breadcrumb\"},\"inLanguage\":\"fr-FR\",\"potentialAction\":[{\"@type\":\"ReadAction\",\"target\":[\"https:\/\/www.ecinews.fr\/fr\/1-hydrogene-vert-10-milliards-deuros-de-retombees-en-france-pour-les-fabricants-de-materiel-electrique\/\"]}]},{\"@type\":\"BreadcrumbList\",\"@id\":\"https:\/\/www.ecinews.fr\/fr\/1-hydrogene-vert-10-milliards-deuros-de-retombees-en-france-pour-les-fabricants-de-materiel-electrique\/#breadcrumb\",\"itemListElement\":[{\"@type\":\"ListItem\",\"position\":1,\"name\":\"Home\",\"item\":\"https:\/\/www.ecinews.fr\/fr\/\"},{\"@type\":\"ListItem\",\"position\":2,\"name\":\"Hydrog\u00e8ne vert : 10 milliards d\u2019euros de retomb\u00e9es en France pour les fabricants de mat\u00e9riel \u00e9lectrique\"}]},{\"@type\":\"WebSite\",\"@id\":\"https:\/\/www.eenewseurope.com\/en\/#website\",\"url\":\"https:\/\/www.eenewseurope.com\/en\/\",\"name\":\"EENewsEurope\",\"description\":\"Just another WordPress site\",\"publisher\":{\"@id\":\"https:\/\/www.eenewseurope.com\/en\/#organization\"},\"potentialAction\":[{\"@type\":\"SearchAction\",\"target\":{\"@type\":\"EntryPoint\",\"urlTemplate\":\"https:\/\/www.eenewseurope.com\/en\/?s={search_term_string}\"},\"query-input\":\"required name=search_term_string\"}],\"inLanguage\":\"fr-FR\"},{\"@type\":\"Organization\",\"@id\":\"https:\/\/www.eenewseurope.com\/en\/#organization\",\"name\":\"EENewsEurope\",\"url\":\"https:\/\/www.eenewseurope.com\/en\/\",\"logo\":{\"@type\":\"ImageObject\",\"inLanguage\":\"fr-FR\",\"@id\":\"https:\/\/www.eenewseurope.com\/en\/#\/schema\/logo\/image\/\",\"url\":\"https:\/\/www.ecinews.fr\/wp-content\/uploads\/2022\/02\/logo-1.jpg\",\"contentUrl\":\"https:\/\/www.ecinews.fr\/wp-content\/uploads\/2022\/02\/logo-1.jpg\",\"width\":283,\"height\":113,\"caption\":\"EENewsEurope\"},\"image\":{\"@id\":\"https:\/\/www.eenewseurope.com\/en\/#\/schema\/logo\/image\/\"}},{\"@type\":\"Person\",\"@id\":\"https:\/\/www.eenewseurope.com\/en\/#\/schema\/person\/e4387676ad67ce722325c7832f3c3762\",\"name\":\"Alain Dieul\",\"image\":{\"@type\":\"ImageObject\",\"inLanguage\":\"fr-FR\",\"@id\":\"https:\/\/www.eenewseurope.com\/en\/#\/schema\/person\/image\/736120675699dbbf0f0f282b9a9cfb75\",\"url\":\"https:\/\/secure.gravatar.com\/avatar\/bc93b056d07515be5b8eecd4acf49c5c?s=96&d=mm&r=g\",\"contentUrl\":\"https:\/\/secure.gravatar.com\/avatar\/bc93b056d07515be5b8eecd4acf49c5c?s=96&d=mm&r=g\",\"caption\":\"Alain Dieul\"},\"sameAs\":[\"http:\/\/ECINews\"]}]}<\/script>","yoast_head_json":{"title":"Hydrog\u00e8ne vert : 10 milliards d\u2019euros de retomb\u00e9es en Franc...","description":"Selon la r\u00e9cente \u00e9tude de march\u00e9 du GIMELEC, l\u2019hydrog\u00e8ne d\u00e9carbon\u00e9 repr\u00e9sente un potentiel \u00e9conomique en France \u00e9valu\u00e9 jusqu\u2019\u00e0 10 milliards...","robots":{"index":"index","follow":"follow","max-snippet":"max-snippet:-1","max-image-preview":"max-image-preview:large","max-video-preview":"max-video-preview:-1"},"canonical":"https:\/\/www.ecinews.fr\/fr\/wp-json\/wp\/v2\/posts\/380975\/","og_locale":"fr_FR","og_type":"article","og_title":"Hydrog\u00e8ne vert : 10 milliards d\u2019euros de retomb\u00e9es en France pour les fabricants de mat\u00e9riel \u00e9lectrique","og_description":"Selon la r\u00e9cente \u00e9tude de march\u00e9 du GIMELEC, l\u2019hydrog\u00e8ne d\u00e9carbon\u00e9 repr\u00e9sente un potentiel \u00e9conomique en France \u00e9valu\u00e9 jusqu\u2019\u00e0 10 milliards d\u2019euros cumul\u00e9s d\u2019ici 2030 pour les fabricants de mat\u00e9riel \u00e9lectrique et d\u2019automatismes, dont une grande partie de PME et d\u2019ETI.","og_url":"https:\/\/www.ecinews.fr\/fr\/wp-json\/wp\/v2\/posts\/380975\/","og_site_name":"EENewsEurope","article_published_time":"2022-04-15T08:19:21+00:00","og_image":[{"width":586,"height":520,"url":"https:\/\/www.ecinews.fr\/wp-content\/uploads\/2022\/04\/ECI1154_Gimelec_actu.jpg","type":"image\/jpeg"}],"author":"Alain Dieul","twitter_card":"summary_large_image","twitter_misc":{"Written by":"Alain Dieul","Est. reading time":"3 minutes"},"schema":{"@context":"https:\/\/schema.org","@graph":[{"@type":"Article","@id":"https:\/\/www.ecinews.fr\/fr\/1-hydrogene-vert-10-milliards-deuros-de-retombees-en-france-pour-les-fabricants-de-materiel-electrique\/#article","isPartOf":{"@id":"https:\/\/www.ecinews.fr\/fr\/1-hydrogene-vert-10-milliards-deuros-de-retombees-en-france-pour-les-fabricants-de-materiel-electrique\/"},"author":{"name":"Alain Dieul","@id":"https:\/\/www.eenewseurope.com\/en\/#\/schema\/person\/e4387676ad67ce722325c7832f3c3762"},"headline":"Hydrog\u00e8ne vert : 10 milliards d\u2019euros de retomb\u00e9es en France pour les fabricants de mat\u00e9riel \u00e9lectrique","datePublished":"2022-04-15T08:19:21+00:00","dateModified":"2022-04-15T08:19:21+00:00","mainEntityOfPage":{"@id":"https:\/\/www.ecinews.fr\/fr\/1-hydrogene-vert-10-milliards-deuros-de-retombees-en-france-pour-les-fabricants-de-materiel-electrique\/"},"wordCount":669,"publisher":{"@id":"https:\/\/www.eenewseurope.com\/en\/#organization"},"keywords":["Hydrog\u00e8ne"],"articleSection":["Actualit\u00e9 g\u00e9n\u00e9rale"],"inLanguage":"fr-FR"},{"@type":"WebPage","@id":"https:\/\/www.ecinews.fr\/fr\/1-hydrogene-vert-10-milliards-deuros-de-retombees-en-france-pour-les-fabricants-de-materiel-electrique\/","url":"https:\/\/www.ecinews.fr\/fr\/1-hydrogene-vert-10-milliards-deuros-de-retombees-en-france-pour-les-fabricants-de-materiel-electrique\/","name":"Hydrog\u00e8ne vert : 10 milliards d\u2019euros de retomb\u00e9es en France pour les fabricants de mat\u00e9riel \u00e9lectrique -","isPartOf":{"@id":"https:\/\/www.eenewseurope.com\/en\/#website"},"datePublished":"2022-04-15T08:19:21+00:00","dateModified":"2022-04-15T08:19:21+00:00","breadcrumb":{"@id":"https:\/\/www.ecinews.fr\/fr\/1-hydrogene-vert-10-milliards-deuros-de-retombees-en-france-pour-les-fabricants-de-materiel-electrique\/#breadcrumb"},"inLanguage":"fr-FR","potentialAction":[{"@type":"ReadAction","target":["https:\/\/www.ecinews.fr\/fr\/1-hydrogene-vert-10-milliards-deuros-de-retombees-en-france-pour-les-fabricants-de-materiel-electrique\/"]}]},{"@type":"BreadcrumbList","@id":"https:\/\/www.ecinews.fr\/fr\/1-hydrogene-vert-10-milliards-deuros-de-retombees-en-france-pour-les-fabricants-de-materiel-electrique\/#breadcrumb","itemListElement":[{"@type":"ListItem","position":1,"name":"Home","item":"https:\/\/www.ecinews.fr\/fr\/"},{"@type":"ListItem","position":2,"name":"Hydrog\u00e8ne vert : 10 milliards d\u2019euros de retomb\u00e9es en France pour les fabricants de mat\u00e9riel \u00e9lectrique"}]},{"@type":"WebSite","@id":"https:\/\/www.eenewseurope.com\/en\/#website","url":"https:\/\/www.eenewseurope.com\/en\/","name":"EENewsEurope","description":"Just another WordPress site","publisher":{"@id":"https:\/\/www.eenewseurope.com\/en\/#organization"},"potentialAction":[{"@type":"SearchAction","target":{"@type":"EntryPoint","urlTemplate":"https:\/\/www.eenewseurope.com\/en\/?s={search_term_string}"},"query-input":"required name=search_term_string"}],"inLanguage":"fr-FR"},{"@type":"Organization","@id":"https:\/\/www.eenewseurope.com\/en\/#organization","name":"EENewsEurope","url":"https:\/\/www.eenewseurope.com\/en\/","logo":{"@type":"ImageObject","inLanguage":"fr-FR","@id":"https:\/\/www.eenewseurope.com\/en\/#\/schema\/logo\/image\/","url":"https:\/\/www.ecinews.fr\/wp-content\/uploads\/2022\/02\/logo-1.jpg","contentUrl":"https:\/\/www.ecinews.fr\/wp-content\/uploads\/2022\/02\/logo-1.jpg","width":283,"height":113,"caption":"EENewsEurope"},"image":{"@id":"https:\/\/www.eenewseurope.com\/en\/#\/schema\/logo\/image\/"}},{"@type":"Person","@id":"https:\/\/www.eenewseurope.com\/en\/#\/schema\/person\/e4387676ad67ce722325c7832f3c3762","name":"Alain Dieul","image":{"@type":"ImageObject","inLanguage":"fr-FR","@id":"https:\/\/www.eenewseurope.com\/en\/#\/schema\/person\/image\/736120675699dbbf0f0f282b9a9cfb75","url":"https:\/\/secure.gravatar.com\/avatar\/bc93b056d07515be5b8eecd4acf49c5c?s=96&d=mm&r=g","contentUrl":"https:\/\/secure.gravatar.com\/avatar\/bc93b056d07515be5b8eecd4acf49c5c?s=96&d=mm&r=g","caption":"Alain Dieul"},"sameAs":["http:\/\/ECINews"]}]}},"authors":[{"term_id":1154,"user_id":36,"is_guest":0,"slug":"alain-dieul","display_name":"Alain Dieul","avatar_url":"https:\/\/secure.gravatar.com\/avatar\/bc93b056d07515be5b8eecd4acf49c5c?s=96&d=mm&r=g","0":null,"1":"","2":"","3":"","4":"","5":"","6":"","7":"","8":""}],"_links":{"self":[{"href":"https:\/\/www.ecinews.fr\/fr\/wp-json\/wp\/v2\/posts\/380975"}],"collection":[{"href":"https:\/\/www.ecinews.fr\/fr\/wp-json\/wp\/v2\/posts"}],"about":[{"href":"https:\/\/www.ecinews.fr\/fr\/wp-json\/wp\/v2\/types\/post"}],"author":[{"embeddable":true,"href":"https:\/\/www.ecinews.fr\/fr\/wp-json\/wp\/v2\/users\/36"}],"replies":[{"embeddable":true,"href":"https:\/\/www.ecinews.fr\/fr\/wp-json\/wp\/v2\/comments?post=380975"}],"version-history":[{"count":0,"href":"https:\/\/www.ecinews.fr\/fr\/wp-json\/wp\/v2\/posts\/380975\/revisions"}],"wp:featuredmedia":[{"embeddable":true,"href":"https:\/\/www.ecinews.fr\/fr\/wp-json\/wp\/v2\/media\/380976"}],"wp:attachment":[{"href":"https:\/\/www.ecinews.fr\/fr\/wp-json\/wp\/v2\/media?parent=380975"}],"wp:term":[{"taxonomy":"category","embeddable":true,"href":"https:\/\/www.ecinews.fr\/fr\/wp-json\/wp\/v2\/categories?post=380975"},{"taxonomy":"post_tag","embeddable":true,"href":"https:\/\/www.ecinews.fr\/fr\/wp-json\/wp\/v2\/tags?post=380975"},{"taxonomy":"domains","embeddable":true,"href":"https:\/\/www.ecinews.fr\/fr\/wp-json\/wp\/v2\/domains?post=380975"},{"taxonomy":"author","embeddable":true,"href":"https:\/\/www.ecinews.fr\/fr\/wp-json\/wp\/v2\/ppma_author?post=380975"}],"curies":[{"name":"wp","href":"https:\/\/api.w.org\/{rel}","templated":true}]}}