{"id":380619,"date":"2022-04-14T09:44:07","date_gmt":"2022-04-14T07:44:07","guid":{"rendered":"https:\/\/www.ecinews.fr\/?p=380619"},"modified":"2022-04-14T09:44:07","modified_gmt":"2022-04-14T07:44:07","slug":"capteurs-laser-precis-pour-lautomatisation","status":"publish","type":"post","link":"https:\/\/www.ecinews.fr\/fr\/capteurs-laser-precis-pour-lautomatisation\/","title":{"rendered":"Capteurs laser pr\u00e9cis pour l&rsquo;automatisation"},"content":{"rendered":"<p>Destin\u00e9s aux t\u00e2ches d&rsquo;automatisation exigeantes telles que dans l&rsquo;industrie automobile, dans les applications d&rsquo;impression 3D ou de robotique, les capteurs laser de la s\u00e9rie optoNCDT 1900 de Micro-Epsilon fournissent des informations sur le d\u00e9placement, la distance et la position. Ils sont pr\u00e9destin\u00e9s aux t\u00e2ches de mesure qui n\u00e9cessitent des capteurs compacts avec une pr\u00e9cision et une fr\u00e9quence de mesure \u00e9lev\u00e9es.<\/p>\n<p>Avec l&rsquo;introduction de capteurs de point laser suppl\u00e9mentaires de la s\u00e9rie optoNCDT 1900, des plages de mesure de 2 \u00e0 500\u00a0mm sont d\u00e9sormais prises en charge. Ils sont utilis\u00e9s, entre autres, dans les machines \u00e0 mesurer tridimensionnelles et dans l&rsquo;impression 3D.<\/p>\n<p>Pour les t\u00e2ches de mesure exigeantes, Micro-Epsilon propose des capteurs laser \u00e0 lignes laser (LL) pour les surfaces m\u00e9talliques et structur\u00e9es. Leur petit spot lumineux ovale compense les fines irr\u00e9gularit\u00e9s de la surface. Les nouveaux mod\u00e8les prennent d\u00e9sormais en charge des plages de mesure de 2 \u00e0 25\u00a0mm. Les capteurs dynamiques impressionnent par leur taille compacte, leur large \u00e9ventail d&rsquo;applications et leurs r\u00e9sultats de mesure pr\u00e9cis.<\/p>\n<p>L&rsquo;Advanced Surface Compensation assure un r\u00e9glage optimal d&rsquo;exposition sur les surfaces simples ainsi que sur les surfaces exigeantes. De plus, le capteur offre une haute immunit\u00e9 \u00e0 la lumi\u00e8re ambiante, ce qui lui permet \u00e9galement d&rsquo;\u00eatre utilis\u00e9 dans des environnements fortement \u00e9clair\u00e9s. La d\u00e9termination en deux \u00e9tapes des valeurs mesur\u00e9es assure une stabilit\u00e9 maximale et une courbe de signal pr\u00e9cise, m\u00eame sur les d\u00e9nivel\u00e9es et les ar\u00eates.<\/p>\n<p>www.micro-epsilon.fr<\/p>\n","protected":false},"excerpt":{"rendered":"<p>Les capteurs laser de la s\u00e9rie optoNCDT 1900 de Micro-Epsilon sont pr\u00e9destin\u00e9s aux t\u00e2ches de mesure qui n\u00e9cessitent des capteurs compacts avec une pr\u00e9cision et une fr\u00e9quence de mesure \u00e9lev\u00e9es.<\/p>\n","protected":false},"author":36,"featured_media":380625,"comment_status":"closed","ping_status":"closed","sticky":false,"template":"","format":"standard","meta":{"_acf_changed":false,"footnotes":""},"categories":[881],"tags":[937],"domains":[47],"ppma_author":[1154],"class_list":["post-380619","post","type-post","status-publish","format-standard","has-post-thumbnail","hentry","category-nouveaux-produits","tag-capteur","domains-electronique-eci"],"acf":[],"yoast_head":"<title>Capteurs laser pr\u00e9cis pour l&#039;automatisation ...<\/title>\n<meta name=\"description\" content=\"Les capteurs laser de la s\u00e9rie optoNCDT 1900 de Micro-Epsilon sont pr\u00e9destin\u00e9s aux t\u00e2ches de mesure qui n\u00e9cessitent des capteurs compacts avec une...\" \/>\n<meta name=\"robots\" content=\"index, follow, max-snippet:-1, max-image-preview:large, max-video-preview:-1\" \/>\n<link rel=\"canonical\" href=\"https:\/\/www.ecinews.fr\/fr\/wp-json\/wp\/v2\/posts\/380619\/\" \/>\n<meta property=\"og:locale\" content=\"fr_FR\" \/>\n<meta property=\"og:type\" content=\"article\" \/>\n<meta property=\"og:title\" content=\"Capteurs laser pr\u00e9cis pour l&#039;automatisation\" \/>\n<meta property=\"og:description\" content=\"Les capteurs laser de la s\u00e9rie optoNCDT 1900 de Micro-Epsilon sont pr\u00e9destin\u00e9s aux t\u00e2ches de mesure qui n\u00e9cessitent des capteurs compacts avec une pr\u00e9cision et une fr\u00e9quence de mesure \u00e9lev\u00e9es.\" \/>\n<meta property=\"og:url\" content=\"https:\/\/www.ecinews.fr\/fr\/wp-json\/wp\/v2\/posts\/380619\/\" \/>\n<meta property=\"og:site_name\" content=\"EENewsEurope\" \/>\n<meta property=\"article:published_time\" content=\"2022-04-14T07:44:07+00:00\" \/>\n<meta property=\"og:image\" content=\"https:\/\/www.ecinews.fr\/wp-content\/uploads\/2022\/04\/ECI1151_Micro_Epsilon_OK-scaled.jpg\" \/>\n\t<meta property=\"og:image:width\" content=\"1080\" \/>\n\t<meta property=\"og:image:height\" content=\"895\" \/>\n\t<meta property=\"og:image:type\" content=\"image\/jpeg\" \/>\n<meta name=\"author\" content=\"Alain Dieul\" \/>\n<meta name=\"twitter:card\" content=\"summary_large_image\" \/>\n<meta name=\"twitter:label1\" content=\"Written by\" \/>\n\t<meta name=\"twitter:data1\" content=\"Alain Dieul\" \/>\n\t<meta name=\"twitter:label2\" content=\"Est. reading time\" \/>\n\t<meta name=\"twitter:data2\" content=\"2 minutes\" \/>\n<script type=\"application\/ld+json\" class=\"yoast-schema-graph\">{\"@context\":\"https:\/\/schema.org\",\"@graph\":[{\"@type\":\"Article\",\"@id\":\"https:\/\/www.ecinews.fr\/fr\/capteurs-laser-precis-pour-lautomatisation\/#article\",\"isPartOf\":{\"@id\":\"https:\/\/www.ecinews.fr\/fr\/capteurs-laser-precis-pour-lautomatisation\/\"},\"author\":{\"name\":\"Alain Dieul\",\"@id\":\"https:\/\/www.ecinews.fr\/fr\/#\/schema\/person\/e4387676ad67ce722325c7832f3c3762\"},\"headline\":\"Capteurs laser pr\u00e9cis pour l&rsquo;automatisation\",\"datePublished\":\"2022-04-14T07:44:07+00:00\",\"dateModified\":\"2022-04-14T07:44:07+00:00\",\"mainEntityOfPage\":{\"@id\":\"https:\/\/www.ecinews.fr\/fr\/capteurs-laser-precis-pour-lautomatisation\/\"},\"wordCount\":278,\"publisher\":{\"@id\":\"https:\/\/www.ecinews.fr\/fr\/#organization\"},\"keywords\":[\"Capteur\"],\"articleSection\":[\"Nouveaux produits\"],\"inLanguage\":\"fr-FR\"},{\"@type\":\"WebPage\",\"@id\":\"https:\/\/www.ecinews.fr\/fr\/capteurs-laser-precis-pour-lautomatisation\/\",\"url\":\"https:\/\/www.ecinews.fr\/fr\/capteurs-laser-precis-pour-lautomatisation\/\",\"name\":\"Capteurs laser pr\u00e9cis pour l'automatisation -\",\"isPartOf\":{\"@id\":\"https:\/\/www.ecinews.fr\/fr\/#website\"},\"datePublished\":\"2022-04-14T07:44:07+00:00\",\"dateModified\":\"2022-04-14T07:44:07+00:00\",\"breadcrumb\":{\"@id\":\"https:\/\/www.ecinews.fr\/fr\/capteurs-laser-precis-pour-lautomatisation\/#breadcrumb\"},\"inLanguage\":\"fr-FR\",\"potentialAction\":[{\"@type\":\"ReadAction\",\"target\":[\"https:\/\/www.ecinews.fr\/fr\/capteurs-laser-precis-pour-lautomatisation\/\"]}]},{\"@type\":\"BreadcrumbList\",\"@id\":\"https:\/\/www.ecinews.fr\/fr\/capteurs-laser-precis-pour-lautomatisation\/#breadcrumb\",\"itemListElement\":[{\"@type\":\"ListItem\",\"position\":1,\"name\":\"Home\",\"item\":\"https:\/\/www.ecinews.fr\/fr\/\"},{\"@type\":\"ListItem\",\"position\":2,\"name\":\"Capteurs laser pr\u00e9cis pour l&rsquo;automatisation\"}]},{\"@type\":\"WebSite\",\"@id\":\"https:\/\/www.ecinews.fr\/fr\/#website\",\"url\":\"https:\/\/www.ecinews.fr\/fr\/\",\"name\":\"EENewsEurope\",\"description\":\"Just another WordPress site\",\"publisher\":{\"@id\":\"https:\/\/www.ecinews.fr\/fr\/#organization\"},\"potentialAction\":[{\"@type\":\"SearchAction\",\"target\":{\"@type\":\"EntryPoint\",\"urlTemplate\":\"https:\/\/www.ecinews.fr\/fr\/?s={search_term_string}\"},\"query-input\":\"required name=search_term_string\"}],\"inLanguage\":\"fr-FR\"},{\"@type\":\"Organization\",\"@id\":\"https:\/\/www.ecinews.fr\/fr\/#organization\",\"name\":\"EENewsEurope\",\"url\":\"https:\/\/www.ecinews.fr\/fr\/\",\"logo\":{\"@type\":\"ImageObject\",\"inLanguage\":\"fr-FR\",\"@id\":\"https:\/\/www.ecinews.fr\/fr\/#\/schema\/logo\/image\/\",\"url\":\"https:\/\/www.ecinews.fr\/wp-content\/uploads\/2022\/02\/logo-1.jpg\",\"contentUrl\":\"https:\/\/www.ecinews.fr\/wp-content\/uploads\/2022\/02\/logo-1.jpg\",\"width\":283,\"height\":113,\"caption\":\"EENewsEurope\"},\"image\":{\"@id\":\"https:\/\/www.ecinews.fr\/fr\/#\/schema\/logo\/image\/\"}},{\"@type\":\"Person\",\"@id\":\"https:\/\/www.ecinews.fr\/fr\/#\/schema\/person\/e4387676ad67ce722325c7832f3c3762\",\"name\":\"Alain Dieul\",\"image\":{\"@type\":\"ImageObject\",\"inLanguage\":\"fr-FR\",\"@id\":\"https:\/\/www.ecinews.fr\/fr\/#\/schema\/person\/image\/736120675699dbbf0f0f282b9a9cfb75\",\"url\":\"https:\/\/secure.gravatar.com\/avatar\/bc93b056d07515be5b8eecd4acf49c5c?s=96&d=mm&r=g\",\"contentUrl\":\"https:\/\/secure.gravatar.com\/avatar\/bc93b056d07515be5b8eecd4acf49c5c?s=96&d=mm&r=g\",\"caption\":\"Alain Dieul\"},\"sameAs\":[\"http:\/\/ECINews\"]}]}<\/script>","yoast_head_json":{"title":"Capteurs laser pr\u00e9cis pour l'automatisation ...","description":"Les capteurs laser de la s\u00e9rie optoNCDT 1900 de Micro-Epsilon sont pr\u00e9destin\u00e9s aux t\u00e2ches de mesure qui n\u00e9cessitent des capteurs compacts avec une...","robots":{"index":"index","follow":"follow","max-snippet":"max-snippet:-1","max-image-preview":"max-image-preview:large","max-video-preview":"max-video-preview:-1"},"canonical":"https:\/\/www.ecinews.fr\/fr\/wp-json\/wp\/v2\/posts\/380619\/","og_locale":"fr_FR","og_type":"article","og_title":"Capteurs laser pr\u00e9cis pour l'automatisation","og_description":"Les capteurs laser de la s\u00e9rie optoNCDT 1900 de Micro-Epsilon sont pr\u00e9destin\u00e9s aux t\u00e2ches de mesure qui n\u00e9cessitent des capteurs compacts avec une pr\u00e9cision et une fr\u00e9quence de mesure \u00e9lev\u00e9es.","og_url":"https:\/\/www.ecinews.fr\/fr\/wp-json\/wp\/v2\/posts\/380619\/","og_site_name":"EENewsEurope","article_published_time":"2022-04-14T07:44:07+00:00","og_image":[{"width":1080,"height":895,"url":"https:\/\/www.ecinews.fr\/wp-content\/uploads\/2022\/04\/ECI1151_Micro_Epsilon_OK-scaled.jpg","type":"image\/jpeg"}],"author":"Alain Dieul","twitter_card":"summary_large_image","twitter_misc":{"Written by":"Alain Dieul","Est. reading time":"2 minutes"},"schema":{"@context":"https:\/\/schema.org","@graph":[{"@type":"Article","@id":"https:\/\/www.ecinews.fr\/fr\/capteurs-laser-precis-pour-lautomatisation\/#article","isPartOf":{"@id":"https:\/\/www.ecinews.fr\/fr\/capteurs-laser-precis-pour-lautomatisation\/"},"author":{"name":"Alain Dieul","@id":"https:\/\/www.ecinews.fr\/fr\/#\/schema\/person\/e4387676ad67ce722325c7832f3c3762"},"headline":"Capteurs laser pr\u00e9cis pour l&rsquo;automatisation","datePublished":"2022-04-14T07:44:07+00:00","dateModified":"2022-04-14T07:44:07+00:00","mainEntityOfPage":{"@id":"https:\/\/www.ecinews.fr\/fr\/capteurs-laser-precis-pour-lautomatisation\/"},"wordCount":278,"publisher":{"@id":"https:\/\/www.ecinews.fr\/fr\/#organization"},"keywords":["Capteur"],"articleSection":["Nouveaux produits"],"inLanguage":"fr-FR"},{"@type":"WebPage","@id":"https:\/\/www.ecinews.fr\/fr\/capteurs-laser-precis-pour-lautomatisation\/","url":"https:\/\/www.ecinews.fr\/fr\/capteurs-laser-precis-pour-lautomatisation\/","name":"Capteurs laser pr\u00e9cis pour l'automatisation -","isPartOf":{"@id":"https:\/\/www.ecinews.fr\/fr\/#website"},"datePublished":"2022-04-14T07:44:07+00:00","dateModified":"2022-04-14T07:44:07+00:00","breadcrumb":{"@id":"https:\/\/www.ecinews.fr\/fr\/capteurs-laser-precis-pour-lautomatisation\/#breadcrumb"},"inLanguage":"fr-FR","potentialAction":[{"@type":"ReadAction","target":["https:\/\/www.ecinews.fr\/fr\/capteurs-laser-precis-pour-lautomatisation\/"]}]},{"@type":"BreadcrumbList","@id":"https:\/\/www.ecinews.fr\/fr\/capteurs-laser-precis-pour-lautomatisation\/#breadcrumb","itemListElement":[{"@type":"ListItem","position":1,"name":"Home","item":"https:\/\/www.ecinews.fr\/fr\/"},{"@type":"ListItem","position":2,"name":"Capteurs laser pr\u00e9cis pour l&rsquo;automatisation"}]},{"@type":"WebSite","@id":"https:\/\/www.ecinews.fr\/fr\/#website","url":"https:\/\/www.ecinews.fr\/fr\/","name":"EENewsEurope","description":"Just another WordPress site","publisher":{"@id":"https:\/\/www.ecinews.fr\/fr\/#organization"},"potentialAction":[{"@type":"SearchAction","target":{"@type":"EntryPoint","urlTemplate":"https:\/\/www.ecinews.fr\/fr\/?s={search_term_string}"},"query-input":"required name=search_term_string"}],"inLanguage":"fr-FR"},{"@type":"Organization","@id":"https:\/\/www.ecinews.fr\/fr\/#organization","name":"EENewsEurope","url":"https:\/\/www.ecinews.fr\/fr\/","logo":{"@type":"ImageObject","inLanguage":"fr-FR","@id":"https:\/\/www.ecinews.fr\/fr\/#\/schema\/logo\/image\/","url":"https:\/\/www.ecinews.fr\/wp-content\/uploads\/2022\/02\/logo-1.jpg","contentUrl":"https:\/\/www.ecinews.fr\/wp-content\/uploads\/2022\/02\/logo-1.jpg","width":283,"height":113,"caption":"EENewsEurope"},"image":{"@id":"https:\/\/www.ecinews.fr\/fr\/#\/schema\/logo\/image\/"}},{"@type":"Person","@id":"https:\/\/www.ecinews.fr\/fr\/#\/schema\/person\/e4387676ad67ce722325c7832f3c3762","name":"Alain Dieul","image":{"@type":"ImageObject","inLanguage":"fr-FR","@id":"https:\/\/www.ecinews.fr\/fr\/#\/schema\/person\/image\/736120675699dbbf0f0f282b9a9cfb75","url":"https:\/\/secure.gravatar.com\/avatar\/bc93b056d07515be5b8eecd4acf49c5c?s=96&d=mm&r=g","contentUrl":"https:\/\/secure.gravatar.com\/avatar\/bc93b056d07515be5b8eecd4acf49c5c?s=96&d=mm&r=g","caption":"Alain Dieul"},"sameAs":["http:\/\/ECINews"]}]}},"authors":[{"term_id":1154,"user_id":36,"is_guest":0,"slug":"alain-dieul","display_name":"Alain Dieul","avatar_url":"https:\/\/secure.gravatar.com\/avatar\/bc93b056d07515be5b8eecd4acf49c5c?s=96&d=mm&r=g","0":null,"1":"","2":"","3":"","4":"","5":"","6":"","7":"","8":""}],"_links":{"self":[{"href":"https:\/\/www.ecinews.fr\/fr\/wp-json\/wp\/v2\/posts\/380619"}],"collection":[{"href":"https:\/\/www.ecinews.fr\/fr\/wp-json\/wp\/v2\/posts"}],"about":[{"href":"https:\/\/www.ecinews.fr\/fr\/wp-json\/wp\/v2\/types\/post"}],"author":[{"embeddable":true,"href":"https:\/\/www.ecinews.fr\/fr\/wp-json\/wp\/v2\/users\/36"}],"replies":[{"embeddable":true,"href":"https:\/\/www.ecinews.fr\/fr\/wp-json\/wp\/v2\/comments?post=380619"}],"version-history":[{"count":0,"href":"https:\/\/www.ecinews.fr\/fr\/wp-json\/wp\/v2\/posts\/380619\/revisions"}],"wp:featuredmedia":[{"embeddable":true,"href":"https:\/\/www.ecinews.fr\/fr\/wp-json\/wp\/v2\/media\/380625"}],"wp:attachment":[{"href":"https:\/\/www.ecinews.fr\/fr\/wp-json\/wp\/v2\/media?parent=380619"}],"wp:term":[{"taxonomy":"category","embeddable":true,"href":"https:\/\/www.ecinews.fr\/fr\/wp-json\/wp\/v2\/categories?post=380619"},{"taxonomy":"post_tag","embeddable":true,"href":"https:\/\/www.ecinews.fr\/fr\/wp-json\/wp\/v2\/tags?post=380619"},{"taxonomy":"domains","embeddable":true,"href":"https:\/\/www.ecinews.fr\/fr\/wp-json\/wp\/v2\/domains?post=380619"},{"taxonomy":"author","embeddable":true,"href":"https:\/\/www.ecinews.fr\/fr\/wp-json\/wp\/v2\/ppma_author?post=380619"}],"curies":[{"name":"wp","href":"https:\/\/api.w.org\/{rel}","templated":true}]}}