{"id":38028,"date":"2021-01-27T17:59:44","date_gmt":"2021-01-27T17:59:44","guid":{"rendered":"https:\/\/\/technologies-quantiques-un-objectif-majeur-pour-la-region-nouvelle-aquitaine-autour-de-naquidis\/"},"modified":"2021-01-27T17:59:44","modified_gmt":"2021-01-27T17:59:44","slug":"technologies-quantiques-un-objectif-majeur-pour-la-region-nouvelle-aquitaine-autour-de-naquidis","status":"publish","type":"post","link":"https:\/\/www.ecinews.fr\/fr\/technologies-quantiques-un-objectif-majeur-pour-la-region-nouvelle-aquitaine-autour-de-naquidis\/","title":{"rendered":"Technologies quantiques : un objectif majeur pour la R\u00e9gion Nouvelle-Aquitaine autour de NaQuiDis"},"content":{"rendered":"<p>Le&nbsp;NaQuiDis&nbsp;Center aura \u00e9galement pour mission d&rsquo;assurer un r\u00f4le d&rsquo;animateur pour la communaut\u00e9 \u00ab&nbsp;quantique&nbsp;\u00bb. Il vise \u00e0 positionner la r\u00e9gion en tant que leader national dans ce domaine et offrira \u00e0 la fili\u00e8re une visibilit\u00e9 internationale. Dot\u00e9 de 10 M\u20ac&nbsp;sur 4 ans 2020-2023, il est financ\u00e9 \u00e0 50% par la R\u00e9gion. Ce projet permettra le recrutement d&rsquo;un charg\u00e9 de projet ainsi que 3 directeurs de chaires, chercheurs issus des&nbsp;laboratoires de recherche des partenaires du projet. Ils auront pour objectif le d\u00e9veloppement de chaires r\u00e9gionales, permettant le recrutement et la venue en&nbsp;r\u00e9gion Nouvelle-Aquitaine de personnalit\u00e9s scientifiques reconnues internationalement autour de&nbsp;3 th\u00e9matiques quantiques&nbsp;:&nbsp;\u00ab Capteurs&nbsp;&#8211;&nbsp;sensing&nbsp;\u00bb ; \u00ab Composants et architecture \u00bb et \u00ab Ing\u00e9nierie logicielle et communication quantique \u00bb.<br \/>\nSi les potentialit\u00e9s du quantique sont immenses, certains secteurs semblent particuli\u00e8rement porteurs&nbsp;:<br \/>\n<strong>-La&nbsp;sant\u00e9&nbsp;:<\/strong> Les technologies quantiques peuvent&nbsp;r\u00e9volutionner la recherche m\u00e9dicale et la sant\u00e9. Les capteurs quantiques pourraient par exemple d\u00e9tecter tr\u00e8s pr\u00e9cis\u00e9ment des champs magn\u00e9tiques infimes, avec&nbsp;des applications dans&nbsp;l&rsquo;\u00e9tude du cerveau, la neurologie, mais aussi la pneumologie. L&rsquo;exploitation des \u00e9tats quantiques pourrait aussi supprimer le \u00ab bruit&nbsp;\u00bb&nbsp;des images m\u00e9dicales et les rendre encore plus lisibles. Le calcul quantique pourrait aussi acc\u00e9l\u00e9rer la d\u00e9couverte de nouvelles mol\u00e9cules ou traitements gr\u00e2ce \u00e0 la puissance de calcul.<br \/>\n<strong>&#8211; L&rsquo;environnement&nbsp;:<\/strong> L&rsquo;\u00e9tude et la surveillance de l&rsquo;environnement pourrait aussi \u00eatre profond\u00e9ment modifi\u00e9 par les technologies quantiques. Les capteurs pourraient permettre&nbsp;la surveillance des nappes souterraines, la d\u00e9tection de poches de magma au sein des volcans, la d\u00e9tection des micros\u00e9ismes annonciateurs de catastrophes. La puissance du calcul pourrait permettre d&rsquo;am\u00e9liorer encore les pr\u00e9dictions qui n\u00e9cessitent le traitement, parfois en temps r\u00e9el, de milliards de donn\u00e9es.<\/p>\n<p>Les technologies quantiques peuvent aussi r\u00e9volutionner notre quotidien, en s\u00e9curisant les communications, avec un nouvel internet quantique, en rendant les syst\u00e8mes de navigation plus fiables, et plus s\u00fbrs, par exemple.<\/p>\n<p><strong><u>Comment est n\u00e9&nbsp;NaQuiDis&nbsp;?<\/u><\/strong><br \/>\nUn&nbsp;accord de partenariat strat\u00e9gique&nbsp;entre les diff\u00e9rents partenaires a \u00e9t\u00e9 pr\u00e9sent\u00e9 et valid\u00e9 en&nbsp;s\u00e9ance&nbsp;pl\u00e9ni\u00e8re d&rsquo;octobre 2020. Celui-ci formalise l&rsquo;intention commune des partenaires d&rsquo;initier le&nbsp;centre d&rsquo;innovation&nbsp;NaQuiDis&nbsp;Center et d\u00e9finit les grands principes du partenariat. Le porteur&nbsp;est IOGS. Les partenaires&nbsp;: la R\u00e9gion Nouvelle-Aquitaine, le&nbsp;CNRS,&nbsp;l&rsquo;Universit\u00e9 de Bordeaux (avec les laboratoires&nbsp;LP2N, LOMA, CELIA, IMB, IMS), l&rsquo;Universit\u00e9 de Limoges (avec le laboratoire XLIM), le p\u00f4le ALPHA RLH. Le&nbsp;NaQuiDis&nbsp;Center d\u00e9veloppera des partenariats privil\u00e9gi\u00e9s avec les structures d&rsquo;innovations locales comme les&nbsp;centres de transfert de technologie (ALPHANOV, CISTEME, CATIE et CANOE), les structures d&rsquo;accompagnement au transfert de technologie \u00e0 la maturation et \u00e0 la valorisation de&nbsp;projets (UNITEC, SATT AST, AVRUL), ainsi qu&rsquo;avec des organismes nationaux et internationaux comme le CEA, la DGA et l&rsquo;AID, le CNES, l&rsquo;ESA, l&rsquo;EDA,&nbsp;&#8230;<\/p>\n<p><strong>Les prochaines \u00e9tapes<\/strong> (calendrier du&nbsp;premier semestre 2021):<br \/>\n&#8211; constitution d&rsquo;un conseil scientifique.<br \/>\n&#8211; recrutement d&rsquo;un charg\u00e9 de projet.<br \/>\n&#8211;&nbsp;recrutement de 3 directeurs de chaires, des chercheurs issus des&nbsp;laboratoires de recherche des partenaires du projet. Ils auront pour objectif le d\u00e9veloppement de chaires r\u00e9gionales, permettant le recrutement et la venue en&nbsp;r\u00e9gion de personnalit\u00e9s scientifiques reconnues internationalement autour de 3 th\u00e9matiques quantiques : \u00ab Capteurs&nbsp;&#8211;&nbsp;sensing&nbsp;\u00bb ;&nbsp;\u00ab&nbsp;Composants et architecture \u00bb ; et \u00ab Ing\u00e9nierie logicielle et communication quantique \u00bb.<\/p>\n<p>Ces trois th\u00e9matiques viendront consolider la recherche r\u00e9gionale dans le domaine du quantique, pour lui donner une comp\u00e9titivit\u00e9 au meilleur niveau international. Chaque&nbsp;chaire sera dot\u00e9e financi\u00e8rement et disposera de moyens mat\u00e9riels (locaux, \u00e9quipements&#8230;) fournis par les partenaires.<\/p>\n","protected":false},"excerpt":{"rendered":"<p>Soutenu par la r\u00e9gion Nouvelle-Aquitaine, le projet NaQuiDis Center regroupera des scientifiques de renomm\u00e9e internationale et agr\u00e8gera recherche fondamentale et d\u00e9veloppement applicatif autour des technologies quantiques. Ce centre d\u00e9veloppera des projets de recherche de plus haut niveau avec un objectif de transfert de technologie et de cr\u00e9ation de nouvelles entreprises sur le territoire. <\/p>\n","protected":false},"author":9,"featured_media":161756,"comment_status":"open","ping_status":"closed","sticky":false,"template":"","format":"standard","meta":{"_acf_changed":false,"footnotes":""},"categories":[],"tags":[],"domains":[47],"ppma_author":[1141],"class_list":["post-38028","post","type-post","status-publish","format-standard","has-post-thumbnail","hentry","domains-electronique-eci"],"acf":[],"yoast_head":"<title>Technologies quantiques : un objectif majeur pour la R\u00e9gion No...<\/title>\n<meta name=\"description\" content=\"Soutenu par la r\u00e9gion Nouvelle-Aquitaine, le projet NaQuiDis Center regroupera des scientifiques de renomm\u00e9e internationale et agr\u00e8gera recherche...\" \/>\n<meta name=\"robots\" content=\"index, follow, max-snippet:-1, max-image-preview:large, max-video-preview:-1\" \/>\n<link rel=\"canonical\" href=\"https:\/\/www.ecinews.fr\/fr\/wp-json\/wp\/v2\/posts\/38028\/\" \/>\n<meta property=\"og:locale\" content=\"fr_FR\" \/>\n<meta property=\"og:type\" content=\"article\" \/>\n<meta property=\"og:title\" content=\"Technologies quantiques : un objectif majeur pour la R\u00e9gion Nouvelle-Aquitaine autour de NaQuiDis\" \/>\n<meta property=\"og:description\" content=\"Soutenu par la r\u00e9gion Nouvelle-Aquitaine, le projet NaQuiDis Center regroupera des scientifiques de renomm\u00e9e internationale et agr\u00e8gera recherche fondamentale et d\u00e9veloppement applicatif autour des technologies quantiques. Ce centre d\u00e9veloppera des projets de recherche de plus haut niveau avec un objectif de transfert de technologie et de cr\u00e9ation de nouvelles entreprises sur le territoire.\" \/>\n<meta property=\"og:url\" content=\"https:\/\/www.ecinews.fr\/fr\/wp-json\/wp\/v2\/posts\/38028\/\" \/>\n<meta property=\"og:site_name\" content=\"EENewsEurope\" \/>\n<meta property=\"article:published_time\" content=\"2021-01-27T17:59:44+00:00\" \/>\n<meta property=\"og:image\" content=\"https:\/\/www.ecinews.fr\/wp-content\/uploads\/import\/default\/files\/sites\/default\/files\/images\/eci9063_naquidis_actu.jpg\" \/>\n\t<meta property=\"og:image:width\" content=\"378\" \/>\n\t<meta property=\"og:image:height\" content=\"337\" \/>\n\t<meta property=\"og:image:type\" content=\"image\/jpeg\" \/>\n<meta name=\"author\" content=\"Alain Dieul\" \/>\n<meta name=\"twitter:card\" content=\"summary_large_image\" \/>\n<meta name=\"twitter:label1\" content=\"Written by\" \/>\n\t<meta name=\"twitter:data1\" content=\"Alain Dieul\" \/>\n\t<meta name=\"twitter:label2\" content=\"Est. reading time\" \/>\n\t<meta name=\"twitter:data2\" content=\"3 minutes\" \/>\n<script type=\"application\/ld+json\" class=\"yoast-schema-graph\">{\"@context\":\"https:\/\/schema.org\",\"@graph\":[{\"@type\":\"Article\",\"@id\":\"https:\/\/www.ecinews.fr\/fr\/technologies-quantiques-un-objectif-majeur-pour-la-region-nouvelle-aquitaine-autour-de-naquidis\/#article\",\"isPartOf\":{\"@id\":\"https:\/\/www.ecinews.fr\/fr\/technologies-quantiques-un-objectif-majeur-pour-la-region-nouvelle-aquitaine-autour-de-naquidis\/\"},\"author\":{\"name\":\"Alain Dieul\",\"@id\":\"https:\/\/www.ecinews.fr\/fr\/#\/schema\/person\/568c789a4794bd460460501ba91f5daf\"},\"headline\":\"Technologies quantiques : un objectif majeur pour la R\u00e9gion Nouvelle-Aquitaine autour de NaQuiDis\",\"datePublished\":\"2021-01-27T17:59:44+00:00\",\"dateModified\":\"2021-01-27T17:59:44+00:00\",\"mainEntityOfPage\":{\"@id\":\"https:\/\/www.ecinews.fr\/fr\/technologies-quantiques-un-objectif-majeur-pour-la-region-nouvelle-aquitaine-autour-de-naquidis\/\"},\"wordCount\":688,\"commentCount\":0,\"publisher\":{\"@id\":\"https:\/\/www.ecinews.fr\/fr\/#organization\"},\"inLanguage\":\"fr-FR\",\"potentialAction\":[{\"@type\":\"CommentAction\",\"name\":\"Comment\",\"target\":[\"https:\/\/www.ecinews.fr\/fr\/technologies-quantiques-un-objectif-majeur-pour-la-region-nouvelle-aquitaine-autour-de-naquidis\/#respond\"]}]},{\"@type\":\"WebPage\",\"@id\":\"https:\/\/www.ecinews.fr\/fr\/technologies-quantiques-un-objectif-majeur-pour-la-region-nouvelle-aquitaine-autour-de-naquidis\/\",\"url\":\"https:\/\/www.ecinews.fr\/fr\/technologies-quantiques-un-objectif-majeur-pour-la-region-nouvelle-aquitaine-autour-de-naquidis\/\",\"name\":\"Technologies quantiques : un objectif majeur pour la R\u00e9gion Nouvelle-Aquitaine autour de NaQuiDis -\",\"isPartOf\":{\"@id\":\"https:\/\/www.ecinews.fr\/fr\/#website\"},\"datePublished\":\"2021-01-27T17:59:44+00:00\",\"dateModified\":\"2021-01-27T17:59:44+00:00\",\"breadcrumb\":{\"@id\":\"https:\/\/www.ecinews.fr\/fr\/technologies-quantiques-un-objectif-majeur-pour-la-region-nouvelle-aquitaine-autour-de-naquidis\/#breadcrumb\"},\"inLanguage\":\"fr-FR\",\"potentialAction\":[{\"@type\":\"ReadAction\",\"target\":[\"https:\/\/www.ecinews.fr\/fr\/technologies-quantiques-un-objectif-majeur-pour-la-region-nouvelle-aquitaine-autour-de-naquidis\/\"]}]},{\"@type\":\"BreadcrumbList\",\"@id\":\"https:\/\/www.ecinews.fr\/fr\/technologies-quantiques-un-objectif-majeur-pour-la-region-nouvelle-aquitaine-autour-de-naquidis\/#breadcrumb\",\"itemListElement\":[{\"@type\":\"ListItem\",\"position\":1,\"name\":\"Home\",\"item\":\"https:\/\/www.ecinews.fr\/fr\/\"},{\"@type\":\"ListItem\",\"position\":2,\"name\":\"Technologies quantiques : un objectif majeur pour la R\u00e9gion Nouvelle-Aquitaine autour de NaQuiDis\"}]},{\"@type\":\"WebSite\",\"@id\":\"https:\/\/www.ecinews.fr\/fr\/#website\",\"url\":\"https:\/\/www.ecinews.fr\/fr\/\",\"name\":\"EENewsEurope\",\"description\":\"Just another WordPress site\",\"publisher\":{\"@id\":\"https:\/\/www.ecinews.fr\/fr\/#organization\"},\"potentialAction\":[{\"@type\":\"SearchAction\",\"target\":{\"@type\":\"EntryPoint\",\"urlTemplate\":\"https:\/\/www.ecinews.fr\/fr\/?s={search_term_string}\"},\"query-input\":\"required name=search_term_string\"}],\"inLanguage\":\"fr-FR\"},{\"@type\":\"Organization\",\"@id\":\"https:\/\/www.ecinews.fr\/fr\/#organization\",\"name\":\"EENewsEurope\",\"url\":\"https:\/\/www.ecinews.fr\/fr\/\",\"logo\":{\"@type\":\"ImageObject\",\"inLanguage\":\"fr-FR\",\"@id\":\"https:\/\/www.ecinews.fr\/fr\/#\/schema\/logo\/image\/\",\"url\":\"https:\/\/www.ecinews.fr\/wp-content\/uploads\/2022\/02\/logo-1.jpg\",\"contentUrl\":\"https:\/\/www.ecinews.fr\/wp-content\/uploads\/2022\/02\/logo-1.jpg\",\"width\":283,\"height\":113,\"caption\":\"EENewsEurope\"},\"image\":{\"@id\":\"https:\/\/www.ecinews.fr\/fr\/#\/schema\/logo\/image\/\"}},{\"@type\":\"Person\",\"@id\":\"https:\/\/www.ecinews.fr\/fr\/#\/schema\/person\/568c789a4794bd460460501ba91f5daf\",\"name\":\"Alain Dieul\",\"image\":{\"@type\":\"ImageObject\",\"inLanguage\":\"fr-FR\",\"@id\":\"https:\/\/www.ecinews.fr\/fr\/#\/schema\/person\/image\/6d32dc651fbcef3b338066625b118364\",\"url\":\"https:\/\/secure.gravatar.com\/avatar\/93708ec89b35deb10f4cfbfe144b4e07?s=96&d=mm&r=g\",\"contentUrl\":\"https:\/\/secure.gravatar.com\/avatar\/93708ec89b35deb10f4cfbfe144b4e07?s=96&d=mm&r=g\",\"caption\":\"Alain Dieul\"}}]}<\/script>","yoast_head_json":{"title":"Technologies quantiques : un objectif majeur pour la R\u00e9gion No...","description":"Soutenu par la r\u00e9gion Nouvelle-Aquitaine, le projet NaQuiDis Center regroupera des scientifiques de renomm\u00e9e internationale et agr\u00e8gera recherche...","robots":{"index":"index","follow":"follow","max-snippet":"max-snippet:-1","max-image-preview":"max-image-preview:large","max-video-preview":"max-video-preview:-1"},"canonical":"https:\/\/www.ecinews.fr\/fr\/wp-json\/wp\/v2\/posts\/38028\/","og_locale":"fr_FR","og_type":"article","og_title":"Technologies quantiques : un objectif majeur pour la R\u00e9gion Nouvelle-Aquitaine autour de NaQuiDis","og_description":"Soutenu par la r\u00e9gion Nouvelle-Aquitaine, le projet NaQuiDis Center regroupera des scientifiques de renomm\u00e9e internationale et agr\u00e8gera recherche fondamentale et d\u00e9veloppement applicatif autour des technologies quantiques. Ce centre d\u00e9veloppera des projets de recherche de plus haut niveau avec un objectif de transfert de technologie et de cr\u00e9ation de nouvelles entreprises sur le territoire.","og_url":"https:\/\/www.ecinews.fr\/fr\/wp-json\/wp\/v2\/posts\/38028\/","og_site_name":"EENewsEurope","article_published_time":"2021-01-27T17:59:44+00:00","og_image":[{"width":378,"height":337,"url":"https:\/\/www.ecinews.fr\/wp-content\/uploads\/import\/default\/files\/sites\/default\/files\/images\/eci9063_naquidis_actu.jpg","type":"image\/jpeg"}],"author":"Alain Dieul","twitter_card":"summary_large_image","twitter_misc":{"Written by":"Alain Dieul","Est. reading time":"3 minutes"},"schema":{"@context":"https:\/\/schema.org","@graph":[{"@type":"Article","@id":"https:\/\/www.ecinews.fr\/fr\/technologies-quantiques-un-objectif-majeur-pour-la-region-nouvelle-aquitaine-autour-de-naquidis\/#article","isPartOf":{"@id":"https:\/\/www.ecinews.fr\/fr\/technologies-quantiques-un-objectif-majeur-pour-la-region-nouvelle-aquitaine-autour-de-naquidis\/"},"author":{"name":"Alain Dieul","@id":"https:\/\/www.ecinews.fr\/fr\/#\/schema\/person\/568c789a4794bd460460501ba91f5daf"},"headline":"Technologies quantiques : un objectif majeur pour la R\u00e9gion Nouvelle-Aquitaine autour de NaQuiDis","datePublished":"2021-01-27T17:59:44+00:00","dateModified":"2021-01-27T17:59:44+00:00","mainEntityOfPage":{"@id":"https:\/\/www.ecinews.fr\/fr\/technologies-quantiques-un-objectif-majeur-pour-la-region-nouvelle-aquitaine-autour-de-naquidis\/"},"wordCount":688,"commentCount":0,"publisher":{"@id":"https:\/\/www.ecinews.fr\/fr\/#organization"},"inLanguage":"fr-FR","potentialAction":[{"@type":"CommentAction","name":"Comment","target":["https:\/\/www.ecinews.fr\/fr\/technologies-quantiques-un-objectif-majeur-pour-la-region-nouvelle-aquitaine-autour-de-naquidis\/#respond"]}]},{"@type":"WebPage","@id":"https:\/\/www.ecinews.fr\/fr\/technologies-quantiques-un-objectif-majeur-pour-la-region-nouvelle-aquitaine-autour-de-naquidis\/","url":"https:\/\/www.ecinews.fr\/fr\/technologies-quantiques-un-objectif-majeur-pour-la-region-nouvelle-aquitaine-autour-de-naquidis\/","name":"Technologies quantiques : un objectif majeur pour la R\u00e9gion Nouvelle-Aquitaine autour de NaQuiDis -","isPartOf":{"@id":"https:\/\/www.ecinews.fr\/fr\/#website"},"datePublished":"2021-01-27T17:59:44+00:00","dateModified":"2021-01-27T17:59:44+00:00","breadcrumb":{"@id":"https:\/\/www.ecinews.fr\/fr\/technologies-quantiques-un-objectif-majeur-pour-la-region-nouvelle-aquitaine-autour-de-naquidis\/#breadcrumb"},"inLanguage":"fr-FR","potentialAction":[{"@type":"ReadAction","target":["https:\/\/www.ecinews.fr\/fr\/technologies-quantiques-un-objectif-majeur-pour-la-region-nouvelle-aquitaine-autour-de-naquidis\/"]}]},{"@type":"BreadcrumbList","@id":"https:\/\/www.ecinews.fr\/fr\/technologies-quantiques-un-objectif-majeur-pour-la-region-nouvelle-aquitaine-autour-de-naquidis\/#breadcrumb","itemListElement":[{"@type":"ListItem","position":1,"name":"Home","item":"https:\/\/www.ecinews.fr\/fr\/"},{"@type":"ListItem","position":2,"name":"Technologies quantiques : un objectif majeur pour la R\u00e9gion Nouvelle-Aquitaine autour de NaQuiDis"}]},{"@type":"WebSite","@id":"https:\/\/www.ecinews.fr\/fr\/#website","url":"https:\/\/www.ecinews.fr\/fr\/","name":"EENewsEurope","description":"Just another WordPress site","publisher":{"@id":"https:\/\/www.ecinews.fr\/fr\/#organization"},"potentialAction":[{"@type":"SearchAction","target":{"@type":"EntryPoint","urlTemplate":"https:\/\/www.ecinews.fr\/fr\/?s={search_term_string}"},"query-input":"required name=search_term_string"}],"inLanguage":"fr-FR"},{"@type":"Organization","@id":"https:\/\/www.ecinews.fr\/fr\/#organization","name":"EENewsEurope","url":"https:\/\/www.ecinews.fr\/fr\/","logo":{"@type":"ImageObject","inLanguage":"fr-FR","@id":"https:\/\/www.ecinews.fr\/fr\/#\/schema\/logo\/image\/","url":"https:\/\/www.ecinews.fr\/wp-content\/uploads\/2022\/02\/logo-1.jpg","contentUrl":"https:\/\/www.ecinews.fr\/wp-content\/uploads\/2022\/02\/logo-1.jpg","width":283,"height":113,"caption":"EENewsEurope"},"image":{"@id":"https:\/\/www.ecinews.fr\/fr\/#\/schema\/logo\/image\/"}},{"@type":"Person","@id":"https:\/\/www.ecinews.fr\/fr\/#\/schema\/person\/568c789a4794bd460460501ba91f5daf","name":"Alain Dieul","image":{"@type":"ImageObject","inLanguage":"fr-FR","@id":"https:\/\/www.ecinews.fr\/fr\/#\/schema\/person\/image\/6d32dc651fbcef3b338066625b118364","url":"https:\/\/secure.gravatar.com\/avatar\/93708ec89b35deb10f4cfbfe144b4e07?s=96&d=mm&r=g","contentUrl":"https:\/\/secure.gravatar.com\/avatar\/93708ec89b35deb10f4cfbfe144b4e07?s=96&d=mm&r=g","caption":"Alain Dieul"}}]}},"authors":[{"term_id":1141,"user_id":9,"is_guest":0,"slug":"alaindieul","display_name":"Alain Dieul","avatar_url":"https:\/\/secure.gravatar.com\/avatar\/93708ec89b35deb10f4cfbfe144b4e07?s=96&d=mm&r=g","0":null,"1":"","2":"","3":"","4":"","5":"","6":"","7":"","8":""}],"_links":{"self":[{"href":"https:\/\/www.ecinews.fr\/fr\/wp-json\/wp\/v2\/posts\/38028"}],"collection":[{"href":"https:\/\/www.ecinews.fr\/fr\/wp-json\/wp\/v2\/posts"}],"about":[{"href":"https:\/\/www.ecinews.fr\/fr\/wp-json\/wp\/v2\/types\/post"}],"author":[{"embeddable":true,"href":"https:\/\/www.ecinews.fr\/fr\/wp-json\/wp\/v2\/users\/9"}],"replies":[{"embeddable":true,"href":"https:\/\/www.ecinews.fr\/fr\/wp-json\/wp\/v2\/comments?post=38028"}],"version-history":[{"count":0,"href":"https:\/\/www.ecinews.fr\/fr\/wp-json\/wp\/v2\/posts\/38028\/revisions"}],"wp:featuredmedia":[{"embeddable":true,"href":"https:\/\/www.ecinews.fr\/fr\/wp-json\/wp\/v2\/media\/161756"}],"wp:attachment":[{"href":"https:\/\/www.ecinews.fr\/fr\/wp-json\/wp\/v2\/media?parent=38028"}],"wp:term":[{"taxonomy":"category","embeddable":true,"href":"https:\/\/www.ecinews.fr\/fr\/wp-json\/wp\/v2\/categories?post=38028"},{"taxonomy":"post_tag","embeddable":true,"href":"https:\/\/www.ecinews.fr\/fr\/wp-json\/wp\/v2\/tags?post=38028"},{"taxonomy":"domains","embeddable":true,"href":"https:\/\/www.ecinews.fr\/fr\/wp-json\/wp\/v2\/domains?post=38028"},{"taxonomy":"author","embeddable":true,"href":"https:\/\/www.ecinews.fr\/fr\/wp-json\/wp\/v2\/ppma_author?post=38028"}],"curies":[{"name":"wp","href":"https:\/\/api.w.org\/{rel}","templated":true}]}}