{"id":379793,"date":"2022-04-11T10:34:29","date_gmt":"2022-04-11T08:34:29","guid":{"rendered":"https:\/\/www.ecinews.fr\/?p=379793"},"modified":"2022-04-11T10:34:29","modified_gmt":"2022-04-11T08:34:29","slug":"module-de-camera-thermique-infrarouge-haute-sensibilite","status":"publish","type":"post","link":"https:\/\/www.ecinews.fr\/fr\/module-de-camera-thermique-infrarouge-haute-sensibilite\/","title":{"rendered":"Module de cam\u00e9ra thermique infrarouge haute sensibilit\u00e9"},"content":{"rendered":"<p>Dot\u00e9e d\u2019interfaces m\u00e9caniques, \u00e9lectriques et optiques identiques, la Boson+ annonc\u00e9e par Teledyne FLIR partage le SWaP du module de cam\u00e9ra thermique Boson, largement d\u00e9ploy\u00e9 et \u00e9prouv\u00e9 en pratique, et constitue ainsi une mise \u00e0 niveau imm\u00e9diate comportant \u00e9galement un traitement d&rsquo;image actualis\u00e9 afin d\u2019offrir une nettet\u00e9 et un contraste am\u00e9lior\u00e9s pour les applications commerciales et de d\u00e9fense.<br \/>\n\u00ab La sensibilit\u00e9 thermique accrue et le contr\u00f4le automatique de gain (AGC) permettent d&rsquo;obtenir plus de d\u00e9tails dans l&rsquo;image pour une meilleure d\u00e9tection, en particulier dans les sc\u00e8nes ext\u00e9rieures \u00e0 faible contraste \u00bb, explique Dan Walker, Vice-pr\u00e9sident de Teledyne FLIR charg\u00e9 de la gestion des produits OEM. \u00ab Les performances thermiques accrues et la fiabilit\u00e9 \u00e9prouv\u00e9e, leader du march\u00e9, en font le module thermique non refroidi id\u00e9al pour l&rsquo;int\u00e9gration dans les plateformes sans pilote, les applications de s\u00e9curit\u00e9, les dispositifs portables ou portatifs et les viseurs thermiques \u00bb.<br \/>\nFabriqu\u00e9e aux \u00c9tats-Unis, la Boson+ comprend un d\u00e9tecteur redessin\u00e9 d&rsquo;une r\u00e9solution de 640 x 512, avec un pas de pixel de 12 microns et une temp\u00e9rature diff\u00e9rentielle \u00e9quivalente au bruit (NEDT) de 20 mK ou moins, qui offre des performances de d\u00e9tection, reconnaissance et identification (DRI) sensiblement sup\u00e9rieures. L&rsquo;am\u00e9lioration de la latence vid\u00e9o renforce le suivi, les performances recherch\u00e9es et l&rsquo;aide \u00e0 la d\u00e9cision.<br \/>\nL&rsquo;interface commune de la s\u00e9rie Boson et l&rsquo;acc\u00e8s \u00e0 l&rsquo;\u00e9quipe des services techniques de Teledyne FLIR bas\u00e9e aux \u00c9tats-Unis r\u00e9duisent les risques de d\u00e9veloppement et raccourcissent les d\u00e9lais de commercialisation. V\u00e9ritablement con\u00e7ue pour les int\u00e9grateurs, la Boson+ est propos\u00e9e avec diff\u00e9rentes options d&rsquo;objectifs, une documentation produit compl\u00e8te, un SDK facile \u00e0 utiliser ainsi qu\u2019une interface graphique conviviale. La Boson+ est \u00e0 double usage et class\u00e9e EAR 6A003.b.4.a par le D\u00e9partement du Commerce des Etats-Unis.<\/p>\n<p><a href=\"https:\/\/www.flir.com\/bosonplus\">https:\/\/www.flir.com\/bosonplus.<\/a><\/p>\n<p>&nbsp;<\/p>\n<p>&nbsp;<\/p>\n","protected":false},"excerpt":{"rendered":"<p>Teledyne FLIR vient d&rsquo;annoncer la Boson+, dont la sensibilit\u00e9 thermique est de 20 mK ou moins, ce qui en fait la cam\u00e9ra infrarouge \u00e0 ondes longues (LWIR) la plus sensible du march\u00e9.<\/p>\n","protected":false},"author":36,"featured_media":379794,"comment_status":"closed","ping_status":"closed","sticky":false,"template":"","format":"standard","meta":{"_acf_changed":false,"footnotes":""},"categories":[881],"tags":[1321],"domains":[47],"ppma_author":[1154],"class_list":["post-379793","post","type-post","status-publish","format-standard","has-post-thumbnail","hentry","category-nouveaux-produits","tag-cameras","domains-electronique-eci"],"acf":[],"yoast_head":"<title>Module de cam\u00e9ra thermique infrarouge haute sensibilit\u00e9 ...<\/title>\n<meta name=\"description\" content=\"Teledyne FLIR vient d&#039;annoncer la Boson+, dont la sensibilit\u00e9 thermique est de 20 mK ou moins, ce qui en fait la cam\u00e9ra infrarouge \u00e0 ondes longues (LWIR)...\" \/>\n<meta name=\"robots\" content=\"index, follow, max-snippet:-1, max-image-preview:large, max-video-preview:-1\" \/>\n<link rel=\"canonical\" href=\"https:\/\/www.ecinews.fr\/fr\/wp-json\/wp\/v2\/posts\/379793\/\" \/>\n<meta property=\"og:locale\" content=\"fr_FR\" \/>\n<meta property=\"og:type\" content=\"article\" \/>\n<meta property=\"og:title\" content=\"Module de cam\u00e9ra thermique infrarouge haute sensibilit\u00e9\" \/>\n<meta property=\"og:description\" content=\"Teledyne FLIR vient d&#039;annoncer la Boson+, dont la sensibilit\u00e9 thermique est de 20 mK ou moins, ce qui en fait la cam\u00e9ra infrarouge \u00e0 ondes longues (LWIR) la plus sensible du march\u00e9.\" \/>\n<meta property=\"og:url\" content=\"https:\/\/www.ecinews.fr\/fr\/wp-json\/wp\/v2\/posts\/379793\/\" \/>\n<meta property=\"og:site_name\" content=\"EENewsEurope\" \/>\n<meta property=\"article:published_time\" content=\"2022-04-11T08:34:29+00:00\" \/>\n<meta property=\"og:image\" content=\"https:\/\/www.ecinews.fr\/wp-content\/uploads\/2022\/04\/ECI1146_Teledyne_Flir-scaled.jpg\" \/>\n\t<meta property=\"og:image:width\" content=\"1080\" \/>\n\t<meta property=\"og:image:height\" content=\"897\" \/>\n\t<meta property=\"og:image:type\" content=\"image\/jpeg\" \/>\n<meta name=\"author\" content=\"Alain Dieul\" \/>\n<meta name=\"twitter:card\" content=\"summary_large_image\" \/>\n<meta name=\"twitter:label1\" content=\"Written by\" \/>\n\t<meta name=\"twitter:data1\" content=\"Alain Dieul\" \/>\n\t<meta name=\"twitter:label2\" content=\"Est. reading time\" \/>\n\t<meta name=\"twitter:data2\" content=\"2 minutes\" \/>\n<script type=\"application\/ld+json\" class=\"yoast-schema-graph\">{\"@context\":\"https:\/\/schema.org\",\"@graph\":[{\"@type\":\"Article\",\"@id\":\"https:\/\/www.ecinews.fr\/fr\/module-de-camera-thermique-infrarouge-haute-sensibilite\/#article\",\"isPartOf\":{\"@id\":\"https:\/\/www.ecinews.fr\/fr\/module-de-camera-thermique-infrarouge-haute-sensibilite\/\"},\"author\":{\"name\":\"Alain Dieul\",\"@id\":\"https:\/\/www.eenewseurope.com\/en\/#\/schema\/person\/e4387676ad67ce722325c7832f3c3762\"},\"headline\":\"Module de cam\u00e9ra thermique infrarouge haute sensibilit\u00e9\",\"datePublished\":\"2022-04-11T08:34:29+00:00\",\"dateModified\":\"2022-04-11T08:34:29+00:00\",\"mainEntityOfPage\":{\"@id\":\"https:\/\/www.ecinews.fr\/fr\/module-de-camera-thermique-infrarouge-haute-sensibilite\/\"},\"wordCount\":344,\"publisher\":{\"@id\":\"https:\/\/www.eenewseurope.com\/en\/#organization\"},\"keywords\":[\"Cam\u00e9ras\"],\"articleSection\":[\"Nouveaux produits\"],\"inLanguage\":\"fr-FR\"},{\"@type\":\"WebPage\",\"@id\":\"https:\/\/www.ecinews.fr\/fr\/module-de-camera-thermique-infrarouge-haute-sensibilite\/\",\"url\":\"https:\/\/www.ecinews.fr\/fr\/module-de-camera-thermique-infrarouge-haute-sensibilite\/\",\"name\":\"Module de cam\u00e9ra thermique infrarouge haute sensibilit\u00e9 -\",\"isPartOf\":{\"@id\":\"https:\/\/www.eenewseurope.com\/en\/#website\"},\"datePublished\":\"2022-04-11T08:34:29+00:00\",\"dateModified\":\"2022-04-11T08:34:29+00:00\",\"breadcrumb\":{\"@id\":\"https:\/\/www.ecinews.fr\/fr\/module-de-camera-thermique-infrarouge-haute-sensibilite\/#breadcrumb\"},\"inLanguage\":\"fr-FR\",\"potentialAction\":[{\"@type\":\"ReadAction\",\"target\":[\"https:\/\/www.ecinews.fr\/fr\/module-de-camera-thermique-infrarouge-haute-sensibilite\/\"]}]},{\"@type\":\"BreadcrumbList\",\"@id\":\"https:\/\/www.ecinews.fr\/fr\/module-de-camera-thermique-infrarouge-haute-sensibilite\/#breadcrumb\",\"itemListElement\":[{\"@type\":\"ListItem\",\"position\":1,\"name\":\"Home\",\"item\":\"https:\/\/www.ecinews.fr\/fr\/\"},{\"@type\":\"ListItem\",\"position\":2,\"name\":\"Module de cam\u00e9ra thermique infrarouge haute sensibilit\u00e9\"}]},{\"@type\":\"WebSite\",\"@id\":\"https:\/\/www.eenewseurope.com\/en\/#website\",\"url\":\"https:\/\/www.eenewseurope.com\/en\/\",\"name\":\"EENewsEurope\",\"description\":\"Just another WordPress site\",\"publisher\":{\"@id\":\"https:\/\/www.eenewseurope.com\/en\/#organization\"},\"potentialAction\":[{\"@type\":\"SearchAction\",\"target\":{\"@type\":\"EntryPoint\",\"urlTemplate\":\"https:\/\/www.eenewseurope.com\/en\/?s={search_term_string}\"},\"query-input\":\"required name=search_term_string\"}],\"inLanguage\":\"fr-FR\"},{\"@type\":\"Organization\",\"@id\":\"https:\/\/www.eenewseurope.com\/en\/#organization\",\"name\":\"EENewsEurope\",\"url\":\"https:\/\/www.eenewseurope.com\/en\/\",\"logo\":{\"@type\":\"ImageObject\",\"inLanguage\":\"fr-FR\",\"@id\":\"https:\/\/www.eenewseurope.com\/en\/#\/schema\/logo\/image\/\",\"url\":\"https:\/\/www.ecinews.fr\/wp-content\/uploads\/2022\/02\/logo-1.jpg\",\"contentUrl\":\"https:\/\/www.ecinews.fr\/wp-content\/uploads\/2022\/02\/logo-1.jpg\",\"width\":283,\"height\":113,\"caption\":\"EENewsEurope\"},\"image\":{\"@id\":\"https:\/\/www.eenewseurope.com\/en\/#\/schema\/logo\/image\/\"}},{\"@type\":\"Person\",\"@id\":\"https:\/\/www.eenewseurope.com\/en\/#\/schema\/person\/e4387676ad67ce722325c7832f3c3762\",\"name\":\"Alain Dieul\",\"image\":{\"@type\":\"ImageObject\",\"inLanguage\":\"fr-FR\",\"@id\":\"https:\/\/www.eenewseurope.com\/en\/#\/schema\/person\/image\/736120675699dbbf0f0f282b9a9cfb75\",\"url\":\"https:\/\/secure.gravatar.com\/avatar\/bc93b056d07515be5b8eecd4acf49c5c?s=96&d=mm&r=g\",\"contentUrl\":\"https:\/\/secure.gravatar.com\/avatar\/bc93b056d07515be5b8eecd4acf49c5c?s=96&d=mm&r=g\",\"caption\":\"Alain Dieul\"},\"sameAs\":[\"http:\/\/ECINews\"]}]}<\/script>","yoast_head_json":{"title":"Module de cam\u00e9ra thermique infrarouge haute sensibilit\u00e9 ...","description":"Teledyne FLIR vient d'annoncer la Boson+, dont la sensibilit\u00e9 thermique est de 20 mK ou moins, ce qui en fait la cam\u00e9ra infrarouge \u00e0 ondes longues (LWIR)...","robots":{"index":"index","follow":"follow","max-snippet":"max-snippet:-1","max-image-preview":"max-image-preview:large","max-video-preview":"max-video-preview:-1"},"canonical":"https:\/\/www.ecinews.fr\/fr\/wp-json\/wp\/v2\/posts\/379793\/","og_locale":"fr_FR","og_type":"article","og_title":"Module de cam\u00e9ra thermique infrarouge haute sensibilit\u00e9","og_description":"Teledyne FLIR vient d'annoncer la Boson+, dont la sensibilit\u00e9 thermique est de 20 mK ou moins, ce qui en fait la cam\u00e9ra infrarouge \u00e0 ondes longues (LWIR) la plus sensible du march\u00e9.","og_url":"https:\/\/www.ecinews.fr\/fr\/wp-json\/wp\/v2\/posts\/379793\/","og_site_name":"EENewsEurope","article_published_time":"2022-04-11T08:34:29+00:00","og_image":[{"width":1080,"height":897,"url":"https:\/\/www.ecinews.fr\/wp-content\/uploads\/2022\/04\/ECI1146_Teledyne_Flir-scaled.jpg","type":"image\/jpeg"}],"author":"Alain Dieul","twitter_card":"summary_large_image","twitter_misc":{"Written by":"Alain Dieul","Est. reading time":"2 minutes"},"schema":{"@context":"https:\/\/schema.org","@graph":[{"@type":"Article","@id":"https:\/\/www.ecinews.fr\/fr\/module-de-camera-thermique-infrarouge-haute-sensibilite\/#article","isPartOf":{"@id":"https:\/\/www.ecinews.fr\/fr\/module-de-camera-thermique-infrarouge-haute-sensibilite\/"},"author":{"name":"Alain Dieul","@id":"https:\/\/www.eenewseurope.com\/en\/#\/schema\/person\/e4387676ad67ce722325c7832f3c3762"},"headline":"Module de cam\u00e9ra thermique infrarouge haute sensibilit\u00e9","datePublished":"2022-04-11T08:34:29+00:00","dateModified":"2022-04-11T08:34:29+00:00","mainEntityOfPage":{"@id":"https:\/\/www.ecinews.fr\/fr\/module-de-camera-thermique-infrarouge-haute-sensibilite\/"},"wordCount":344,"publisher":{"@id":"https:\/\/www.eenewseurope.com\/en\/#organization"},"keywords":["Cam\u00e9ras"],"articleSection":["Nouveaux produits"],"inLanguage":"fr-FR"},{"@type":"WebPage","@id":"https:\/\/www.ecinews.fr\/fr\/module-de-camera-thermique-infrarouge-haute-sensibilite\/","url":"https:\/\/www.ecinews.fr\/fr\/module-de-camera-thermique-infrarouge-haute-sensibilite\/","name":"Module de cam\u00e9ra thermique infrarouge haute sensibilit\u00e9 -","isPartOf":{"@id":"https:\/\/www.eenewseurope.com\/en\/#website"},"datePublished":"2022-04-11T08:34:29+00:00","dateModified":"2022-04-11T08:34:29+00:00","breadcrumb":{"@id":"https:\/\/www.ecinews.fr\/fr\/module-de-camera-thermique-infrarouge-haute-sensibilite\/#breadcrumb"},"inLanguage":"fr-FR","potentialAction":[{"@type":"ReadAction","target":["https:\/\/www.ecinews.fr\/fr\/module-de-camera-thermique-infrarouge-haute-sensibilite\/"]}]},{"@type":"BreadcrumbList","@id":"https:\/\/www.ecinews.fr\/fr\/module-de-camera-thermique-infrarouge-haute-sensibilite\/#breadcrumb","itemListElement":[{"@type":"ListItem","position":1,"name":"Home","item":"https:\/\/www.ecinews.fr\/fr\/"},{"@type":"ListItem","position":2,"name":"Module de cam\u00e9ra thermique infrarouge haute sensibilit\u00e9"}]},{"@type":"WebSite","@id":"https:\/\/www.eenewseurope.com\/en\/#website","url":"https:\/\/www.eenewseurope.com\/en\/","name":"EENewsEurope","description":"Just another WordPress site","publisher":{"@id":"https:\/\/www.eenewseurope.com\/en\/#organization"},"potentialAction":[{"@type":"SearchAction","target":{"@type":"EntryPoint","urlTemplate":"https:\/\/www.eenewseurope.com\/en\/?s={search_term_string}"},"query-input":"required name=search_term_string"}],"inLanguage":"fr-FR"},{"@type":"Organization","@id":"https:\/\/www.eenewseurope.com\/en\/#organization","name":"EENewsEurope","url":"https:\/\/www.eenewseurope.com\/en\/","logo":{"@type":"ImageObject","inLanguage":"fr-FR","@id":"https:\/\/www.eenewseurope.com\/en\/#\/schema\/logo\/image\/","url":"https:\/\/www.ecinews.fr\/wp-content\/uploads\/2022\/02\/logo-1.jpg","contentUrl":"https:\/\/www.ecinews.fr\/wp-content\/uploads\/2022\/02\/logo-1.jpg","width":283,"height":113,"caption":"EENewsEurope"},"image":{"@id":"https:\/\/www.eenewseurope.com\/en\/#\/schema\/logo\/image\/"}},{"@type":"Person","@id":"https:\/\/www.eenewseurope.com\/en\/#\/schema\/person\/e4387676ad67ce722325c7832f3c3762","name":"Alain Dieul","image":{"@type":"ImageObject","inLanguage":"fr-FR","@id":"https:\/\/www.eenewseurope.com\/en\/#\/schema\/person\/image\/736120675699dbbf0f0f282b9a9cfb75","url":"https:\/\/secure.gravatar.com\/avatar\/bc93b056d07515be5b8eecd4acf49c5c?s=96&d=mm&r=g","contentUrl":"https:\/\/secure.gravatar.com\/avatar\/bc93b056d07515be5b8eecd4acf49c5c?s=96&d=mm&r=g","caption":"Alain Dieul"},"sameAs":["http:\/\/ECINews"]}]}},"authors":[{"term_id":1154,"user_id":36,"is_guest":0,"slug":"alain-dieul","display_name":"Alain Dieul","avatar_url":"https:\/\/secure.gravatar.com\/avatar\/bc93b056d07515be5b8eecd4acf49c5c?s=96&d=mm&r=g","0":null,"1":"","2":"","3":"","4":"","5":"","6":"","7":"","8":""}],"_links":{"self":[{"href":"https:\/\/www.ecinews.fr\/fr\/wp-json\/wp\/v2\/posts\/379793"}],"collection":[{"href":"https:\/\/www.ecinews.fr\/fr\/wp-json\/wp\/v2\/posts"}],"about":[{"href":"https:\/\/www.ecinews.fr\/fr\/wp-json\/wp\/v2\/types\/post"}],"author":[{"embeddable":true,"href":"https:\/\/www.ecinews.fr\/fr\/wp-json\/wp\/v2\/users\/36"}],"replies":[{"embeddable":true,"href":"https:\/\/www.ecinews.fr\/fr\/wp-json\/wp\/v2\/comments?post=379793"}],"version-history":[{"count":0,"href":"https:\/\/www.ecinews.fr\/fr\/wp-json\/wp\/v2\/posts\/379793\/revisions"}],"wp:featuredmedia":[{"embeddable":true,"href":"https:\/\/www.ecinews.fr\/fr\/wp-json\/wp\/v2\/media\/379794"}],"wp:attachment":[{"href":"https:\/\/www.ecinews.fr\/fr\/wp-json\/wp\/v2\/media?parent=379793"}],"wp:term":[{"taxonomy":"category","embeddable":true,"href":"https:\/\/www.ecinews.fr\/fr\/wp-json\/wp\/v2\/categories?post=379793"},{"taxonomy":"post_tag","embeddable":true,"href":"https:\/\/www.ecinews.fr\/fr\/wp-json\/wp\/v2\/tags?post=379793"},{"taxonomy":"domains","embeddable":true,"href":"https:\/\/www.ecinews.fr\/fr\/wp-json\/wp\/v2\/domains?post=379793"},{"taxonomy":"author","embeddable":true,"href":"https:\/\/www.ecinews.fr\/fr\/wp-json\/wp\/v2\/ppma_author?post=379793"}],"curies":[{"name":"wp","href":"https:\/\/api.w.org\/{rel}","templated":true}]}}