{"id":379680,"date":"2022-04-08T09:45:57","date_gmt":"2022-04-08T07:45:57","guid":{"rendered":"https:\/\/www.ecinews.fr\/?p=379680"},"modified":"2022-04-08T09:45:57","modified_gmt":"2022-04-08T07:45:57","slug":"projet-prems-pour-la-fabrication-en-france-lelectronique-de-puissance-des-vehicules-electriques","status":"publish","type":"post","link":"https:\/\/www.ecinews.fr\/fr\/projet-prems-pour-la-fabrication-en-france-lelectronique-de-puissance-des-vehicules-electriques\/","title":{"rendered":"Projet Prems pour la fabrication en France l\u2019\u00e9lectronique de puissance des v\u00e9hicules \u00e9lectriques"},"content":{"rendered":"<p>Les nouvelles g\u00e9n\u00e9rations de composants SiC (carbure de silicium) et GaN (nitrure de gallium)\u00a0sont au c\u0153ur des architectures de v\u00e9hicules hybrides et \u00e9lectriques. Ils induisent des d\u00e9fis technologiques et industriels qui doivent \u00eatre adress\u00e9s au plus t\u00f4t dans la perspective d\u2019une mont\u00e9e en cadence de la production \u00e0 horizon 2025. Les challenges sont multiples et parfois difficiles \u00e0 concilier comme l\u2019int\u00e9gration, la fiabilit\u00e9, la r\u00e9parabilit\u00e9 voire le recyclage, tout en assurant la compatibilit\u00e9 avec les contraintes co\u00fbt\/volume de la fili\u00e8re automobile. Dans ce contexte le programme Prems adresse plus particuli\u00e8rement les proc\u00e9d\u00e9s d\u2019assemblage, de contr\u00f4le et de tests de ces nouvelles fonctions de puissance. Cadenc\u00e9 sur une p\u00e9riode de 3 ans et sur la base de \u00ab\u00a0sprints\u00a0\u00bb projets articul\u00e9s avec la progression des travaux R&amp;D de la fili\u00e8re automobile en cours, Prems permettra de disposer \u00e0 l\u2019horizon 2024 des savoir-faire de production en France activables par la fili\u00e8re automobile pour accompagner la mont\u00e9e en volume du v\u00e9hicule \u00e9lectrique attendue entre 2025 et 2030.<\/p>\n<p>Dot\u00e9 d\u2019un budget de 2,25 M\u20ac pris en charge \u00e0 parts \u00e9gales entre les partenaires du projet, Prems b\u00e9n\u00e9ficie du soutien du programme Electronique de Puissance et du financement de France Relance. La coordination et le pilotage du projet sont confi\u00e9s au Centre technique We Network qui anime depuis 2016 les projets de coop\u00e9ration de la fili\u00e8re d\u2019assemblage \u00e9lectronique en France.<\/p>\n","protected":false},"excerpt":{"rendered":"<p>Les trois principaux sous-traitants \u00e9lectroniques fran\u00e7ais positionn\u00e9s sur le march\u00e9 automobile Actia, All Circuits et Lacroix lancent le projet Prems (PoweR Electronic Manufacturing Services) pour acc\u00e9l\u00e9rer la fabrication en France de l\u2019\u00e9lectronique de puissance des prochaines g\u00e9n\u00e9rations de v\u00e9hicules \u00e9lectriques.<\/p>\n","protected":false},"author":36,"featured_media":379681,"comment_status":"closed","ping_status":"closed","sticky":false,"template":"","format":"standard","meta":{"_acf_changed":false,"footnotes":""},"categories":[886],"tags":[1164],"domains":[47],"ppma_author":[1154],"class_list":["post-379680","post","type-post","status-publish","format-standard","has-post-thumbnail","hentry","category-news-fr","tag-composants-de-puissance","domains-electronique-eci"],"acf":[],"yoast_head":"<title>Projet Prems pour la fabrication en France l\u2019\u00e9lectronique de...<\/title>\n<meta name=\"description\" content=\"Les trois principaux sous-traitants \u00e9lectroniques fran\u00e7ais positionn\u00e9s sur le march\u00e9 automobile Actia, All Circuits et Lacroix lancent le projet Prems...\" \/>\n<meta name=\"robots\" content=\"index, follow, max-snippet:-1, max-image-preview:large, max-video-preview:-1\" \/>\n<link rel=\"canonical\" href=\"https:\/\/www.ecinews.fr\/fr\/wp-json\/wp\/v2\/posts\/379680\/\" \/>\n<meta property=\"og:locale\" content=\"fr_FR\" \/>\n<meta property=\"og:type\" content=\"article\" \/>\n<meta property=\"og:title\" content=\"Projet Prems pour la fabrication en France l\u2019\u00e9lectronique de puissance des v\u00e9hicules \u00e9lectriques\" \/>\n<meta property=\"og:description\" content=\"Les trois principaux sous-traitants \u00e9lectroniques fran\u00e7ais positionn\u00e9s sur le march\u00e9 automobile Actia, All Circuits et Lacroix lancent le projet Prems (PoweR Electronic Manufacturing Services) pour acc\u00e9l\u00e9rer la fabrication en France de l\u2019\u00e9lectronique de puissance des prochaines g\u00e9n\u00e9rations de v\u00e9hicules \u00e9lectriques.\" \/>\n<meta property=\"og:url\" content=\"https:\/\/www.ecinews.fr\/fr\/wp-json\/wp\/v2\/posts\/379680\/\" \/>\n<meta property=\"og:site_name\" content=\"EENewsEurope\" \/>\n<meta property=\"article:published_time\" content=\"2022-04-08T07:45:57+00:00\" \/>\n<meta property=\"og:image\" content=\"https:\/\/www.ecinews.fr\/wp-content\/uploads\/2022\/04\/ECI1142_actu_sous_traitance.jpg\" \/>\n\t<meta property=\"og:image:width\" content=\"712\" \/>\n\t<meta property=\"og:image:height\" content=\"400\" \/>\n\t<meta property=\"og:image:type\" content=\"image\/jpeg\" \/>\n<meta name=\"author\" content=\"Alain Dieul\" \/>\n<meta name=\"twitter:card\" content=\"summary_large_image\" \/>\n<meta name=\"twitter:label1\" content=\"Written by\" \/>\n\t<meta name=\"twitter:data1\" content=\"Alain Dieul\" \/>\n\t<meta name=\"twitter:label2\" content=\"Est. reading time\" \/>\n\t<meta name=\"twitter:data2\" content=\"1 minute\" \/>\n<script type=\"application\/ld+json\" class=\"yoast-schema-graph\">{\"@context\":\"https:\/\/schema.org\",\"@graph\":[{\"@type\":\"Article\",\"@id\":\"https:\/\/www.ecinews.fr\/fr\/projet-prems-pour-la-fabrication-en-france-lelectronique-de-puissance-des-vehicules-electriques\/#article\",\"isPartOf\":{\"@id\":\"https:\/\/www.ecinews.fr\/fr\/projet-prems-pour-la-fabrication-en-france-lelectronique-de-puissance-des-vehicules-electriques\/\"},\"author\":{\"name\":\"Alain Dieul\",\"@id\":\"https:\/\/www.eenewseurope.com\/en\/#\/schema\/person\/e4387676ad67ce722325c7832f3c3762\"},\"headline\":\"Projet Prems pour la fabrication en France l\u2019\u00e9lectronique de puissance des v\u00e9hicules \u00e9lectriques\",\"datePublished\":\"2022-04-08T07:45:57+00:00\",\"dateModified\":\"2022-04-08T07:45:57+00:00\",\"mainEntityOfPage\":{\"@id\":\"https:\/\/www.ecinews.fr\/fr\/projet-prems-pour-la-fabrication-en-france-lelectronique-de-puissance-des-vehicules-electriques\/\"},\"wordCount\":265,\"publisher\":{\"@id\":\"https:\/\/www.eenewseurope.com\/en\/#organization\"},\"keywords\":[\"Composants de puissance\"],\"articleSection\":[\"Actualit\u00e9 g\u00e9n\u00e9rale\"],\"inLanguage\":\"fr-FR\"},{\"@type\":\"WebPage\",\"@id\":\"https:\/\/www.ecinews.fr\/fr\/projet-prems-pour-la-fabrication-en-france-lelectronique-de-puissance-des-vehicules-electriques\/\",\"url\":\"https:\/\/www.ecinews.fr\/fr\/projet-prems-pour-la-fabrication-en-france-lelectronique-de-puissance-des-vehicules-electriques\/\",\"name\":\"Projet Prems pour la fabrication en France l\u2019\u00e9lectronique de puissance des v\u00e9hicules \u00e9lectriques -\",\"isPartOf\":{\"@id\":\"https:\/\/www.eenewseurope.com\/en\/#website\"},\"datePublished\":\"2022-04-08T07:45:57+00:00\",\"dateModified\":\"2022-04-08T07:45:57+00:00\",\"breadcrumb\":{\"@id\":\"https:\/\/www.ecinews.fr\/fr\/projet-prems-pour-la-fabrication-en-france-lelectronique-de-puissance-des-vehicules-electriques\/#breadcrumb\"},\"inLanguage\":\"fr-FR\",\"potentialAction\":[{\"@type\":\"ReadAction\",\"target\":[\"https:\/\/www.ecinews.fr\/fr\/projet-prems-pour-la-fabrication-en-france-lelectronique-de-puissance-des-vehicules-electriques\/\"]}]},{\"@type\":\"BreadcrumbList\",\"@id\":\"https:\/\/www.ecinews.fr\/fr\/projet-prems-pour-la-fabrication-en-france-lelectronique-de-puissance-des-vehicules-electriques\/#breadcrumb\",\"itemListElement\":[{\"@type\":\"ListItem\",\"position\":1,\"name\":\"Home\",\"item\":\"https:\/\/www.ecinews.fr\/fr\/\"},{\"@type\":\"ListItem\",\"position\":2,\"name\":\"Projet Prems pour la fabrication en France l\u2019\u00e9lectronique de puissance des v\u00e9hicules \u00e9lectriques\"}]},{\"@type\":\"WebSite\",\"@id\":\"https:\/\/www.eenewseurope.com\/en\/#website\",\"url\":\"https:\/\/www.eenewseurope.com\/en\/\",\"name\":\"EENewsEurope\",\"description\":\"Just another WordPress site\",\"publisher\":{\"@id\":\"https:\/\/www.eenewseurope.com\/en\/#organization\"},\"potentialAction\":[{\"@type\":\"SearchAction\",\"target\":{\"@type\":\"EntryPoint\",\"urlTemplate\":\"https:\/\/www.eenewseurope.com\/en\/?s={search_term_string}\"},\"query-input\":\"required name=search_term_string\"}],\"inLanguage\":\"fr-FR\"},{\"@type\":\"Organization\",\"@id\":\"https:\/\/www.eenewseurope.com\/en\/#organization\",\"name\":\"EENewsEurope\",\"url\":\"https:\/\/www.eenewseurope.com\/en\/\",\"logo\":{\"@type\":\"ImageObject\",\"inLanguage\":\"fr-FR\",\"@id\":\"https:\/\/www.eenewseurope.com\/en\/#\/schema\/logo\/image\/\",\"url\":\"https:\/\/www.ecinews.fr\/wp-content\/uploads\/2022\/02\/logo-1.jpg\",\"contentUrl\":\"https:\/\/www.ecinews.fr\/wp-content\/uploads\/2022\/02\/logo-1.jpg\",\"width\":283,\"height\":113,\"caption\":\"EENewsEurope\"},\"image\":{\"@id\":\"https:\/\/www.eenewseurope.com\/en\/#\/schema\/logo\/image\/\"}},{\"@type\":\"Person\",\"@id\":\"https:\/\/www.eenewseurope.com\/en\/#\/schema\/person\/e4387676ad67ce722325c7832f3c3762\",\"name\":\"Alain Dieul\",\"image\":{\"@type\":\"ImageObject\",\"inLanguage\":\"fr-FR\",\"@id\":\"https:\/\/www.eenewseurope.com\/en\/#\/schema\/person\/image\/736120675699dbbf0f0f282b9a9cfb75\",\"url\":\"https:\/\/secure.gravatar.com\/avatar\/bc93b056d07515be5b8eecd4acf49c5c?s=96&d=mm&r=g\",\"contentUrl\":\"https:\/\/secure.gravatar.com\/avatar\/bc93b056d07515be5b8eecd4acf49c5c?s=96&d=mm&r=g\",\"caption\":\"Alain Dieul\"},\"sameAs\":[\"http:\/\/ECINews\"]}]}<\/script>","yoast_head_json":{"title":"Projet Prems pour la fabrication en France l\u2019\u00e9lectronique de...","description":"Les trois principaux sous-traitants \u00e9lectroniques fran\u00e7ais positionn\u00e9s sur le march\u00e9 automobile Actia, All Circuits et Lacroix lancent le projet Prems...","robots":{"index":"index","follow":"follow","max-snippet":"max-snippet:-1","max-image-preview":"max-image-preview:large","max-video-preview":"max-video-preview:-1"},"canonical":"https:\/\/www.ecinews.fr\/fr\/wp-json\/wp\/v2\/posts\/379680\/","og_locale":"fr_FR","og_type":"article","og_title":"Projet Prems pour la fabrication en France l\u2019\u00e9lectronique de puissance des v\u00e9hicules \u00e9lectriques","og_description":"Les trois principaux sous-traitants \u00e9lectroniques fran\u00e7ais positionn\u00e9s sur le march\u00e9 automobile Actia, All Circuits et Lacroix lancent le projet Prems (PoweR Electronic Manufacturing Services) pour acc\u00e9l\u00e9rer la fabrication en France de l\u2019\u00e9lectronique de puissance des prochaines g\u00e9n\u00e9rations de v\u00e9hicules \u00e9lectriques.","og_url":"https:\/\/www.ecinews.fr\/fr\/wp-json\/wp\/v2\/posts\/379680\/","og_site_name":"EENewsEurope","article_published_time":"2022-04-08T07:45:57+00:00","og_image":[{"width":712,"height":400,"url":"https:\/\/www.ecinews.fr\/wp-content\/uploads\/2022\/04\/ECI1142_actu_sous_traitance.jpg","type":"image\/jpeg"}],"author":"Alain Dieul","twitter_card":"summary_large_image","twitter_misc":{"Written by":"Alain Dieul","Est. reading time":"1 minute"},"schema":{"@context":"https:\/\/schema.org","@graph":[{"@type":"Article","@id":"https:\/\/www.ecinews.fr\/fr\/projet-prems-pour-la-fabrication-en-france-lelectronique-de-puissance-des-vehicules-electriques\/#article","isPartOf":{"@id":"https:\/\/www.ecinews.fr\/fr\/projet-prems-pour-la-fabrication-en-france-lelectronique-de-puissance-des-vehicules-electriques\/"},"author":{"name":"Alain Dieul","@id":"https:\/\/www.eenewseurope.com\/en\/#\/schema\/person\/e4387676ad67ce722325c7832f3c3762"},"headline":"Projet Prems pour la fabrication en France l\u2019\u00e9lectronique de puissance des v\u00e9hicules \u00e9lectriques","datePublished":"2022-04-08T07:45:57+00:00","dateModified":"2022-04-08T07:45:57+00:00","mainEntityOfPage":{"@id":"https:\/\/www.ecinews.fr\/fr\/projet-prems-pour-la-fabrication-en-france-lelectronique-de-puissance-des-vehicules-electriques\/"},"wordCount":265,"publisher":{"@id":"https:\/\/www.eenewseurope.com\/en\/#organization"},"keywords":["Composants de puissance"],"articleSection":["Actualit\u00e9 g\u00e9n\u00e9rale"],"inLanguage":"fr-FR"},{"@type":"WebPage","@id":"https:\/\/www.ecinews.fr\/fr\/projet-prems-pour-la-fabrication-en-france-lelectronique-de-puissance-des-vehicules-electriques\/","url":"https:\/\/www.ecinews.fr\/fr\/projet-prems-pour-la-fabrication-en-france-lelectronique-de-puissance-des-vehicules-electriques\/","name":"Projet Prems pour la fabrication en France l\u2019\u00e9lectronique de puissance des v\u00e9hicules \u00e9lectriques -","isPartOf":{"@id":"https:\/\/www.eenewseurope.com\/en\/#website"},"datePublished":"2022-04-08T07:45:57+00:00","dateModified":"2022-04-08T07:45:57+00:00","breadcrumb":{"@id":"https:\/\/www.ecinews.fr\/fr\/projet-prems-pour-la-fabrication-en-france-lelectronique-de-puissance-des-vehicules-electriques\/#breadcrumb"},"inLanguage":"fr-FR","potentialAction":[{"@type":"ReadAction","target":["https:\/\/www.ecinews.fr\/fr\/projet-prems-pour-la-fabrication-en-france-lelectronique-de-puissance-des-vehicules-electriques\/"]}]},{"@type":"BreadcrumbList","@id":"https:\/\/www.ecinews.fr\/fr\/projet-prems-pour-la-fabrication-en-france-lelectronique-de-puissance-des-vehicules-electriques\/#breadcrumb","itemListElement":[{"@type":"ListItem","position":1,"name":"Home","item":"https:\/\/www.ecinews.fr\/fr\/"},{"@type":"ListItem","position":2,"name":"Projet Prems pour la fabrication en France l\u2019\u00e9lectronique de puissance des v\u00e9hicules \u00e9lectriques"}]},{"@type":"WebSite","@id":"https:\/\/www.eenewseurope.com\/en\/#website","url":"https:\/\/www.eenewseurope.com\/en\/","name":"EENewsEurope","description":"Just another WordPress site","publisher":{"@id":"https:\/\/www.eenewseurope.com\/en\/#organization"},"potentialAction":[{"@type":"SearchAction","target":{"@type":"EntryPoint","urlTemplate":"https:\/\/www.eenewseurope.com\/en\/?s={search_term_string}"},"query-input":"required name=search_term_string"}],"inLanguage":"fr-FR"},{"@type":"Organization","@id":"https:\/\/www.eenewseurope.com\/en\/#organization","name":"EENewsEurope","url":"https:\/\/www.eenewseurope.com\/en\/","logo":{"@type":"ImageObject","inLanguage":"fr-FR","@id":"https:\/\/www.eenewseurope.com\/en\/#\/schema\/logo\/image\/","url":"https:\/\/www.ecinews.fr\/wp-content\/uploads\/2022\/02\/logo-1.jpg","contentUrl":"https:\/\/www.ecinews.fr\/wp-content\/uploads\/2022\/02\/logo-1.jpg","width":283,"height":113,"caption":"EENewsEurope"},"image":{"@id":"https:\/\/www.eenewseurope.com\/en\/#\/schema\/logo\/image\/"}},{"@type":"Person","@id":"https:\/\/www.eenewseurope.com\/en\/#\/schema\/person\/e4387676ad67ce722325c7832f3c3762","name":"Alain Dieul","image":{"@type":"ImageObject","inLanguage":"fr-FR","@id":"https:\/\/www.eenewseurope.com\/en\/#\/schema\/person\/image\/736120675699dbbf0f0f282b9a9cfb75","url":"https:\/\/secure.gravatar.com\/avatar\/bc93b056d07515be5b8eecd4acf49c5c?s=96&d=mm&r=g","contentUrl":"https:\/\/secure.gravatar.com\/avatar\/bc93b056d07515be5b8eecd4acf49c5c?s=96&d=mm&r=g","caption":"Alain Dieul"},"sameAs":["http:\/\/ECINews"]}]}},"authors":[{"term_id":1154,"user_id":36,"is_guest":0,"slug":"alain-dieul","display_name":"Alain Dieul","avatar_url":"https:\/\/secure.gravatar.com\/avatar\/bc93b056d07515be5b8eecd4acf49c5c?s=96&d=mm&r=g","0":null,"1":"","2":"","3":"","4":"","5":"","6":"","7":"","8":""}],"_links":{"self":[{"href":"https:\/\/www.ecinews.fr\/fr\/wp-json\/wp\/v2\/posts\/379680"}],"collection":[{"href":"https:\/\/www.ecinews.fr\/fr\/wp-json\/wp\/v2\/posts"}],"about":[{"href":"https:\/\/www.ecinews.fr\/fr\/wp-json\/wp\/v2\/types\/post"}],"author":[{"embeddable":true,"href":"https:\/\/www.ecinews.fr\/fr\/wp-json\/wp\/v2\/users\/36"}],"replies":[{"embeddable":true,"href":"https:\/\/www.ecinews.fr\/fr\/wp-json\/wp\/v2\/comments?post=379680"}],"version-history":[{"count":0,"href":"https:\/\/www.ecinews.fr\/fr\/wp-json\/wp\/v2\/posts\/379680\/revisions"}],"wp:featuredmedia":[{"embeddable":true,"href":"https:\/\/www.ecinews.fr\/fr\/wp-json\/wp\/v2\/media\/379681"}],"wp:attachment":[{"href":"https:\/\/www.ecinews.fr\/fr\/wp-json\/wp\/v2\/media?parent=379680"}],"wp:term":[{"taxonomy":"category","embeddable":true,"href":"https:\/\/www.ecinews.fr\/fr\/wp-json\/wp\/v2\/categories?post=379680"},{"taxonomy":"post_tag","embeddable":true,"href":"https:\/\/www.ecinews.fr\/fr\/wp-json\/wp\/v2\/tags?post=379680"},{"taxonomy":"domains","embeddable":true,"href":"https:\/\/www.ecinews.fr\/fr\/wp-json\/wp\/v2\/domains?post=379680"},{"taxonomy":"author","embeddable":true,"href":"https:\/\/www.ecinews.fr\/fr\/wp-json\/wp\/v2\/ppma_author?post=379680"}],"curies":[{"name":"wp","href":"https:\/\/api.w.org\/{rel}","templated":true}]}}