{"id":379554,"date":"2022-04-06T20:23:52","date_gmt":"2022-04-06T18:23:52","guid":{"rendered":"https:\/\/www.eenewseurope.com\/?p=379554"},"modified":"2022-04-06T20:23:52","modified_gmt":"2022-04-06T18:23:52","slug":"jeff-bezos-vs-elon-musk-dans-lespace-la-concurrence-est-lancee-et-arianespace-en-profite","status":"publish","type":"post","link":"https:\/\/www.ecinews.fr\/fr\/jeff-bezos-vs-elon-musk-dans-lespace-la-concurrence-est-lancee-et-arianespace-en-profite\/","title":{"rendered":"Jeff Bezos Vs Elon Musk\u2026 dans l\u2019espace. La concurrence est lanc\u00e9e et Arianespace en profite"},"content":{"rendered":"<p>Arianespace et Amazon signent un accord portant sur 18 lancements d\u2019Ariane 6, depuis le port spatial europ\u00e9en de Kourou en Guyane, soit le plus gros contrat jamais remport\u00e9 par Arianespace. La version la plus performante du nouveau lanceur, Ariane 64, sera utilis\u00e9e pendant trois ans pour placer en orbite basse les satellites du projet Kuiper de constellation de connectivit\u00e9 \u00e0 large bande.<\/p>\n<p>Le projet Kuiper d\u2019Amazon a pour objectif d\u2019offrir une connectivit\u00e9 \u00e0 large bande, haut d\u00e9bit et \u00e0 faible latence aux communaut\u00e9s du monde entier qui en sont actuellement priv\u00e9es et ce \u00e0 des tarifs abordables. Les foyers, \u00e9coles, h\u00f4pitaux, entreprises, agences gouvernementales et institutions pourraient ainsi b\u00e9n\u00e9ficier prochainement d\u2019un acc\u00e8s internet universel gr\u00e2ce au Projet Kuiper.<\/p>\n<p>St\u00e9phane Isra\u00ebl, Pr\u00e9sident ex\u00e9cutif d\u2019Arianespace, a d\u00e9clar\u00e9 : \u00ab Ce contrat, le plus important que nous ayons jamais sign\u00e9, constitue un grand moment dans l\u2019histoire d\u2019Arianespace. Nous sommes honor\u00e9s du r\u00f4le significatif qui nous est offert dans le cadre du d\u00e9ploiement du projet Kuiper d\u2019Amazon, qui entend connecter des dizaines de millions de personnes \u00e0 internet. Il b\u00e9n\u00e9ficiera de l\u2019esprit d\u2019innovation de l\u2019Europe, de la puissance industrielle et des ann\u00e9es d\u2019exp\u00e9rience de la fili\u00e8re Ariane. Le fait qu\u2019Amazon ait choisi Ariane 6 pour r\u00e9aliser cette mission est une immense source de fiert\u00e9 pour Arianespace et ses partenaires ainsi qu\u2019une profonde marque de confiance envers notre nouveau lanceur. Ce contrat marque un succ\u00e8s d\u00e9cisif pour le programme Ariane 6 et toute sa cha\u00eene de valeur en Europe. \u00bb<\/p>\n<p>La polyvalence, les capacit\u00e9s et la fiabilit\u00e9 attendue d\u2019Ariane 6 sont autant de facteurs cl\u00e9s ayant conduit \u00e0 la signature du contrat Kuiper. Ariane 6 est un lanceur con\u00e7u d\u00e8s le d\u00e9part pour \u00e9voluer et int\u00e9grer r\u00e9guli\u00e8rement de nouvelles technologies et ce tout au long de sa dur\u00e9e de vie. Sur les 18 lanceurs A64 pr\u00e9vus au titre de ce contrat, 16 seront \u00e9quip\u00e9s de la version \u00e0 puissance accrue des boosters \u00e0 propergol solide P120C (version appel\u00e9e P120C+). Les \u00e9volutions incr\u00e9mentales d\u2019Ariane 6 visent \u00e0 optimiser constamment les performances des solutions de lancement propos\u00e9es par Arianespace pour toujours mieux r\u00e9pondre aux besoins de ses clients \u00e0 la fois institutionnels et commerciaux. Ces d\u00e9veloppements sont financ\u00e9s et g\u00e9r\u00e9s par l\u2019Agence spatiale europ\u00e9enne (ESA) et mis en \u0153uvre par ArianeGroup, ma\u00eetre d\u2019\u0153uvre du syst\u00e8me de lanceur Ariane 6.<\/p>\n<p>Le d\u00e9ploiement devra commencer en 2023, apr\u00e8s l\u2019envoi cette ann\u00e9e de deux premier satellites prototypes. Amazon \u00e0 encore beaucoup de travail sur la d\u00e9finition et les performance de ses satellites pour r\u00e9pondre \u00e0 ses objectifs de connecter le monde entier facilement et \u00e0 faible co\u00fbt \u00e0 Amazon.<\/p>\n<p><a href=\"https:\/\/www.arianespace.com\/\">Arianesape<\/a><\/p>\n<p>&nbsp;<\/p>\n","protected":false},"excerpt":{"rendered":"<p>Elon Musk a sa constellation de satellites Starlink et Jeff Bezos lance son projet Kuiper avec la mise en orbite de 3226 satellites sur une orbite basse \u00e0 550 km de la terre. Cerise sur le g\u00e2teau pour l\u2019Europe, Arianespace a sign\u00e9 le contrat avec Blue Origin pour le d\u00e9ploiement en cinq ans avec la toute nouvelle Ariane 6 qui va faire son premier vol en fin d\u2019ann\u00e9e.<\/p>\n","protected":false},"author":11,"featured_media":379556,"comment_status":"closed","ping_status":"closed","sticky":false,"template":"","format":"standard","meta":{"_acf_changed":false,"footnotes":""},"categories":[886],"tags":[],"domains":[47],"ppma_author":[1143],"class_list":["post-379554","post","type-post","status-publish","format-standard","has-post-thumbnail","hentry","category-news-fr","domains-electronique-eci"],"acf":[],"yoast_head":"<title>Jeff Bezos Vs Elon Musk\u2026 dans l\u2019espace. La concurrence est ...<\/title>\n<meta name=\"description\" content=\"Elon Musk a sa constellation de satellites Starlink et Jeff Bezos lance son projet Kuiper avec la mise en orbite de 3226 satellites sur une orbite basse \u00e0...\" \/>\n<meta name=\"robots\" content=\"index, follow, max-snippet:-1, max-image-preview:large, max-video-preview:-1\" \/>\n<link rel=\"canonical\" href=\"https:\/\/www.ecinews.fr\/fr\/wp-json\/wp\/v2\/posts\/379554\/\" \/>\n<meta property=\"og:locale\" content=\"fr_FR\" \/>\n<meta property=\"og:type\" content=\"article\" \/>\n<meta property=\"og:title\" content=\"Jeff Bezos Vs Elon Musk\u2026 dans l\u2019espace. La concurrence est lanc\u00e9e et Arianespace en profite\" \/>\n<meta property=\"og:description\" content=\"Elon Musk a sa constellation de satellites Starlink et Jeff Bezos lance son projet Kuiper avec la mise en orbite de 3226 satellites sur une orbite basse \u00e0 550 km de la terre. Cerise sur le g\u00e2teau pour l\u2019Europe, Arianespace a sign\u00e9 le contrat avec Blue Origin pour le d\u00e9ploiement en cinq ans avec la toute nouvelle Ariane 6 qui va faire son premier vol en fin d\u2019ann\u00e9e.\" \/>\n<meta property=\"og:url\" content=\"https:\/\/www.ecinews.fr\/fr\/wp-json\/wp\/v2\/posts\/379554\/\" \/>\n<meta property=\"og:site_name\" content=\"EENewsEurope\" \/>\n<meta property=\"article:published_time\" content=\"2022-04-06T18:23:52+00:00\" \/>\n<meta property=\"og:image\" content=\"https:\/\/www.ecinews.fr\/wp-content\/uploads\/2022\/04\/Ariaesoae-6.jpg\" \/>\n\t<meta property=\"og:image:width\" content=\"500\" \/>\n\t<meta property=\"og:image:height\" content=\"486\" \/>\n\t<meta property=\"og:image:type\" content=\"image\/jpeg\" \/>\n<meta name=\"author\" content=\"Daniel Cardon\" \/>\n<meta name=\"twitter:card\" content=\"summary_large_image\" \/>\n<meta name=\"twitter:label1\" content=\"Written by\" \/>\n\t<meta name=\"twitter:data1\" content=\"Daniel Cardon\" \/>\n\t<meta name=\"twitter:label2\" content=\"Est. reading time\" \/>\n\t<meta name=\"twitter:data2\" content=\"2 minutes\" \/>\n<script type=\"application\/ld+json\" class=\"yoast-schema-graph\">{\"@context\":\"https:\/\/schema.org\",\"@graph\":[{\"@type\":\"Article\",\"@id\":\"https:\/\/www.ecinews.fr\/fr\/jeff-bezos-vs-elon-musk-dans-lespace-la-concurrence-est-lancee-et-arianespace-en-profite\/#article\",\"isPartOf\":{\"@id\":\"https:\/\/www.ecinews.fr\/fr\/jeff-bezos-vs-elon-musk-dans-lespace-la-concurrence-est-lancee-et-arianespace-en-profite\/\"},\"author\":{\"name\":\"Daniel Cardon\",\"@id\":\"https:\/\/www.eenewseurope.com\/en\/#\/schema\/person\/93c44cde463762f40a8236eaa44c1c17\"},\"headline\":\"Jeff Bezos Vs Elon Musk\u2026 dans l\u2019espace. La concurrence est lanc\u00e9e et Arianespace en profite\",\"datePublished\":\"2022-04-06T18:23:52+00:00\",\"dateModified\":\"2022-04-06T18:23:52+00:00\",\"mainEntityOfPage\":{\"@id\":\"https:\/\/www.ecinews.fr\/fr\/jeff-bezos-vs-elon-musk-dans-lespace-la-concurrence-est-lancee-et-arianespace-en-profite\/\"},\"wordCount\":495,\"publisher\":{\"@id\":\"https:\/\/www.eenewseurope.com\/en\/#organization\"},\"articleSection\":[\"Actualit\u00e9 g\u00e9n\u00e9rale\"],\"inLanguage\":\"fr-FR\"},{\"@type\":\"WebPage\",\"@id\":\"https:\/\/www.ecinews.fr\/fr\/jeff-bezos-vs-elon-musk-dans-lespace-la-concurrence-est-lancee-et-arianespace-en-profite\/\",\"url\":\"https:\/\/www.ecinews.fr\/fr\/jeff-bezos-vs-elon-musk-dans-lespace-la-concurrence-est-lancee-et-arianespace-en-profite\/\",\"name\":\"Jeff Bezos Vs Elon Musk\u2026 dans l\u2019espace. La concurrence est lanc\u00e9e et Arianespace en profite -\",\"isPartOf\":{\"@id\":\"https:\/\/www.eenewseurope.com\/en\/#website\"},\"datePublished\":\"2022-04-06T18:23:52+00:00\",\"dateModified\":\"2022-04-06T18:23:52+00:00\",\"breadcrumb\":{\"@id\":\"https:\/\/www.ecinews.fr\/fr\/jeff-bezos-vs-elon-musk-dans-lespace-la-concurrence-est-lancee-et-arianespace-en-profite\/#breadcrumb\"},\"inLanguage\":\"fr-FR\",\"potentialAction\":[{\"@type\":\"ReadAction\",\"target\":[\"https:\/\/www.ecinews.fr\/fr\/jeff-bezos-vs-elon-musk-dans-lespace-la-concurrence-est-lancee-et-arianespace-en-profite\/\"]}]},{\"@type\":\"BreadcrumbList\",\"@id\":\"https:\/\/www.ecinews.fr\/fr\/jeff-bezos-vs-elon-musk-dans-lespace-la-concurrence-est-lancee-et-arianespace-en-profite\/#breadcrumb\",\"itemListElement\":[{\"@type\":\"ListItem\",\"position\":1,\"name\":\"Home\",\"item\":\"https:\/\/www.ecinews.fr\/fr\/\"},{\"@type\":\"ListItem\",\"position\":2,\"name\":\"Jeff Bezos Vs Elon Musk\u2026 dans l\u2019espace. La concurrence est lanc\u00e9e et Arianespace en profite\"}]},{\"@type\":\"WebSite\",\"@id\":\"https:\/\/www.eenewseurope.com\/en\/#website\",\"url\":\"https:\/\/www.eenewseurope.com\/en\/\",\"name\":\"EENewsEurope\",\"description\":\"Just another WordPress site\",\"publisher\":{\"@id\":\"https:\/\/www.eenewseurope.com\/en\/#organization\"},\"potentialAction\":[{\"@type\":\"SearchAction\",\"target\":{\"@type\":\"EntryPoint\",\"urlTemplate\":\"https:\/\/www.eenewseurope.com\/en\/?s={search_term_string}\"},\"query-input\":\"required name=search_term_string\"}],\"inLanguage\":\"fr-FR\"},{\"@type\":\"Organization\",\"@id\":\"https:\/\/www.eenewseurope.com\/en\/#organization\",\"name\":\"EENewsEurope\",\"url\":\"https:\/\/www.eenewseurope.com\/en\/\",\"logo\":{\"@type\":\"ImageObject\",\"inLanguage\":\"fr-FR\",\"@id\":\"https:\/\/www.eenewseurope.com\/en\/#\/schema\/logo\/image\/\",\"url\":\"https:\/\/www.ecinews.fr\/wp-content\/uploads\/2022\/02\/logo-1.jpg\",\"contentUrl\":\"https:\/\/www.ecinews.fr\/wp-content\/uploads\/2022\/02\/logo-1.jpg\",\"width\":283,\"height\":113,\"caption\":\"EENewsEurope\"},\"image\":{\"@id\":\"https:\/\/www.eenewseurope.com\/en\/#\/schema\/logo\/image\/\"}},{\"@type\":\"Person\",\"@id\":\"https:\/\/www.eenewseurope.com\/en\/#\/schema\/person\/93c44cde463762f40a8236eaa44c1c17\",\"name\":\"Daniel Cardon\",\"image\":{\"@type\":\"ImageObject\",\"inLanguage\":\"fr-FR\",\"@id\":\"https:\/\/www.eenewseurope.com\/en\/#\/schema\/person\/image\/2b243f6bcc1cff7d86aadfb2cd0bd870\",\"url\":\"https:\/\/secure.gravatar.com\/avatar\/de9edc136dfc061ad4778e04635baefa?s=96&d=mm&r=g\",\"contentUrl\":\"https:\/\/secure.gravatar.com\/avatar\/de9edc136dfc061ad4778e04635baefa?s=96&d=mm&r=g\",\"caption\":\"Daniel Cardon\"}}]}<\/script>","yoast_head_json":{"title":"Jeff Bezos Vs Elon Musk\u2026 dans l\u2019espace. La concurrence est ...","description":"Elon Musk a sa constellation de satellites Starlink et Jeff Bezos lance son projet Kuiper avec la mise en orbite de 3226 satellites sur une orbite basse \u00e0...","robots":{"index":"index","follow":"follow","max-snippet":"max-snippet:-1","max-image-preview":"max-image-preview:large","max-video-preview":"max-video-preview:-1"},"canonical":"https:\/\/www.ecinews.fr\/fr\/wp-json\/wp\/v2\/posts\/379554\/","og_locale":"fr_FR","og_type":"article","og_title":"Jeff Bezos Vs Elon Musk\u2026 dans l\u2019espace. La concurrence est lanc\u00e9e et Arianespace en profite","og_description":"Elon Musk a sa constellation de satellites Starlink et Jeff Bezos lance son projet Kuiper avec la mise en orbite de 3226 satellites sur une orbite basse \u00e0 550 km de la terre. Cerise sur le g\u00e2teau pour l\u2019Europe, Arianespace a sign\u00e9 le contrat avec Blue Origin pour le d\u00e9ploiement en cinq ans avec la toute nouvelle Ariane 6 qui va faire son premier vol en fin d\u2019ann\u00e9e.","og_url":"https:\/\/www.ecinews.fr\/fr\/wp-json\/wp\/v2\/posts\/379554\/","og_site_name":"EENewsEurope","article_published_time":"2022-04-06T18:23:52+00:00","og_image":[{"width":500,"height":486,"url":"https:\/\/www.ecinews.fr\/wp-content\/uploads\/2022\/04\/Ariaesoae-6.jpg","type":"image\/jpeg"}],"author":"Daniel Cardon","twitter_card":"summary_large_image","twitter_misc":{"Written by":"Daniel Cardon","Est. reading time":"2 minutes"},"schema":{"@context":"https:\/\/schema.org","@graph":[{"@type":"Article","@id":"https:\/\/www.ecinews.fr\/fr\/jeff-bezos-vs-elon-musk-dans-lespace-la-concurrence-est-lancee-et-arianespace-en-profite\/#article","isPartOf":{"@id":"https:\/\/www.ecinews.fr\/fr\/jeff-bezos-vs-elon-musk-dans-lespace-la-concurrence-est-lancee-et-arianespace-en-profite\/"},"author":{"name":"Daniel Cardon","@id":"https:\/\/www.eenewseurope.com\/en\/#\/schema\/person\/93c44cde463762f40a8236eaa44c1c17"},"headline":"Jeff Bezos Vs Elon Musk\u2026 dans l\u2019espace. La concurrence est lanc\u00e9e et Arianespace en profite","datePublished":"2022-04-06T18:23:52+00:00","dateModified":"2022-04-06T18:23:52+00:00","mainEntityOfPage":{"@id":"https:\/\/www.ecinews.fr\/fr\/jeff-bezos-vs-elon-musk-dans-lespace-la-concurrence-est-lancee-et-arianespace-en-profite\/"},"wordCount":495,"publisher":{"@id":"https:\/\/www.eenewseurope.com\/en\/#organization"},"articleSection":["Actualit\u00e9 g\u00e9n\u00e9rale"],"inLanguage":"fr-FR"},{"@type":"WebPage","@id":"https:\/\/www.ecinews.fr\/fr\/jeff-bezos-vs-elon-musk-dans-lespace-la-concurrence-est-lancee-et-arianespace-en-profite\/","url":"https:\/\/www.ecinews.fr\/fr\/jeff-bezos-vs-elon-musk-dans-lespace-la-concurrence-est-lancee-et-arianespace-en-profite\/","name":"Jeff Bezos Vs Elon Musk\u2026 dans l\u2019espace. La concurrence est lanc\u00e9e et Arianespace en profite -","isPartOf":{"@id":"https:\/\/www.eenewseurope.com\/en\/#website"},"datePublished":"2022-04-06T18:23:52+00:00","dateModified":"2022-04-06T18:23:52+00:00","breadcrumb":{"@id":"https:\/\/www.ecinews.fr\/fr\/jeff-bezos-vs-elon-musk-dans-lespace-la-concurrence-est-lancee-et-arianespace-en-profite\/#breadcrumb"},"inLanguage":"fr-FR","potentialAction":[{"@type":"ReadAction","target":["https:\/\/www.ecinews.fr\/fr\/jeff-bezos-vs-elon-musk-dans-lespace-la-concurrence-est-lancee-et-arianespace-en-profite\/"]}]},{"@type":"BreadcrumbList","@id":"https:\/\/www.ecinews.fr\/fr\/jeff-bezos-vs-elon-musk-dans-lespace-la-concurrence-est-lancee-et-arianespace-en-profite\/#breadcrumb","itemListElement":[{"@type":"ListItem","position":1,"name":"Home","item":"https:\/\/www.ecinews.fr\/fr\/"},{"@type":"ListItem","position":2,"name":"Jeff Bezos Vs Elon Musk\u2026 dans l\u2019espace. La concurrence est lanc\u00e9e et Arianespace en profite"}]},{"@type":"WebSite","@id":"https:\/\/www.eenewseurope.com\/en\/#website","url":"https:\/\/www.eenewseurope.com\/en\/","name":"EENewsEurope","description":"Just another WordPress site","publisher":{"@id":"https:\/\/www.eenewseurope.com\/en\/#organization"},"potentialAction":[{"@type":"SearchAction","target":{"@type":"EntryPoint","urlTemplate":"https:\/\/www.eenewseurope.com\/en\/?s={search_term_string}"},"query-input":"required name=search_term_string"}],"inLanguage":"fr-FR"},{"@type":"Organization","@id":"https:\/\/www.eenewseurope.com\/en\/#organization","name":"EENewsEurope","url":"https:\/\/www.eenewseurope.com\/en\/","logo":{"@type":"ImageObject","inLanguage":"fr-FR","@id":"https:\/\/www.eenewseurope.com\/en\/#\/schema\/logo\/image\/","url":"https:\/\/www.ecinews.fr\/wp-content\/uploads\/2022\/02\/logo-1.jpg","contentUrl":"https:\/\/www.ecinews.fr\/wp-content\/uploads\/2022\/02\/logo-1.jpg","width":283,"height":113,"caption":"EENewsEurope"},"image":{"@id":"https:\/\/www.eenewseurope.com\/en\/#\/schema\/logo\/image\/"}},{"@type":"Person","@id":"https:\/\/www.eenewseurope.com\/en\/#\/schema\/person\/93c44cde463762f40a8236eaa44c1c17","name":"Daniel Cardon","image":{"@type":"ImageObject","inLanguage":"fr-FR","@id":"https:\/\/www.eenewseurope.com\/en\/#\/schema\/person\/image\/2b243f6bcc1cff7d86aadfb2cd0bd870","url":"https:\/\/secure.gravatar.com\/avatar\/de9edc136dfc061ad4778e04635baefa?s=96&d=mm&r=g","contentUrl":"https:\/\/secure.gravatar.com\/avatar\/de9edc136dfc061ad4778e04635baefa?s=96&d=mm&r=g","caption":"Daniel Cardon"}}]}},"authors":[{"term_id":1143,"user_id":11,"is_guest":0,"slug":"danielcardon","display_name":"Daniel Cardon","avatar_url":"https:\/\/secure.gravatar.com\/avatar\/de9edc136dfc061ad4778e04635baefa?s=96&d=mm&r=g","0":null,"1":"","2":"","3":"","4":"","5":"","6":"","7":"","8":""}],"_links":{"self":[{"href":"https:\/\/www.ecinews.fr\/fr\/wp-json\/wp\/v2\/posts\/379554"}],"collection":[{"href":"https:\/\/www.ecinews.fr\/fr\/wp-json\/wp\/v2\/posts"}],"about":[{"href":"https:\/\/www.ecinews.fr\/fr\/wp-json\/wp\/v2\/types\/post"}],"author":[{"embeddable":true,"href":"https:\/\/www.ecinews.fr\/fr\/wp-json\/wp\/v2\/users\/11"}],"replies":[{"embeddable":true,"href":"https:\/\/www.ecinews.fr\/fr\/wp-json\/wp\/v2\/comments?post=379554"}],"version-history":[{"count":0,"href":"https:\/\/www.ecinews.fr\/fr\/wp-json\/wp\/v2\/posts\/379554\/revisions"}],"wp:featuredmedia":[{"embeddable":true,"href":"https:\/\/www.ecinews.fr\/fr\/wp-json\/wp\/v2\/media\/379556"}],"wp:attachment":[{"href":"https:\/\/www.ecinews.fr\/fr\/wp-json\/wp\/v2\/media?parent=379554"}],"wp:term":[{"taxonomy":"category","embeddable":true,"href":"https:\/\/www.ecinews.fr\/fr\/wp-json\/wp\/v2\/categories?post=379554"},{"taxonomy":"post_tag","embeddable":true,"href":"https:\/\/www.ecinews.fr\/fr\/wp-json\/wp\/v2\/tags?post=379554"},{"taxonomy":"domains","embeddable":true,"href":"https:\/\/www.ecinews.fr\/fr\/wp-json\/wp\/v2\/domains?post=379554"},{"taxonomy":"author","embeddable":true,"href":"https:\/\/www.ecinews.fr\/fr\/wp-json\/wp\/v2\/ppma_author?post=379554"}],"curies":[{"name":"wp","href":"https:\/\/api.w.org\/{rel}","templated":true}]}}