{"id":379261,"date":"2022-04-04T19:20:22","date_gmt":"2022-04-04T17:20:22","guid":{"rendered":"https:\/\/www.eenewseurope.com\/?p=379261"},"modified":"2022-04-04T19:20:22","modified_gmt":"2022-04-04T17:20:22","slug":"lancement-du-projet-de-jumeau-numerique-de-la-terre","status":"publish","type":"post","link":"https:\/\/www.ecinews.fr\/fr\/lancement-du-projet-de-jumeau-numerique-de-la-terre\/","title":{"rendered":"Lancement du projet de jumeau num\u00e9rique de la terre"},"content":{"rendered":"<p><span class=\"VIiyi\" lang=\"fr\"><span class=\"JLqJ4b\" data-language-for-alternatives=\"fr\" data-language-to-translate-into=\"en\" data-phrase-index=\"0\" data-number-of-phrases=\"1\">La Commission europ\u00e9enne a officiellement lanc\u00e9 son projet de d\u00e9veloppement d&rsquo;un jumeau num\u00e9rique de la Terre. L&rsquo;initiative Destination Earth (DestinE) rassemble l&rsquo;Agence spatiale europ\u00e9enne (ESA), le Centre europ\u00e9en pour les pr\u00e9visions m\u00e9t\u00e9orologiques \u00e0 moyen terme (ECMWF) et l&rsquo;Organisation europ\u00e9enne pour l&rsquo;exploitation de satellites m\u00e9t\u00e9orologiques (Eumetsat) afin de d\u00e9velopper un mod\u00e8le num\u00e9rique tr\u00e8s pr\u00e9cis de Terre qui surveillera et pr\u00e9dira les changements environnementaux et l&rsquo;impact humain. <\/span><\/span><\/p>\n<p><span class=\"VIiyi\" lang=\"fr\"><span class=\"JLqJ4b\" data-language-for-alternatives=\"fr\" data-language-to-translate-into=\"en\" data-phrase-index=\"0\" data-number-of-phrases=\"1\">Le projet est dirig\u00e9 par la DG Connect de la Commission europ\u00e9enne et utilisera de nouveaux mod\u00e8les du syst\u00e8me terrestre, le cloud computing, les donn\u00e9es satellitaires et l&rsquo;apprentissage automatique pour permettre aux utilisateurs d&rsquo;explorer les effets du changement climatique sur les diff\u00e9rentes composantes du syst\u00e8me terrestre, ainsi que d&rsquo;\u00e9ventuelles adaptations et strat\u00e9gies d&rsquo;att\u00e9nuation. <\/span><\/span><\/p>\n<p>&nbsp;<\/p>\n<ul>\n<li><a href=\"https:\/\/www.eenewseurope.com\/en\/europe-to-build-a-digital-twin-of-the-earth\/\">Europe to build a digital twin of the earth<\/a><\/li>\n<\/ul>\n<p><span class=\"VIiyi\" lang=\"fr\"><span class=\"JLqJ4b\" data-language-for-alternatives=\"fr\" data-language-to-translate-into=\"en\" data-phrase-index=\"0\" data-number-of-phrases=\"1\">\u00a0\u00ab\u00a0Destination Earth est une initiative cl\u00e9 pour l&rsquo;Europe qui constituera la base de strat\u00e9gies d&rsquo;adaptation europ\u00e9ennes efficaces et soutiendra la transition verte. L&rsquo;ESA et tous les partenaires impliqu\u00e9s travailleront dur pour apporter leur propre expertise, leurs donn\u00e9es d&rsquo;observation de la Terre et leur excellence pour aider l&rsquo;Europe \u00e0 franchir la prochaine \u00e9tape dans la prise de d\u00e9cision \u00e9clair\u00e9e \u00bb, a d\u00e9clar\u00e9 Simonetta Cheli, directrice des programmes d&rsquo;observation de la Terre \u00e0 l&rsquo;ESA.<\/span><\/span><\/p>\n<p><span class=\"VIiyi\" lang=\"fr\"><span class=\"JLqJ4b\" data-language-for-alternatives=\"fr\" data-language-to-translate-into=\"en\" data-phrase-index=\"0\" data-number-of-phrases=\"1\">L&rsquo;ESA sera responsable de la plate-forme de service DestinE Open Core qui regroupe les donn\u00e9es d&rsquo;observation spatiales, y compris les donn\u00e9es des satellites de l&rsquo;ESA Earth Explorers, les Copernicus Sentinel, et les donn\u00e9es de l&rsquo;ECMWF et, au fil du temps, d&rsquo;autres grands fonds de donn\u00e9es en Europe.<\/span><\/span><\/p>\n<p>&nbsp;<\/p>\n<p><iframe data-src=\"\/\/www.youtube.com\/embed\/FKVHZlGqEyw\" width=\"400\" height=\"224\" allowfullscreen=\"allowfullscreen\" src=\"data:image\/svg+xml;base64,PHN2ZyB3aWR0aD0iMSIgaGVpZ2h0PSIxIiB4bWxucz0iaHR0cDovL3d3dy53My5vcmcvMjAwMC9zdmciPjwvc3ZnPg==\" class=\"lazyload\" data-load-mode=\"1\"><\/iframe><\/p>\n<p><span class=\"VIiyi\" lang=\"fr\"><span class=\"JLqJ4b\" data-language-for-alternatives=\"fr\" data-language-to-translate-into=\"en\" data-phrase-index=\"0\" data-number-of-phrases=\"1\">\u00ab La plate-forme de service DestinE Core est un lieu d&rsquo;excellence de l&rsquo;industrie europ\u00e9enne. Elle est con\u00e7ue, fournie et supervis\u00e9e par l&rsquo;ESA et pr\u00eate \u00e0 \u00e9voluer pour englober les d\u00e9fis du Green Deal et de l&rsquo;adaptation au changement climatique \u00bb, a d\u00e9clar\u00e9 Eric Monjoux, chef de projet \u00e0 l&rsquo;ESA. <\/span><\/span><\/p>\n<p><span class=\"VIiyi\" lang=\"fr\"><span class=\"JLqJ4b\" data-language-for-alternatives=\"fr\" data-language-to-translate-into=\"en\" data-phrase-index=\"0\" data-number-of-phrases=\"1\">Eumetsat sera responsable d&rsquo;un \u00ablac de donn\u00e9es\u00bb multi-cloud pour alimenter le jumeau num\u00e9rique, y compris sa conception, sa mise en place et ses tests, ainsi que ses op\u00e9rations d&rsquo;inventaire en ligne. L&rsquo;ECMWF sera responsable du Digital Twin Engine, y compris le d\u00e9veloppement des deux premiers Digital Twins : le Digital Twin on Weather-Induced and Geophysical Extremes et le Climate Change Adaptation Digital Twin.<\/span><\/span><\/p>\n<p><span class=\"VIiyi\" lang=\"fr\"><span class=\"JLqJ4b\" data-language-for-alternatives=\"fr\" data-language-to-translate-into=\"en\" data-phrase-index=\"0\" data-number-of-phrases=\"1\">\u00ab\u00a0Destination Earth sera une plate-forme o\u00f9 la planification des risques, les mesures d&rsquo;att\u00e9nuation et les actions d&rsquo;adaptation pourront \u00eatre d\u00e9montr\u00e9es. Finalement, cela profitera\u00a0 aux utilisateurs des services op\u00e9rationnels, tels que ceux de Copernicus, des services m\u00e9t\u00e9orologiques nationaux et d&rsquo;autres \u00e0 mesure que les r\u00e9sultats de Destination Earth seront int\u00e9gr\u00e9s dans le cadre de leur \u00e9volution \u00bb, a d\u00e9clar\u00e9 Florence Rabier, directrice g\u00e9n\u00e9rale du CEPMMT. La plate-forme num\u00e9rique \u00e0 noyau ouvert et les deux premiers jumeaux num\u00e9riques sont pr\u00e9vus pour 2024, avec une r\u00e9plique num\u00e9rique \u00ab compl\u00e8te \u00bb de la Terre gr\u00e2ce \u00e0 la convergence des jumeaux num\u00e9riques disponibles via la plate-forme d&rsquo;ici 2030.<\/span><\/span><\/p>\n<p>&nbsp;<\/p>\n<p><a href=\"http:\/\/www.esa.int\">www.esa.int<\/a>; <a href=\"https:\/\/digital-strategy.ec.europa.eu\/en\">https:\/\/digital-strategy.ec.europa.eu\/en<\/a><\/p>\n<h4>Related articles<\/h4>\n<ul>\n<li><a href=\"https:\/\/www.eenewseurope.com\/en\/ericsson-builds-digital-twins-for-5g-networks\/\">Ericsson builds digital twins for 5G networks<\/a><\/li>\n<li><a href=\"https:\/\/www.eenewseurope.com\/en\/quantum-project-for-digital-twins\/\">Quantum project for digital twins<\/a><\/li>\n<\/ul>\n<h4>Other articles on eeNews Europe<\/h4>\n<ul>\n<li><a href=\"https:\/\/www.eenewseurope.com\/en\/risc-v-reference-design-for-intel-fpga-module\/\">RISC-V reference design for Intel FPGA module<\/a><\/li>\n<li><a href=\"https:\/\/www.eenewseurope.com\/en\/patent-war-heats-up-as-samsung-sued-in-europe\/\">Patent war heats up as Samsung sued in Europe<\/a><\/li>\n<li><a href=\"https:\/\/www.eenewseurope.com\/en\/toppan-spins-out-its-semiconductor-mask-business-ahead-of-an-ipo\/\">Toppan spins out its semiconductor mask business ahead of an IPO<\/a><\/li>\n<li><a href=\"https:\/\/www.eenewseurope.com\/en\/c-heap-manager-provides-real-time-deterministic-performance\/\">C++ heap manager provides real time, deterministic performance<\/a><\/li>\n<li><a href=\"https:\/\/www.eenewseurope.com\/en\/glass-processors-aim-to-boost-edge-ai\/\">Glass processors aim to boost edge AI<\/a><\/li>\n<\/ul>\n","protected":false},"excerpt":{"rendered":"<p>La Commission europ\u00e9enne a officiellement lanc\u00e9 son projet de d\u00e9veloppement d&rsquo;un jumeau num\u00e9rique de la Terre. L&rsquo;initiative Destination Earth (DestinE) rassemble l&rsquo;Agence spatiale europ\u00e9enne (ESA), le Centre europ\u00e9en pour les pr\u00e9visions m\u00e9t\u00e9orologiques \u00e0 moyen terme (ECMWF) et l&rsquo;Organisation europ\u00e9enne pour l&rsquo;exploitation de satellites m\u00e9t\u00e9orologiques (Eumetsat) afin de d\u00e9velopper un mod\u00e8le num\u00e9rique tr\u00e8s pr\u00e9cis de Terre [&hellip;]<\/p>\n","protected":false},"author":34,"featured_media":379227,"comment_status":"closed","ping_status":"closed","sticky":true,"template":"","format":"standard","meta":{"_acf_changed":false,"footnotes":""},"categories":[883],"tags":[917],"domains":[47],"ppma_author":[1153],"class_list":["post-379261","post","type-post","status-publish","format-standard","has-post-thumbnail","hentry","category-technologies","tag-software-embedded-tools-fr","domains-electronique-eci"],"acf":[],"yoast_head":"<title>Lancement du projet de jumeau num\u00e9rique de la terre ...<\/title>\n<meta name=\"description\" content=\"The European Commission has officially launched the DestinE project to develop a digital twin of the Earth.\" \/>\n<meta name=\"robots\" content=\"index, follow, max-snippet:-1, max-image-preview:large, max-video-preview:-1\" \/>\n<link rel=\"canonical\" href=\"https:\/\/www.ecinews.fr\/fr\/wp-json\/wp\/v2\/posts\/379261\/\" \/>\n<meta property=\"og:locale\" content=\"fr_FR\" \/>\n<meta property=\"og:type\" content=\"article\" \/>\n<meta property=\"og:title\" content=\"Lancement du projet de jumeau num\u00e9rique de la terre\" \/>\n<meta property=\"og:description\" content=\"The European Commission has officially launched the DestinE project to develop a digital twin of the Earth.\" \/>\n<meta property=\"og:url\" content=\"https:\/\/www.ecinews.fr\/fr\/wp-json\/wp\/v2\/posts\/379261\/\" \/>\n<meta property=\"og:site_name\" content=\"EENewsEurope\" \/>\n<meta property=\"article:published_time\" content=\"2022-04-04T17:20:22+00:00\" \/>\n<meta property=\"og:image\" content=\"https:\/\/www.ecinews.fr\/wp-content\/uploads\/2022\/04\/Destination_Earth-scaled.jpg\" \/>\n\t<meta property=\"og:image:width\" content=\"1080\" \/>\n\t<meta property=\"og:image:height\" content=\"608\" \/>\n\t<meta property=\"og:image:type\" content=\"image\/jpeg\" \/>\n<meta name=\"author\" content=\"A Delapalisse\" \/>\n<meta name=\"twitter:card\" content=\"summary_large_image\" \/>\n<meta name=\"twitter:label1\" content=\"Written by\" \/>\n\t<meta name=\"twitter:data1\" content=\"A Delapalisse\" \/>\n\t<meta name=\"twitter:label2\" content=\"Est. reading time\" \/>\n\t<meta name=\"twitter:data2\" content=\"3 minutes\" \/>\n<script type=\"application\/ld+json\" class=\"yoast-schema-graph\">{\"@context\":\"https:\/\/schema.org\",\"@graph\":[{\"@type\":\"Article\",\"@id\":\"https:\/\/www.ecinews.fr\/fr\/lancement-du-projet-de-jumeau-numerique-de-la-terre\/#article\",\"isPartOf\":{\"@id\":\"https:\/\/www.ecinews.fr\/fr\/lancement-du-projet-de-jumeau-numerique-de-la-terre\/\"},\"author\":{\"name\":\"A Delapalisse\",\"@id\":\"https:\/\/www.eenewseurope.com\/en\/#\/schema\/person\/0aa2cfb0bd8949724a68cbac8d8321b4\"},\"headline\":\"Lancement du projet de jumeau num\u00e9rique de la terre\",\"datePublished\":\"2022-04-04T17:20:22+00:00\",\"dateModified\":\"2022-04-04T17:20:22+00:00\",\"mainEntityOfPage\":{\"@id\":\"https:\/\/www.ecinews.fr\/fr\/lancement-du-projet-de-jumeau-numerique-de-la-terre\/\"},\"wordCount\":627,\"publisher\":{\"@id\":\"https:\/\/www.eenewseurope.com\/en\/#organization\"},\"keywords\":[\"Software &amp; Embedded tools\"],\"articleSection\":[\"Technologies\"],\"inLanguage\":\"fr-FR\"},{\"@type\":\"WebPage\",\"@id\":\"https:\/\/www.ecinews.fr\/fr\/lancement-du-projet-de-jumeau-numerique-de-la-terre\/\",\"url\":\"https:\/\/www.ecinews.fr\/fr\/lancement-du-projet-de-jumeau-numerique-de-la-terre\/\",\"name\":\"Lancement du projet de jumeau num\u00e9rique de la terre -\",\"isPartOf\":{\"@id\":\"https:\/\/www.eenewseurope.com\/en\/#website\"},\"datePublished\":\"2022-04-04T17:20:22+00:00\",\"dateModified\":\"2022-04-04T17:20:22+00:00\",\"description\":\"The European Commission has officially launched the DestinE project to develop a digital twin of the Earth.\",\"breadcrumb\":{\"@id\":\"https:\/\/www.ecinews.fr\/fr\/lancement-du-projet-de-jumeau-numerique-de-la-terre\/#breadcrumb\"},\"inLanguage\":\"fr-FR\",\"potentialAction\":[{\"@type\":\"ReadAction\",\"target\":[\"https:\/\/www.ecinews.fr\/fr\/lancement-du-projet-de-jumeau-numerique-de-la-terre\/\"]}]},{\"@type\":\"BreadcrumbList\",\"@id\":\"https:\/\/www.ecinews.fr\/fr\/lancement-du-projet-de-jumeau-numerique-de-la-terre\/#breadcrumb\",\"itemListElement\":[{\"@type\":\"ListItem\",\"position\":1,\"name\":\"Home\",\"item\":\"https:\/\/www.ecinews.fr\/fr\/\"},{\"@type\":\"ListItem\",\"position\":2,\"name\":\"Lancement du projet de jumeau num\u00e9rique de la terre\"}]},{\"@type\":\"WebSite\",\"@id\":\"https:\/\/www.eenewseurope.com\/en\/#website\",\"url\":\"https:\/\/www.eenewseurope.com\/en\/\",\"name\":\"EENewsEurope\",\"description\":\"Just another WordPress site\",\"publisher\":{\"@id\":\"https:\/\/www.eenewseurope.com\/en\/#organization\"},\"potentialAction\":[{\"@type\":\"SearchAction\",\"target\":{\"@type\":\"EntryPoint\",\"urlTemplate\":\"https:\/\/www.eenewseurope.com\/en\/?s={search_term_string}\"},\"query-input\":\"required name=search_term_string\"}],\"inLanguage\":\"fr-FR\"},{\"@type\":\"Organization\",\"@id\":\"https:\/\/www.eenewseurope.com\/en\/#organization\",\"name\":\"EENewsEurope\",\"url\":\"https:\/\/www.eenewseurope.com\/en\/\",\"logo\":{\"@type\":\"ImageObject\",\"inLanguage\":\"fr-FR\",\"@id\":\"https:\/\/www.eenewseurope.com\/en\/#\/schema\/logo\/image\/\",\"url\":\"https:\/\/www.ecinews.fr\/wp-content\/uploads\/2022\/02\/logo-1.jpg\",\"contentUrl\":\"https:\/\/www.ecinews.fr\/wp-content\/uploads\/2022\/02\/logo-1.jpg\",\"width\":283,\"height\":113,\"caption\":\"EENewsEurope\"},\"image\":{\"@id\":\"https:\/\/www.eenewseurope.com\/en\/#\/schema\/logo\/image\/\"}},{\"@type\":\"Person\",\"@id\":\"https:\/\/www.eenewseurope.com\/en\/#\/schema\/person\/0aa2cfb0bd8949724a68cbac8d8321b4\",\"name\":\"A Delapalisse\",\"image\":{\"@type\":\"ImageObject\",\"inLanguage\":\"fr-FR\",\"@id\":\"https:\/\/www.eenewseurope.com\/en\/#\/schema\/person\/image\/211ac42237c2e9683c0964086c393cb4\",\"url\":\"https:\/\/secure.gravatar.com\/avatar\/ad45a8c5da24bc9c7c4940dd1c48a695?s=96&d=mm&r=g\",\"contentUrl\":\"https:\/\/secure.gravatar.com\/avatar\/ad45a8c5da24bc9c7c4940dd1c48a695?s=96&d=mm&r=g\",\"caption\":\"A Delapalisse\"},\"sameAs\":[\"http:\/\/ECI\"]}]}<\/script>","yoast_head_json":{"title":"Lancement du projet de jumeau num\u00e9rique de la terre ...","description":"The European Commission has officially launched the DestinE project to develop a digital twin of the Earth.","robots":{"index":"index","follow":"follow","max-snippet":"max-snippet:-1","max-image-preview":"max-image-preview:large","max-video-preview":"max-video-preview:-1"},"canonical":"https:\/\/www.ecinews.fr\/fr\/wp-json\/wp\/v2\/posts\/379261\/","og_locale":"fr_FR","og_type":"article","og_title":"Lancement du projet de jumeau num\u00e9rique de la terre","og_description":"The European Commission has officially launched the DestinE project to develop a digital twin of the Earth.","og_url":"https:\/\/www.ecinews.fr\/fr\/wp-json\/wp\/v2\/posts\/379261\/","og_site_name":"EENewsEurope","article_published_time":"2022-04-04T17:20:22+00:00","og_image":[{"width":1080,"height":608,"url":"https:\/\/www.ecinews.fr\/wp-content\/uploads\/2022\/04\/Destination_Earth-scaled.jpg","type":"image\/jpeg"}],"author":"A Delapalisse","twitter_card":"summary_large_image","twitter_misc":{"Written by":"A Delapalisse","Est. reading time":"3 minutes"},"schema":{"@context":"https:\/\/schema.org","@graph":[{"@type":"Article","@id":"https:\/\/www.ecinews.fr\/fr\/lancement-du-projet-de-jumeau-numerique-de-la-terre\/#article","isPartOf":{"@id":"https:\/\/www.ecinews.fr\/fr\/lancement-du-projet-de-jumeau-numerique-de-la-terre\/"},"author":{"name":"A Delapalisse","@id":"https:\/\/www.eenewseurope.com\/en\/#\/schema\/person\/0aa2cfb0bd8949724a68cbac8d8321b4"},"headline":"Lancement du projet de jumeau num\u00e9rique de la terre","datePublished":"2022-04-04T17:20:22+00:00","dateModified":"2022-04-04T17:20:22+00:00","mainEntityOfPage":{"@id":"https:\/\/www.ecinews.fr\/fr\/lancement-du-projet-de-jumeau-numerique-de-la-terre\/"},"wordCount":627,"publisher":{"@id":"https:\/\/www.eenewseurope.com\/en\/#organization"},"keywords":["Software &amp; Embedded tools"],"articleSection":["Technologies"],"inLanguage":"fr-FR"},{"@type":"WebPage","@id":"https:\/\/www.ecinews.fr\/fr\/lancement-du-projet-de-jumeau-numerique-de-la-terre\/","url":"https:\/\/www.ecinews.fr\/fr\/lancement-du-projet-de-jumeau-numerique-de-la-terre\/","name":"Lancement du projet de jumeau num\u00e9rique de la terre -","isPartOf":{"@id":"https:\/\/www.eenewseurope.com\/en\/#website"},"datePublished":"2022-04-04T17:20:22+00:00","dateModified":"2022-04-04T17:20:22+00:00","description":"The European Commission has officially launched the DestinE project to develop a digital twin of the Earth.","breadcrumb":{"@id":"https:\/\/www.ecinews.fr\/fr\/lancement-du-projet-de-jumeau-numerique-de-la-terre\/#breadcrumb"},"inLanguage":"fr-FR","potentialAction":[{"@type":"ReadAction","target":["https:\/\/www.ecinews.fr\/fr\/lancement-du-projet-de-jumeau-numerique-de-la-terre\/"]}]},{"@type":"BreadcrumbList","@id":"https:\/\/www.ecinews.fr\/fr\/lancement-du-projet-de-jumeau-numerique-de-la-terre\/#breadcrumb","itemListElement":[{"@type":"ListItem","position":1,"name":"Home","item":"https:\/\/www.ecinews.fr\/fr\/"},{"@type":"ListItem","position":2,"name":"Lancement du projet de jumeau num\u00e9rique de la terre"}]},{"@type":"WebSite","@id":"https:\/\/www.eenewseurope.com\/en\/#website","url":"https:\/\/www.eenewseurope.com\/en\/","name":"EENewsEurope","description":"Just another WordPress site","publisher":{"@id":"https:\/\/www.eenewseurope.com\/en\/#organization"},"potentialAction":[{"@type":"SearchAction","target":{"@type":"EntryPoint","urlTemplate":"https:\/\/www.eenewseurope.com\/en\/?s={search_term_string}"},"query-input":"required name=search_term_string"}],"inLanguage":"fr-FR"},{"@type":"Organization","@id":"https:\/\/www.eenewseurope.com\/en\/#organization","name":"EENewsEurope","url":"https:\/\/www.eenewseurope.com\/en\/","logo":{"@type":"ImageObject","inLanguage":"fr-FR","@id":"https:\/\/www.eenewseurope.com\/en\/#\/schema\/logo\/image\/","url":"https:\/\/www.ecinews.fr\/wp-content\/uploads\/2022\/02\/logo-1.jpg","contentUrl":"https:\/\/www.ecinews.fr\/wp-content\/uploads\/2022\/02\/logo-1.jpg","width":283,"height":113,"caption":"EENewsEurope"},"image":{"@id":"https:\/\/www.eenewseurope.com\/en\/#\/schema\/logo\/image\/"}},{"@type":"Person","@id":"https:\/\/www.eenewseurope.com\/en\/#\/schema\/person\/0aa2cfb0bd8949724a68cbac8d8321b4","name":"A Delapalisse","image":{"@type":"ImageObject","inLanguage":"fr-FR","@id":"https:\/\/www.eenewseurope.com\/en\/#\/schema\/person\/image\/211ac42237c2e9683c0964086c393cb4","url":"https:\/\/secure.gravatar.com\/avatar\/ad45a8c5da24bc9c7c4940dd1c48a695?s=96&d=mm&r=g","contentUrl":"https:\/\/secure.gravatar.com\/avatar\/ad45a8c5da24bc9c7c4940dd1c48a695?s=96&d=mm&r=g","caption":"A Delapalisse"},"sameAs":["http:\/\/ECI"]}]}},"authors":[{"term_id":1153,"user_id":34,"is_guest":0,"slug":"adelapalisse","display_name":"A Delapalisse","avatar_url":"https:\/\/secure.gravatar.com\/avatar\/ad45a8c5da24bc9c7c4940dd1c48a695?s=96&d=mm&r=g","0":null,"1":"","2":"","3":"","4":"","5":"","6":"","7":"","8":""}],"_links":{"self":[{"href":"https:\/\/www.ecinews.fr\/fr\/wp-json\/wp\/v2\/posts\/379261"}],"collection":[{"href":"https:\/\/www.ecinews.fr\/fr\/wp-json\/wp\/v2\/posts"}],"about":[{"href":"https:\/\/www.ecinews.fr\/fr\/wp-json\/wp\/v2\/types\/post"}],"author":[{"embeddable":true,"href":"https:\/\/www.ecinews.fr\/fr\/wp-json\/wp\/v2\/users\/34"}],"replies":[{"embeddable":true,"href":"https:\/\/www.ecinews.fr\/fr\/wp-json\/wp\/v2\/comments?post=379261"}],"version-history":[{"count":0,"href":"https:\/\/www.ecinews.fr\/fr\/wp-json\/wp\/v2\/posts\/379261\/revisions"}],"wp:featuredmedia":[{"embeddable":true,"href":"https:\/\/www.ecinews.fr\/fr\/wp-json\/wp\/v2\/media\/379227"}],"wp:attachment":[{"href":"https:\/\/www.ecinews.fr\/fr\/wp-json\/wp\/v2\/media?parent=379261"}],"wp:term":[{"taxonomy":"category","embeddable":true,"href":"https:\/\/www.ecinews.fr\/fr\/wp-json\/wp\/v2\/categories?post=379261"},{"taxonomy":"post_tag","embeddable":true,"href":"https:\/\/www.ecinews.fr\/fr\/wp-json\/wp\/v2\/tags?post=379261"},{"taxonomy":"domains","embeddable":true,"href":"https:\/\/www.ecinews.fr\/fr\/wp-json\/wp\/v2\/domains?post=379261"},{"taxonomy":"author","embeddable":true,"href":"https:\/\/www.ecinews.fr\/fr\/wp-json\/wp\/v2\/ppma_author?post=379261"}],"curies":[{"name":"wp","href":"https:\/\/api.w.org\/{rel}","templated":true}]}}