{"id":378898,"date":"2022-03-30T10:22:57","date_gmt":"2022-03-30T08:22:57","guid":{"rendered":"https:\/\/www.ecinews.fr\/?p=378898"},"modified":"2022-03-30T10:22:57","modified_gmt":"2022-03-30T08:22:57","slug":"analog-devices-et-gridspertise-veulent-accelerer-lelectrification-des-reseaux-intelligents","status":"publish","type":"post","link":"https:\/\/www.ecinews.fr\/fr\/analog-devices-et-gridspertise-veulent-accelerer-lelectrification-des-reseaux-intelligents\/","title":{"rendered":"Analog Devices et Gridspertise veulent acc\u00e9l\u00e9rer l\u2019\u00e9lectrification des r\u00e9seaux intelligents"},"content":{"rendered":"<p>Le partenariat Analog Devices et Gridspertise va permettre de d\u00e9velopper de nouveaux mat\u00e9riels et logiciels favorisant l\u2019auto-cicatrisation et l\u2019adaptation des r\u00e9seaux de distribution en r\u00e9ponse \u00e0 l\u2019\u00e9volution significative de l\u2019offre et de la demande induite par le raccordement de sources d\u2019\u00e9nergie renouvelables. Cette\u00a0initiative commune\u00a0s\u2019appuie\u00a0sur la relation \u00e0 long terme\u00a0tiss\u00e9e au\u00a0cours\u00a0des quinze derni\u00e8res ann\u00e9es par ADI et ENEL pour d\u00e9velopper des\u00a0compteurs intelligents et\u00a0des\u00a0solutions de num\u00e9risation des\u00a0r\u00e9seaux\u00a0\u00e9lectriques. Aujourd\u2019hui,\u00a0ADI collabore avec\u00a0Gridspertise\u00a0pour\u00a0offrir des capacit\u00e9s de mesure et de surveillance\u00a0encore plus\u00a0pr\u00e9cises et\u00a0plus\u00a0exactes\u00a0gr\u00e2ce \u00e0\u00a0l\u2019utilisation\u00a0de donn\u00e9es\u00a0en temps r\u00e9el.\u00a0Cette\u00a0collaboration\u00a0augmente la\u00a0fiabilit\u00e9 des r\u00e9seaux\u00a0avec\u00a0des\u00a0temps de r\u00e9ponse\u00a0plus courts,\u00a0une\u00a0r\u00e9silience\u00a0accrue\u00a0et\u00a0une meilleure\u00a0qualit\u00e9 de service\u00a0pour les clients,\u00a0tout en permettant aux\u00a0compagnies de\u00a0services publics\u00a0d\u2019am\u00e9liorer\u00a0leur efficacit\u00e9 op\u00e9rationnelle,\u00a0d\u2019acc\u00e9l\u00e9rer\u00a0la\u00a0transition vers une \u00e9nergie propre\u00a0et de proposer\u00a0des services\u00a0flexibles.\u00a0Les technologies d\u00e9velopp\u00e9es conjointement\u00a0peuvent \u00eatre utilis\u00e9es pour moderniser les infrastructures existantes\u00a0dans diff\u00e9rentes r\u00e9gions\u00a0et\u00a0\u00e0\u00a0diff\u00e9rents degr\u00e9s d\u2019anciennet\u00e9,\u00a0sans\u00a0aucune modification on\u00e9reuse au niveau structurel. De plus, elles minimisent l\u2019impact environnemental des actifs,\u00a0faisant de la num\u00e9risation un moteur cl\u00e9\u00a0de\u00a0la cr\u00e9ation de r\u00e9seaux de distribution d\u2019\u00e9nergie\u00a0davantage durables.<\/p>\n<p>\u00ab\u2009S\u2019appuyant sur une approche de l\u2019innovation\u00a0ouverte, Gridspertise collabore avec des acteurs cl\u00e9s de diff\u00e9rents secteurs pour industrialiser et\u00a0fournir\u00a0les solutions mat\u00e9rielles et\u00a0logicielles\u00a0les plus avanc\u00e9es sur le march\u00e9 de la num\u00e9risation des r\u00e9seaux de\u00a0distribution d\u2019\u00e9nergie,\u00a0afin d\u2019aider les gestionnaires de r\u00e9seaux (GRD)\u00a0du monde entier\u00a0\u00e0\u00a0acc\u00e9l\u00e9rer la transition \u00e9nerg\u00e9tique\u2009\u00bb,\u00a0a d\u00e9clar\u00e9 Robert Denda,\u00a0CEO\u00a0de Gridspertise.\u00a0\u00ab\u2009Nous nous r\u00e9jouissons de\u00a0collaborer\u00a0avec ADI\u00a0dans le sillage d\u2019Enel, et\u00a0sommes impatients de\u00a0continuer \u00e0\u00a0d\u00e9velopper les\u00a0technologies\u00a0en\u00a0p\u00e9riph\u00e9rie\u00a0du\u00a0r\u00e9seau\u00a0\u00e9lectrique\u00a0les plus sophistiqu\u00e9es\u00a0pour\u00a0permettre aux op\u00e9rateurs de mieux g\u00e9rer la demande\u00a0globale\u00a0des\u00a0immeubles\u00a0r\u00e9sidentiels et commerciaux, tout en\u00a0soutenant\u00a0l\u2019avenir de l\u2019\u00e9cosyst\u00e8me \u00e9nerg\u00e9tique\u00a0o\u00f9\u00a0nos clients\u00a0deviennent des\u00a0prosommateurs.\u2009\u00bb<\/p>\n<p><a href=\"https:\/\/www.analog.com\/en\/applications\/markets\/energy-pavilion-home.html?ADICID=PRLS_EMEA_P354757\">Les technologies de gestion de l&rsquo;\u00e9nergie et de mesure haute pr\u00e9cision<\/a> propos\u00e9es par ADI fournissent \u00e9galement des capacit\u00e9s de conversion analogique-num\u00e9rique, de protection, de mesure pr\u00e9cise, de m\u00e9trologie et d\u2019isolation optimis\u00e9es pour QEd &#8211; Quantum Edge device, la solution de rupture de Gridspertise qui constitue le c\u0153ur de la num\u00e9risation des sous-stations secondaires. Cet appareil permet pour la toute premi\u00e8re fois de virtualiser int\u00e9gralement les composants physiques des sous-stations secondaires en les transformant en applications p\u00e9riph\u00e9riques personnalisables, ouvrant ainsi de nouvelles possibilit\u00e9s d\u2019utilisation et am\u00e9liorant la gestion des fonctionnalit\u00e9s cl\u00e9s des r\u00e9seaux.<\/p>\n<p>\u00ab\u2009Les technologies d\u2019Analog Devices\u00a0couvrent l\u2019ensemble de l\u2019\u00e9cosyst\u00e8me d\u2019\u00e9lectrification, des v\u00e9hicules\u00a0automobiles\u00a0au stockage de l\u2019\u00e9nergie en passant par les stations de recharge. Aujourd\u2019hui, ces technologies\u00a0jouent un r\u00f4le\u00a0encore plus important\u00a0dans\u00a0les r\u00e9seaux de distribution d\u2019\u00e9lectricit\u00e9 o\u00f9 la\u00a0num\u00e9risation et la\u00a0mesure de pr\u00e9cision sont\u00a0indispensables\u00a0pour\u00a0augmenter\u00a0la\u00a0flexibilit\u00e9 et\u00a0la\u00a0r\u00e9silience\u2009\u00bb, a d\u00e9clar\u00e9 Patrick Morgan,\u00a0vice-pr\u00e9sident, Automotive Electrification &amp; Sustainable Energy, Analog Devices. \u00ab\u2009Nous\u00a0nous f\u00e9licitons\u00a0d\u2019\u00e9tendre\u00a0notre\u00a0collaboration avec Gridspertise \u00e0 nos\u00a0solutions avanc\u00e9es de mesure, d\u2019isolation, de d\u00e9tection et de contr\u00f4le de l\u2019\u00e9nergie\u00a0de nouvelle g\u00e9n\u00e9ration.\u2009\u00bb<\/p>\n<p>&nbsp;<\/p>\n<p>\u00c0 propos de Gridspertise<\/p>\n<p>Enel\u00a0a cr\u00e9\u00e9\u00a0sa\u00a0filiale Gridspertise en septembre 2021. La soci\u00e9t\u00e9\u00a0s\u2019appuie sur l\u2019expertise\u00a0acquise par Enel\u00a0dans\u00a0le\u00a0d\u00e9veloppement, le\u00a0test\u00a0et\u00a0la\u00a0mise \u00e0 l\u2019\u00e9chelle des meilleures technologies pour exploiter\u00a0des r\u00e9seaux intelligents\u00a0aux quatre coins du\u00a0monde\u00a0dans le but\u00a0de fournir des solutions \u00e9prouv\u00e9es sur\u00a0le terrain\u00a0aux gestionnaires de r\u00e9seaux de distribution\u00a0d\u2019\u00e9lectricit\u00e9\u00a0de toutes dimensions et dans toutes les r\u00e9gions. Gridspertise\u00a0permet \u00e0 ses clients d\u2019acc\u00e9der\u00a0\u00e0 des solutions num\u00e9riques de pointe pour la transformation des r\u00e9seaux de distribution d\u2019\u00e9lectricit\u00e9 dans trois domaines\u00a0majeurs\u2009: la num\u00e9risation des compteurs et de la p\u00e9riph\u00e9rie de\u00a0r\u00e9seau\u2009;\u00a0la num\u00e9risation de l\u2019infrastructure r\u00e9seau\u2009; et\u00a0la num\u00e9risation des op\u00e9rations sur le terrain.\u00a0Ses march\u00e9s sont l\u2019Europe et l\u2019Am\u00e9rique latine,\u00a0initialement\u00a0dans\u00a0les pays o\u00f9 le groupe Enel est d\u00e9j\u00e0\u00a0implant\u00e9. Sa strat\u00e9gie d\u2019expansion porte sur\u00a0l\u2019Am\u00e9rique du Nord et l\u2019Asie-Pacifique,\u00a0deux r\u00e9gions\u00a0o\u00f9 les investissements\u00a0consacr\u00e9s aux\u00a0r\u00e9seaux intelligents\u00a0acc\u00e9l\u00e9reront\u00a0dans un avenir proche\u00a0les projets de modernisation des infrastructures.<\/p>\n<p><a href=\"http:\/\/www.gridspertise.com\/\">www.gridspertise.com<\/a><\/p>\n<p><a href=\"http:\/\/www.analog.com\/?ADICID=PRLS_EMEA_P354757\">www.analog.com<\/a><\/p>\n","protected":false},"excerpt":{"rendered":"<p>Analog Devices, Inc., et Gridspertise, la nouvelle filiale du groupe Enel sp\u00e9cialis\u00e9e dans la fourniture de solutions durables de pointe aux gestionnaires de r\u00e9seaux de distribution d\u2019\u00e9lectricit\u00e9 (GRD), ont annonc\u00e9 une collaboration visant \u00e0 augmenter la r\u00e9silience et \u00e0 am\u00e9liorer la qualit\u00e9 des r\u00e9seaux intelligents (Smart Grids). <\/p>\n","protected":false},"author":36,"featured_media":379118,"comment_status":"closed","ping_status":"closed","sticky":false,"template":"","format":"standard","meta":{"_acf_changed":false,"footnotes":""},"categories":[886],"tags":[1212],"domains":[47],"ppma_author":[1154],"class_list":["post-378898","post","type-post","status-publish","format-standard","has-post-thumbnail","hentry","category-news-fr","tag-reseaux","domains-electronique-eci"],"acf":[],"yoast_head":"<title>Analog Devices et Gridspertise veulent acc\u00e9l\u00e9rer l\u2019\u00e9lectri...<\/title>\n<meta name=\"description\" content=\"Analog Devices, Inc., et Gridspertise, la nouvelle filiale du groupe Enel sp\u00e9cialis\u00e9e dans la fourniture de solutions durables de pointe aux gestionnaires...\" \/>\n<meta name=\"robots\" content=\"index, follow, max-snippet:-1, max-image-preview:large, max-video-preview:-1\" \/>\n<link rel=\"canonical\" href=\"https:\/\/www.ecinews.fr\/fr\/wp-json\/wp\/v2\/posts\/378898\/\" \/>\n<meta property=\"og:locale\" content=\"fr_FR\" \/>\n<meta property=\"og:type\" content=\"article\" \/>\n<meta property=\"og:title\" content=\"Analog Devices et Gridspertise veulent acc\u00e9l\u00e9rer l\u2019\u00e9lectrification des r\u00e9seaux intelligents\" \/>\n<meta property=\"og:description\" content=\"Analog Devices, Inc., et Gridspertise, la nouvelle filiale du groupe Enel sp\u00e9cialis\u00e9e dans la fourniture de solutions durables de pointe aux gestionnaires de r\u00e9seaux de distribution d\u2019\u00e9lectricit\u00e9 (GRD), ont annonc\u00e9 une collaboration visant \u00e0 augmenter la r\u00e9silience et \u00e0 am\u00e9liorer la qualit\u00e9 des r\u00e9seaux intelligents (Smart Grids).\" \/>\n<meta property=\"og:url\" content=\"https:\/\/www.ecinews.fr\/fr\/wp-json\/wp\/v2\/posts\/378898\/\" \/>\n<meta property=\"og:site_name\" content=\"EENewsEurope\" \/>\n<meta property=\"article:published_time\" content=\"2022-03-30T08:22:57+00:00\" \/>\n<meta property=\"og:image\" content=\"https:\/\/www.ecinews.fr\/wp-content\/uploads\/2022\/03\/Gridspertise-Analog-Devices-1.jpg\" \/>\n\t<meta property=\"og:image:width\" content=\"300\" \/>\n\t<meta property=\"og:image:height\" content=\"300\" \/>\n\t<meta property=\"og:image:type\" content=\"image\/jpeg\" \/>\n<meta name=\"author\" content=\"Alain Dieul\" \/>\n<meta name=\"twitter:card\" content=\"summary_large_image\" \/>\n<meta name=\"twitter:label1\" content=\"Written by\" \/>\n\t<meta name=\"twitter:data1\" content=\"Alain Dieul\" \/>\n\t<meta name=\"twitter:label2\" content=\"Est. reading time\" \/>\n\t<meta name=\"twitter:data2\" content=\"3 minutes\" \/>\n<script type=\"application\/ld+json\" class=\"yoast-schema-graph\">{\"@context\":\"https:\/\/schema.org\",\"@graph\":[{\"@type\":\"Article\",\"@id\":\"https:\/\/www.ecinews.fr\/fr\/analog-devices-et-gridspertise-veulent-accelerer-lelectrification-des-reseaux-intelligents\/#article\",\"isPartOf\":{\"@id\":\"https:\/\/www.ecinews.fr\/fr\/analog-devices-et-gridspertise-veulent-accelerer-lelectrification-des-reseaux-intelligents\/\"},\"author\":{\"name\":\"Alain Dieul\",\"@id\":\"https:\/\/www.eenewseurope.com\/en\/#\/schema\/person\/e4387676ad67ce722325c7832f3c3762\"},\"headline\":\"Analog Devices et Gridspertise veulent acc\u00e9l\u00e9rer l\u2019\u00e9lectrification des r\u00e9seaux intelligents\",\"datePublished\":\"2022-03-30T08:22:57+00:00\",\"dateModified\":\"2022-03-30T08:22:57+00:00\",\"mainEntityOfPage\":{\"@id\":\"https:\/\/www.ecinews.fr\/fr\/analog-devices-et-gridspertise-veulent-accelerer-lelectrification-des-reseaux-intelligents\/\"},\"wordCount\":842,\"publisher\":{\"@id\":\"https:\/\/www.eenewseurope.com\/en\/#organization\"},\"keywords\":[\"R\u00e9seaux\"],\"articleSection\":[\"Actualit\u00e9 g\u00e9n\u00e9rale\"],\"inLanguage\":\"fr-FR\"},{\"@type\":\"WebPage\",\"@id\":\"https:\/\/www.ecinews.fr\/fr\/analog-devices-et-gridspertise-veulent-accelerer-lelectrification-des-reseaux-intelligents\/\",\"url\":\"https:\/\/www.ecinews.fr\/fr\/analog-devices-et-gridspertise-veulent-accelerer-lelectrification-des-reseaux-intelligents\/\",\"name\":\"Analog Devices et Gridspertise veulent acc\u00e9l\u00e9rer l\u2019\u00e9lectrification des r\u00e9seaux intelligents -\",\"isPartOf\":{\"@id\":\"https:\/\/www.eenewseurope.com\/en\/#website\"},\"datePublished\":\"2022-03-30T08:22:57+00:00\",\"dateModified\":\"2022-03-30T08:22:57+00:00\",\"breadcrumb\":{\"@id\":\"https:\/\/www.ecinews.fr\/fr\/analog-devices-et-gridspertise-veulent-accelerer-lelectrification-des-reseaux-intelligents\/#breadcrumb\"},\"inLanguage\":\"fr-FR\",\"potentialAction\":[{\"@type\":\"ReadAction\",\"target\":[\"https:\/\/www.ecinews.fr\/fr\/analog-devices-et-gridspertise-veulent-accelerer-lelectrification-des-reseaux-intelligents\/\"]}]},{\"@type\":\"BreadcrumbList\",\"@id\":\"https:\/\/www.ecinews.fr\/fr\/analog-devices-et-gridspertise-veulent-accelerer-lelectrification-des-reseaux-intelligents\/#breadcrumb\",\"itemListElement\":[{\"@type\":\"ListItem\",\"position\":1,\"name\":\"Home\",\"item\":\"https:\/\/www.ecinews.fr\/fr\/\"},{\"@type\":\"ListItem\",\"position\":2,\"name\":\"Analog Devices et Gridspertise veulent acc\u00e9l\u00e9rer l\u2019\u00e9lectrification des r\u00e9seaux intelligents\"}]},{\"@type\":\"WebSite\",\"@id\":\"https:\/\/www.eenewseurope.com\/en\/#website\",\"url\":\"https:\/\/www.eenewseurope.com\/en\/\",\"name\":\"EENewsEurope\",\"description\":\"Just another WordPress site\",\"publisher\":{\"@id\":\"https:\/\/www.eenewseurope.com\/en\/#organization\"},\"potentialAction\":[{\"@type\":\"SearchAction\",\"target\":{\"@type\":\"EntryPoint\",\"urlTemplate\":\"https:\/\/www.eenewseurope.com\/en\/?s={search_term_string}\"},\"query-input\":\"required name=search_term_string\"}],\"inLanguage\":\"fr-FR\"},{\"@type\":\"Organization\",\"@id\":\"https:\/\/www.eenewseurope.com\/en\/#organization\",\"name\":\"EENewsEurope\",\"url\":\"https:\/\/www.eenewseurope.com\/en\/\",\"logo\":{\"@type\":\"ImageObject\",\"inLanguage\":\"fr-FR\",\"@id\":\"https:\/\/www.eenewseurope.com\/en\/#\/schema\/logo\/image\/\",\"url\":\"https:\/\/www.ecinews.fr\/wp-content\/uploads\/2022\/02\/logo-1.jpg\",\"contentUrl\":\"https:\/\/www.ecinews.fr\/wp-content\/uploads\/2022\/02\/logo-1.jpg\",\"width\":283,\"height\":113,\"caption\":\"EENewsEurope\"},\"image\":{\"@id\":\"https:\/\/www.eenewseurope.com\/en\/#\/schema\/logo\/image\/\"}},{\"@type\":\"Person\",\"@id\":\"https:\/\/www.eenewseurope.com\/en\/#\/schema\/person\/e4387676ad67ce722325c7832f3c3762\",\"name\":\"Alain Dieul\",\"image\":{\"@type\":\"ImageObject\",\"inLanguage\":\"fr-FR\",\"@id\":\"https:\/\/www.eenewseurope.com\/en\/#\/schema\/person\/image\/736120675699dbbf0f0f282b9a9cfb75\",\"url\":\"https:\/\/secure.gravatar.com\/avatar\/bc93b056d07515be5b8eecd4acf49c5c?s=96&d=mm&r=g\",\"contentUrl\":\"https:\/\/secure.gravatar.com\/avatar\/bc93b056d07515be5b8eecd4acf49c5c?s=96&d=mm&r=g\",\"caption\":\"Alain Dieul\"},\"sameAs\":[\"http:\/\/ECINews\"]}]}<\/script>","yoast_head_json":{"title":"Analog Devices et Gridspertise veulent acc\u00e9l\u00e9rer l\u2019\u00e9lectri...","description":"Analog Devices, Inc., et Gridspertise, la nouvelle filiale du groupe Enel sp\u00e9cialis\u00e9e dans la fourniture de solutions durables de pointe aux gestionnaires...","robots":{"index":"index","follow":"follow","max-snippet":"max-snippet:-1","max-image-preview":"max-image-preview:large","max-video-preview":"max-video-preview:-1"},"canonical":"https:\/\/www.ecinews.fr\/fr\/wp-json\/wp\/v2\/posts\/378898\/","og_locale":"fr_FR","og_type":"article","og_title":"Analog Devices et Gridspertise veulent acc\u00e9l\u00e9rer l\u2019\u00e9lectrification des r\u00e9seaux intelligents","og_description":"Analog Devices, Inc., et Gridspertise, la nouvelle filiale du groupe Enel sp\u00e9cialis\u00e9e dans la fourniture de solutions durables de pointe aux gestionnaires de r\u00e9seaux de distribution d\u2019\u00e9lectricit\u00e9 (GRD), ont annonc\u00e9 une collaboration visant \u00e0 augmenter la r\u00e9silience et \u00e0 am\u00e9liorer la qualit\u00e9 des r\u00e9seaux intelligents (Smart Grids).","og_url":"https:\/\/www.ecinews.fr\/fr\/wp-json\/wp\/v2\/posts\/378898\/","og_site_name":"EENewsEurope","article_published_time":"2022-03-30T08:22:57+00:00","og_image":[{"width":300,"height":300,"url":"https:\/\/www.ecinews.fr\/wp-content\/uploads\/2022\/03\/Gridspertise-Analog-Devices-1.jpg","type":"image\/jpeg"}],"author":"Alain Dieul","twitter_card":"summary_large_image","twitter_misc":{"Written by":"Alain Dieul","Est. reading time":"3 minutes"},"schema":{"@context":"https:\/\/schema.org","@graph":[{"@type":"Article","@id":"https:\/\/www.ecinews.fr\/fr\/analog-devices-et-gridspertise-veulent-accelerer-lelectrification-des-reseaux-intelligents\/#article","isPartOf":{"@id":"https:\/\/www.ecinews.fr\/fr\/analog-devices-et-gridspertise-veulent-accelerer-lelectrification-des-reseaux-intelligents\/"},"author":{"name":"Alain Dieul","@id":"https:\/\/www.eenewseurope.com\/en\/#\/schema\/person\/e4387676ad67ce722325c7832f3c3762"},"headline":"Analog Devices et Gridspertise veulent acc\u00e9l\u00e9rer l\u2019\u00e9lectrification des r\u00e9seaux intelligents","datePublished":"2022-03-30T08:22:57+00:00","dateModified":"2022-03-30T08:22:57+00:00","mainEntityOfPage":{"@id":"https:\/\/www.ecinews.fr\/fr\/analog-devices-et-gridspertise-veulent-accelerer-lelectrification-des-reseaux-intelligents\/"},"wordCount":842,"publisher":{"@id":"https:\/\/www.eenewseurope.com\/en\/#organization"},"keywords":["R\u00e9seaux"],"articleSection":["Actualit\u00e9 g\u00e9n\u00e9rale"],"inLanguage":"fr-FR"},{"@type":"WebPage","@id":"https:\/\/www.ecinews.fr\/fr\/analog-devices-et-gridspertise-veulent-accelerer-lelectrification-des-reseaux-intelligents\/","url":"https:\/\/www.ecinews.fr\/fr\/analog-devices-et-gridspertise-veulent-accelerer-lelectrification-des-reseaux-intelligents\/","name":"Analog Devices et Gridspertise veulent acc\u00e9l\u00e9rer l\u2019\u00e9lectrification des r\u00e9seaux intelligents -","isPartOf":{"@id":"https:\/\/www.eenewseurope.com\/en\/#website"},"datePublished":"2022-03-30T08:22:57+00:00","dateModified":"2022-03-30T08:22:57+00:00","breadcrumb":{"@id":"https:\/\/www.ecinews.fr\/fr\/analog-devices-et-gridspertise-veulent-accelerer-lelectrification-des-reseaux-intelligents\/#breadcrumb"},"inLanguage":"fr-FR","potentialAction":[{"@type":"ReadAction","target":["https:\/\/www.ecinews.fr\/fr\/analog-devices-et-gridspertise-veulent-accelerer-lelectrification-des-reseaux-intelligents\/"]}]},{"@type":"BreadcrumbList","@id":"https:\/\/www.ecinews.fr\/fr\/analog-devices-et-gridspertise-veulent-accelerer-lelectrification-des-reseaux-intelligents\/#breadcrumb","itemListElement":[{"@type":"ListItem","position":1,"name":"Home","item":"https:\/\/www.ecinews.fr\/fr\/"},{"@type":"ListItem","position":2,"name":"Analog Devices et Gridspertise veulent acc\u00e9l\u00e9rer l\u2019\u00e9lectrification des r\u00e9seaux intelligents"}]},{"@type":"WebSite","@id":"https:\/\/www.eenewseurope.com\/en\/#website","url":"https:\/\/www.eenewseurope.com\/en\/","name":"EENewsEurope","description":"Just another WordPress site","publisher":{"@id":"https:\/\/www.eenewseurope.com\/en\/#organization"},"potentialAction":[{"@type":"SearchAction","target":{"@type":"EntryPoint","urlTemplate":"https:\/\/www.eenewseurope.com\/en\/?s={search_term_string}"},"query-input":"required name=search_term_string"}],"inLanguage":"fr-FR"},{"@type":"Organization","@id":"https:\/\/www.eenewseurope.com\/en\/#organization","name":"EENewsEurope","url":"https:\/\/www.eenewseurope.com\/en\/","logo":{"@type":"ImageObject","inLanguage":"fr-FR","@id":"https:\/\/www.eenewseurope.com\/en\/#\/schema\/logo\/image\/","url":"https:\/\/www.ecinews.fr\/wp-content\/uploads\/2022\/02\/logo-1.jpg","contentUrl":"https:\/\/www.ecinews.fr\/wp-content\/uploads\/2022\/02\/logo-1.jpg","width":283,"height":113,"caption":"EENewsEurope"},"image":{"@id":"https:\/\/www.eenewseurope.com\/en\/#\/schema\/logo\/image\/"}},{"@type":"Person","@id":"https:\/\/www.eenewseurope.com\/en\/#\/schema\/person\/e4387676ad67ce722325c7832f3c3762","name":"Alain Dieul","image":{"@type":"ImageObject","inLanguage":"fr-FR","@id":"https:\/\/www.eenewseurope.com\/en\/#\/schema\/person\/image\/736120675699dbbf0f0f282b9a9cfb75","url":"https:\/\/secure.gravatar.com\/avatar\/bc93b056d07515be5b8eecd4acf49c5c?s=96&d=mm&r=g","contentUrl":"https:\/\/secure.gravatar.com\/avatar\/bc93b056d07515be5b8eecd4acf49c5c?s=96&d=mm&r=g","caption":"Alain Dieul"},"sameAs":["http:\/\/ECINews"]}]}},"authors":[{"term_id":1154,"user_id":36,"is_guest":0,"slug":"alain-dieul","display_name":"Alain Dieul","avatar_url":"https:\/\/secure.gravatar.com\/avatar\/bc93b056d07515be5b8eecd4acf49c5c?s=96&d=mm&r=g","0":null,"1":"","2":"","3":"","4":"","5":"","6":"","7":"","8":""}],"_links":{"self":[{"href":"https:\/\/www.ecinews.fr\/fr\/wp-json\/wp\/v2\/posts\/378898"}],"collection":[{"href":"https:\/\/www.ecinews.fr\/fr\/wp-json\/wp\/v2\/posts"}],"about":[{"href":"https:\/\/www.ecinews.fr\/fr\/wp-json\/wp\/v2\/types\/post"}],"author":[{"embeddable":true,"href":"https:\/\/www.ecinews.fr\/fr\/wp-json\/wp\/v2\/users\/36"}],"replies":[{"embeddable":true,"href":"https:\/\/www.ecinews.fr\/fr\/wp-json\/wp\/v2\/comments?post=378898"}],"version-history":[{"count":0,"href":"https:\/\/www.ecinews.fr\/fr\/wp-json\/wp\/v2\/posts\/378898\/revisions"}],"wp:featuredmedia":[{"embeddable":true,"href":"https:\/\/www.ecinews.fr\/fr\/wp-json\/wp\/v2\/media\/379118"}],"wp:attachment":[{"href":"https:\/\/www.ecinews.fr\/fr\/wp-json\/wp\/v2\/media?parent=378898"}],"wp:term":[{"taxonomy":"category","embeddable":true,"href":"https:\/\/www.ecinews.fr\/fr\/wp-json\/wp\/v2\/categories?post=378898"},{"taxonomy":"post_tag","embeddable":true,"href":"https:\/\/www.ecinews.fr\/fr\/wp-json\/wp\/v2\/tags?post=378898"},{"taxonomy":"domains","embeddable":true,"href":"https:\/\/www.ecinews.fr\/fr\/wp-json\/wp\/v2\/domains?post=378898"},{"taxonomy":"author","embeddable":true,"href":"https:\/\/www.ecinews.fr\/fr\/wp-json\/wp\/v2\/ppma_author?post=378898"}],"curies":[{"name":"wp","href":"https:\/\/api.w.org\/{rel}","templated":true}]}}