{"id":377978,"date":"2022-03-22T10:19:10","date_gmt":"2022-03-22T09:19:10","guid":{"rendered":"https:\/\/www.ecinews.fr\/?p=377978"},"modified":"2022-03-22T10:19:10","modified_gmt":"2022-03-22T09:19:10","slug":"des-capteurs-capacitifs-pour-des-mesures-depaisseur-precises-au-subnanometre","status":"publish","type":"post","link":"https:\/\/www.ecinews.fr\/fr\/des-capteurs-capacitifs-pour-des-mesures-depaisseur-precises-au-subnanometre\/","title":{"rendered":"Des capteurs capacitifs pour des mesures d&rsquo;\u00e9paisseur pr\u00e9cises au subnanom\u00e8tre"},"content":{"rendered":"<p>Les capteurs capacitifs capaNCDT de Micro-Epsilon sont utilis\u00e9s pour des mesures de d\u00e9placement pr\u00e9cises ainsi que pour des mesures d&rsquo;\u00e9paisseur sans contact. Vous pouvez obtenir des pr\u00e9cisions jusqu&rsquo;\u00e0 la plage submicrom\u00e9trique, m\u00eame dans les environnements industriels. Ils sont donc utilis\u00e9s pour surveiller la production de films de batterie.<br \/>\nSi une pr\u00e9cision et une stabilit\u00e9 \u00e9lev\u00e9es sont requises pour les mesures d&rsquo;\u00e9paisseur, les capteurs capacitifs de Micro-Epsilon sont utilis\u00e9s. Ceux-ci offrent une combinaison unique avec conception de capteur innovante, accessoires complets et puissants syst\u00e8mes \u00e0 canaux multiples. Les capteurs capacitifs fournissent des valeurs d&rsquo;une pr\u00e9cision submicrom\u00e9trique, m\u00eame dans les environnements industriels et atteignent les meilleures valeurs de lin\u00e9arit\u00e9, de r\u00e9p\u00e9tabilit\u00e9 et de r\u00e9solution. En raison de leur r\u00e9sistance thermique, ils sont parfaitement adapt\u00e9s aux environnements avec des temp\u00e9ratures fluctuantes.<br \/>\nL&rsquo;avantage des syst\u00e8mes Micro-Epsilon, c&rsquo;est aussi leur compatibilit\u00e9. Les capteurs capacitifs peuvent \u00eatre combin\u00e9s avec n&rsquo;importe quel contr\u00f4leur, sans aucun effort d&rsquo;\u00e9talonnage. Diverses interfaces telles que les interfaces analogiques, Ethernet et EtherCAT, permettent de se connecter \u00e0 des machines et syst\u00e8mes modernes. Les r\u00e9glages peuvent \u00eatre effectu\u00e9s via une interface web conviviale.<\/p>\n<p><strong>Mesure de l&rsquo;\u00e9paisseur des films de batterie<\/strong><br \/>\nLes capteurs capacitifs sont int\u00e9gr\u00e9s \u00e0 la ligne de production pour surveiller l&rsquo;\u00e9paisseur du film. Attach\u00e9s \u00e0 un support de mesure, les capteurs effectuent la mesure contre le ruban des deux c\u00f4t\u00e9s. Chacun des deux capteurs de d\u00e9placement capacitifs fournit un signal de distance haute r\u00e9solution qui est trait\u00e9 directement dans le contr\u00f4leur en tant que valeur d&rsquo;\u00e9paisseur mesur\u00e9e. Avec cette m\u00e9thode, l&rsquo;\u00e9paisseur du film de batterie est v\u00e9rifi\u00e9e avec une pr\u00e9cision microm\u00e9trique.<br \/>\nLe spot de mesure des capteurs capacitifs est plus grand qu&rsquo;avec les m\u00e9thodes de mesure optiques, o\u00f9 les structures et les irr\u00e9gularit\u00e9s de la surface sont moyenn\u00e9es. En utilisant le contr\u00f4leur multicanal capaNCDT 6200, plusieurs paires de capteurs peuvent \u00eatre trait\u00e9es avec un seul contr\u00f4leur.<br \/>\nEn raison de la r\u00e9sistance thermique, les capteurs peuvent \u00e9galement \u00eatre utilis\u00e9s \u00e0 des temp\u00e9ratures ambiantes \u00e9lev\u00e9es.<\/p>\n<p><a href=\"http:\/\/www.micro-epsilon.fr\">www.micro-epsilon.fr<\/a><\/p>\n<p>&nbsp;<\/p>\n","protected":false},"excerpt":{"rendered":"<p>Les capteurs capacitifs capaNCDT de Micro-Epsilon sont utilis\u00e9s pour des mesures de d\u00e9placement pr\u00e9cises ainsi que pour des mesures d&rsquo;\u00e9paisseur sans contact. Vous pouvez obtenir des pr\u00e9cisions jusqu&rsquo;\u00e0 la plage submicrom\u00e9trique, m\u00eame dans les environnements industriels. Ils sont donc utilis\u00e9s pour surveiller la production de films de batterie. Si une pr\u00e9cision et une stabilit\u00e9 \u00e9lev\u00e9es [&hellip;]<\/p>\n","protected":false},"author":36,"featured_media":377981,"comment_status":"closed","ping_status":"closed","sticky":false,"template":"","format":"standard","meta":{"_acf_changed":false,"footnotes":""},"categories":[881],"tags":[937],"domains":[47],"ppma_author":[1154],"class_list":["post-377978","post","type-post","status-publish","format-standard","has-post-thumbnail","hentry","category-nouveaux-produits","tag-capteur","domains-electronique-eci"],"acf":[],"yoast_head":"<title>Des capteurs capacitifs pour des mesures d&#039;\u00e9paisseur pr\u00e9cises...<\/title>\n<meta name=\"description\" content=\"Les capteurs capacitifs capaNCDT de Micro-Epsilon sont utilis\u00e9s pour des mesures de d\u00e9placement pr\u00e9cises ainsi que pour des mesures d&rsquo;\u00e9paisseur...\" \/>\n<meta name=\"robots\" content=\"index, follow, max-snippet:-1, max-image-preview:large, max-video-preview:-1\" \/>\n<link rel=\"canonical\" href=\"https:\/\/www.ecinews.fr\/fr\/wp-json\/wp\/v2\/posts\/377978\/\" \/>\n<meta property=\"og:locale\" content=\"fr_FR\" \/>\n<meta property=\"og:type\" content=\"article\" \/>\n<meta property=\"og:title\" content=\"Des capteurs capacitifs pour des mesures d&#039;\u00e9paisseur pr\u00e9cises au subnanom\u00e8tre\" \/>\n<meta property=\"og:description\" content=\"Les capteurs capacitifs capaNCDT de Micro-Epsilon sont utilis\u00e9s pour des mesures de d\u00e9placement pr\u00e9cises ainsi que pour des mesures d&rsquo;\u00e9paisseur sans contact. Vous pouvez obtenir des pr\u00e9cisions jusqu&rsquo;\u00e0 la plage submicrom\u00e9trique, m\u00eame dans les environnements industriels. Ils sont donc utilis\u00e9s pour surveiller la production de films de batterie. Si une pr\u00e9cision et une stabilit\u00e9 \u00e9lev\u00e9es [&hellip;]\" \/>\n<meta property=\"og:url\" content=\"https:\/\/www.ecinews.fr\/fr\/wp-json\/wp\/v2\/posts\/377978\/\" \/>\n<meta property=\"og:site_name\" content=\"EENewsEurope\" \/>\n<meta property=\"article:published_time\" content=\"2022-03-22T09:19:10+00:00\" \/>\n<meta property=\"og:image\" content=\"https:\/\/www.ecinews.fr\/wp-content\/uploads\/2022\/03\/ECI1107_MicroEpsilon-scaled.jpg\" \/>\n\t<meta property=\"og:image:width\" content=\"1080\" \/>\n\t<meta property=\"og:image:height\" content=\"780\" \/>\n\t<meta property=\"og:image:type\" content=\"image\/jpeg\" \/>\n<meta name=\"author\" content=\"Alain Dieul\" \/>\n<meta name=\"twitter:card\" content=\"summary_large_image\" \/>\n<meta name=\"twitter:label1\" content=\"Written by\" \/>\n\t<meta name=\"twitter:data1\" content=\"Alain Dieul\" \/>\n\t<meta name=\"twitter:label2\" content=\"Est. reading time\" \/>\n\t<meta name=\"twitter:data2\" content=\"2 minutes\" \/>\n<script type=\"application\/ld+json\" class=\"yoast-schema-graph\">{\"@context\":\"https:\/\/schema.org\",\"@graph\":[{\"@type\":\"Article\",\"@id\":\"https:\/\/www.ecinews.fr\/fr\/des-capteurs-capacitifs-pour-des-mesures-depaisseur-precises-au-subnanometre\/#article\",\"isPartOf\":{\"@id\":\"https:\/\/www.ecinews.fr\/fr\/des-capteurs-capacitifs-pour-des-mesures-depaisseur-precises-au-subnanometre\/\"},\"author\":{\"name\":\"Alain Dieul\",\"@id\":\"https:\/\/www.ecinews.fr\/fr\/#\/schema\/person\/e4387676ad67ce722325c7832f3c3762\"},\"headline\":\"Des capteurs capacitifs pour des mesures d&rsquo;\u00e9paisseur pr\u00e9cises au subnanom\u00e8tre\",\"datePublished\":\"2022-03-22T09:19:10+00:00\",\"dateModified\":\"2022-03-22T09:19:10+00:00\",\"mainEntityOfPage\":{\"@id\":\"https:\/\/www.ecinews.fr\/fr\/des-capteurs-capacitifs-pour-des-mesures-depaisseur-precises-au-subnanometre\/\"},\"wordCount\":397,\"publisher\":{\"@id\":\"https:\/\/www.ecinews.fr\/fr\/#organization\"},\"keywords\":[\"Capteur\"],\"articleSection\":[\"Nouveaux produits\"],\"inLanguage\":\"fr-FR\"},{\"@type\":\"WebPage\",\"@id\":\"https:\/\/www.ecinews.fr\/fr\/des-capteurs-capacitifs-pour-des-mesures-depaisseur-precises-au-subnanometre\/\",\"url\":\"https:\/\/www.ecinews.fr\/fr\/des-capteurs-capacitifs-pour-des-mesures-depaisseur-precises-au-subnanometre\/\",\"name\":\"Des capteurs capacitifs pour des mesures d'\u00e9paisseur pr\u00e9cises au subnanom\u00e8tre -\",\"isPartOf\":{\"@id\":\"https:\/\/www.ecinews.fr\/fr\/#website\"},\"datePublished\":\"2022-03-22T09:19:10+00:00\",\"dateModified\":\"2022-03-22T09:19:10+00:00\",\"breadcrumb\":{\"@id\":\"https:\/\/www.ecinews.fr\/fr\/des-capteurs-capacitifs-pour-des-mesures-depaisseur-precises-au-subnanometre\/#breadcrumb\"},\"inLanguage\":\"fr-FR\",\"potentialAction\":[{\"@type\":\"ReadAction\",\"target\":[\"https:\/\/www.ecinews.fr\/fr\/des-capteurs-capacitifs-pour-des-mesures-depaisseur-precises-au-subnanometre\/\"]}]},{\"@type\":\"BreadcrumbList\",\"@id\":\"https:\/\/www.ecinews.fr\/fr\/des-capteurs-capacitifs-pour-des-mesures-depaisseur-precises-au-subnanometre\/#breadcrumb\",\"itemListElement\":[{\"@type\":\"ListItem\",\"position\":1,\"name\":\"Home\",\"item\":\"https:\/\/www.ecinews.fr\/fr\/\"},{\"@type\":\"ListItem\",\"position\":2,\"name\":\"Des capteurs capacitifs pour des mesures d&rsquo;\u00e9paisseur pr\u00e9cises au subnanom\u00e8tre\"}]},{\"@type\":\"WebSite\",\"@id\":\"https:\/\/www.ecinews.fr\/fr\/#website\",\"url\":\"https:\/\/www.ecinews.fr\/fr\/\",\"name\":\"EENewsEurope\",\"description\":\"Just another WordPress site\",\"publisher\":{\"@id\":\"https:\/\/www.ecinews.fr\/fr\/#organization\"},\"potentialAction\":[{\"@type\":\"SearchAction\",\"target\":{\"@type\":\"EntryPoint\",\"urlTemplate\":\"https:\/\/www.ecinews.fr\/fr\/?s={search_term_string}\"},\"query-input\":\"required name=search_term_string\"}],\"inLanguage\":\"fr-FR\"},{\"@type\":\"Organization\",\"@id\":\"https:\/\/www.ecinews.fr\/fr\/#organization\",\"name\":\"EENewsEurope\",\"url\":\"https:\/\/www.ecinews.fr\/fr\/\",\"logo\":{\"@type\":\"ImageObject\",\"inLanguage\":\"fr-FR\",\"@id\":\"https:\/\/www.ecinews.fr\/fr\/#\/schema\/logo\/image\/\",\"url\":\"https:\/\/www.ecinews.fr\/wp-content\/uploads\/2022\/02\/logo-1.jpg\",\"contentUrl\":\"https:\/\/www.ecinews.fr\/wp-content\/uploads\/2022\/02\/logo-1.jpg\",\"width\":283,\"height\":113,\"caption\":\"EENewsEurope\"},\"image\":{\"@id\":\"https:\/\/www.ecinews.fr\/fr\/#\/schema\/logo\/image\/\"}},{\"@type\":\"Person\",\"@id\":\"https:\/\/www.ecinews.fr\/fr\/#\/schema\/person\/e4387676ad67ce722325c7832f3c3762\",\"name\":\"Alain Dieul\",\"image\":{\"@type\":\"ImageObject\",\"inLanguage\":\"fr-FR\",\"@id\":\"https:\/\/www.ecinews.fr\/fr\/#\/schema\/person\/image\/736120675699dbbf0f0f282b9a9cfb75\",\"url\":\"https:\/\/secure.gravatar.com\/avatar\/bc93b056d07515be5b8eecd4acf49c5c?s=96&d=mm&r=g\",\"contentUrl\":\"https:\/\/secure.gravatar.com\/avatar\/bc93b056d07515be5b8eecd4acf49c5c?s=96&d=mm&r=g\",\"caption\":\"Alain Dieul\"},\"sameAs\":[\"http:\/\/ECINews\"]}]}<\/script>","yoast_head_json":{"title":"Des capteurs capacitifs pour des mesures d'\u00e9paisseur pr\u00e9cises...","description":"Les capteurs capacitifs capaNCDT de Micro-Epsilon sont utilis\u00e9s pour des mesures de d\u00e9placement pr\u00e9cises ainsi que pour des mesures d&rsquo;\u00e9paisseur...","robots":{"index":"index","follow":"follow","max-snippet":"max-snippet:-1","max-image-preview":"max-image-preview:large","max-video-preview":"max-video-preview:-1"},"canonical":"https:\/\/www.ecinews.fr\/fr\/wp-json\/wp\/v2\/posts\/377978\/","og_locale":"fr_FR","og_type":"article","og_title":"Des capteurs capacitifs pour des mesures d'\u00e9paisseur pr\u00e9cises au subnanom\u00e8tre","og_description":"Les capteurs capacitifs capaNCDT de Micro-Epsilon sont utilis\u00e9s pour des mesures de d\u00e9placement pr\u00e9cises ainsi que pour des mesures d&rsquo;\u00e9paisseur sans contact. Vous pouvez obtenir des pr\u00e9cisions jusqu&rsquo;\u00e0 la plage submicrom\u00e9trique, m\u00eame dans les environnements industriels. Ils sont donc utilis\u00e9s pour surveiller la production de films de batterie. Si une pr\u00e9cision et une stabilit\u00e9 \u00e9lev\u00e9es [&hellip;]","og_url":"https:\/\/www.ecinews.fr\/fr\/wp-json\/wp\/v2\/posts\/377978\/","og_site_name":"EENewsEurope","article_published_time":"2022-03-22T09:19:10+00:00","og_image":[{"width":1080,"height":780,"url":"https:\/\/www.ecinews.fr\/wp-content\/uploads\/2022\/03\/ECI1107_MicroEpsilon-scaled.jpg","type":"image\/jpeg"}],"author":"Alain Dieul","twitter_card":"summary_large_image","twitter_misc":{"Written by":"Alain Dieul","Est. reading time":"2 minutes"},"schema":{"@context":"https:\/\/schema.org","@graph":[{"@type":"Article","@id":"https:\/\/www.ecinews.fr\/fr\/des-capteurs-capacitifs-pour-des-mesures-depaisseur-precises-au-subnanometre\/#article","isPartOf":{"@id":"https:\/\/www.ecinews.fr\/fr\/des-capteurs-capacitifs-pour-des-mesures-depaisseur-precises-au-subnanometre\/"},"author":{"name":"Alain Dieul","@id":"https:\/\/www.ecinews.fr\/fr\/#\/schema\/person\/e4387676ad67ce722325c7832f3c3762"},"headline":"Des capteurs capacitifs pour des mesures d&rsquo;\u00e9paisseur pr\u00e9cises au subnanom\u00e8tre","datePublished":"2022-03-22T09:19:10+00:00","dateModified":"2022-03-22T09:19:10+00:00","mainEntityOfPage":{"@id":"https:\/\/www.ecinews.fr\/fr\/des-capteurs-capacitifs-pour-des-mesures-depaisseur-precises-au-subnanometre\/"},"wordCount":397,"publisher":{"@id":"https:\/\/www.ecinews.fr\/fr\/#organization"},"keywords":["Capteur"],"articleSection":["Nouveaux produits"],"inLanguage":"fr-FR"},{"@type":"WebPage","@id":"https:\/\/www.ecinews.fr\/fr\/des-capteurs-capacitifs-pour-des-mesures-depaisseur-precises-au-subnanometre\/","url":"https:\/\/www.ecinews.fr\/fr\/des-capteurs-capacitifs-pour-des-mesures-depaisseur-precises-au-subnanometre\/","name":"Des capteurs capacitifs pour des mesures d'\u00e9paisseur pr\u00e9cises au subnanom\u00e8tre -","isPartOf":{"@id":"https:\/\/www.ecinews.fr\/fr\/#website"},"datePublished":"2022-03-22T09:19:10+00:00","dateModified":"2022-03-22T09:19:10+00:00","breadcrumb":{"@id":"https:\/\/www.ecinews.fr\/fr\/des-capteurs-capacitifs-pour-des-mesures-depaisseur-precises-au-subnanometre\/#breadcrumb"},"inLanguage":"fr-FR","potentialAction":[{"@type":"ReadAction","target":["https:\/\/www.ecinews.fr\/fr\/des-capteurs-capacitifs-pour-des-mesures-depaisseur-precises-au-subnanometre\/"]}]},{"@type":"BreadcrumbList","@id":"https:\/\/www.ecinews.fr\/fr\/des-capteurs-capacitifs-pour-des-mesures-depaisseur-precises-au-subnanometre\/#breadcrumb","itemListElement":[{"@type":"ListItem","position":1,"name":"Home","item":"https:\/\/www.ecinews.fr\/fr\/"},{"@type":"ListItem","position":2,"name":"Des capteurs capacitifs pour des mesures d&rsquo;\u00e9paisseur pr\u00e9cises au subnanom\u00e8tre"}]},{"@type":"WebSite","@id":"https:\/\/www.ecinews.fr\/fr\/#website","url":"https:\/\/www.ecinews.fr\/fr\/","name":"EENewsEurope","description":"Just another WordPress site","publisher":{"@id":"https:\/\/www.ecinews.fr\/fr\/#organization"},"potentialAction":[{"@type":"SearchAction","target":{"@type":"EntryPoint","urlTemplate":"https:\/\/www.ecinews.fr\/fr\/?s={search_term_string}"},"query-input":"required name=search_term_string"}],"inLanguage":"fr-FR"},{"@type":"Organization","@id":"https:\/\/www.ecinews.fr\/fr\/#organization","name":"EENewsEurope","url":"https:\/\/www.ecinews.fr\/fr\/","logo":{"@type":"ImageObject","inLanguage":"fr-FR","@id":"https:\/\/www.ecinews.fr\/fr\/#\/schema\/logo\/image\/","url":"https:\/\/www.ecinews.fr\/wp-content\/uploads\/2022\/02\/logo-1.jpg","contentUrl":"https:\/\/www.ecinews.fr\/wp-content\/uploads\/2022\/02\/logo-1.jpg","width":283,"height":113,"caption":"EENewsEurope"},"image":{"@id":"https:\/\/www.ecinews.fr\/fr\/#\/schema\/logo\/image\/"}},{"@type":"Person","@id":"https:\/\/www.ecinews.fr\/fr\/#\/schema\/person\/e4387676ad67ce722325c7832f3c3762","name":"Alain Dieul","image":{"@type":"ImageObject","inLanguage":"fr-FR","@id":"https:\/\/www.ecinews.fr\/fr\/#\/schema\/person\/image\/736120675699dbbf0f0f282b9a9cfb75","url":"https:\/\/secure.gravatar.com\/avatar\/bc93b056d07515be5b8eecd4acf49c5c?s=96&d=mm&r=g","contentUrl":"https:\/\/secure.gravatar.com\/avatar\/bc93b056d07515be5b8eecd4acf49c5c?s=96&d=mm&r=g","caption":"Alain Dieul"},"sameAs":["http:\/\/ECINews"]}]}},"authors":[{"term_id":1154,"user_id":36,"is_guest":0,"slug":"alain-dieul","display_name":"Alain Dieul","avatar_url":"https:\/\/secure.gravatar.com\/avatar\/bc93b056d07515be5b8eecd4acf49c5c?s=96&d=mm&r=g","0":null,"1":"","2":"","3":"","4":"","5":"","6":"","7":"","8":""}],"_links":{"self":[{"href":"https:\/\/www.ecinews.fr\/fr\/wp-json\/wp\/v2\/posts\/377978"}],"collection":[{"href":"https:\/\/www.ecinews.fr\/fr\/wp-json\/wp\/v2\/posts"}],"about":[{"href":"https:\/\/www.ecinews.fr\/fr\/wp-json\/wp\/v2\/types\/post"}],"author":[{"embeddable":true,"href":"https:\/\/www.ecinews.fr\/fr\/wp-json\/wp\/v2\/users\/36"}],"replies":[{"embeddable":true,"href":"https:\/\/www.ecinews.fr\/fr\/wp-json\/wp\/v2\/comments?post=377978"}],"version-history":[{"count":0,"href":"https:\/\/www.ecinews.fr\/fr\/wp-json\/wp\/v2\/posts\/377978\/revisions"}],"wp:featuredmedia":[{"embeddable":true,"href":"https:\/\/www.ecinews.fr\/fr\/wp-json\/wp\/v2\/media\/377981"}],"wp:attachment":[{"href":"https:\/\/www.ecinews.fr\/fr\/wp-json\/wp\/v2\/media?parent=377978"}],"wp:term":[{"taxonomy":"category","embeddable":true,"href":"https:\/\/www.ecinews.fr\/fr\/wp-json\/wp\/v2\/categories?post=377978"},{"taxonomy":"post_tag","embeddable":true,"href":"https:\/\/www.ecinews.fr\/fr\/wp-json\/wp\/v2\/tags?post=377978"},{"taxonomy":"domains","embeddable":true,"href":"https:\/\/www.ecinews.fr\/fr\/wp-json\/wp\/v2\/domains?post=377978"},{"taxonomy":"author","embeddable":true,"href":"https:\/\/www.ecinews.fr\/fr\/wp-json\/wp\/v2\/ppma_author?post=377978"}],"curies":[{"name":"wp","href":"https:\/\/api.w.org\/{rel}","templated":true}]}}